{"id":4368,"date":"2024-06-14T11:06:47","date_gmt":"2024-06-14T14:06:47","guid":{"rendered":"https:\/\/infopba247.com.ar\/?p=4368"},"modified":"2024-06-14T11:06:48","modified_gmt":"2024-06-14T14:06:48","slug":"nueva-edicion-del-programa-donde-los-chicos-y-chicas-de-la-provincia-tienen-voz-y-voto","status":"publish","type":"post","link":"https:\/\/infopba247.com.ar\/index.php\/2024\/06\/14\/nueva-edicion-del-programa-donde-los-chicos-y-chicas-de-la-provincia-tienen-voz-y-voto\/","title":{"rendered":"Nueva edici\u00f3n del programa donde los chicos y chicas de la provincia tienen voz y voto"},"content":{"rendered":"\n<p>Desde que se lanz\u00f3 la iniciativa, m\u00e1s de 20 mil chicos y adolescentes pensaron, eligieron y recibieron los materiales para llevar adelante m\u00e1s de 400 proyectos en todo el territorio bonaerense. El gobierno provincial invertir\u00e1 este a\u00f1o 250 millones de pesos en esta pol\u00edtica p\u00fablica.<\/p>\n\n\n\n<p>El ministro de Desarrollo de la Comunidad, Andr\u00e9s Larroque, anunci\u00f3 el lanzamiento de la edici\u00f3n 2024 de la iniciativa impulsada por el Ministerio a trav\u00e9s del Organismo Provincial de Ni\u00f1ez y Adolescencia. Mediante esta acci\u00f3n, chicos y chicas de distintas edades presentan diversos proyectos socio-comunitarios que son financiados por el Estado provincial. Este a\u00f1o ser\u00e1n hasta 250, los cuales mejorar\u00e1n sus propias realidades y las de sus comunidades, con una inversi\u00f3n de 250 millones de pesos.<\/p>\n\n\n\n<p>Al respecto, Larroque asegur\u00f3 que la iniciativa va \u201cen l\u00ednea con el mandato del gobernador Kicillof, de promover pol\u00edticas que le den centralidad a los ni\u00f1os, ni\u00f1as y adolescentes\u201d y \u201ca trav\u00e9s de Decisi\u00f3n Ni\u00f1ez se trata de darles el lugar que merecen, con una participaci\u00f3n activa y una mirada sobre sus intereses y demandas\u201d. En ese sentido, agreg\u00f3 que esta herramienta \u201crepresenta el primer presupuesto p\u00fablico cuyo destino deciden los chicos y chicas de la Provincia\u201d.<\/p>\n\n\n\n<p>En tanto, Andrea C\u00e1ceres, directora ejecutiva del Organismo Provincial de la Ni\u00f1ez y Adolescencia explic\u00f3: \u201cPara el \u00e9xito de Decisi\u00f3n Ni\u00f1ez en fundamental la divulgaci\u00f3n y el trabajo territorial, porque es la forma de alentar y acompa\u00f1ar sobre todo a los m\u00e1s peque\u00f1os, para que no tengan dificultades al presentar sus ideas\u201d.<\/p>\n\n\n\n<p>Protagonistas<\/p>\n\n\n\n<p>Escuchar a los m\u00e1s chicos y hacer valer su voz fue el primer cambio radical que implementaron tanto La Ley Nacional N\u00ba 26.061 de Protecci\u00f3n Integral de los Derechos de las Ni\u00f1as, Ni\u00f1os y Adolescentes, como su precursora, la Ley Provincial N\u00ba 13.298.<\/p>\n\n\n\n<p>Ambas, inspiradas en la Convenci\u00f3n de los Derechos del Ni\u00f1o, cambiaron el paradigma hasta entonces: pusieron a las infancias en el centro de la escena como sujetos de derecho. Su participaci\u00f3n est\u00e1 amparada por la normativa actual y se extiende a todos los \u00e1mbitos, inclusive a algunas decisiones que parecen reservadas al mundo adulto.<\/p>\n\n\n\n<p>Experiencias anteriores<\/p>\n\n\n\n<p>Un cine barrial en Azul, un espacio y herramientas para arreglar y pintar bicicletas en Tandil o la instalaci\u00f3n de nuevos juegos para una plaza en Mor\u00f3n, son algunos sue\u00f1os que surgieron el a\u00f1o pasado de ni\u00f1os, ni\u00f1as y adolescentes de entre 8 y 17 a\u00f1os y que reciben el financiamiento necesario o los materiales para llevarlo adelante mediante el programa Decisi\u00f3n Ni\u00f1ez.<\/p>\n\n\n\n<p>Por ejemplo, Pedro, un adolescente de 14 a\u00f1os, particip\u00f3 en una edici\u00f3n anterior junto a sus amigos. En Gouin, el peque\u00f1o pueblo donde vive, no contaban con un espacio con computadoras e impresora para que los alumnos puedan realizar sus trabajos. El lugar m\u00e1s cercano para realizar estas actividades era Carmen de Areco, a 11 kil\u00f3metros de distancia.<\/p>\n\n\n\n<p>Ese fue su proyecto y result\u00f3 ganador. Ahora insta a otros a animarse: \u201cPara los que no se anotaron, les dir\u00eda que aprovechen y no dejen pasar la oportunidad. Es un espacio donde te sent\u00eds escuchado y valorado\u201d, afirma.<\/p>\n\n\n\n<p>C\u00f3mo participar<\/p>\n\n\n\n<p>Decisi\u00f3n Ni\u00f1ez est\u00e1 dividido en etapas de acuerdo a diferentes fases: convocatoria, asambleas locales, asambleas zonales para la selecci\u00f3n de proyectos y por \u00faltimo, la ejecuci\u00f3n de la iniciativa.<\/p>\n\n\n\n<p>Para formar parte del programa, cada grupo podr\u00e1 inscribirse a partir del 14 de junio mediante un formulario a trav\u00e9s de la web https:\/\/www.gba.gob.ar\/desarrollo_de_la_comunidad\/decision_ninez y una vez aprobado, comienza el camino hacia la participaci\u00f3n.<\/p>\n\n\n\n<p>La segunda etapa es la conformaci\u00f3n de una asamblea local donde ni\u00f1as, ni\u00f1os y j\u00f3venes eligen por consenso o votaci\u00f3n por el sue\u00f1o que m\u00e1s los representa y, una vez superado este paso, se llega a la tercera etapa: una asamblea regional en cada uno de los 25 Servicios Zonales de Promoci\u00f3n y Protecci\u00f3n de Derechos de la Provincia.<\/p>\n\n\n\n<p>Una vez elegidos estos proyectos por regi\u00f3n, se inicia la \u00faltima etapa: financiaci\u00f3n y ejecuci\u00f3n de las iniciativas, de hasta 1 mill\u00f3n de pesos cada una.<\/p>\n\n\n\n<p>\u201cEn caso de que un proyecto no sea elegido, los pibes y pibas no deben desalentarse. Cada presentaci\u00f3n ingresa en una base de datos digital para que quiz\u00e1s puedan llevarse a cabo en otras ediciones, o se concrete de la mano del Estado provincial, en el marco de otros programas, con financiamiento municipal, asociaciones civiles, empresas o cualquier otra persona o entidad que quiera colaborar\u201d, aclar\u00f3 en ese sentido C\u00e1ceres.<\/p>\n","protected":false},"excerpt":{"rendered":"<p>Desde que se lanz\u00f3 la iniciativa, m\u00e1s de 20 mil chicos y adolescentes pensaron, eligieron y recibieron los materiales para<\/p>\n","protected":false},"author":3,"featured_media":4369,"comment_status":"closed","ping_status":"closed","sticky":false,"template":"","format":"standard","meta":{"colormag_page_container_layout":"default_layout","colormag_page_sidebar_layout":"default_layout","footnotes":""},"categories":[16],"tags":[],"class_list":["post-4368","post","type-post","status-publish","format-standard","has-post-thumbnail","hentry","category-interes-general"],"yoast_head":"<!-- This site is optimized with the Yoast SEO plugin v27.4 - https:\/\/yoast.com\/product\/yoast-seo-wordpress\/ -->\n<title>Nueva edici\u00f3n del programa donde los chicos y chicas de la provincia tienen voz y voto - InfoPBA247<\/title>\n<meta name=\"robots\" content=\"index, follow, max-snippet:-1, max-image-preview:large, max-video-preview:-1\" \/>\n<link rel=\"canonical\" href=\"https:\/\/infopba247.com.ar\/index.php\/2024\/06\/14\/nueva-edicion-del-programa-donde-los-chicos-y-chicas-de-la-provincia-tienen-voz-y-voto\/\" \/>\n<meta property=\"og:locale\" content=\"es_ES\" \/>\n<meta property=\"og:type\" content=\"article\" \/>\n<meta property=\"og:title\" content=\"Nueva edici\u00f3n del programa donde los chicos y chicas de la provincia tienen voz y voto - InfoPBA247\" \/>\n<meta property=\"og:description\" content=\"Desde que se lanz\u00f3 la iniciativa, m\u00e1s de 20 mil chicos y adolescentes pensaron, eligieron y recibieron los materiales para\" \/>\n<meta property=\"og:url\" content=\"https:\/\/infopba247.com.ar\/index.php\/2024\/06\/14\/nueva-edicion-del-programa-donde-los-chicos-y-chicas-de-la-provincia-tienen-voz-y-voto\/\" \/>\n<meta property=\"og:site_name\" content=\"InfoPBA247\" \/>\n<meta property=\"article:publisher\" content=\"https:\/\/www.facebook.com\/InfoPBA\" \/>\n<meta property=\"article:published_time\" content=\"2024-06-14T14:06:47+00:00\" \/>\n<meta property=\"article:modified_time\" content=\"2024-06-14T14:06:48+00:00\" \/>\n<meta property=\"og:image\" content=\"https:\/\/infopba247.com.ar\/wp-content\/uploads\/2024\/06\/unnamed-73.jpg\" \/>\n\t<meta property=\"og:image:width\" content=\"1280\" \/>\n\t<meta property=\"og:image:height\" content=\"853\" \/>\n\t<meta property=\"og:image:type\" content=\"image\/jpeg\" \/>\n<meta name=\"author\" content=\"Editor\" \/>\n<meta name=\"twitter:card\" content=\"summary_large_image\" \/>\n<meta name=\"twitter:label1\" content=\"Escrito por\" \/>\n\t<meta name=\"twitter:data1\" content=\"Editor\" \/>\n\t<meta name=\"twitter:label2\" content=\"Tiempo de lectura\" \/>\n\t<meta name=\"twitter:data2\" content=\"4 minutos\" \/>\n<script type=\"application\/ld+json\" class=\"yoast-schema-graph\">{\"@context\":\"https:\\\/\\\/schema.org\",\"@graph\":[{\"@type\":\"Article\",\"@id\":\"https:\\\/\\\/infopba247.com.ar\\\/index.php\\\/2024\\\/06\\\/14\\\/nueva-edicion-del-programa-donde-los-chicos-y-chicas-de-la-provincia-tienen-voz-y-voto\\\/#article\",\"isPartOf\":{\"@id\":\"https:\\\/\\\/infopba247.com.ar\\\/index.php\\\/2024\\\/06\\\/14\\\/nueva-edicion-del-programa-donde-los-chicos-y-chicas-de-la-provincia-tienen-voz-y-voto\\\/\"},\"author\":{\"name\":\"Editor\",\"@id\":\"https:\\\/\\\/infopba247.com.ar\\\/#\\\/schema\\\/person\\\/4975f1343a413e57bf839b3eed0099f2\"},\"headline\":\"Nueva edici\u00f3n del programa donde los chicos y chicas de la provincia tienen voz y voto\",\"datePublished\":\"2024-06-14T14:06:47+00:00\",\"dateModified\":\"2024-06-14T14:06:48+00:00\",\"mainEntityOfPage\":{\"@id\":\"https:\\\/\\\/infopba247.com.ar\\\/index.php\\\/2024\\\/06\\\/14\\\/nueva-edicion-del-programa-donde-los-chicos-y-chicas-de-la-provincia-tienen-voz-y-voto\\\/\"},\"wordCount\":819,\"publisher\":{\"@id\":\"https:\\\/\\\/infopba247.com.ar\\\/#organization\"},\"image\":{\"@id\":\"https:\\\/\\\/infopba247.com.ar\\\/index.php\\\/2024\\\/06\\\/14\\\/nueva-edicion-del-programa-donde-los-chicos-y-chicas-de-la-provincia-tienen-voz-y-voto\\\/#primaryimage\"},\"thumbnailUrl\":\"https:\\\/\\\/infopba247.com.ar\\\/wp-content\\\/uploads\\\/2024\\\/06\\\/unnamed-73.jpg\",\"articleSection\":[\"Inter\u00e9s General\"],\"inLanguage\":\"es\"},{\"@type\":\"WebPage\",\"@id\":\"https:\\\/\\\/infopba247.com.ar\\\/index.php\\\/2024\\\/06\\\/14\\\/nueva-edicion-del-programa-donde-los-chicos-y-chicas-de-la-provincia-tienen-voz-y-voto\\\/\",\"url\":\"https:\\\/\\\/infopba247.com.ar\\\/index.php\\\/2024\\\/06\\\/14\\\/nueva-edicion-del-programa-donde-los-chicos-y-chicas-de-la-provincia-tienen-voz-y-voto\\\/\",\"name\":\"Nueva edici\u00f3n del programa donde los chicos y chicas de la provincia tienen voz y voto - InfoPBA247\",\"isPartOf\":{\"@id\":\"https:\\\/\\\/infopba247.com.ar\\\/#website\"},\"primaryImageOfPage\":{\"@id\":\"https:\\\/\\\/infopba247.com.ar\\\/index.php\\\/2024\\\/06\\\/14\\\/nueva-edicion-del-programa-donde-los-chicos-y-chicas-de-la-provincia-tienen-voz-y-voto\\\/#primaryimage\"},\"image\":{\"@id\":\"https:\\\/\\\/infopba247.com.ar\\\/index.php\\\/2024\\\/06\\\/14\\\/nueva-edicion-del-programa-donde-los-chicos-y-chicas-de-la-provincia-tienen-voz-y-voto\\\/#primaryimage\"},\"thumbnailUrl\":\"https:\\\/\\\/infopba247.com.ar\\\/wp-content\\\/uploads\\\/2024\\\/06\\\/unnamed-73.jpg\",\"datePublished\":\"2024-06-14T14:06:47+00:00\",\"dateModified\":\"2024-06-14T14:06:48+00:00\",\"breadcrumb\":{\"@id\":\"https:\\\/\\\/infopba247.com.ar\\\/index.php\\\/2024\\\/06\\\/14\\\/nueva-edicion-del-programa-donde-los-chicos-y-chicas-de-la-provincia-tienen-voz-y-voto\\\/#breadcrumb\"},\"inLanguage\":\"es\",\"potentialAction\":[{\"@type\":\"ReadAction\",\"target\":[\"https:\\\/\\\/infopba247.com.ar\\\/index.php\\\/2024\\\/06\\\/14\\\/nueva-edicion-del-programa-donde-los-chicos-y-chicas-de-la-provincia-tienen-voz-y-voto\\\/\"]}]},{\"@type\":\"ImageObject\",\"inLanguage\":\"es\",\"@id\":\"https:\\\/\\\/infopba247.com.ar\\\/index.php\\\/2024\\\/06\\\/14\\\/nueva-edicion-del-programa-donde-los-chicos-y-chicas-de-la-provincia-tienen-voz-y-voto\\\/#primaryimage\",\"url\":\"https:\\\/\\\/infopba247.com.ar\\\/wp-content\\\/uploads\\\/2024\\\/06\\\/unnamed-73.jpg\",\"contentUrl\":\"https:\\\/\\\/infopba247.com.ar\\\/wp-content\\\/uploads\\\/2024\\\/06\\\/unnamed-73.jpg\",\"width\":1280,\"height\":853},{\"@type\":\"BreadcrumbList\",\"@id\":\"https:\\\/\\\/infopba247.com.ar\\\/index.php\\\/2024\\\/06\\\/14\\\/nueva-edicion-del-programa-donde-los-chicos-y-chicas-de-la-provincia-tienen-voz-y-voto\\\/#breadcrumb\",\"itemListElement\":[{\"@type\":\"ListItem\",\"position\":1,\"name\":\"Portada\",\"item\":\"https:\\\/\\\/infopba247.com.ar\\\/\"},{\"@type\":\"ListItem\",\"position\":2,\"name\":\"Nueva edici\u00f3n del programa donde los chicos y chicas de la provincia tienen voz y voto\"}]},{\"@type\":\"WebSite\",\"@id\":\"https:\\\/\\\/infopba247.com.ar\\\/#website\",\"url\":\"https:\\\/\\\/infopba247.com.ar\\\/\",\"name\":\"InfoPBA247\",\"description\":\"Toda la actualidad bonaerense\",\"publisher\":{\"@id\":\"https:\\\/\\\/infopba247.com.ar\\\/#organization\"},\"potentialAction\":[{\"@type\":\"SearchAction\",\"target\":{\"@type\":\"EntryPoint\",\"urlTemplate\":\"https:\\\/\\\/infopba247.com.ar\\\/?s={search_term_string}\"},\"query-input\":{\"@type\":\"PropertyValueSpecification\",\"valueRequired\":true,\"valueName\":\"search_term_string\"}}],\"inLanguage\":\"es\"},{\"@type\":\"Organization\",\"@id\":\"https:\\\/\\\/infopba247.com.ar\\\/#organization\",\"name\":\"InfoPBA247\",\"url\":\"https:\\\/\\\/infopba247.com.ar\\\/\",\"logo\":{\"@type\":\"ImageObject\",\"inLanguage\":\"es\",\"@id\":\"https:\\\/\\\/infopba247.com.ar\\\/#\\\/schema\\\/logo\\\/image\\\/\",\"url\":\"https:\\\/\\\/infopba247.com.ar\\\/wp-content\\\/uploads\\\/2022\\\/03\\\/cropped-InfoPBA247-1.png\",\"contentUrl\":\"https:\\\/\\\/infopba247.com.ar\\\/wp-content\\\/uploads\\\/2022\\\/03\\\/cropped-InfoPBA247-1.png\",\"width\":500,\"height\":122,\"caption\":\"InfoPBA247\"},\"image\":{\"@id\":\"https:\\\/\\\/infopba247.com.ar\\\/#\\\/schema\\\/logo\\\/image\\\/\"},\"sameAs\":[\"https:\\\/\\\/www.facebook.com\\\/InfoPBA\"]},{\"@type\":\"Person\",\"@id\":\"https:\\\/\\\/infopba247.com.ar\\\/#\\\/schema\\\/person\\\/4975f1343a413e57bf839b3eed0099f2\",\"name\":\"Editor\",\"image\":{\"@type\":\"ImageObject\",\"inLanguage\":\"es\",\"@id\":\"https:\\\/\\\/secure.gravatar.com\\\/avatar\\\/d27fe9520667ca53441d36627a1d6b0fa4a813571ec4803687a7a3a7744685ac?s=96&d=mm&r=g\",\"url\":\"https:\\\/\\\/secure.gravatar.com\\\/avatar\\\/d27fe9520667ca53441d36627a1d6b0fa4a813571ec4803687a7a3a7744685ac?s=96&d=mm&r=g\",\"contentUrl\":\"https:\\\/\\\/secure.gravatar.com\\\/avatar\\\/d27fe9520667ca53441d36627a1d6b0fa4a813571ec4803687a7a3a7744685ac?s=96&d=mm&r=g\",\"caption\":\"Editor\"},\"url\":\"https:\\\/\\\/infopba247.com.ar\\\/index.php\\\/author\\\/editor\\\/\"}]}<\/script>\n<!-- \/ Yoast SEO plugin. -->","yoast_head_json":{"title":"Nueva edici\u00f3n del programa donde los chicos y chicas de la provincia tienen voz y voto - InfoPBA247","robots":{"index":"index","follow":"follow","max-snippet":"max-snippet:-1","max-image-preview":"max-image-preview:large","max-video-preview":"max-video-preview:-1"},"canonical":"https:\/\/infopba247.com.ar\/index.php\/2024\/06\/14\/nueva-edicion-del-programa-donde-los-chicos-y-chicas-de-la-provincia-tienen-voz-y-voto\/","og_locale":"es_ES","og_type":"article","og_title":"Nueva edici\u00f3n del programa donde los chicos y chicas de la provincia tienen voz y voto - InfoPBA247","og_description":"Desde que se lanz\u00f3 la iniciativa, m\u00e1s de 20 mil chicos y adolescentes pensaron, eligieron y recibieron los materiales para","og_url":"https:\/\/infopba247.com.ar\/index.php\/2024\/06\/14\/nueva-edicion-del-programa-donde-los-chicos-y-chicas-de-la-provincia-tienen-voz-y-voto\/","og_site_name":"InfoPBA247","article_publisher":"https:\/\/www.facebook.com\/InfoPBA","article_published_time":"2024-06-14T14:06:47+00:00","article_modified_time":"2024-06-14T14:06:48+00:00","og_image":[{"width":1280,"height":853,"url":"https:\/\/infopba247.com.ar\/wp-content\/uploads\/2024\/06\/unnamed-73.jpg","type":"image\/jpeg"}],"author":"Editor","twitter_card":"summary_large_image","twitter_misc":{"Escrito por":"Editor","Tiempo de lectura":"4 minutos"},"schema":{"@context":"https:\/\/schema.org","@graph":[{"@type":"Article","@id":"https:\/\/infopba247.com.ar\/index.php\/2024\/06\/14\/nueva-edicion-del-programa-donde-los-chicos-y-chicas-de-la-provincia-tienen-voz-y-voto\/#article","isPartOf":{"@id":"https:\/\/infopba247.com.ar\/index.php\/2024\/06\/14\/nueva-edicion-del-programa-donde-los-chicos-y-chicas-de-la-provincia-tienen-voz-y-voto\/"},"author":{"name":"Editor","@id":"https:\/\/infopba247.com.ar\/#\/schema\/person\/4975f1343a413e57bf839b3eed0099f2"},"headline":"Nueva edici\u00f3n del programa donde los chicos y chicas de la provincia tienen voz y voto","datePublished":"2024-06-14T14:06:47+00:00","dateModified":"2024-06-14T14:06:48+00:00","mainEntityOfPage":{"@id":"https:\/\/infopba247.com.ar\/index.php\/2024\/06\/14\/nueva-edicion-del-programa-donde-los-chicos-y-chicas-de-la-provincia-tienen-voz-y-voto\/"},"wordCount":819,"publisher":{"@id":"https:\/\/infopba247.com.ar\/#organization"},"image":{"@id":"https:\/\/infopba247.com.ar\/index.php\/2024\/06\/14\/nueva-edicion-del-programa-donde-los-chicos-y-chicas-de-la-provincia-tienen-voz-y-voto\/#primaryimage"},"thumbnailUrl":"https:\/\/infopba247.com.ar\/wp-content\/uploads\/2024\/06\/unnamed-73.jpg","articleSection":["Inter\u00e9s General"],"inLanguage":"es"},{"@type":"WebPage","@id":"https:\/\/infopba247.com.ar\/index.php\/2024\/06\/14\/nueva-edicion-del-programa-donde-los-chicos-y-chicas-de-la-provincia-tienen-voz-y-voto\/","url":"https:\/\/infopba247.com.ar\/index.php\/2024\/06\/14\/nueva-edicion-del-programa-donde-los-chicos-y-chicas-de-la-provincia-tienen-voz-y-voto\/","name":"Nueva edici\u00f3n del programa donde los chicos y chicas de la provincia tienen voz y voto - InfoPBA247","isPartOf":{"@id":"https:\/\/infopba247.com.ar\/#website"},"primaryImageOfPage":{"@id":"https:\/\/infopba247.com.ar\/index.php\/2024\/06\/14\/nueva-edicion-del-programa-donde-los-chicos-y-chicas-de-la-provincia-tienen-voz-y-voto\/#primaryimage"},"image":{"@id":"https:\/\/infopba247.com.ar\/index.php\/2024\/06\/14\/nueva-edicion-del-programa-donde-los-chicos-y-chicas-de-la-provincia-tienen-voz-y-voto\/#primaryimage"},"thumbnailUrl":"https:\/\/infopba247.com.ar\/wp-content\/uploads\/2024\/06\/unnamed-73.jpg","datePublished":"2024-06-14T14:06:47+00:00","dateModified":"2024-06-14T14:06:48+00:00","breadcrumb":{"@id":"https:\/\/infopba247.com.ar\/index.php\/2024\/06\/14\/nueva-edicion-del-programa-donde-los-chicos-y-chicas-de-la-provincia-tienen-voz-y-voto\/#breadcrumb"},"inLanguage":"es","potentialAction":[{"@type":"ReadAction","target":["https:\/\/infopba247.com.ar\/index.php\/2024\/06\/14\/nueva-edicion-del-programa-donde-los-chicos-y-chicas-de-la-provincia-tienen-voz-y-voto\/"]}]},{"@type":"ImageObject","inLanguage":"es","@id":"https:\/\/infopba247.com.ar\/index.php\/2024\/06\/14\/nueva-edicion-del-programa-donde-los-chicos-y-chicas-de-la-provincia-tienen-voz-y-voto\/#primaryimage","url":"https:\/\/infopba247.com.ar\/wp-content\/uploads\/2024\/06\/unnamed-73.jpg","contentUrl":"https:\/\/infopba247.com.ar\/wp-content\/uploads\/2024\/06\/unnamed-73.jpg","width":1280,"height":853},{"@type":"BreadcrumbList","@id":"https:\/\/infopba247.com.ar\/index.php\/2024\/06\/14\/nueva-edicion-del-programa-donde-los-chicos-y-chicas-de-la-provincia-tienen-voz-y-voto\/#breadcrumb","itemListElement":[{"@type":"ListItem","position":1,"name":"Portada","item":"https:\/\/infopba247.com.ar\/"},{"@type":"ListItem","position":2,"name":"Nueva edici\u00f3n del programa donde los chicos y chicas de la provincia tienen voz y voto"}]},{"@type":"WebSite","@id":"https:\/\/infopba247.com.ar\/#website","url":"https:\/\/infopba247.com.ar\/","name":"InfoPBA247","description":"Toda la actualidad bonaerense","publisher":{"@id":"https:\/\/infopba247.com.ar\/#organization"},"potentialAction":[{"@type":"SearchAction","target":{"@type":"EntryPoint","urlTemplate":"https:\/\/infopba247.com.ar\/?s={search_term_string}"},"query-input":{"@type":"PropertyValueSpecification","valueRequired":true,"valueName":"search_term_string"}}],"inLanguage":"es"},{"@type":"Organization","@id":"https:\/\/infopba247.com.ar\/#organization","name":"InfoPBA247","url":"https:\/\/infopba247.com.ar\/","logo":{"@type":"ImageObject","inLanguage":"es","@id":"https:\/\/infopba247.com.ar\/#\/schema\/logo\/image\/","url":"https:\/\/infopba247.com.ar\/wp-content\/uploads\/2022\/03\/cropped-InfoPBA247-1.png","contentUrl":"https:\/\/infopba247.com.ar\/wp-content\/uploads\/2022\/03\/cropped-InfoPBA247-1.png","width":500,"height":122,"caption":"InfoPBA247"},"image":{"@id":"https:\/\/infopba247.com.ar\/#\/schema\/logo\/image\/"},"sameAs":["https:\/\/www.facebook.com\/InfoPBA"]},{"@type":"Person","@id":"https:\/\/infopba247.com.ar\/#\/schema\/person\/4975f1343a413e57bf839b3eed0099f2","name":"Editor","image":{"@type":"ImageObject","inLanguage":"es","@id":"https:\/\/secure.gravatar.com\/avatar\/d27fe9520667ca53441d36627a1d6b0fa4a813571ec4803687a7a3a7744685ac?s=96&d=mm&r=g","url":"https:\/\/secure.gravatar.com\/avatar\/d27fe9520667ca53441d36627a1d6b0fa4a813571ec4803687a7a3a7744685ac?s=96&d=mm&r=g","contentUrl":"https:\/\/secure.gravatar.com\/avatar\/d27fe9520667ca53441d36627a1d6b0fa4a813571ec4803687a7a3a7744685ac?s=96&d=mm&r=g","caption":"Editor"},"url":"https:\/\/infopba247.com.ar\/index.php\/author\/editor\/"}]}},"_links":{"self":[{"href":"https:\/\/infopba247.com.ar\/index.php\/wp-json\/wp\/v2\/posts\/4368","targetHints":{"allow":["GET"]}}],"collection":[{"href":"https:\/\/infopba247.com.ar\/index.php\/wp-json\/wp\/v2\/posts"}],"about":[{"href":"https:\/\/infopba247.com.ar\/index.php\/wp-json\/wp\/v2\/types\/post"}],"author":[{"embeddable":true,"href":"https:\/\/infopba247.com.ar\/index.php\/wp-json\/wp\/v2\/users\/3"}],"replies":[{"embeddable":true,"href":"https:\/\/infopba247.com.ar\/index.php\/wp-json\/wp\/v2\/comments?post=4368"}],"version-history":[{"count":1,"href":"https:\/\/infopba247.com.ar\/index.php\/wp-json\/wp\/v2\/posts\/4368\/revisions"}],"predecessor-version":[{"id":4370,"href":"https:\/\/infopba247.com.ar\/index.php\/wp-json\/wp\/v2\/posts\/4368\/revisions\/4370"}],"wp:featuredmedia":[{"embeddable":true,"href":"https:\/\/infopba247.com.ar\/index.php\/wp-json\/wp\/v2\/media\/4369"}],"wp:attachment":[{"href":"https:\/\/infopba247.com.ar\/index.php\/wp-json\/wp\/v2\/media?parent=4368"}],"wp:term":[{"taxonomy":"category","embeddable":true,"href":"https:\/\/infopba247.com.ar\/index.php\/wp-json\/wp\/v2\/categories?post=4368"},{"taxonomy":"post_tag","embeddable":true,"href":"https:\/\/infopba247.com.ar\/index.php\/wp-json\/wp\/v2\/tags?post=4368"}],"curies":[{"name":"wp","href":"https:\/\/api.w.org\/{rel}","templated":true}]}}