{"id":436,"date":"2022-06-29T12:16:10","date_gmt":"2022-06-29T12:16:10","guid":{"rendered":"https:\/\/infopba247.com.ar\/?p=436"},"modified":"2022-06-29T12:16:11","modified_gmt":"2022-06-29T12:16:11","slug":"san-nicolas-de-cara-al-rio-manuel-passaglia-anuncio-la-recuperacion-de-la-playada-de-la-emilia","status":"publish","type":"post","link":"https:\/\/infopba247.com.ar\/index.php\/2022\/06\/29\/san-nicolas-de-cara-al-rio-manuel-passaglia-anuncio-la-recuperacion-de-la-playada-de-la-emilia\/","title":{"rendered":"San Nicol\u00e1s \u201cde cara al r\u00edo\u201d: Manuel Passaglia anunci\u00f3 la recuperaci\u00f3n de la playada de La Emilia"},"content":{"rendered":"\n<p>El intendente de San Nicol\u00e1s Manuel Passaglia recorri\u00f3 junto a vecinos de La Emilia la zona del Arroyo del Medio donde se desarrollar\u00e1n las tareas de mejoras para tener nuevamente \u201cun lugar para disfrutar la naturaleza todo el a\u00f1o\u201d.<\/p>\n\n\n\n<p>Durante la recorrida previa al inicio de las obras, Manuel Passaglia cont\u00f3: \u201cLa playada de La Emilia nos dar\u00e1 la oportunidad de aprovechar todo el encanto natural que tenemos en esta zona del Arroyo del Medio. En los pr\u00f3ximos d\u00edas comenzar\u00e1n los trabajos para recuperar la represa, mejorar el terrapl\u00e9n, retomar la circulaci\u00f3n natural del agua y mejorar todos los alrededores. La idea es que, para el verano, la playada est\u00e9 terminada\u201d.<\/p>\n\n\n\n<p>\u201cCuando hablamos de poner la ciudad de cara al r\u00edo significa esto. Poner en valor todos los lugares donde los espejos de aguas nos permiten pasar un buen momento y disfrutar en familia\u201d, remarc\u00f3 el jefe comunal.<\/p>\n\n\n\n<p>Y continu\u00f3: \u201cDurante much\u00edsimos a\u00f1os, la ciudad no le dio importancia ni al r\u00edo ni a ninguno de los arroyos que cruzan por la ciudad. Despu\u00e9s de la exitosa experiencia de \u201cEl Arenal\u201d, ahora comenzaremos a poner en valor la playada de La Emilia y antes de fin de a\u00f1o vamos a tener terminados al menos dos lugares m\u00e1s para disfrutar en el verano\u201d.<\/p>\n\n\n\n<p>Por su parte desde la Secretar\u00eda de Obras P\u00fablicas indicaron que los trabajos demandar\u00e1n en principio cuatro meses e incluye tres etapas. Dos de ellas tienen que ver con obras hidr\u00e1ulicas como la recomposici\u00f3n del canal derivador y la parte de las dos represas y terrapl\u00e9n.<\/p>\n\n\n\n<p>Luego se realizar\u00e1 una tercera etapa donde se trabaja sobre la parquizaci\u00f3n y la terminaci\u00f3n del entorno. Tambi\u00e9n se abrir\u00e1 una calle que hoy se encuentra cerrada y que ser\u00e1 de acceso directo a la playada.<\/p>\n","protected":false},"excerpt":{"rendered":"<p>El intendente de San Nicol\u00e1s Manuel Passaglia recorri\u00f3 junto a vecinos de La Emilia la zona del Arroyo del Medio<\/p>\n","protected":false},"author":3,"featured_media":437,"comment_status":"closed","ping_status":"closed","sticky":false,"template":"","format":"standard","meta":{"colormag_page_container_layout":"default_layout","colormag_page_sidebar_layout":"default_layout","footnotes":""},"categories":[6,1,14],"tags":[20],"class_list":["post-436","post","type-post","status-publish","format-standard","has-post-thumbnail","hentry","category-2da-seccion","category-destacadas","category-politica","tag-municipalidad-de-san-nicolas"],"yoast_head":"<!-- This site is optimized with the Yoast SEO plugin v27.5 - https:\/\/yoast.com\/product\/yoast-seo-wordpress\/ -->\n<title>San Nicol\u00e1s \u201cde cara al r\u00edo\u201d: Manuel Passaglia anunci\u00f3 la recuperaci\u00f3n de la playada de La Emilia - InfoPBA247<\/title>\n<meta name=\"robots\" content=\"index, follow, max-snippet:-1, max-image-preview:large, max-video-preview:-1\" \/>\n<link rel=\"canonical\" href=\"https:\/\/infopba247.com.ar\/index.php\/2022\/06\/29\/san-nicolas-de-cara-al-rio-manuel-passaglia-anuncio-la-recuperacion-de-la-playada-de-la-emilia\/\" \/>\n<meta property=\"og:locale\" content=\"es_ES\" \/>\n<meta property=\"og:type\" content=\"article\" \/>\n<meta property=\"og:title\" content=\"San Nicol\u00e1s \u201cde cara al r\u00edo\u201d: Manuel Passaglia anunci\u00f3 la recuperaci\u00f3n de la playada de La Emilia - InfoPBA247\" \/>\n<meta property=\"og:description\" content=\"El intendente de San Nicol\u00e1s Manuel Passaglia recorri\u00f3 junto a vecinos de La Emilia la zona del Arroyo del Medio\" \/>\n<meta property=\"og:url\" content=\"https:\/\/infopba247.com.ar\/index.php\/2022\/06\/29\/san-nicolas-de-cara-al-rio-manuel-passaglia-anuncio-la-recuperacion-de-la-playada-de-la-emilia\/\" \/>\n<meta property=\"og:site_name\" content=\"InfoPBA247\" \/>\n<meta property=\"article:publisher\" content=\"https:\/\/www.facebook.com\/InfoPBA\" \/>\n<meta property=\"article:published_time\" content=\"2022-06-29T12:16:10+00:00\" \/>\n<meta property=\"article:modified_time\" content=\"2022-06-29T12:16:11+00:00\" \/>\n<meta property=\"og:image\" content=\"https:\/\/infopba247.com.ar\/wp-content\/uploads\/2022\/06\/PLAYADA-LA-EMILIA-1-e1655853879893.jpeg\" \/>\n\t<meta property=\"og:image:width\" content=\"1200\" \/>\n\t<meta property=\"og:image:height\" content=\"801\" \/>\n\t<meta property=\"og:image:type\" content=\"image\/jpeg\" \/>\n<meta name=\"author\" content=\"Editor\" \/>\n<meta name=\"twitter:card\" content=\"summary_large_image\" \/>\n<meta name=\"twitter:label1\" content=\"Escrito por\" \/>\n\t<meta name=\"twitter:data1\" content=\"Editor\" \/>\n\t<meta name=\"twitter:label2\" content=\"Tiempo de lectura\" \/>\n\t<meta name=\"twitter:data2\" content=\"2 minutos\" \/>\n<script type=\"application\/ld+json\" class=\"yoast-schema-graph\">{\"@context\":\"https:\\\/\\\/schema.org\",\"@graph\":[{\"@type\":\"Article\",\"@id\":\"https:\\\/\\\/infopba247.com.ar\\\/index.php\\\/2022\\\/06\\\/29\\\/san-nicolas-de-cara-al-rio-manuel-passaglia-anuncio-la-recuperacion-de-la-playada-de-la-emilia\\\/#article\",\"isPartOf\":{\"@id\":\"https:\\\/\\\/infopba247.com.ar\\\/index.php\\\/2022\\\/06\\\/29\\\/san-nicolas-de-cara-al-rio-manuel-passaglia-anuncio-la-recuperacion-de-la-playada-de-la-emilia\\\/\"},\"author\":{\"name\":\"Editor\",\"@id\":\"https:\\\/\\\/infopba247.com.ar\\\/#\\\/schema\\\/person\\\/4975f1343a413e57bf839b3eed0099f2\"},\"headline\":\"San Nicol\u00e1s \u201cde cara al r\u00edo\u201d: Manuel Passaglia anunci\u00f3 la recuperaci\u00f3n de la playada de La Emilia\",\"datePublished\":\"2022-06-29T12:16:10+00:00\",\"dateModified\":\"2022-06-29T12:16:11+00:00\",\"mainEntityOfPage\":{\"@id\":\"https:\\\/\\\/infopba247.com.ar\\\/index.php\\\/2022\\\/06\\\/29\\\/san-nicolas-de-cara-al-rio-manuel-passaglia-anuncio-la-recuperacion-de-la-playada-de-la-emilia\\\/\"},\"wordCount\":338,\"publisher\":{\"@id\":\"https:\\\/\\\/infopba247.com.ar\\\/#organization\"},\"image\":{\"@id\":\"https:\\\/\\\/infopba247.com.ar\\\/index.php\\\/2022\\\/06\\\/29\\\/san-nicolas-de-cara-al-rio-manuel-passaglia-anuncio-la-recuperacion-de-la-playada-de-la-emilia\\\/#primaryimage\"},\"thumbnailUrl\":\"https:\\\/\\\/infopba247.com.ar\\\/wp-content\\\/uploads\\\/2022\\\/06\\\/PLAYADA-LA-EMILIA-1-e1655853879893.jpeg\",\"keywords\":[\"Municipalidad de San Nicol\u00e1s\"],\"articleSection\":[\"2da Secci\u00f3n\",\"Destacadas\",\"Pol\u00edtica\"],\"inLanguage\":\"es\"},{\"@type\":\"WebPage\",\"@id\":\"https:\\\/\\\/infopba247.com.ar\\\/index.php\\\/2022\\\/06\\\/29\\\/san-nicolas-de-cara-al-rio-manuel-passaglia-anuncio-la-recuperacion-de-la-playada-de-la-emilia\\\/\",\"url\":\"https:\\\/\\\/infopba247.com.ar\\\/index.php\\\/2022\\\/06\\\/29\\\/san-nicolas-de-cara-al-rio-manuel-passaglia-anuncio-la-recuperacion-de-la-playada-de-la-emilia\\\/\",\"name\":\"San Nicol\u00e1s \u201cde cara al r\u00edo\u201d: Manuel Passaglia anunci\u00f3 la recuperaci\u00f3n de la playada de La Emilia - InfoPBA247\",\"isPartOf\":{\"@id\":\"https:\\\/\\\/infopba247.com.ar\\\/#website\"},\"primaryImageOfPage\":{\"@id\":\"https:\\\/\\\/infopba247.com.ar\\\/index.php\\\/2022\\\/06\\\/29\\\/san-nicolas-de-cara-al-rio-manuel-passaglia-anuncio-la-recuperacion-de-la-playada-de-la-emilia\\\/#primaryimage\"},\"image\":{\"@id\":\"https:\\\/\\\/infopba247.com.ar\\\/index.php\\\/2022\\\/06\\\/29\\\/san-nicolas-de-cara-al-rio-manuel-passaglia-anuncio-la-recuperacion-de-la-playada-de-la-emilia\\\/#primaryimage\"},\"thumbnailUrl\":\"https:\\\/\\\/infopba247.com.ar\\\/wp-content\\\/uploads\\\/2022\\\/06\\\/PLAYADA-LA-EMILIA-1-e1655853879893.jpeg\",\"datePublished\":\"2022-06-29T12:16:10+00:00\",\"dateModified\":\"2022-06-29T12:16:11+00:00\",\"breadcrumb\":{\"@id\":\"https:\\\/\\\/infopba247.com.ar\\\/index.php\\\/2022\\\/06\\\/29\\\/san-nicolas-de-cara-al-rio-manuel-passaglia-anuncio-la-recuperacion-de-la-playada-de-la-emilia\\\/#breadcrumb\"},\"inLanguage\":\"es\",\"potentialAction\":[{\"@type\":\"ReadAction\",\"target\":[\"https:\\\/\\\/infopba247.com.ar\\\/index.php\\\/2022\\\/06\\\/29\\\/san-nicolas-de-cara-al-rio-manuel-passaglia-anuncio-la-recuperacion-de-la-playada-de-la-emilia\\\/\"]}]},{\"@type\":\"ImageObject\",\"inLanguage\":\"es\",\"@id\":\"https:\\\/\\\/infopba247.com.ar\\\/index.php\\\/2022\\\/06\\\/29\\\/san-nicolas-de-cara-al-rio-manuel-passaglia-anuncio-la-recuperacion-de-la-playada-de-la-emilia\\\/#primaryimage\",\"url\":\"https:\\\/\\\/infopba247.com.ar\\\/wp-content\\\/uploads\\\/2022\\\/06\\\/PLAYADA-LA-EMILIA-1-e1655853879893.jpeg\",\"contentUrl\":\"https:\\\/\\\/infopba247.com.ar\\\/wp-content\\\/uploads\\\/2022\\\/06\\\/PLAYADA-LA-EMILIA-1-e1655853879893.jpeg\",\"width\":1200,\"height\":801},{\"@type\":\"BreadcrumbList\",\"@id\":\"https:\\\/\\\/infopba247.com.ar\\\/index.php\\\/2022\\\/06\\\/29\\\/san-nicolas-de-cara-al-rio-manuel-passaglia-anuncio-la-recuperacion-de-la-playada-de-la-emilia\\\/#breadcrumb\",\"itemListElement\":[{\"@type\":\"ListItem\",\"position\":1,\"name\":\"Portada\",\"item\":\"https:\\\/\\\/infopba247.com.ar\\\/\"},{\"@type\":\"ListItem\",\"position\":2,\"name\":\"San Nicol\u00e1s \u201cde cara al r\u00edo\u201d: Manuel Passaglia anunci\u00f3 la recuperaci\u00f3n de la playada de La Emilia\"}]},{\"@type\":\"WebSite\",\"@id\":\"https:\\\/\\\/infopba247.com.ar\\\/#website\",\"url\":\"https:\\\/\\\/infopba247.com.ar\\\/\",\"name\":\"InfoPBA247\",\"description\":\"Toda la actualidad bonaerense\",\"publisher\":{\"@id\":\"https:\\\/\\\/infopba247.com.ar\\\/#organization\"},\"potentialAction\":[{\"@type\":\"SearchAction\",\"target\":{\"@type\":\"EntryPoint\",\"urlTemplate\":\"https:\\\/\\\/infopba247.com.ar\\\/?s={search_term_string}\"},\"query-input\":{\"@type\":\"PropertyValueSpecification\",\"valueRequired\":true,\"valueName\":\"search_term_string\"}}],\"inLanguage\":\"es\"},{\"@type\":\"Organization\",\"@id\":\"https:\\\/\\\/infopba247.com.ar\\\/#organization\",\"name\":\"InfoPBA247\",\"url\":\"https:\\\/\\\/infopba247.com.ar\\\/\",\"logo\":{\"@type\":\"ImageObject\",\"inLanguage\":\"es\",\"@id\":\"https:\\\/\\\/infopba247.com.ar\\\/#\\\/schema\\\/logo\\\/image\\\/\",\"url\":\"https:\\\/\\\/infopba247.com.ar\\\/wp-content\\\/uploads\\\/2022\\\/03\\\/cropped-InfoPBA247-1.png\",\"contentUrl\":\"https:\\\/\\\/infopba247.com.ar\\\/wp-content\\\/uploads\\\/2022\\\/03\\\/cropped-InfoPBA247-1.png\",\"width\":500,\"height\":122,\"caption\":\"InfoPBA247\"},\"image\":{\"@id\":\"https:\\\/\\\/infopba247.com.ar\\\/#\\\/schema\\\/logo\\\/image\\\/\"},\"sameAs\":[\"https:\\\/\\\/www.facebook.com\\\/InfoPBA\"]},{\"@type\":\"Person\",\"@id\":\"https:\\\/\\\/infopba247.com.ar\\\/#\\\/schema\\\/person\\\/4975f1343a413e57bf839b3eed0099f2\",\"name\":\"Editor\",\"image\":{\"@type\":\"ImageObject\",\"inLanguage\":\"es\",\"@id\":\"https:\\\/\\\/secure.gravatar.com\\\/avatar\\\/d27fe9520667ca53441d36627a1d6b0fa4a813571ec4803687a7a3a7744685ac?s=96&d=mm&r=g\",\"url\":\"https:\\\/\\\/secure.gravatar.com\\\/avatar\\\/d27fe9520667ca53441d36627a1d6b0fa4a813571ec4803687a7a3a7744685ac?s=96&d=mm&r=g\",\"contentUrl\":\"https:\\\/\\\/secure.gravatar.com\\\/avatar\\\/d27fe9520667ca53441d36627a1d6b0fa4a813571ec4803687a7a3a7744685ac?s=96&d=mm&r=g\",\"caption\":\"Editor\"},\"url\":\"https:\\\/\\\/infopba247.com.ar\\\/index.php\\\/author\\\/editor\\\/\"}]}<\/script>\n<!-- \/ Yoast SEO plugin. -->","yoast_head_json":{"title":"San Nicol\u00e1s \u201cde cara al r\u00edo\u201d: Manuel Passaglia anunci\u00f3 la recuperaci\u00f3n de la playada de La Emilia - InfoPBA247","robots":{"index":"index","follow":"follow","max-snippet":"max-snippet:-1","max-image-preview":"max-image-preview:large","max-video-preview":"max-video-preview:-1"},"canonical":"https:\/\/infopba247.com.ar\/index.php\/2022\/06\/29\/san-nicolas-de-cara-al-rio-manuel-passaglia-anuncio-la-recuperacion-de-la-playada-de-la-emilia\/","og_locale":"es_ES","og_type":"article","og_title":"San Nicol\u00e1s \u201cde cara al r\u00edo\u201d: Manuel Passaglia anunci\u00f3 la recuperaci\u00f3n de la playada de La Emilia - InfoPBA247","og_description":"El intendente de San Nicol\u00e1s Manuel Passaglia recorri\u00f3 junto a vecinos de La Emilia la zona del Arroyo del Medio","og_url":"https:\/\/infopba247.com.ar\/index.php\/2022\/06\/29\/san-nicolas-de-cara-al-rio-manuel-passaglia-anuncio-la-recuperacion-de-la-playada-de-la-emilia\/","og_site_name":"InfoPBA247","article_publisher":"https:\/\/www.facebook.com\/InfoPBA","article_published_time":"2022-06-29T12:16:10+00:00","article_modified_time":"2022-06-29T12:16:11+00:00","og_image":[{"width":1200,"height":801,"url":"https:\/\/infopba247.com.ar\/wp-content\/uploads\/2022\/06\/PLAYADA-LA-EMILIA-1-e1655853879893.jpeg","type":"image\/jpeg"}],"author":"Editor","twitter_card":"summary_large_image","twitter_misc":{"Escrito por":"Editor","Tiempo de lectura":"2 minutos"},"schema":{"@context":"https:\/\/schema.org","@graph":[{"@type":"Article","@id":"https:\/\/infopba247.com.ar\/index.php\/2022\/06\/29\/san-nicolas-de-cara-al-rio-manuel-passaglia-anuncio-la-recuperacion-de-la-playada-de-la-emilia\/#article","isPartOf":{"@id":"https:\/\/infopba247.com.ar\/index.php\/2022\/06\/29\/san-nicolas-de-cara-al-rio-manuel-passaglia-anuncio-la-recuperacion-de-la-playada-de-la-emilia\/"},"author":{"name":"Editor","@id":"https:\/\/infopba247.com.ar\/#\/schema\/person\/4975f1343a413e57bf839b3eed0099f2"},"headline":"San Nicol\u00e1s \u201cde cara al r\u00edo\u201d: Manuel Passaglia anunci\u00f3 la recuperaci\u00f3n de la playada de La Emilia","datePublished":"2022-06-29T12:16:10+00:00","dateModified":"2022-06-29T12:16:11+00:00","mainEntityOfPage":{"@id":"https:\/\/infopba247.com.ar\/index.php\/2022\/06\/29\/san-nicolas-de-cara-al-rio-manuel-passaglia-anuncio-la-recuperacion-de-la-playada-de-la-emilia\/"},"wordCount":338,"publisher":{"@id":"https:\/\/infopba247.com.ar\/#organization"},"image":{"@id":"https:\/\/infopba247.com.ar\/index.php\/2022\/06\/29\/san-nicolas-de-cara-al-rio-manuel-passaglia-anuncio-la-recuperacion-de-la-playada-de-la-emilia\/#primaryimage"},"thumbnailUrl":"https:\/\/infopba247.com.ar\/wp-content\/uploads\/2022\/06\/PLAYADA-LA-EMILIA-1-e1655853879893.jpeg","keywords":["Municipalidad de San Nicol\u00e1s"],"articleSection":["2da Secci\u00f3n","Destacadas","Pol\u00edtica"],"inLanguage":"es"},{"@type":"WebPage","@id":"https:\/\/infopba247.com.ar\/index.php\/2022\/06\/29\/san-nicolas-de-cara-al-rio-manuel-passaglia-anuncio-la-recuperacion-de-la-playada-de-la-emilia\/","url":"https:\/\/infopba247.com.ar\/index.php\/2022\/06\/29\/san-nicolas-de-cara-al-rio-manuel-passaglia-anuncio-la-recuperacion-de-la-playada-de-la-emilia\/","name":"San Nicol\u00e1s \u201cde cara al r\u00edo\u201d: Manuel Passaglia anunci\u00f3 la recuperaci\u00f3n de la playada de La Emilia - InfoPBA247","isPartOf":{"@id":"https:\/\/infopba247.com.ar\/#website"},"primaryImageOfPage":{"@id":"https:\/\/infopba247.com.ar\/index.php\/2022\/06\/29\/san-nicolas-de-cara-al-rio-manuel-passaglia-anuncio-la-recuperacion-de-la-playada-de-la-emilia\/#primaryimage"},"image":{"@id":"https:\/\/infopba247.com.ar\/index.php\/2022\/06\/29\/san-nicolas-de-cara-al-rio-manuel-passaglia-anuncio-la-recuperacion-de-la-playada-de-la-emilia\/#primaryimage"},"thumbnailUrl":"https:\/\/infopba247.com.ar\/wp-content\/uploads\/2022\/06\/PLAYADA-LA-EMILIA-1-e1655853879893.jpeg","datePublished":"2022-06-29T12:16:10+00:00","dateModified":"2022-06-29T12:16:11+00:00","breadcrumb":{"@id":"https:\/\/infopba247.com.ar\/index.php\/2022\/06\/29\/san-nicolas-de-cara-al-rio-manuel-passaglia-anuncio-la-recuperacion-de-la-playada-de-la-emilia\/#breadcrumb"},"inLanguage":"es","potentialAction":[{"@type":"ReadAction","target":["https:\/\/infopba247.com.ar\/index.php\/2022\/06\/29\/san-nicolas-de-cara-al-rio-manuel-passaglia-anuncio-la-recuperacion-de-la-playada-de-la-emilia\/"]}]},{"@type":"ImageObject","inLanguage":"es","@id":"https:\/\/infopba247.com.ar\/index.php\/2022\/06\/29\/san-nicolas-de-cara-al-rio-manuel-passaglia-anuncio-la-recuperacion-de-la-playada-de-la-emilia\/#primaryimage","url":"https:\/\/infopba247.com.ar\/wp-content\/uploads\/2022\/06\/PLAYADA-LA-EMILIA-1-e1655853879893.jpeg","contentUrl":"https:\/\/infopba247.com.ar\/wp-content\/uploads\/2022\/06\/PLAYADA-LA-EMILIA-1-e1655853879893.jpeg","width":1200,"height":801},{"@type":"BreadcrumbList","@id":"https:\/\/infopba247.com.ar\/index.php\/2022\/06\/29\/san-nicolas-de-cara-al-rio-manuel-passaglia-anuncio-la-recuperacion-de-la-playada-de-la-emilia\/#breadcrumb","itemListElement":[{"@type":"ListItem","position":1,"name":"Portada","item":"https:\/\/infopba247.com.ar\/"},{"@type":"ListItem","position":2,"name":"San Nicol\u00e1s \u201cde cara al r\u00edo\u201d: Manuel Passaglia anunci\u00f3 la recuperaci\u00f3n de la playada de La Emilia"}]},{"@type":"WebSite","@id":"https:\/\/infopba247.com.ar\/#website","url":"https:\/\/infopba247.com.ar\/","name":"InfoPBA247","description":"Toda la actualidad bonaerense","publisher":{"@id":"https:\/\/infopba247.com.ar\/#organization"},"potentialAction":[{"@type":"SearchAction","target":{"@type":"EntryPoint","urlTemplate":"https:\/\/infopba247.com.ar\/?s={search_term_string}"},"query-input":{"@type":"PropertyValueSpecification","valueRequired":true,"valueName":"search_term_string"}}],"inLanguage":"es"},{"@type":"Organization","@id":"https:\/\/infopba247.com.ar\/#organization","name":"InfoPBA247","url":"https:\/\/infopba247.com.ar\/","logo":{"@type":"ImageObject","inLanguage":"es","@id":"https:\/\/infopba247.com.ar\/#\/schema\/logo\/image\/","url":"https:\/\/infopba247.com.ar\/wp-content\/uploads\/2022\/03\/cropped-InfoPBA247-1.png","contentUrl":"https:\/\/infopba247.com.ar\/wp-content\/uploads\/2022\/03\/cropped-InfoPBA247-1.png","width":500,"height":122,"caption":"InfoPBA247"},"image":{"@id":"https:\/\/infopba247.com.ar\/#\/schema\/logo\/image\/"},"sameAs":["https:\/\/www.facebook.com\/InfoPBA"]},{"@type":"Person","@id":"https:\/\/infopba247.com.ar\/#\/schema\/person\/4975f1343a413e57bf839b3eed0099f2","name":"Editor","image":{"@type":"ImageObject","inLanguage":"es","@id":"https:\/\/secure.gravatar.com\/avatar\/d27fe9520667ca53441d36627a1d6b0fa4a813571ec4803687a7a3a7744685ac?s=96&d=mm&r=g","url":"https:\/\/secure.gravatar.com\/avatar\/d27fe9520667ca53441d36627a1d6b0fa4a813571ec4803687a7a3a7744685ac?s=96&d=mm&r=g","contentUrl":"https:\/\/secure.gravatar.com\/avatar\/d27fe9520667ca53441d36627a1d6b0fa4a813571ec4803687a7a3a7744685ac?s=96&d=mm&r=g","caption":"Editor"},"url":"https:\/\/infopba247.com.ar\/index.php\/author\/editor\/"}]}},"_links":{"self":[{"href":"https:\/\/infopba247.com.ar\/index.php\/wp-json\/wp\/v2\/posts\/436","targetHints":{"allow":["GET"]}}],"collection":[{"href":"https:\/\/infopba247.com.ar\/index.php\/wp-json\/wp\/v2\/posts"}],"about":[{"href":"https:\/\/infopba247.com.ar\/index.php\/wp-json\/wp\/v2\/types\/post"}],"author":[{"embeddable":true,"href":"https:\/\/infopba247.com.ar\/index.php\/wp-json\/wp\/v2\/users\/3"}],"replies":[{"embeddable":true,"href":"https:\/\/infopba247.com.ar\/index.php\/wp-json\/wp\/v2\/comments?post=436"}],"version-history":[{"count":1,"href":"https:\/\/infopba247.com.ar\/index.php\/wp-json\/wp\/v2\/posts\/436\/revisions"}],"predecessor-version":[{"id":438,"href":"https:\/\/infopba247.com.ar\/index.php\/wp-json\/wp\/v2\/posts\/436\/revisions\/438"}],"wp:featuredmedia":[{"embeddable":true,"href":"https:\/\/infopba247.com.ar\/index.php\/wp-json\/wp\/v2\/media\/437"}],"wp:attachment":[{"href":"https:\/\/infopba247.com.ar\/index.php\/wp-json\/wp\/v2\/media?parent=436"}],"wp:term":[{"taxonomy":"category","embeddable":true,"href":"https:\/\/infopba247.com.ar\/index.php\/wp-json\/wp\/v2\/categories?post=436"},{"taxonomy":"post_tag","embeddable":true,"href":"https:\/\/infopba247.com.ar\/index.php\/wp-json\/wp\/v2\/tags?post=436"}],"curies":[{"name":"wp","href":"https:\/\/api.w.org\/{rel}","templated":true}]}}