{"id":4350,"date":"2024-06-13T11:55:39","date_gmt":"2024-06-13T14:55:39","guid":{"rendered":"https:\/\/infopba247.com.ar\/?p=4350"},"modified":"2024-06-13T11:55:40","modified_gmt":"2024-06-13T14:55:40","slug":"alak-y-kicillof-se-reunieron-con-la-fulp-para-abordar-las-problematicas-de-los-estudiantes-en-la-plata","status":"publish","type":"post","link":"https:\/\/infopba247.com.ar\/index.php\/2024\/06\/13\/alak-y-kicillof-se-reunieron-con-la-fulp-para-abordar-las-problematicas-de-los-estudiantes-en-la-plata\/","title":{"rendered":"Alak y Kicillof se reunieron con la FULP para abordar las problem\u00e1ticas de los estudiantes en La Plata"},"content":{"rendered":"\n<p>En el marco de la crisis presupuestaria que atraviesan las Universidades, el intendente de La Plata, Julio Alak, y el gobernador de la provincia de Buenos Aires, Axel Kicillof, mantuvieron un encuentro con referentes universitarios estudiantiles para atender y resolver las problem\u00e1ticas que afectan a los estudiantes de la ciudad.<\/p>\n\n\n\n<p>Acompa\u00f1ados por el secretario de Gobierno municipal, Guillermo \u00abNano\u00bb Cara, los mandatarios recibieron a las presidentas de la FULP, Sol Alconada de la Juventud Universitaria Peronista, Albertina Bidart de La Mella, y a representantes de los espacios Miles, Frente Natural, La C\u00e1mpora, DND, El Colectivo, CEPA y Liberaci\u00f3n para escuchar las principales dificultades que enfrentan.<\/p>\n\n\n\n<p>Durante la reuni\u00f3n, de la que tambi\u00e9n particip\u00f3 la presidenta del Instituto Cultural de la Provincia, Florencia Saintout, los l\u00edderes estudiantiles plantearon su preocupaci\u00f3n por la inseguridad, el transporte p\u00fablico, el acceso a la salud y el empleo.<\/p>\n\n\n\n<p>Asimismo, le agradecieron al gobernador Kicillof la continuaci\u00f3n de las obras que dej\u00f3 paralizadas el gobierno nacional, como el buffet de la Facultad de Humanidades, y el sostenimiento de una herramienta fundamental para ellos, como es el boleto estudiantil.<\/p>\n\n\n\n<p>En ese contexto, el intendente platense y el gobernador bonaerense acordaron una agenda de trabajo conjunta entre los estudiantes, el gobierno provincial y la gesti\u00f3n municipal y aceptaron la propuesta de participar en el ciclo de clases p\u00fablicas que lleva adelante el movimiento estudiantil y los distintos sectores de la comunidad universitaria.<\/p>\n","protected":false},"excerpt":{"rendered":"<p>En el marco de la crisis presupuestaria que atraviesan las Universidades, el intendente de La Plata, Julio Alak, y el<\/p>\n","protected":false},"author":3,"featured_media":4351,"comment_status":"closed","ping_status":"closed","sticky":false,"template":"","format":"standard","meta":{"colormag_page_container_layout":"default_layout","colormag_page_sidebar_layout":"default_layout","footnotes":""},"categories":[12,1,14],"tags":[],"class_list":["post-4350","post","type-post","status-publish","format-standard","has-post-thumbnail","hentry","category-8va-seccion","category-destacadas","category-politica"],"yoast_head":"<!-- This site is optimized with the Yoast SEO plugin v27.4 - https:\/\/yoast.com\/product\/yoast-seo-wordpress\/ -->\n<title>Alak y Kicillof se reunieron con la FULP para abordar las problem\u00e1ticas de los estudiantes en La Plata - InfoPBA247<\/title>\n<meta name=\"robots\" content=\"index, follow, max-snippet:-1, max-image-preview:large, max-video-preview:-1\" \/>\n<link rel=\"canonical\" href=\"https:\/\/infopba247.com.ar\/index.php\/2024\/06\/13\/alak-y-kicillof-se-reunieron-con-la-fulp-para-abordar-las-problematicas-de-los-estudiantes-en-la-plata\/\" \/>\n<meta property=\"og:locale\" content=\"es_ES\" \/>\n<meta property=\"og:type\" content=\"article\" \/>\n<meta property=\"og:title\" content=\"Alak y Kicillof se reunieron con la FULP para abordar las problem\u00e1ticas de los estudiantes en La Plata - InfoPBA247\" \/>\n<meta property=\"og:description\" content=\"En el marco de la crisis presupuestaria que atraviesan las Universidades, el intendente de La Plata, Julio Alak, y el\" \/>\n<meta property=\"og:url\" content=\"https:\/\/infopba247.com.ar\/index.php\/2024\/06\/13\/alak-y-kicillof-se-reunieron-con-la-fulp-para-abordar-las-problematicas-de-los-estudiantes-en-la-plata\/\" \/>\n<meta property=\"og:site_name\" content=\"InfoPBA247\" \/>\n<meta property=\"article:publisher\" content=\"https:\/\/www.facebook.com\/InfoPBA\" \/>\n<meta property=\"article:published_time\" content=\"2024-06-13T14:55:39+00:00\" \/>\n<meta property=\"article:modified_time\" content=\"2024-06-13T14:55:40+00:00\" \/>\n<meta property=\"og:image\" content=\"https:\/\/infopba247.com.ar\/wp-content\/uploads\/2024\/06\/unnamed-70-scaled.jpg\" \/>\n\t<meta property=\"og:image:width\" content=\"2560\" \/>\n\t<meta property=\"og:image:height\" content=\"1732\" \/>\n\t<meta property=\"og:image:type\" content=\"image\/jpeg\" \/>\n<meta name=\"author\" content=\"Editor\" \/>\n<meta name=\"twitter:card\" content=\"summary_large_image\" \/>\n<meta name=\"twitter:label1\" content=\"Escrito por\" \/>\n\t<meta name=\"twitter:data1\" content=\"Editor\" \/>\n\t<meta name=\"twitter:label2\" content=\"Tiempo de lectura\" \/>\n\t<meta name=\"twitter:data2\" content=\"2 minutos\" \/>\n<script type=\"application\/ld+json\" class=\"yoast-schema-graph\">{\"@context\":\"https:\\\/\\\/schema.org\",\"@graph\":[{\"@type\":\"Article\",\"@id\":\"https:\\\/\\\/infopba247.com.ar\\\/index.php\\\/2024\\\/06\\\/13\\\/alak-y-kicillof-se-reunieron-con-la-fulp-para-abordar-las-problematicas-de-los-estudiantes-en-la-plata\\\/#article\",\"isPartOf\":{\"@id\":\"https:\\\/\\\/infopba247.com.ar\\\/index.php\\\/2024\\\/06\\\/13\\\/alak-y-kicillof-se-reunieron-con-la-fulp-para-abordar-las-problematicas-de-los-estudiantes-en-la-plata\\\/\"},\"author\":{\"name\":\"Editor\",\"@id\":\"https:\\\/\\\/infopba247.com.ar\\\/#\\\/schema\\\/person\\\/4975f1343a413e57bf839b3eed0099f2\"},\"headline\":\"Alak y Kicillof se reunieron con la FULP para abordar las problem\u00e1ticas de los estudiantes en La Plata\",\"datePublished\":\"2024-06-13T14:55:39+00:00\",\"dateModified\":\"2024-06-13T14:55:40+00:00\",\"mainEntityOfPage\":{\"@id\":\"https:\\\/\\\/infopba247.com.ar\\\/index.php\\\/2024\\\/06\\\/13\\\/alak-y-kicillof-se-reunieron-con-la-fulp-para-abordar-las-problematicas-de-los-estudiantes-en-la-plata\\\/\"},\"wordCount\":265,\"publisher\":{\"@id\":\"https:\\\/\\\/infopba247.com.ar\\\/#organization\"},\"image\":{\"@id\":\"https:\\\/\\\/infopba247.com.ar\\\/index.php\\\/2024\\\/06\\\/13\\\/alak-y-kicillof-se-reunieron-con-la-fulp-para-abordar-las-problematicas-de-los-estudiantes-en-la-plata\\\/#primaryimage\"},\"thumbnailUrl\":\"https:\\\/\\\/infopba247.com.ar\\\/wp-content\\\/uploads\\\/2024\\\/06\\\/unnamed-70-scaled.jpg\",\"articleSection\":[\"8va Secci\u00f3n\",\"Destacadas\",\"Pol\u00edtica\"],\"inLanguage\":\"es\"},{\"@type\":\"WebPage\",\"@id\":\"https:\\\/\\\/infopba247.com.ar\\\/index.php\\\/2024\\\/06\\\/13\\\/alak-y-kicillof-se-reunieron-con-la-fulp-para-abordar-las-problematicas-de-los-estudiantes-en-la-plata\\\/\",\"url\":\"https:\\\/\\\/infopba247.com.ar\\\/index.php\\\/2024\\\/06\\\/13\\\/alak-y-kicillof-se-reunieron-con-la-fulp-para-abordar-las-problematicas-de-los-estudiantes-en-la-plata\\\/\",\"name\":\"Alak y Kicillof se reunieron con la FULP para abordar las problem\u00e1ticas de los estudiantes en La Plata - InfoPBA247\",\"isPartOf\":{\"@id\":\"https:\\\/\\\/infopba247.com.ar\\\/#website\"},\"primaryImageOfPage\":{\"@id\":\"https:\\\/\\\/infopba247.com.ar\\\/index.php\\\/2024\\\/06\\\/13\\\/alak-y-kicillof-se-reunieron-con-la-fulp-para-abordar-las-problematicas-de-los-estudiantes-en-la-plata\\\/#primaryimage\"},\"image\":{\"@id\":\"https:\\\/\\\/infopba247.com.ar\\\/index.php\\\/2024\\\/06\\\/13\\\/alak-y-kicillof-se-reunieron-con-la-fulp-para-abordar-las-problematicas-de-los-estudiantes-en-la-plata\\\/#primaryimage\"},\"thumbnailUrl\":\"https:\\\/\\\/infopba247.com.ar\\\/wp-content\\\/uploads\\\/2024\\\/06\\\/unnamed-70-scaled.jpg\",\"datePublished\":\"2024-06-13T14:55:39+00:00\",\"dateModified\":\"2024-06-13T14:55:40+00:00\",\"breadcrumb\":{\"@id\":\"https:\\\/\\\/infopba247.com.ar\\\/index.php\\\/2024\\\/06\\\/13\\\/alak-y-kicillof-se-reunieron-con-la-fulp-para-abordar-las-problematicas-de-los-estudiantes-en-la-plata\\\/#breadcrumb\"},\"inLanguage\":\"es\",\"potentialAction\":[{\"@type\":\"ReadAction\",\"target\":[\"https:\\\/\\\/infopba247.com.ar\\\/index.php\\\/2024\\\/06\\\/13\\\/alak-y-kicillof-se-reunieron-con-la-fulp-para-abordar-las-problematicas-de-los-estudiantes-en-la-plata\\\/\"]}]},{\"@type\":\"ImageObject\",\"inLanguage\":\"es\",\"@id\":\"https:\\\/\\\/infopba247.com.ar\\\/index.php\\\/2024\\\/06\\\/13\\\/alak-y-kicillof-se-reunieron-con-la-fulp-para-abordar-las-problematicas-de-los-estudiantes-en-la-plata\\\/#primaryimage\",\"url\":\"https:\\\/\\\/infopba247.com.ar\\\/wp-content\\\/uploads\\\/2024\\\/06\\\/unnamed-70-scaled.jpg\",\"contentUrl\":\"https:\\\/\\\/infopba247.com.ar\\\/wp-content\\\/uploads\\\/2024\\\/06\\\/unnamed-70-scaled.jpg\",\"width\":2560,\"height\":1732},{\"@type\":\"BreadcrumbList\",\"@id\":\"https:\\\/\\\/infopba247.com.ar\\\/index.php\\\/2024\\\/06\\\/13\\\/alak-y-kicillof-se-reunieron-con-la-fulp-para-abordar-las-problematicas-de-los-estudiantes-en-la-plata\\\/#breadcrumb\",\"itemListElement\":[{\"@type\":\"ListItem\",\"position\":1,\"name\":\"Portada\",\"item\":\"https:\\\/\\\/infopba247.com.ar\\\/\"},{\"@type\":\"ListItem\",\"position\":2,\"name\":\"Alak y Kicillof se reunieron con la FULP para abordar las problem\u00e1ticas de los estudiantes en La Plata\"}]},{\"@type\":\"WebSite\",\"@id\":\"https:\\\/\\\/infopba247.com.ar\\\/#website\",\"url\":\"https:\\\/\\\/infopba247.com.ar\\\/\",\"name\":\"InfoPBA247\",\"description\":\"Toda la actualidad bonaerense\",\"publisher\":{\"@id\":\"https:\\\/\\\/infopba247.com.ar\\\/#organization\"},\"potentialAction\":[{\"@type\":\"SearchAction\",\"target\":{\"@type\":\"EntryPoint\",\"urlTemplate\":\"https:\\\/\\\/infopba247.com.ar\\\/?s={search_term_string}\"},\"query-input\":{\"@type\":\"PropertyValueSpecification\",\"valueRequired\":true,\"valueName\":\"search_term_string\"}}],\"inLanguage\":\"es\"},{\"@type\":\"Organization\",\"@id\":\"https:\\\/\\\/infopba247.com.ar\\\/#organization\",\"name\":\"InfoPBA247\",\"url\":\"https:\\\/\\\/infopba247.com.ar\\\/\",\"logo\":{\"@type\":\"ImageObject\",\"inLanguage\":\"es\",\"@id\":\"https:\\\/\\\/infopba247.com.ar\\\/#\\\/schema\\\/logo\\\/image\\\/\",\"url\":\"https:\\\/\\\/infopba247.com.ar\\\/wp-content\\\/uploads\\\/2022\\\/03\\\/cropped-InfoPBA247-1.png\",\"contentUrl\":\"https:\\\/\\\/infopba247.com.ar\\\/wp-content\\\/uploads\\\/2022\\\/03\\\/cropped-InfoPBA247-1.png\",\"width\":500,\"height\":122,\"caption\":\"InfoPBA247\"},\"image\":{\"@id\":\"https:\\\/\\\/infopba247.com.ar\\\/#\\\/schema\\\/logo\\\/image\\\/\"},\"sameAs\":[\"https:\\\/\\\/www.facebook.com\\\/InfoPBA\"]},{\"@type\":\"Person\",\"@id\":\"https:\\\/\\\/infopba247.com.ar\\\/#\\\/schema\\\/person\\\/4975f1343a413e57bf839b3eed0099f2\",\"name\":\"Editor\",\"image\":{\"@type\":\"ImageObject\",\"inLanguage\":\"es\",\"@id\":\"https:\\\/\\\/secure.gravatar.com\\\/avatar\\\/d27fe9520667ca53441d36627a1d6b0fa4a813571ec4803687a7a3a7744685ac?s=96&d=mm&r=g\",\"url\":\"https:\\\/\\\/secure.gravatar.com\\\/avatar\\\/d27fe9520667ca53441d36627a1d6b0fa4a813571ec4803687a7a3a7744685ac?s=96&d=mm&r=g\",\"contentUrl\":\"https:\\\/\\\/secure.gravatar.com\\\/avatar\\\/d27fe9520667ca53441d36627a1d6b0fa4a813571ec4803687a7a3a7744685ac?s=96&d=mm&r=g\",\"caption\":\"Editor\"},\"url\":\"https:\\\/\\\/infopba247.com.ar\\\/index.php\\\/author\\\/editor\\\/\"}]}<\/script>\n<!-- \/ Yoast SEO plugin. -->","yoast_head_json":{"title":"Alak y Kicillof se reunieron con la FULP para abordar las problem\u00e1ticas de los estudiantes en La Plata - InfoPBA247","robots":{"index":"index","follow":"follow","max-snippet":"max-snippet:-1","max-image-preview":"max-image-preview:large","max-video-preview":"max-video-preview:-1"},"canonical":"https:\/\/infopba247.com.ar\/index.php\/2024\/06\/13\/alak-y-kicillof-se-reunieron-con-la-fulp-para-abordar-las-problematicas-de-los-estudiantes-en-la-plata\/","og_locale":"es_ES","og_type":"article","og_title":"Alak y Kicillof se reunieron con la FULP para abordar las problem\u00e1ticas de los estudiantes en La Plata - InfoPBA247","og_description":"En el marco de la crisis presupuestaria que atraviesan las Universidades, el intendente de La Plata, Julio Alak, y el","og_url":"https:\/\/infopba247.com.ar\/index.php\/2024\/06\/13\/alak-y-kicillof-se-reunieron-con-la-fulp-para-abordar-las-problematicas-de-los-estudiantes-en-la-plata\/","og_site_name":"InfoPBA247","article_publisher":"https:\/\/www.facebook.com\/InfoPBA","article_published_time":"2024-06-13T14:55:39+00:00","article_modified_time":"2024-06-13T14:55:40+00:00","og_image":[{"width":2560,"height":1732,"url":"https:\/\/infopba247.com.ar\/wp-content\/uploads\/2024\/06\/unnamed-70-scaled.jpg","type":"image\/jpeg"}],"author":"Editor","twitter_card":"summary_large_image","twitter_misc":{"Escrito por":"Editor","Tiempo de lectura":"2 minutos"},"schema":{"@context":"https:\/\/schema.org","@graph":[{"@type":"Article","@id":"https:\/\/infopba247.com.ar\/index.php\/2024\/06\/13\/alak-y-kicillof-se-reunieron-con-la-fulp-para-abordar-las-problematicas-de-los-estudiantes-en-la-plata\/#article","isPartOf":{"@id":"https:\/\/infopba247.com.ar\/index.php\/2024\/06\/13\/alak-y-kicillof-se-reunieron-con-la-fulp-para-abordar-las-problematicas-de-los-estudiantes-en-la-plata\/"},"author":{"name":"Editor","@id":"https:\/\/infopba247.com.ar\/#\/schema\/person\/4975f1343a413e57bf839b3eed0099f2"},"headline":"Alak y Kicillof se reunieron con la FULP para abordar las problem\u00e1ticas de los estudiantes en La Plata","datePublished":"2024-06-13T14:55:39+00:00","dateModified":"2024-06-13T14:55:40+00:00","mainEntityOfPage":{"@id":"https:\/\/infopba247.com.ar\/index.php\/2024\/06\/13\/alak-y-kicillof-se-reunieron-con-la-fulp-para-abordar-las-problematicas-de-los-estudiantes-en-la-plata\/"},"wordCount":265,"publisher":{"@id":"https:\/\/infopba247.com.ar\/#organization"},"image":{"@id":"https:\/\/infopba247.com.ar\/index.php\/2024\/06\/13\/alak-y-kicillof-se-reunieron-con-la-fulp-para-abordar-las-problematicas-de-los-estudiantes-en-la-plata\/#primaryimage"},"thumbnailUrl":"https:\/\/infopba247.com.ar\/wp-content\/uploads\/2024\/06\/unnamed-70-scaled.jpg","articleSection":["8va Secci\u00f3n","Destacadas","Pol\u00edtica"],"inLanguage":"es"},{"@type":"WebPage","@id":"https:\/\/infopba247.com.ar\/index.php\/2024\/06\/13\/alak-y-kicillof-se-reunieron-con-la-fulp-para-abordar-las-problematicas-de-los-estudiantes-en-la-plata\/","url":"https:\/\/infopba247.com.ar\/index.php\/2024\/06\/13\/alak-y-kicillof-se-reunieron-con-la-fulp-para-abordar-las-problematicas-de-los-estudiantes-en-la-plata\/","name":"Alak y Kicillof se reunieron con la FULP para abordar las problem\u00e1ticas de los estudiantes en La Plata - InfoPBA247","isPartOf":{"@id":"https:\/\/infopba247.com.ar\/#website"},"primaryImageOfPage":{"@id":"https:\/\/infopba247.com.ar\/index.php\/2024\/06\/13\/alak-y-kicillof-se-reunieron-con-la-fulp-para-abordar-las-problematicas-de-los-estudiantes-en-la-plata\/#primaryimage"},"image":{"@id":"https:\/\/infopba247.com.ar\/index.php\/2024\/06\/13\/alak-y-kicillof-se-reunieron-con-la-fulp-para-abordar-las-problematicas-de-los-estudiantes-en-la-plata\/#primaryimage"},"thumbnailUrl":"https:\/\/infopba247.com.ar\/wp-content\/uploads\/2024\/06\/unnamed-70-scaled.jpg","datePublished":"2024-06-13T14:55:39+00:00","dateModified":"2024-06-13T14:55:40+00:00","breadcrumb":{"@id":"https:\/\/infopba247.com.ar\/index.php\/2024\/06\/13\/alak-y-kicillof-se-reunieron-con-la-fulp-para-abordar-las-problematicas-de-los-estudiantes-en-la-plata\/#breadcrumb"},"inLanguage":"es","potentialAction":[{"@type":"ReadAction","target":["https:\/\/infopba247.com.ar\/index.php\/2024\/06\/13\/alak-y-kicillof-se-reunieron-con-la-fulp-para-abordar-las-problematicas-de-los-estudiantes-en-la-plata\/"]}]},{"@type":"ImageObject","inLanguage":"es","@id":"https:\/\/infopba247.com.ar\/index.php\/2024\/06\/13\/alak-y-kicillof-se-reunieron-con-la-fulp-para-abordar-las-problematicas-de-los-estudiantes-en-la-plata\/#primaryimage","url":"https:\/\/infopba247.com.ar\/wp-content\/uploads\/2024\/06\/unnamed-70-scaled.jpg","contentUrl":"https:\/\/infopba247.com.ar\/wp-content\/uploads\/2024\/06\/unnamed-70-scaled.jpg","width":2560,"height":1732},{"@type":"BreadcrumbList","@id":"https:\/\/infopba247.com.ar\/index.php\/2024\/06\/13\/alak-y-kicillof-se-reunieron-con-la-fulp-para-abordar-las-problematicas-de-los-estudiantes-en-la-plata\/#breadcrumb","itemListElement":[{"@type":"ListItem","position":1,"name":"Portada","item":"https:\/\/infopba247.com.ar\/"},{"@type":"ListItem","position":2,"name":"Alak y Kicillof se reunieron con la FULP para abordar las problem\u00e1ticas de los estudiantes en La Plata"}]},{"@type":"WebSite","@id":"https:\/\/infopba247.com.ar\/#website","url":"https:\/\/infopba247.com.ar\/","name":"InfoPBA247","description":"Toda la actualidad bonaerense","publisher":{"@id":"https:\/\/infopba247.com.ar\/#organization"},"potentialAction":[{"@type":"SearchAction","target":{"@type":"EntryPoint","urlTemplate":"https:\/\/infopba247.com.ar\/?s={search_term_string}"},"query-input":{"@type":"PropertyValueSpecification","valueRequired":true,"valueName":"search_term_string"}}],"inLanguage":"es"},{"@type":"Organization","@id":"https:\/\/infopba247.com.ar\/#organization","name":"InfoPBA247","url":"https:\/\/infopba247.com.ar\/","logo":{"@type":"ImageObject","inLanguage":"es","@id":"https:\/\/infopba247.com.ar\/#\/schema\/logo\/image\/","url":"https:\/\/infopba247.com.ar\/wp-content\/uploads\/2022\/03\/cropped-InfoPBA247-1.png","contentUrl":"https:\/\/infopba247.com.ar\/wp-content\/uploads\/2022\/03\/cropped-InfoPBA247-1.png","width":500,"height":122,"caption":"InfoPBA247"},"image":{"@id":"https:\/\/infopba247.com.ar\/#\/schema\/logo\/image\/"},"sameAs":["https:\/\/www.facebook.com\/InfoPBA"]},{"@type":"Person","@id":"https:\/\/infopba247.com.ar\/#\/schema\/person\/4975f1343a413e57bf839b3eed0099f2","name":"Editor","image":{"@type":"ImageObject","inLanguage":"es","@id":"https:\/\/secure.gravatar.com\/avatar\/d27fe9520667ca53441d36627a1d6b0fa4a813571ec4803687a7a3a7744685ac?s=96&d=mm&r=g","url":"https:\/\/secure.gravatar.com\/avatar\/d27fe9520667ca53441d36627a1d6b0fa4a813571ec4803687a7a3a7744685ac?s=96&d=mm&r=g","contentUrl":"https:\/\/secure.gravatar.com\/avatar\/d27fe9520667ca53441d36627a1d6b0fa4a813571ec4803687a7a3a7744685ac?s=96&d=mm&r=g","caption":"Editor"},"url":"https:\/\/infopba247.com.ar\/index.php\/author\/editor\/"}]}},"_links":{"self":[{"href":"https:\/\/infopba247.com.ar\/index.php\/wp-json\/wp\/v2\/posts\/4350","targetHints":{"allow":["GET"]}}],"collection":[{"href":"https:\/\/infopba247.com.ar\/index.php\/wp-json\/wp\/v2\/posts"}],"about":[{"href":"https:\/\/infopba247.com.ar\/index.php\/wp-json\/wp\/v2\/types\/post"}],"author":[{"embeddable":true,"href":"https:\/\/infopba247.com.ar\/index.php\/wp-json\/wp\/v2\/users\/3"}],"replies":[{"embeddable":true,"href":"https:\/\/infopba247.com.ar\/index.php\/wp-json\/wp\/v2\/comments?post=4350"}],"version-history":[{"count":1,"href":"https:\/\/infopba247.com.ar\/index.php\/wp-json\/wp\/v2\/posts\/4350\/revisions"}],"predecessor-version":[{"id":4352,"href":"https:\/\/infopba247.com.ar\/index.php\/wp-json\/wp\/v2\/posts\/4350\/revisions\/4352"}],"wp:featuredmedia":[{"embeddable":true,"href":"https:\/\/infopba247.com.ar\/index.php\/wp-json\/wp\/v2\/media\/4351"}],"wp:attachment":[{"href":"https:\/\/infopba247.com.ar\/index.php\/wp-json\/wp\/v2\/media?parent=4350"}],"wp:term":[{"taxonomy":"category","embeddable":true,"href":"https:\/\/infopba247.com.ar\/index.php\/wp-json\/wp\/v2\/categories?post=4350"},{"taxonomy":"post_tag","embeddable":true,"href":"https:\/\/infopba247.com.ar\/index.php\/wp-json\/wp\/v2\/tags?post=4350"}],"curies":[{"name":"wp","href":"https:\/\/api.w.org\/{rel}","templated":true}]}}