{"id":4322,"date":"2024-06-07T10:47:00","date_gmt":"2024-06-07T13:47:00","guid":{"rendered":"https:\/\/infopba247.com.ar\/?p=4322"},"modified":"2024-06-07T10:49:22","modified_gmt":"2024-06-07T13:49:22","slug":"el-municipio-fortalece-la-seguridad-en-meridiano-v-de-cara-a-la-apertura-del-paseo-de-compras","status":"publish","type":"post","link":"https:\/\/infopba247.com.ar\/index.php\/2024\/06\/07\/el-municipio-fortalece-la-seguridad-en-meridiano-v-de-cara-a-la-apertura-del-paseo-de-compras\/","title":{"rendered":"El Municipio fortalece la seguridad en Meridiano V de cara a la apertura del Paseo de Compras"},"content":{"rendered":"\n<p>Avanza la instalaci\u00f3n de un espacio de prevenci\u00f3n y monitoreo que funcionar\u00e1 de forma coordinada con el Ministerio de Seguridad bonaerense. Se sumaron adhesiones al programa de reconversi\u00f3n de venta en la v\u00eda p\u00fablica y el intendente Alak recorri\u00f3 la zona.<\/p>\n\n\n\n<p>En la antesala de la inauguraci\u00f3n del Paseo de Compras Meridiano V, que tendr\u00e1 lugar este s\u00e1bado en 71 y 18, la Municipalidad de La Plata trabaja para fortalecer la seguridad en la zona.<\/p>\n\n\n\n<p>En ese sentido, la gesti\u00f3n del intendente Julio Alak avanza en la instalaci\u00f3n de una caseta de prevenci\u00f3n y monitoreo que funcionar\u00e1 de forma coordinada con el Ministerio de Seguridad de la Provincia, mientras extiende la colocaci\u00f3n de luminarias en toda el \u00e1rea y coordina la pr\u00f3xima instalaci\u00f3n de c\u00e1maras de seguridad.<\/p>\n\n\n\n<p>ALAK RECORRI\u00d3 MERIDIANO V<\/p>\n\n\n\n<p>El intendente de La Plata, Julio Alak, recorri\u00f3 este jueves el predio en el que se montar\u00e1 el paseo, que se encuentra actualmente en proceso de reacondicionamiento para garantizar el orden, la limpieza y la seguridad de todos los participantes.<\/p>\n\n\n\n<p>\u201cEl trabajo que estamos haciendo en el predio es muy importante porque no solo garantiza que los comerciantes trabajen respetando las normativas vigentes, sino que tambi\u00e9n contribuye a un orden urbano que beneficia a todos los vecinos\u201d, valor\u00f3 el jefe comunal.<\/p>\n\n\n\n<p>Es importante destacar que a partir de esta iniciativa m\u00e1s de 150 vendedores de las Plazas Italia, San Mart\u00edn y Rocha se mudar\u00e1n al mencionado espacio para ofrecer prendas de vestir usadas y en buen estado todos los fines de semana de 11:00 a 18:00.<\/p>\n\n\n\n<p>Para ello, agentes comunales reacondicionaron los ba\u00f1os, una sala de la planta alta y un sal\u00f3n que ser\u00e1 utilizado como lugar de acopio, al tiempo que impermeabilizaron los andenes, repararon p\u00e9rdidas de agua y recuperaron un espacio verde que permanec\u00eda inhabilitado.<\/p>\n\n\n\n<p>Asimismo, se realizaron intervenciones de poda, despeje de arboledas, barrido y limpieza, se concret\u00f3 un lavado profundo de veredas y calles y se recuperaron las macetas ubicadas desde calle 13 a calle 17.<\/p>\n\n\n\n<p>Por otro lado, cada puesto estar\u00e1 debidamente autorizado por la Comuna y operar\u00e1 bajo un riguroso reglamento.<\/p>\n","protected":false},"excerpt":{"rendered":"<p>Avanza la instalaci\u00f3n de un espacio de prevenci\u00f3n y monitoreo que funcionar\u00e1 de forma coordinada con el Ministerio de Seguridad<\/p>\n","protected":false},"author":3,"featured_media":4317,"comment_status":"closed","ping_status":"closed","sticky":false,"template":"","format":"standard","meta":{"colormag_page_container_layout":"default_layout","colormag_page_sidebar_layout":"default_layout","footnotes":""},"categories":[12,1,14],"tags":[],"class_list":["post-4322","post","type-post","status-publish","format-standard","has-post-thumbnail","hentry","category-8va-seccion","category-destacadas","category-politica"],"yoast_head":"<!-- This site is optimized with the Yoast SEO plugin v27.4 - https:\/\/yoast.com\/product\/yoast-seo-wordpress\/ -->\n<title>El Municipio fortalece la seguridad en Meridiano V de cara a la apertura del Paseo de Compras - InfoPBA247<\/title>\n<meta name=\"robots\" content=\"index, follow, max-snippet:-1, max-image-preview:large, max-video-preview:-1\" \/>\n<link rel=\"canonical\" href=\"https:\/\/infopba247.com.ar\/index.php\/2024\/06\/07\/el-municipio-fortalece-la-seguridad-en-meridiano-v-de-cara-a-la-apertura-del-paseo-de-compras\/\" \/>\n<meta property=\"og:locale\" content=\"es_ES\" \/>\n<meta property=\"og:type\" content=\"article\" \/>\n<meta property=\"og:title\" content=\"El Municipio fortalece la seguridad en Meridiano V de cara a la apertura del Paseo de Compras - InfoPBA247\" \/>\n<meta property=\"og:description\" content=\"Avanza la instalaci\u00f3n de un espacio de prevenci\u00f3n y monitoreo que funcionar\u00e1 de forma coordinada con el Ministerio de Seguridad\" \/>\n<meta property=\"og:url\" content=\"https:\/\/infopba247.com.ar\/index.php\/2024\/06\/07\/el-municipio-fortalece-la-seguridad-en-meridiano-v-de-cara-a-la-apertura-del-paseo-de-compras\/\" \/>\n<meta property=\"og:site_name\" content=\"InfoPBA247\" \/>\n<meta property=\"article:publisher\" content=\"https:\/\/www.facebook.com\/InfoPBA\" \/>\n<meta property=\"article:published_time\" content=\"2024-06-07T13:47:00+00:00\" \/>\n<meta property=\"article:modified_time\" content=\"2024-06-07T13:49:22+00:00\" \/>\n<meta property=\"og:image\" content=\"https:\/\/infopba247.com.ar\/wp-content\/uploads\/2024\/06\/unnamed-60-scaled.jpg\" \/>\n\t<meta property=\"og:image:width\" content=\"2560\" \/>\n\t<meta property=\"og:image:height\" content=\"1707\" \/>\n\t<meta property=\"og:image:type\" content=\"image\/jpeg\" \/>\n<meta name=\"author\" content=\"Editor\" \/>\n<meta name=\"twitter:card\" content=\"summary_large_image\" \/>\n<meta name=\"twitter:label1\" content=\"Escrito por\" \/>\n\t<meta name=\"twitter:data1\" content=\"Editor\" \/>\n\t<meta name=\"twitter:label2\" content=\"Tiempo de lectura\" \/>\n\t<meta name=\"twitter:data2\" content=\"2 minutos\" \/>\n<script type=\"application\/ld+json\" class=\"yoast-schema-graph\">{\"@context\":\"https:\\\/\\\/schema.org\",\"@graph\":[{\"@type\":\"Article\",\"@id\":\"https:\\\/\\\/infopba247.com.ar\\\/index.php\\\/2024\\\/06\\\/07\\\/el-municipio-fortalece-la-seguridad-en-meridiano-v-de-cara-a-la-apertura-del-paseo-de-compras\\\/#article\",\"isPartOf\":{\"@id\":\"https:\\\/\\\/infopba247.com.ar\\\/index.php\\\/2024\\\/06\\\/07\\\/el-municipio-fortalece-la-seguridad-en-meridiano-v-de-cara-a-la-apertura-del-paseo-de-compras\\\/\"},\"author\":{\"name\":\"Editor\",\"@id\":\"https:\\\/\\\/infopba247.com.ar\\\/#\\\/schema\\\/person\\\/4975f1343a413e57bf839b3eed0099f2\"},\"headline\":\"El Municipio fortalece la seguridad en Meridiano V de cara a la apertura del Paseo de Compras\",\"datePublished\":\"2024-06-07T13:47:00+00:00\",\"dateModified\":\"2024-06-07T13:49:22+00:00\",\"mainEntityOfPage\":{\"@id\":\"https:\\\/\\\/infopba247.com.ar\\\/index.php\\\/2024\\\/06\\\/07\\\/el-municipio-fortalece-la-seguridad-en-meridiano-v-de-cara-a-la-apertura-del-paseo-de-compras\\\/\"},\"wordCount\":380,\"publisher\":{\"@id\":\"https:\\\/\\\/infopba247.com.ar\\\/#organization\"},\"image\":{\"@id\":\"https:\\\/\\\/infopba247.com.ar\\\/index.php\\\/2024\\\/06\\\/07\\\/el-municipio-fortalece-la-seguridad-en-meridiano-v-de-cara-a-la-apertura-del-paseo-de-compras\\\/#primaryimage\"},\"thumbnailUrl\":\"https:\\\/\\\/infopba247.com.ar\\\/wp-content\\\/uploads\\\/2024\\\/06\\\/unnamed-60-scaled.jpg\",\"articleSection\":[\"8va Secci\u00f3n\",\"Destacadas\",\"Pol\u00edtica\"],\"inLanguage\":\"es\"},{\"@type\":\"WebPage\",\"@id\":\"https:\\\/\\\/infopba247.com.ar\\\/index.php\\\/2024\\\/06\\\/07\\\/el-municipio-fortalece-la-seguridad-en-meridiano-v-de-cara-a-la-apertura-del-paseo-de-compras\\\/\",\"url\":\"https:\\\/\\\/infopba247.com.ar\\\/index.php\\\/2024\\\/06\\\/07\\\/el-municipio-fortalece-la-seguridad-en-meridiano-v-de-cara-a-la-apertura-del-paseo-de-compras\\\/\",\"name\":\"El Municipio fortalece la seguridad en Meridiano V de cara a la apertura del Paseo de Compras - InfoPBA247\",\"isPartOf\":{\"@id\":\"https:\\\/\\\/infopba247.com.ar\\\/#website\"},\"primaryImageOfPage\":{\"@id\":\"https:\\\/\\\/infopba247.com.ar\\\/index.php\\\/2024\\\/06\\\/07\\\/el-municipio-fortalece-la-seguridad-en-meridiano-v-de-cara-a-la-apertura-del-paseo-de-compras\\\/#primaryimage\"},\"image\":{\"@id\":\"https:\\\/\\\/infopba247.com.ar\\\/index.php\\\/2024\\\/06\\\/07\\\/el-municipio-fortalece-la-seguridad-en-meridiano-v-de-cara-a-la-apertura-del-paseo-de-compras\\\/#primaryimage\"},\"thumbnailUrl\":\"https:\\\/\\\/infopba247.com.ar\\\/wp-content\\\/uploads\\\/2024\\\/06\\\/unnamed-60-scaled.jpg\",\"datePublished\":\"2024-06-07T13:47:00+00:00\",\"dateModified\":\"2024-06-07T13:49:22+00:00\",\"breadcrumb\":{\"@id\":\"https:\\\/\\\/infopba247.com.ar\\\/index.php\\\/2024\\\/06\\\/07\\\/el-municipio-fortalece-la-seguridad-en-meridiano-v-de-cara-a-la-apertura-del-paseo-de-compras\\\/#breadcrumb\"},\"inLanguage\":\"es\",\"potentialAction\":[{\"@type\":\"ReadAction\",\"target\":[\"https:\\\/\\\/infopba247.com.ar\\\/index.php\\\/2024\\\/06\\\/07\\\/el-municipio-fortalece-la-seguridad-en-meridiano-v-de-cara-a-la-apertura-del-paseo-de-compras\\\/\"]}]},{\"@type\":\"ImageObject\",\"inLanguage\":\"es\",\"@id\":\"https:\\\/\\\/infopba247.com.ar\\\/index.php\\\/2024\\\/06\\\/07\\\/el-municipio-fortalece-la-seguridad-en-meridiano-v-de-cara-a-la-apertura-del-paseo-de-compras\\\/#primaryimage\",\"url\":\"https:\\\/\\\/infopba247.com.ar\\\/wp-content\\\/uploads\\\/2024\\\/06\\\/unnamed-60-scaled.jpg\",\"contentUrl\":\"https:\\\/\\\/infopba247.com.ar\\\/wp-content\\\/uploads\\\/2024\\\/06\\\/unnamed-60-scaled.jpg\",\"width\":2560,\"height\":1707},{\"@type\":\"BreadcrumbList\",\"@id\":\"https:\\\/\\\/infopba247.com.ar\\\/index.php\\\/2024\\\/06\\\/07\\\/el-municipio-fortalece-la-seguridad-en-meridiano-v-de-cara-a-la-apertura-del-paseo-de-compras\\\/#breadcrumb\",\"itemListElement\":[{\"@type\":\"ListItem\",\"position\":1,\"name\":\"Portada\",\"item\":\"https:\\\/\\\/infopba247.com.ar\\\/\"},{\"@type\":\"ListItem\",\"position\":2,\"name\":\"El Municipio fortalece la seguridad en Meridiano V de cara a la apertura del Paseo de Compras\"}]},{\"@type\":\"WebSite\",\"@id\":\"https:\\\/\\\/infopba247.com.ar\\\/#website\",\"url\":\"https:\\\/\\\/infopba247.com.ar\\\/\",\"name\":\"InfoPBA247\",\"description\":\"Toda la actualidad bonaerense\",\"publisher\":{\"@id\":\"https:\\\/\\\/infopba247.com.ar\\\/#organization\"},\"potentialAction\":[{\"@type\":\"SearchAction\",\"target\":{\"@type\":\"EntryPoint\",\"urlTemplate\":\"https:\\\/\\\/infopba247.com.ar\\\/?s={search_term_string}\"},\"query-input\":{\"@type\":\"PropertyValueSpecification\",\"valueRequired\":true,\"valueName\":\"search_term_string\"}}],\"inLanguage\":\"es\"},{\"@type\":\"Organization\",\"@id\":\"https:\\\/\\\/infopba247.com.ar\\\/#organization\",\"name\":\"InfoPBA247\",\"url\":\"https:\\\/\\\/infopba247.com.ar\\\/\",\"logo\":{\"@type\":\"ImageObject\",\"inLanguage\":\"es\",\"@id\":\"https:\\\/\\\/infopba247.com.ar\\\/#\\\/schema\\\/logo\\\/image\\\/\",\"url\":\"https:\\\/\\\/infopba247.com.ar\\\/wp-content\\\/uploads\\\/2022\\\/03\\\/cropped-InfoPBA247-1.png\",\"contentUrl\":\"https:\\\/\\\/infopba247.com.ar\\\/wp-content\\\/uploads\\\/2022\\\/03\\\/cropped-InfoPBA247-1.png\",\"width\":500,\"height\":122,\"caption\":\"InfoPBA247\"},\"image\":{\"@id\":\"https:\\\/\\\/infopba247.com.ar\\\/#\\\/schema\\\/logo\\\/image\\\/\"},\"sameAs\":[\"https:\\\/\\\/www.facebook.com\\\/InfoPBA\"]},{\"@type\":\"Person\",\"@id\":\"https:\\\/\\\/infopba247.com.ar\\\/#\\\/schema\\\/person\\\/4975f1343a413e57bf839b3eed0099f2\",\"name\":\"Editor\",\"image\":{\"@type\":\"ImageObject\",\"inLanguage\":\"es\",\"@id\":\"https:\\\/\\\/secure.gravatar.com\\\/avatar\\\/d27fe9520667ca53441d36627a1d6b0fa4a813571ec4803687a7a3a7744685ac?s=96&d=mm&r=g\",\"url\":\"https:\\\/\\\/secure.gravatar.com\\\/avatar\\\/d27fe9520667ca53441d36627a1d6b0fa4a813571ec4803687a7a3a7744685ac?s=96&d=mm&r=g\",\"contentUrl\":\"https:\\\/\\\/secure.gravatar.com\\\/avatar\\\/d27fe9520667ca53441d36627a1d6b0fa4a813571ec4803687a7a3a7744685ac?s=96&d=mm&r=g\",\"caption\":\"Editor\"},\"url\":\"https:\\\/\\\/infopba247.com.ar\\\/index.php\\\/author\\\/editor\\\/\"}]}<\/script>\n<!-- \/ Yoast SEO plugin. -->","yoast_head_json":{"title":"El Municipio fortalece la seguridad en Meridiano V de cara a la apertura del Paseo de Compras - InfoPBA247","robots":{"index":"index","follow":"follow","max-snippet":"max-snippet:-1","max-image-preview":"max-image-preview:large","max-video-preview":"max-video-preview:-1"},"canonical":"https:\/\/infopba247.com.ar\/index.php\/2024\/06\/07\/el-municipio-fortalece-la-seguridad-en-meridiano-v-de-cara-a-la-apertura-del-paseo-de-compras\/","og_locale":"es_ES","og_type":"article","og_title":"El Municipio fortalece la seguridad en Meridiano V de cara a la apertura del Paseo de Compras - InfoPBA247","og_description":"Avanza la instalaci\u00f3n de un espacio de prevenci\u00f3n y monitoreo que funcionar\u00e1 de forma coordinada con el Ministerio de Seguridad","og_url":"https:\/\/infopba247.com.ar\/index.php\/2024\/06\/07\/el-municipio-fortalece-la-seguridad-en-meridiano-v-de-cara-a-la-apertura-del-paseo-de-compras\/","og_site_name":"InfoPBA247","article_publisher":"https:\/\/www.facebook.com\/InfoPBA","article_published_time":"2024-06-07T13:47:00+00:00","article_modified_time":"2024-06-07T13:49:22+00:00","og_image":[{"width":2560,"height":1707,"url":"https:\/\/infopba247.com.ar\/wp-content\/uploads\/2024\/06\/unnamed-60-scaled.jpg","type":"image\/jpeg"}],"author":"Editor","twitter_card":"summary_large_image","twitter_misc":{"Escrito por":"Editor","Tiempo de lectura":"2 minutos"},"schema":{"@context":"https:\/\/schema.org","@graph":[{"@type":"Article","@id":"https:\/\/infopba247.com.ar\/index.php\/2024\/06\/07\/el-municipio-fortalece-la-seguridad-en-meridiano-v-de-cara-a-la-apertura-del-paseo-de-compras\/#article","isPartOf":{"@id":"https:\/\/infopba247.com.ar\/index.php\/2024\/06\/07\/el-municipio-fortalece-la-seguridad-en-meridiano-v-de-cara-a-la-apertura-del-paseo-de-compras\/"},"author":{"name":"Editor","@id":"https:\/\/infopba247.com.ar\/#\/schema\/person\/4975f1343a413e57bf839b3eed0099f2"},"headline":"El Municipio fortalece la seguridad en Meridiano V de cara a la apertura del Paseo de Compras","datePublished":"2024-06-07T13:47:00+00:00","dateModified":"2024-06-07T13:49:22+00:00","mainEntityOfPage":{"@id":"https:\/\/infopba247.com.ar\/index.php\/2024\/06\/07\/el-municipio-fortalece-la-seguridad-en-meridiano-v-de-cara-a-la-apertura-del-paseo-de-compras\/"},"wordCount":380,"publisher":{"@id":"https:\/\/infopba247.com.ar\/#organization"},"image":{"@id":"https:\/\/infopba247.com.ar\/index.php\/2024\/06\/07\/el-municipio-fortalece-la-seguridad-en-meridiano-v-de-cara-a-la-apertura-del-paseo-de-compras\/#primaryimage"},"thumbnailUrl":"https:\/\/infopba247.com.ar\/wp-content\/uploads\/2024\/06\/unnamed-60-scaled.jpg","articleSection":["8va Secci\u00f3n","Destacadas","Pol\u00edtica"],"inLanguage":"es"},{"@type":"WebPage","@id":"https:\/\/infopba247.com.ar\/index.php\/2024\/06\/07\/el-municipio-fortalece-la-seguridad-en-meridiano-v-de-cara-a-la-apertura-del-paseo-de-compras\/","url":"https:\/\/infopba247.com.ar\/index.php\/2024\/06\/07\/el-municipio-fortalece-la-seguridad-en-meridiano-v-de-cara-a-la-apertura-del-paseo-de-compras\/","name":"El Municipio fortalece la seguridad en Meridiano V de cara a la apertura del Paseo de Compras - InfoPBA247","isPartOf":{"@id":"https:\/\/infopba247.com.ar\/#website"},"primaryImageOfPage":{"@id":"https:\/\/infopba247.com.ar\/index.php\/2024\/06\/07\/el-municipio-fortalece-la-seguridad-en-meridiano-v-de-cara-a-la-apertura-del-paseo-de-compras\/#primaryimage"},"image":{"@id":"https:\/\/infopba247.com.ar\/index.php\/2024\/06\/07\/el-municipio-fortalece-la-seguridad-en-meridiano-v-de-cara-a-la-apertura-del-paseo-de-compras\/#primaryimage"},"thumbnailUrl":"https:\/\/infopba247.com.ar\/wp-content\/uploads\/2024\/06\/unnamed-60-scaled.jpg","datePublished":"2024-06-07T13:47:00+00:00","dateModified":"2024-06-07T13:49:22+00:00","breadcrumb":{"@id":"https:\/\/infopba247.com.ar\/index.php\/2024\/06\/07\/el-municipio-fortalece-la-seguridad-en-meridiano-v-de-cara-a-la-apertura-del-paseo-de-compras\/#breadcrumb"},"inLanguage":"es","potentialAction":[{"@type":"ReadAction","target":["https:\/\/infopba247.com.ar\/index.php\/2024\/06\/07\/el-municipio-fortalece-la-seguridad-en-meridiano-v-de-cara-a-la-apertura-del-paseo-de-compras\/"]}]},{"@type":"ImageObject","inLanguage":"es","@id":"https:\/\/infopba247.com.ar\/index.php\/2024\/06\/07\/el-municipio-fortalece-la-seguridad-en-meridiano-v-de-cara-a-la-apertura-del-paseo-de-compras\/#primaryimage","url":"https:\/\/infopba247.com.ar\/wp-content\/uploads\/2024\/06\/unnamed-60-scaled.jpg","contentUrl":"https:\/\/infopba247.com.ar\/wp-content\/uploads\/2024\/06\/unnamed-60-scaled.jpg","width":2560,"height":1707},{"@type":"BreadcrumbList","@id":"https:\/\/infopba247.com.ar\/index.php\/2024\/06\/07\/el-municipio-fortalece-la-seguridad-en-meridiano-v-de-cara-a-la-apertura-del-paseo-de-compras\/#breadcrumb","itemListElement":[{"@type":"ListItem","position":1,"name":"Portada","item":"https:\/\/infopba247.com.ar\/"},{"@type":"ListItem","position":2,"name":"El Municipio fortalece la seguridad en Meridiano V de cara a la apertura del Paseo de Compras"}]},{"@type":"WebSite","@id":"https:\/\/infopba247.com.ar\/#website","url":"https:\/\/infopba247.com.ar\/","name":"InfoPBA247","description":"Toda la actualidad bonaerense","publisher":{"@id":"https:\/\/infopba247.com.ar\/#organization"},"potentialAction":[{"@type":"SearchAction","target":{"@type":"EntryPoint","urlTemplate":"https:\/\/infopba247.com.ar\/?s={search_term_string}"},"query-input":{"@type":"PropertyValueSpecification","valueRequired":true,"valueName":"search_term_string"}}],"inLanguage":"es"},{"@type":"Organization","@id":"https:\/\/infopba247.com.ar\/#organization","name":"InfoPBA247","url":"https:\/\/infopba247.com.ar\/","logo":{"@type":"ImageObject","inLanguage":"es","@id":"https:\/\/infopba247.com.ar\/#\/schema\/logo\/image\/","url":"https:\/\/infopba247.com.ar\/wp-content\/uploads\/2022\/03\/cropped-InfoPBA247-1.png","contentUrl":"https:\/\/infopba247.com.ar\/wp-content\/uploads\/2022\/03\/cropped-InfoPBA247-1.png","width":500,"height":122,"caption":"InfoPBA247"},"image":{"@id":"https:\/\/infopba247.com.ar\/#\/schema\/logo\/image\/"},"sameAs":["https:\/\/www.facebook.com\/InfoPBA"]},{"@type":"Person","@id":"https:\/\/infopba247.com.ar\/#\/schema\/person\/4975f1343a413e57bf839b3eed0099f2","name":"Editor","image":{"@type":"ImageObject","inLanguage":"es","@id":"https:\/\/secure.gravatar.com\/avatar\/d27fe9520667ca53441d36627a1d6b0fa4a813571ec4803687a7a3a7744685ac?s=96&d=mm&r=g","url":"https:\/\/secure.gravatar.com\/avatar\/d27fe9520667ca53441d36627a1d6b0fa4a813571ec4803687a7a3a7744685ac?s=96&d=mm&r=g","contentUrl":"https:\/\/secure.gravatar.com\/avatar\/d27fe9520667ca53441d36627a1d6b0fa4a813571ec4803687a7a3a7744685ac?s=96&d=mm&r=g","caption":"Editor"},"url":"https:\/\/infopba247.com.ar\/index.php\/author\/editor\/"}]}},"_links":{"self":[{"href":"https:\/\/infopba247.com.ar\/index.php\/wp-json\/wp\/v2\/posts\/4322","targetHints":{"allow":["GET"]}}],"collection":[{"href":"https:\/\/infopba247.com.ar\/index.php\/wp-json\/wp\/v2\/posts"}],"about":[{"href":"https:\/\/infopba247.com.ar\/index.php\/wp-json\/wp\/v2\/types\/post"}],"author":[{"embeddable":true,"href":"https:\/\/infopba247.com.ar\/index.php\/wp-json\/wp\/v2\/users\/3"}],"replies":[{"embeddable":true,"href":"https:\/\/infopba247.com.ar\/index.php\/wp-json\/wp\/v2\/comments?post=4322"}],"version-history":[{"count":1,"href":"https:\/\/infopba247.com.ar\/index.php\/wp-json\/wp\/v2\/posts\/4322\/revisions"}],"predecessor-version":[{"id":4323,"href":"https:\/\/infopba247.com.ar\/index.php\/wp-json\/wp\/v2\/posts\/4322\/revisions\/4323"}],"wp:featuredmedia":[{"embeddable":true,"href":"https:\/\/infopba247.com.ar\/index.php\/wp-json\/wp\/v2\/media\/4317"}],"wp:attachment":[{"href":"https:\/\/infopba247.com.ar\/index.php\/wp-json\/wp\/v2\/media?parent=4322"}],"wp:term":[{"taxonomy":"category","embeddable":true,"href":"https:\/\/infopba247.com.ar\/index.php\/wp-json\/wp\/v2\/categories?post=4322"},{"taxonomy":"post_tag","embeddable":true,"href":"https:\/\/infopba247.com.ar\/index.php\/wp-json\/wp\/v2\/tags?post=4322"}],"curies":[{"name":"wp","href":"https:\/\/api.w.org\/{rel}","templated":true}]}}