{"id":429,"date":"2022-06-29T12:07:14","date_gmt":"2022-06-29T12:07:14","guid":{"rendered":"https:\/\/infopba247.com.ar\/?p=429"},"modified":"2022-06-29T12:07:46","modified_gmt":"2022-06-29T12:07:46","slug":"murio-en-mar-del-plata-la-mujer-mas-longeva-de-latinoamerica","status":"publish","type":"post","link":"https:\/\/infopba247.com.ar\/index.php\/2022\/06\/29\/murio-en-mar-del-plata-la-mujer-mas-longeva-de-latinoamerica\/","title":{"rendered":"Muri\u00f3 en Mar del Plata la mujer m\u00e1s longeva de Latinoam\u00e9rica"},"content":{"rendered":"\n<p>Casilda hab\u00eda superado el coronavirus en 2020 en un hogar de Mar del Plata. \u00abYa no habr\u00e1 m\u00e1s mates ni tortas\u00bb, se lament\u00f3 su nieta en las redes sociales. A los 115 a\u00f1os, muri\u00f3 el \u00faltimo martes la mujer m\u00e1s longeva del pa\u00eds, quien viv\u00eda en el hogar de ancianos \u00abAbuela Coca\u00bb de Mar del Plata.<\/p>\n\n\n\n<p>Se trata de Casilda Benegas, nacida el 8 de abril de 1907 en Paraguay, nacionalizada argentina, quien a pesar de haber contra\u00eddo coronavirus en 2020 hab\u00eda sobrellevado la enfermedad sin s\u00edntomas ni necesidad de internaci\u00f3n.<\/p>\n\n\n\n<p>\u00abYa no habr\u00e1 mates ni tortas. Hasta ac\u00e1 llego mi abuela. Vivi\u00f3 sus 115 a\u00f1os divinamente que hasta su muerte fue as\u00ed\u00bb, escribi\u00f3 su nieta Irene en las redes sociales junto a un emoji que llora y dos fotos en las que posa junto a Casilda.<\/p>\n\n\n\n<p>\u00abSu edad estaba validada por el Grupo de Investigaci\u00f3n en Gerontolog\u00eda (GRG)\u00bb, aseguraron desde el sitio especializado Gerontology Wiki, y agregaron que era \u00abla primera supercentenaria validada nacida en Paraguay y tambi\u00e9n la persona validada de mayor edad en morir en Argentina\u00bb.<\/p>\n\n\n\n<p>\u00abFue la persona viva validada de mayor edad en Am\u00e9rica Latina desde la muerte de Antonia da Santa Cruz el 23 de enero de 2022 hasta su propia muerte cinco meses despu\u00e9s\u00bb, a\u00f1adieron.<\/p>\n\n\n\n<p>En el momento de su fallecimiento, era la cuarta persona viva validada de mayor edad en el mundo, detr\u00e1s de Lucile Randon, Tekla Juniewicz y Maria Branyas Morera, as\u00ed como la tercera emigrante viva validada de mayor edad en el mundo, detr\u00e1s de Tekla Juniewicz y Mar\u00eda Branias Morera.<\/p>\n\n\n\n<p>Casilda naci\u00f3 en el departamento de Itap\u00faa, se cas\u00f3 con un argentino y en 1945 se mudaron juntos al pa\u00eds, pasando por Jujuy, Corrientes y Chaco. Finalmente, se trasladaron a Mar del Plata, donde la mujer se desempe\u00f1\u00f3 como ama de casa y se dedic\u00f3 al cuidado de sus hijos y sus nietos.<\/p>\n","protected":false},"excerpt":{"rendered":"<p>Casilda hab\u00eda superado el coronavirus en 2020 en un hogar de Mar del Plata. \u00abYa no habr\u00e1 m\u00e1s mates ni<\/p>\n","protected":false},"author":3,"featured_media":430,"comment_status":"closed","ping_status":"closed","sticky":false,"template":"","format":"standard","meta":{"colormag_page_container_layout":"default_layout","colormag_page_sidebar_layout":"default_layout","footnotes":""},"categories":[16],"tags":[],"class_list":["post-429","post","type-post","status-publish","format-standard","has-post-thumbnail","hentry","category-interes-general"],"yoast_head":"<!-- This site is optimized with the Yoast SEO plugin v27.4 - https:\/\/yoast.com\/product\/yoast-seo-wordpress\/ -->\n<title>Muri\u00f3 en Mar del Plata la mujer m\u00e1s longeva de Latinoam\u00e9rica - InfoPBA247<\/title>\n<meta name=\"robots\" content=\"index, follow, max-snippet:-1, max-image-preview:large, max-video-preview:-1\" \/>\n<link rel=\"canonical\" href=\"https:\/\/infopba247.com.ar\/index.php\/2022\/06\/29\/murio-en-mar-del-plata-la-mujer-mas-longeva-de-latinoamerica\/\" \/>\n<meta property=\"og:locale\" content=\"es_ES\" \/>\n<meta property=\"og:type\" content=\"article\" \/>\n<meta property=\"og:title\" content=\"Muri\u00f3 en Mar del Plata la mujer m\u00e1s longeva de Latinoam\u00e9rica - InfoPBA247\" \/>\n<meta property=\"og:description\" content=\"Casilda hab\u00eda superado el coronavirus en 2020 en un hogar de Mar del Plata. \u00abYa no habr\u00e1 m\u00e1s mates ni\" \/>\n<meta property=\"og:url\" content=\"https:\/\/infopba247.com.ar\/index.php\/2022\/06\/29\/murio-en-mar-del-plata-la-mujer-mas-longeva-de-latinoamerica\/\" \/>\n<meta property=\"og:site_name\" content=\"InfoPBA247\" \/>\n<meta property=\"article:publisher\" content=\"https:\/\/www.facebook.com\/InfoPBA\" \/>\n<meta property=\"article:published_time\" content=\"2022-06-29T12:07:14+00:00\" \/>\n<meta property=\"article:modified_time\" content=\"2022-06-29T12:07:46+00:00\" \/>\n<meta property=\"og:image\" content=\"https:\/\/infopba247.com.ar\/wp-content\/uploads\/2022\/06\/FWV7H2UXkAIehYS.jpg\" \/>\n\t<meta property=\"og:image:width\" content=\"680\" \/>\n\t<meta property=\"og:image:height\" content=\"510\" \/>\n\t<meta property=\"og:image:type\" content=\"image\/jpeg\" \/>\n<meta name=\"author\" content=\"Editor\" \/>\n<meta name=\"twitter:card\" content=\"summary_large_image\" \/>\n<meta name=\"twitter:label1\" content=\"Escrito por\" \/>\n\t<meta name=\"twitter:data1\" content=\"Editor\" \/>\n\t<meta name=\"twitter:label2\" content=\"Tiempo de lectura\" \/>\n\t<meta name=\"twitter:data2\" content=\"2 minutos\" \/>\n<script type=\"application\/ld+json\" class=\"yoast-schema-graph\">{\"@context\":\"https:\\\/\\\/schema.org\",\"@graph\":[{\"@type\":\"Article\",\"@id\":\"https:\\\/\\\/infopba247.com.ar\\\/index.php\\\/2022\\\/06\\\/29\\\/murio-en-mar-del-plata-la-mujer-mas-longeva-de-latinoamerica\\\/#article\",\"isPartOf\":{\"@id\":\"https:\\\/\\\/infopba247.com.ar\\\/index.php\\\/2022\\\/06\\\/29\\\/murio-en-mar-del-plata-la-mujer-mas-longeva-de-latinoamerica\\\/\"},\"author\":{\"name\":\"Editor\",\"@id\":\"https:\\\/\\\/infopba247.com.ar\\\/#\\\/schema\\\/person\\\/4975f1343a413e57bf839b3eed0099f2\"},\"headline\":\"Muri\u00f3 en Mar del Plata la mujer m\u00e1s longeva de Latinoam\u00e9rica\",\"datePublished\":\"2022-06-29T12:07:14+00:00\",\"dateModified\":\"2022-06-29T12:07:46+00:00\",\"mainEntityOfPage\":{\"@id\":\"https:\\\/\\\/infopba247.com.ar\\\/index.php\\\/2022\\\/06\\\/29\\\/murio-en-mar-del-plata-la-mujer-mas-longeva-de-latinoamerica\\\/\"},\"wordCount\":340,\"publisher\":{\"@id\":\"https:\\\/\\\/infopba247.com.ar\\\/#organization\"},\"image\":{\"@id\":\"https:\\\/\\\/infopba247.com.ar\\\/index.php\\\/2022\\\/06\\\/29\\\/murio-en-mar-del-plata-la-mujer-mas-longeva-de-latinoamerica\\\/#primaryimage\"},\"thumbnailUrl\":\"https:\\\/\\\/infopba247.com.ar\\\/wp-content\\\/uploads\\\/2022\\\/06\\\/FWV7H2UXkAIehYS.jpg\",\"articleSection\":[\"Inter\u00e9s General\"],\"inLanguage\":\"es\"},{\"@type\":\"WebPage\",\"@id\":\"https:\\\/\\\/infopba247.com.ar\\\/index.php\\\/2022\\\/06\\\/29\\\/murio-en-mar-del-plata-la-mujer-mas-longeva-de-latinoamerica\\\/\",\"url\":\"https:\\\/\\\/infopba247.com.ar\\\/index.php\\\/2022\\\/06\\\/29\\\/murio-en-mar-del-plata-la-mujer-mas-longeva-de-latinoamerica\\\/\",\"name\":\"Muri\u00f3 en Mar del Plata la mujer m\u00e1s longeva de Latinoam\u00e9rica - InfoPBA247\",\"isPartOf\":{\"@id\":\"https:\\\/\\\/infopba247.com.ar\\\/#website\"},\"primaryImageOfPage\":{\"@id\":\"https:\\\/\\\/infopba247.com.ar\\\/index.php\\\/2022\\\/06\\\/29\\\/murio-en-mar-del-plata-la-mujer-mas-longeva-de-latinoamerica\\\/#primaryimage\"},\"image\":{\"@id\":\"https:\\\/\\\/infopba247.com.ar\\\/index.php\\\/2022\\\/06\\\/29\\\/murio-en-mar-del-plata-la-mujer-mas-longeva-de-latinoamerica\\\/#primaryimage\"},\"thumbnailUrl\":\"https:\\\/\\\/infopba247.com.ar\\\/wp-content\\\/uploads\\\/2022\\\/06\\\/FWV7H2UXkAIehYS.jpg\",\"datePublished\":\"2022-06-29T12:07:14+00:00\",\"dateModified\":\"2022-06-29T12:07:46+00:00\",\"breadcrumb\":{\"@id\":\"https:\\\/\\\/infopba247.com.ar\\\/index.php\\\/2022\\\/06\\\/29\\\/murio-en-mar-del-plata-la-mujer-mas-longeva-de-latinoamerica\\\/#breadcrumb\"},\"inLanguage\":\"es\",\"potentialAction\":[{\"@type\":\"ReadAction\",\"target\":[\"https:\\\/\\\/infopba247.com.ar\\\/index.php\\\/2022\\\/06\\\/29\\\/murio-en-mar-del-plata-la-mujer-mas-longeva-de-latinoamerica\\\/\"]}]},{\"@type\":\"ImageObject\",\"inLanguage\":\"es\",\"@id\":\"https:\\\/\\\/infopba247.com.ar\\\/index.php\\\/2022\\\/06\\\/29\\\/murio-en-mar-del-plata-la-mujer-mas-longeva-de-latinoamerica\\\/#primaryimage\",\"url\":\"https:\\\/\\\/infopba247.com.ar\\\/wp-content\\\/uploads\\\/2022\\\/06\\\/FWV7H2UXkAIehYS.jpg\",\"contentUrl\":\"https:\\\/\\\/infopba247.com.ar\\\/wp-content\\\/uploads\\\/2022\\\/06\\\/FWV7H2UXkAIehYS.jpg\",\"width\":680,\"height\":510},{\"@type\":\"BreadcrumbList\",\"@id\":\"https:\\\/\\\/infopba247.com.ar\\\/index.php\\\/2022\\\/06\\\/29\\\/murio-en-mar-del-plata-la-mujer-mas-longeva-de-latinoamerica\\\/#breadcrumb\",\"itemListElement\":[{\"@type\":\"ListItem\",\"position\":1,\"name\":\"Portada\",\"item\":\"https:\\\/\\\/infopba247.com.ar\\\/\"},{\"@type\":\"ListItem\",\"position\":2,\"name\":\"Muri\u00f3 en Mar del Plata la mujer m\u00e1s longeva de Latinoam\u00e9rica\"}]},{\"@type\":\"WebSite\",\"@id\":\"https:\\\/\\\/infopba247.com.ar\\\/#website\",\"url\":\"https:\\\/\\\/infopba247.com.ar\\\/\",\"name\":\"InfoPBA247\",\"description\":\"Toda la actualidad bonaerense\",\"publisher\":{\"@id\":\"https:\\\/\\\/infopba247.com.ar\\\/#organization\"},\"potentialAction\":[{\"@type\":\"SearchAction\",\"target\":{\"@type\":\"EntryPoint\",\"urlTemplate\":\"https:\\\/\\\/infopba247.com.ar\\\/?s={search_term_string}\"},\"query-input\":{\"@type\":\"PropertyValueSpecification\",\"valueRequired\":true,\"valueName\":\"search_term_string\"}}],\"inLanguage\":\"es\"},{\"@type\":\"Organization\",\"@id\":\"https:\\\/\\\/infopba247.com.ar\\\/#organization\",\"name\":\"InfoPBA247\",\"url\":\"https:\\\/\\\/infopba247.com.ar\\\/\",\"logo\":{\"@type\":\"ImageObject\",\"inLanguage\":\"es\",\"@id\":\"https:\\\/\\\/infopba247.com.ar\\\/#\\\/schema\\\/logo\\\/image\\\/\",\"url\":\"https:\\\/\\\/infopba247.com.ar\\\/wp-content\\\/uploads\\\/2022\\\/03\\\/cropped-InfoPBA247-1.png\",\"contentUrl\":\"https:\\\/\\\/infopba247.com.ar\\\/wp-content\\\/uploads\\\/2022\\\/03\\\/cropped-InfoPBA247-1.png\",\"width\":500,\"height\":122,\"caption\":\"InfoPBA247\"},\"image\":{\"@id\":\"https:\\\/\\\/infopba247.com.ar\\\/#\\\/schema\\\/logo\\\/image\\\/\"},\"sameAs\":[\"https:\\\/\\\/www.facebook.com\\\/InfoPBA\"]},{\"@type\":\"Person\",\"@id\":\"https:\\\/\\\/infopba247.com.ar\\\/#\\\/schema\\\/person\\\/4975f1343a413e57bf839b3eed0099f2\",\"name\":\"Editor\",\"image\":{\"@type\":\"ImageObject\",\"inLanguage\":\"es\",\"@id\":\"https:\\\/\\\/secure.gravatar.com\\\/avatar\\\/d27fe9520667ca53441d36627a1d6b0fa4a813571ec4803687a7a3a7744685ac?s=96&d=mm&r=g\",\"url\":\"https:\\\/\\\/secure.gravatar.com\\\/avatar\\\/d27fe9520667ca53441d36627a1d6b0fa4a813571ec4803687a7a3a7744685ac?s=96&d=mm&r=g\",\"contentUrl\":\"https:\\\/\\\/secure.gravatar.com\\\/avatar\\\/d27fe9520667ca53441d36627a1d6b0fa4a813571ec4803687a7a3a7744685ac?s=96&d=mm&r=g\",\"caption\":\"Editor\"},\"url\":\"https:\\\/\\\/infopba247.com.ar\\\/index.php\\\/author\\\/editor\\\/\"}]}<\/script>\n<!-- \/ Yoast SEO plugin. -->","yoast_head_json":{"title":"Muri\u00f3 en Mar del Plata la mujer m\u00e1s longeva de Latinoam\u00e9rica - InfoPBA247","robots":{"index":"index","follow":"follow","max-snippet":"max-snippet:-1","max-image-preview":"max-image-preview:large","max-video-preview":"max-video-preview:-1"},"canonical":"https:\/\/infopba247.com.ar\/index.php\/2022\/06\/29\/murio-en-mar-del-plata-la-mujer-mas-longeva-de-latinoamerica\/","og_locale":"es_ES","og_type":"article","og_title":"Muri\u00f3 en Mar del Plata la mujer m\u00e1s longeva de Latinoam\u00e9rica - InfoPBA247","og_description":"Casilda hab\u00eda superado el coronavirus en 2020 en un hogar de Mar del Plata. \u00abYa no habr\u00e1 m\u00e1s mates ni","og_url":"https:\/\/infopba247.com.ar\/index.php\/2022\/06\/29\/murio-en-mar-del-plata-la-mujer-mas-longeva-de-latinoamerica\/","og_site_name":"InfoPBA247","article_publisher":"https:\/\/www.facebook.com\/InfoPBA","article_published_time":"2022-06-29T12:07:14+00:00","article_modified_time":"2022-06-29T12:07:46+00:00","og_image":[{"width":680,"height":510,"url":"https:\/\/infopba247.com.ar\/wp-content\/uploads\/2022\/06\/FWV7H2UXkAIehYS.jpg","type":"image\/jpeg"}],"author":"Editor","twitter_card":"summary_large_image","twitter_misc":{"Escrito por":"Editor","Tiempo de lectura":"2 minutos"},"schema":{"@context":"https:\/\/schema.org","@graph":[{"@type":"Article","@id":"https:\/\/infopba247.com.ar\/index.php\/2022\/06\/29\/murio-en-mar-del-plata-la-mujer-mas-longeva-de-latinoamerica\/#article","isPartOf":{"@id":"https:\/\/infopba247.com.ar\/index.php\/2022\/06\/29\/murio-en-mar-del-plata-la-mujer-mas-longeva-de-latinoamerica\/"},"author":{"name":"Editor","@id":"https:\/\/infopba247.com.ar\/#\/schema\/person\/4975f1343a413e57bf839b3eed0099f2"},"headline":"Muri\u00f3 en Mar del Plata la mujer m\u00e1s longeva de Latinoam\u00e9rica","datePublished":"2022-06-29T12:07:14+00:00","dateModified":"2022-06-29T12:07:46+00:00","mainEntityOfPage":{"@id":"https:\/\/infopba247.com.ar\/index.php\/2022\/06\/29\/murio-en-mar-del-plata-la-mujer-mas-longeva-de-latinoamerica\/"},"wordCount":340,"publisher":{"@id":"https:\/\/infopba247.com.ar\/#organization"},"image":{"@id":"https:\/\/infopba247.com.ar\/index.php\/2022\/06\/29\/murio-en-mar-del-plata-la-mujer-mas-longeva-de-latinoamerica\/#primaryimage"},"thumbnailUrl":"https:\/\/infopba247.com.ar\/wp-content\/uploads\/2022\/06\/FWV7H2UXkAIehYS.jpg","articleSection":["Inter\u00e9s General"],"inLanguage":"es"},{"@type":"WebPage","@id":"https:\/\/infopba247.com.ar\/index.php\/2022\/06\/29\/murio-en-mar-del-plata-la-mujer-mas-longeva-de-latinoamerica\/","url":"https:\/\/infopba247.com.ar\/index.php\/2022\/06\/29\/murio-en-mar-del-plata-la-mujer-mas-longeva-de-latinoamerica\/","name":"Muri\u00f3 en Mar del Plata la mujer m\u00e1s longeva de Latinoam\u00e9rica - InfoPBA247","isPartOf":{"@id":"https:\/\/infopba247.com.ar\/#website"},"primaryImageOfPage":{"@id":"https:\/\/infopba247.com.ar\/index.php\/2022\/06\/29\/murio-en-mar-del-plata-la-mujer-mas-longeva-de-latinoamerica\/#primaryimage"},"image":{"@id":"https:\/\/infopba247.com.ar\/index.php\/2022\/06\/29\/murio-en-mar-del-plata-la-mujer-mas-longeva-de-latinoamerica\/#primaryimage"},"thumbnailUrl":"https:\/\/infopba247.com.ar\/wp-content\/uploads\/2022\/06\/FWV7H2UXkAIehYS.jpg","datePublished":"2022-06-29T12:07:14+00:00","dateModified":"2022-06-29T12:07:46+00:00","breadcrumb":{"@id":"https:\/\/infopba247.com.ar\/index.php\/2022\/06\/29\/murio-en-mar-del-plata-la-mujer-mas-longeva-de-latinoamerica\/#breadcrumb"},"inLanguage":"es","potentialAction":[{"@type":"ReadAction","target":["https:\/\/infopba247.com.ar\/index.php\/2022\/06\/29\/murio-en-mar-del-plata-la-mujer-mas-longeva-de-latinoamerica\/"]}]},{"@type":"ImageObject","inLanguage":"es","@id":"https:\/\/infopba247.com.ar\/index.php\/2022\/06\/29\/murio-en-mar-del-plata-la-mujer-mas-longeva-de-latinoamerica\/#primaryimage","url":"https:\/\/infopba247.com.ar\/wp-content\/uploads\/2022\/06\/FWV7H2UXkAIehYS.jpg","contentUrl":"https:\/\/infopba247.com.ar\/wp-content\/uploads\/2022\/06\/FWV7H2UXkAIehYS.jpg","width":680,"height":510},{"@type":"BreadcrumbList","@id":"https:\/\/infopba247.com.ar\/index.php\/2022\/06\/29\/murio-en-mar-del-plata-la-mujer-mas-longeva-de-latinoamerica\/#breadcrumb","itemListElement":[{"@type":"ListItem","position":1,"name":"Portada","item":"https:\/\/infopba247.com.ar\/"},{"@type":"ListItem","position":2,"name":"Muri\u00f3 en Mar del Plata la mujer m\u00e1s longeva de Latinoam\u00e9rica"}]},{"@type":"WebSite","@id":"https:\/\/infopba247.com.ar\/#website","url":"https:\/\/infopba247.com.ar\/","name":"InfoPBA247","description":"Toda la actualidad bonaerense","publisher":{"@id":"https:\/\/infopba247.com.ar\/#organization"},"potentialAction":[{"@type":"SearchAction","target":{"@type":"EntryPoint","urlTemplate":"https:\/\/infopba247.com.ar\/?s={search_term_string}"},"query-input":{"@type":"PropertyValueSpecification","valueRequired":true,"valueName":"search_term_string"}}],"inLanguage":"es"},{"@type":"Organization","@id":"https:\/\/infopba247.com.ar\/#organization","name":"InfoPBA247","url":"https:\/\/infopba247.com.ar\/","logo":{"@type":"ImageObject","inLanguage":"es","@id":"https:\/\/infopba247.com.ar\/#\/schema\/logo\/image\/","url":"https:\/\/infopba247.com.ar\/wp-content\/uploads\/2022\/03\/cropped-InfoPBA247-1.png","contentUrl":"https:\/\/infopba247.com.ar\/wp-content\/uploads\/2022\/03\/cropped-InfoPBA247-1.png","width":500,"height":122,"caption":"InfoPBA247"},"image":{"@id":"https:\/\/infopba247.com.ar\/#\/schema\/logo\/image\/"},"sameAs":["https:\/\/www.facebook.com\/InfoPBA"]},{"@type":"Person","@id":"https:\/\/infopba247.com.ar\/#\/schema\/person\/4975f1343a413e57bf839b3eed0099f2","name":"Editor","image":{"@type":"ImageObject","inLanguage":"es","@id":"https:\/\/secure.gravatar.com\/avatar\/d27fe9520667ca53441d36627a1d6b0fa4a813571ec4803687a7a3a7744685ac?s=96&d=mm&r=g","url":"https:\/\/secure.gravatar.com\/avatar\/d27fe9520667ca53441d36627a1d6b0fa4a813571ec4803687a7a3a7744685ac?s=96&d=mm&r=g","contentUrl":"https:\/\/secure.gravatar.com\/avatar\/d27fe9520667ca53441d36627a1d6b0fa4a813571ec4803687a7a3a7744685ac?s=96&d=mm&r=g","caption":"Editor"},"url":"https:\/\/infopba247.com.ar\/index.php\/author\/editor\/"}]}},"_links":{"self":[{"href":"https:\/\/infopba247.com.ar\/index.php\/wp-json\/wp\/v2\/posts\/429","targetHints":{"allow":["GET"]}}],"collection":[{"href":"https:\/\/infopba247.com.ar\/index.php\/wp-json\/wp\/v2\/posts"}],"about":[{"href":"https:\/\/infopba247.com.ar\/index.php\/wp-json\/wp\/v2\/types\/post"}],"author":[{"embeddable":true,"href":"https:\/\/infopba247.com.ar\/index.php\/wp-json\/wp\/v2\/users\/3"}],"replies":[{"embeddable":true,"href":"https:\/\/infopba247.com.ar\/index.php\/wp-json\/wp\/v2\/comments?post=429"}],"version-history":[{"count":1,"href":"https:\/\/infopba247.com.ar\/index.php\/wp-json\/wp\/v2\/posts\/429\/revisions"}],"predecessor-version":[{"id":431,"href":"https:\/\/infopba247.com.ar\/index.php\/wp-json\/wp\/v2\/posts\/429\/revisions\/431"}],"wp:featuredmedia":[{"embeddable":true,"href":"https:\/\/infopba247.com.ar\/index.php\/wp-json\/wp\/v2\/media\/430"}],"wp:attachment":[{"href":"https:\/\/infopba247.com.ar\/index.php\/wp-json\/wp\/v2\/media?parent=429"}],"wp:term":[{"taxonomy":"category","embeddable":true,"href":"https:\/\/infopba247.com.ar\/index.php\/wp-json\/wp\/v2\/categories?post=429"},{"taxonomy":"post_tag","embeddable":true,"href":"https:\/\/infopba247.com.ar\/index.php\/wp-json\/wp\/v2\/tags?post=429"}],"curies":[{"name":"wp","href":"https:\/\/api.w.org\/{rel}","templated":true}]}}