{"id":4241,"date":"2024-05-30T11:13:24","date_gmt":"2024-05-30T14:13:24","guid":{"rendered":"https:\/\/infopba247.com.ar\/?p=4241"},"modified":"2024-05-30T11:13:24","modified_gmt":"2024-05-30T14:13:24","slug":"jornada-de-memoria-en-conmemoracion-a-johana-ramallo","status":"publish","type":"post","link":"https:\/\/infopba247.com.ar\/index.php\/2024\/05\/30\/jornada-de-memoria-en-conmemoracion-a-johana-ramallo\/","title":{"rendered":"Jornada de Memoria en conmemoraci\u00f3n a Johana Ramallo"},"content":{"rendered":"\n<p><\/p>\n\n\n\n<p>La Direcci\u00f3n de Mujer, G\u00e9nero y Diversidad de la Municipalidad de Berisso, a trav\u00e9s del Ministerio de las Mujeres y Diversidades, llev\u00f3 a cabo, en la Plaza Malvinas del Barrio Banco Provincia, una jornada de Memoria en conmemoraci\u00f3n a Johana Ramallo.<\/p>\n\n\n\n<p>Dicha actividad, organizada por el Programa \u201cMariposas\u201d, que tiene como objetivo, promover pol\u00edticas culturales y de memoria para la reparaci\u00f3n de los efectos o consecuencias que producen en las comunidades o familias, los femicidios, travesticidios, transfemicidios y cr\u00edmenes de odio, cont\u00f3 con la presencia de la secretaria de Desarrollo Social Victoria Curutchet, en representaci\u00f3n del Intendente Fabian Cagliardi; las directoras de G\u00e9nero Marina Pe\u00f1alba y de Derechos Humanos, Mara Gonz\u00e1lez.<\/p>\n\n\n\n<p>Adem\u00e1s, tambi\u00e9n participaron la subsecretaria de Pol\u00edticas contras las Violencias por Razones de G\u00e9nero, Laurana Malacalza; la directora de Investigaci\u00f3n, Planificaci\u00f3n y Gesti\u00f3n de Pol\u00edticas P\u00fablicas contra las Violencias, Adriana Vicente, la directora de Pol\u00edticas, Prevenci\u00f3n Interinstitucional y con Organizaciones Sociales, Noelia Vinic; entre otras funcionarias.<\/p>\n\n\n\n<p>Tambi\u00e9n, acompa\u00f1aron familiares y allegados de Johana, como as\u00ed tambi\u00e9n familiares de Nadia Ferraresi; Sandra Gamboa; Marisol Gunter, y de Nicole Ruiz, v\u00edctimas de femicidios.<\/p>\n\n\n\n<p>Cabe mencionar que, hoy, 27 de mayo, se cumple un nuevo aniversario de la compatibilidad gen\u00e9tica de los restos hallados en Palo Blanco de Johana Ramallo. Asimismo, durante la jornada se llev\u00f3 a cabo la inauguraci\u00f3n del Banco Rojo, el cual tendr\u00e1 la intervenci\u00f3n del poema \u201cMariposas\u201d, escrito por Flavia Delmas.<\/p>\n\n\n\n<p>Posteriormente, los presentes se dirigieron a 177 y 32, donde esta emplazada la se\u00f1alizaci\u00f3n de Johana Ramallo, para luego, efectuar la tirada de p\u00e9talos.<\/p>\n","protected":false},"excerpt":{"rendered":"<p>La Direcci\u00f3n de Mujer, G\u00e9nero y Diversidad de la Municipalidad de Berisso, a trav\u00e9s del Ministerio de las Mujeres y<\/p>\n","protected":false},"author":3,"featured_media":4243,"comment_status":"closed","ping_status":"closed","sticky":false,"template":"","format":"standard","meta":{"colormag_page_container_layout":"default_layout","colormag_page_sidebar_layout":"default_layout","footnotes":""},"categories":[7],"tags":[],"class_list":["post-4241","post","type-post","status-publish","format-standard","has-post-thumbnail","hentry","category-3ra-seccion"],"yoast_head":"<!-- This site is optimized with the Yoast SEO plugin v27.5 - https:\/\/yoast.com\/product\/yoast-seo-wordpress\/ -->\n<title>Jornada de Memoria en conmemoraci\u00f3n a Johana Ramallo - InfoPBA247<\/title>\n<meta name=\"robots\" content=\"index, follow, max-snippet:-1, max-image-preview:large, max-video-preview:-1\" \/>\n<link rel=\"canonical\" href=\"https:\/\/infopba247.com.ar\/index.php\/2024\/05\/30\/jornada-de-memoria-en-conmemoracion-a-johana-ramallo\/\" \/>\n<meta property=\"og:locale\" content=\"es_ES\" \/>\n<meta property=\"og:type\" content=\"article\" \/>\n<meta property=\"og:title\" content=\"Jornada de Memoria en conmemoraci\u00f3n a Johana Ramallo - InfoPBA247\" \/>\n<meta property=\"og:description\" content=\"La Direcci\u00f3n de Mujer, G\u00e9nero y Diversidad de la Municipalidad de Berisso, a trav\u00e9s del Ministerio de las Mujeres y\" \/>\n<meta property=\"og:url\" content=\"https:\/\/infopba247.com.ar\/index.php\/2024\/05\/30\/jornada-de-memoria-en-conmemoracion-a-johana-ramallo\/\" \/>\n<meta property=\"og:site_name\" content=\"InfoPBA247\" \/>\n<meta property=\"article:publisher\" content=\"https:\/\/www.facebook.com\/InfoPBA\" \/>\n<meta property=\"article:published_time\" content=\"2024-05-30T14:13:24+00:00\" \/>\n<meta property=\"og:image\" content=\"https:\/\/infopba247.com.ar\/wp-content\/uploads\/2024\/05\/005-1.jpg\" \/>\n\t<meta property=\"og:image:width\" content=\"800\" \/>\n\t<meta property=\"og:image:height\" content=\"600\" \/>\n\t<meta property=\"og:image:type\" content=\"image\/jpeg\" \/>\n<meta name=\"author\" content=\"Editor\" \/>\n<meta name=\"twitter:card\" content=\"summary_large_image\" \/>\n<meta name=\"twitter:label1\" content=\"Escrito por\" \/>\n\t<meta name=\"twitter:data1\" content=\"Editor\" \/>\n\t<meta name=\"twitter:label2\" content=\"Tiempo de lectura\" \/>\n\t<meta name=\"twitter:data2\" content=\"2 minutos\" \/>\n<script type=\"application\/ld+json\" class=\"yoast-schema-graph\">{\"@context\":\"https:\\\/\\\/schema.org\",\"@graph\":[{\"@type\":\"Article\",\"@id\":\"https:\\\/\\\/infopba247.com.ar\\\/index.php\\\/2024\\\/05\\\/30\\\/jornada-de-memoria-en-conmemoracion-a-johana-ramallo\\\/#article\",\"isPartOf\":{\"@id\":\"https:\\\/\\\/infopba247.com.ar\\\/index.php\\\/2024\\\/05\\\/30\\\/jornada-de-memoria-en-conmemoracion-a-johana-ramallo\\\/\"},\"author\":{\"name\":\"Editor\",\"@id\":\"https:\\\/\\\/infopba247.com.ar\\\/#\\\/schema\\\/person\\\/4975f1343a413e57bf839b3eed0099f2\"},\"headline\":\"Jornada de Memoria en conmemoraci\u00f3n a Johana Ramallo\",\"datePublished\":\"2024-05-30T14:13:24+00:00\",\"mainEntityOfPage\":{\"@id\":\"https:\\\/\\\/infopba247.com.ar\\\/index.php\\\/2024\\\/05\\\/30\\\/jornada-de-memoria-en-conmemoracion-a-johana-ramallo\\\/\"},\"wordCount\":295,\"publisher\":{\"@id\":\"https:\\\/\\\/infopba247.com.ar\\\/#organization\"},\"image\":{\"@id\":\"https:\\\/\\\/infopba247.com.ar\\\/index.php\\\/2024\\\/05\\\/30\\\/jornada-de-memoria-en-conmemoracion-a-johana-ramallo\\\/#primaryimage\"},\"thumbnailUrl\":\"https:\\\/\\\/infopba247.com.ar\\\/wp-content\\\/uploads\\\/2024\\\/05\\\/005-1.jpg\",\"articleSection\":[\"3ra Secci\u00f3n\"],\"inLanguage\":\"es\"},{\"@type\":\"WebPage\",\"@id\":\"https:\\\/\\\/infopba247.com.ar\\\/index.php\\\/2024\\\/05\\\/30\\\/jornada-de-memoria-en-conmemoracion-a-johana-ramallo\\\/\",\"url\":\"https:\\\/\\\/infopba247.com.ar\\\/index.php\\\/2024\\\/05\\\/30\\\/jornada-de-memoria-en-conmemoracion-a-johana-ramallo\\\/\",\"name\":\"Jornada de Memoria en conmemoraci\u00f3n a Johana Ramallo - InfoPBA247\",\"isPartOf\":{\"@id\":\"https:\\\/\\\/infopba247.com.ar\\\/#website\"},\"primaryImageOfPage\":{\"@id\":\"https:\\\/\\\/infopba247.com.ar\\\/index.php\\\/2024\\\/05\\\/30\\\/jornada-de-memoria-en-conmemoracion-a-johana-ramallo\\\/#primaryimage\"},\"image\":{\"@id\":\"https:\\\/\\\/infopba247.com.ar\\\/index.php\\\/2024\\\/05\\\/30\\\/jornada-de-memoria-en-conmemoracion-a-johana-ramallo\\\/#primaryimage\"},\"thumbnailUrl\":\"https:\\\/\\\/infopba247.com.ar\\\/wp-content\\\/uploads\\\/2024\\\/05\\\/005-1.jpg\",\"datePublished\":\"2024-05-30T14:13:24+00:00\",\"breadcrumb\":{\"@id\":\"https:\\\/\\\/infopba247.com.ar\\\/index.php\\\/2024\\\/05\\\/30\\\/jornada-de-memoria-en-conmemoracion-a-johana-ramallo\\\/#breadcrumb\"},\"inLanguage\":\"es\",\"potentialAction\":[{\"@type\":\"ReadAction\",\"target\":[\"https:\\\/\\\/infopba247.com.ar\\\/index.php\\\/2024\\\/05\\\/30\\\/jornada-de-memoria-en-conmemoracion-a-johana-ramallo\\\/\"]}]},{\"@type\":\"ImageObject\",\"inLanguage\":\"es\",\"@id\":\"https:\\\/\\\/infopba247.com.ar\\\/index.php\\\/2024\\\/05\\\/30\\\/jornada-de-memoria-en-conmemoracion-a-johana-ramallo\\\/#primaryimage\",\"url\":\"https:\\\/\\\/infopba247.com.ar\\\/wp-content\\\/uploads\\\/2024\\\/05\\\/005-1.jpg\",\"contentUrl\":\"https:\\\/\\\/infopba247.com.ar\\\/wp-content\\\/uploads\\\/2024\\\/05\\\/005-1.jpg\",\"width\":800,\"height\":600},{\"@type\":\"BreadcrumbList\",\"@id\":\"https:\\\/\\\/infopba247.com.ar\\\/index.php\\\/2024\\\/05\\\/30\\\/jornada-de-memoria-en-conmemoracion-a-johana-ramallo\\\/#breadcrumb\",\"itemListElement\":[{\"@type\":\"ListItem\",\"position\":1,\"name\":\"Portada\",\"item\":\"https:\\\/\\\/infopba247.com.ar\\\/\"},{\"@type\":\"ListItem\",\"position\":2,\"name\":\"Jornada de Memoria en conmemoraci\u00f3n a Johana Ramallo\"}]},{\"@type\":\"WebSite\",\"@id\":\"https:\\\/\\\/infopba247.com.ar\\\/#website\",\"url\":\"https:\\\/\\\/infopba247.com.ar\\\/\",\"name\":\"InfoPBA247\",\"description\":\"Toda la actualidad bonaerense\",\"publisher\":{\"@id\":\"https:\\\/\\\/infopba247.com.ar\\\/#organization\"},\"potentialAction\":[{\"@type\":\"SearchAction\",\"target\":{\"@type\":\"EntryPoint\",\"urlTemplate\":\"https:\\\/\\\/infopba247.com.ar\\\/?s={search_term_string}\"},\"query-input\":{\"@type\":\"PropertyValueSpecification\",\"valueRequired\":true,\"valueName\":\"search_term_string\"}}],\"inLanguage\":\"es\"},{\"@type\":\"Organization\",\"@id\":\"https:\\\/\\\/infopba247.com.ar\\\/#organization\",\"name\":\"InfoPBA247\",\"url\":\"https:\\\/\\\/infopba247.com.ar\\\/\",\"logo\":{\"@type\":\"ImageObject\",\"inLanguage\":\"es\",\"@id\":\"https:\\\/\\\/infopba247.com.ar\\\/#\\\/schema\\\/logo\\\/image\\\/\",\"url\":\"https:\\\/\\\/infopba247.com.ar\\\/wp-content\\\/uploads\\\/2022\\\/03\\\/cropped-InfoPBA247-1.png\",\"contentUrl\":\"https:\\\/\\\/infopba247.com.ar\\\/wp-content\\\/uploads\\\/2022\\\/03\\\/cropped-InfoPBA247-1.png\",\"width\":500,\"height\":122,\"caption\":\"InfoPBA247\"},\"image\":{\"@id\":\"https:\\\/\\\/infopba247.com.ar\\\/#\\\/schema\\\/logo\\\/image\\\/\"},\"sameAs\":[\"https:\\\/\\\/www.facebook.com\\\/InfoPBA\"]},{\"@type\":\"Person\",\"@id\":\"https:\\\/\\\/infopba247.com.ar\\\/#\\\/schema\\\/person\\\/4975f1343a413e57bf839b3eed0099f2\",\"name\":\"Editor\",\"image\":{\"@type\":\"ImageObject\",\"inLanguage\":\"es\",\"@id\":\"https:\\\/\\\/secure.gravatar.com\\\/avatar\\\/d27fe9520667ca53441d36627a1d6b0fa4a813571ec4803687a7a3a7744685ac?s=96&d=mm&r=g\",\"url\":\"https:\\\/\\\/secure.gravatar.com\\\/avatar\\\/d27fe9520667ca53441d36627a1d6b0fa4a813571ec4803687a7a3a7744685ac?s=96&d=mm&r=g\",\"contentUrl\":\"https:\\\/\\\/secure.gravatar.com\\\/avatar\\\/d27fe9520667ca53441d36627a1d6b0fa4a813571ec4803687a7a3a7744685ac?s=96&d=mm&r=g\",\"caption\":\"Editor\"},\"url\":\"https:\\\/\\\/infopba247.com.ar\\\/index.php\\\/author\\\/editor\\\/\"}]}<\/script>\n<!-- \/ Yoast SEO plugin. -->","yoast_head_json":{"title":"Jornada de Memoria en conmemoraci\u00f3n a Johana Ramallo - InfoPBA247","robots":{"index":"index","follow":"follow","max-snippet":"max-snippet:-1","max-image-preview":"max-image-preview:large","max-video-preview":"max-video-preview:-1"},"canonical":"https:\/\/infopba247.com.ar\/index.php\/2024\/05\/30\/jornada-de-memoria-en-conmemoracion-a-johana-ramallo\/","og_locale":"es_ES","og_type":"article","og_title":"Jornada de Memoria en conmemoraci\u00f3n a Johana Ramallo - InfoPBA247","og_description":"La Direcci\u00f3n de Mujer, G\u00e9nero y Diversidad de la Municipalidad de Berisso, a trav\u00e9s del Ministerio de las Mujeres y","og_url":"https:\/\/infopba247.com.ar\/index.php\/2024\/05\/30\/jornada-de-memoria-en-conmemoracion-a-johana-ramallo\/","og_site_name":"InfoPBA247","article_publisher":"https:\/\/www.facebook.com\/InfoPBA","article_published_time":"2024-05-30T14:13:24+00:00","og_image":[{"width":800,"height":600,"url":"https:\/\/infopba247.com.ar\/wp-content\/uploads\/2024\/05\/005-1.jpg","type":"image\/jpeg"}],"author":"Editor","twitter_card":"summary_large_image","twitter_misc":{"Escrito por":"Editor","Tiempo de lectura":"2 minutos"},"schema":{"@context":"https:\/\/schema.org","@graph":[{"@type":"Article","@id":"https:\/\/infopba247.com.ar\/index.php\/2024\/05\/30\/jornada-de-memoria-en-conmemoracion-a-johana-ramallo\/#article","isPartOf":{"@id":"https:\/\/infopba247.com.ar\/index.php\/2024\/05\/30\/jornada-de-memoria-en-conmemoracion-a-johana-ramallo\/"},"author":{"name":"Editor","@id":"https:\/\/infopba247.com.ar\/#\/schema\/person\/4975f1343a413e57bf839b3eed0099f2"},"headline":"Jornada de Memoria en conmemoraci\u00f3n a Johana Ramallo","datePublished":"2024-05-30T14:13:24+00:00","mainEntityOfPage":{"@id":"https:\/\/infopba247.com.ar\/index.php\/2024\/05\/30\/jornada-de-memoria-en-conmemoracion-a-johana-ramallo\/"},"wordCount":295,"publisher":{"@id":"https:\/\/infopba247.com.ar\/#organization"},"image":{"@id":"https:\/\/infopba247.com.ar\/index.php\/2024\/05\/30\/jornada-de-memoria-en-conmemoracion-a-johana-ramallo\/#primaryimage"},"thumbnailUrl":"https:\/\/infopba247.com.ar\/wp-content\/uploads\/2024\/05\/005-1.jpg","articleSection":["3ra Secci\u00f3n"],"inLanguage":"es"},{"@type":"WebPage","@id":"https:\/\/infopba247.com.ar\/index.php\/2024\/05\/30\/jornada-de-memoria-en-conmemoracion-a-johana-ramallo\/","url":"https:\/\/infopba247.com.ar\/index.php\/2024\/05\/30\/jornada-de-memoria-en-conmemoracion-a-johana-ramallo\/","name":"Jornada de Memoria en conmemoraci\u00f3n a Johana Ramallo - InfoPBA247","isPartOf":{"@id":"https:\/\/infopba247.com.ar\/#website"},"primaryImageOfPage":{"@id":"https:\/\/infopba247.com.ar\/index.php\/2024\/05\/30\/jornada-de-memoria-en-conmemoracion-a-johana-ramallo\/#primaryimage"},"image":{"@id":"https:\/\/infopba247.com.ar\/index.php\/2024\/05\/30\/jornada-de-memoria-en-conmemoracion-a-johana-ramallo\/#primaryimage"},"thumbnailUrl":"https:\/\/infopba247.com.ar\/wp-content\/uploads\/2024\/05\/005-1.jpg","datePublished":"2024-05-30T14:13:24+00:00","breadcrumb":{"@id":"https:\/\/infopba247.com.ar\/index.php\/2024\/05\/30\/jornada-de-memoria-en-conmemoracion-a-johana-ramallo\/#breadcrumb"},"inLanguage":"es","potentialAction":[{"@type":"ReadAction","target":["https:\/\/infopba247.com.ar\/index.php\/2024\/05\/30\/jornada-de-memoria-en-conmemoracion-a-johana-ramallo\/"]}]},{"@type":"ImageObject","inLanguage":"es","@id":"https:\/\/infopba247.com.ar\/index.php\/2024\/05\/30\/jornada-de-memoria-en-conmemoracion-a-johana-ramallo\/#primaryimage","url":"https:\/\/infopba247.com.ar\/wp-content\/uploads\/2024\/05\/005-1.jpg","contentUrl":"https:\/\/infopba247.com.ar\/wp-content\/uploads\/2024\/05\/005-1.jpg","width":800,"height":600},{"@type":"BreadcrumbList","@id":"https:\/\/infopba247.com.ar\/index.php\/2024\/05\/30\/jornada-de-memoria-en-conmemoracion-a-johana-ramallo\/#breadcrumb","itemListElement":[{"@type":"ListItem","position":1,"name":"Portada","item":"https:\/\/infopba247.com.ar\/"},{"@type":"ListItem","position":2,"name":"Jornada de Memoria en conmemoraci\u00f3n a Johana Ramallo"}]},{"@type":"WebSite","@id":"https:\/\/infopba247.com.ar\/#website","url":"https:\/\/infopba247.com.ar\/","name":"InfoPBA247","description":"Toda la actualidad bonaerense","publisher":{"@id":"https:\/\/infopba247.com.ar\/#organization"},"potentialAction":[{"@type":"SearchAction","target":{"@type":"EntryPoint","urlTemplate":"https:\/\/infopba247.com.ar\/?s={search_term_string}"},"query-input":{"@type":"PropertyValueSpecification","valueRequired":true,"valueName":"search_term_string"}}],"inLanguage":"es"},{"@type":"Organization","@id":"https:\/\/infopba247.com.ar\/#organization","name":"InfoPBA247","url":"https:\/\/infopba247.com.ar\/","logo":{"@type":"ImageObject","inLanguage":"es","@id":"https:\/\/infopba247.com.ar\/#\/schema\/logo\/image\/","url":"https:\/\/infopba247.com.ar\/wp-content\/uploads\/2022\/03\/cropped-InfoPBA247-1.png","contentUrl":"https:\/\/infopba247.com.ar\/wp-content\/uploads\/2022\/03\/cropped-InfoPBA247-1.png","width":500,"height":122,"caption":"InfoPBA247"},"image":{"@id":"https:\/\/infopba247.com.ar\/#\/schema\/logo\/image\/"},"sameAs":["https:\/\/www.facebook.com\/InfoPBA"]},{"@type":"Person","@id":"https:\/\/infopba247.com.ar\/#\/schema\/person\/4975f1343a413e57bf839b3eed0099f2","name":"Editor","image":{"@type":"ImageObject","inLanguage":"es","@id":"https:\/\/secure.gravatar.com\/avatar\/d27fe9520667ca53441d36627a1d6b0fa4a813571ec4803687a7a3a7744685ac?s=96&d=mm&r=g","url":"https:\/\/secure.gravatar.com\/avatar\/d27fe9520667ca53441d36627a1d6b0fa4a813571ec4803687a7a3a7744685ac?s=96&d=mm&r=g","contentUrl":"https:\/\/secure.gravatar.com\/avatar\/d27fe9520667ca53441d36627a1d6b0fa4a813571ec4803687a7a3a7744685ac?s=96&d=mm&r=g","caption":"Editor"},"url":"https:\/\/infopba247.com.ar\/index.php\/author\/editor\/"}]}},"_links":{"self":[{"href":"https:\/\/infopba247.com.ar\/index.php\/wp-json\/wp\/v2\/posts\/4241","targetHints":{"allow":["GET"]}}],"collection":[{"href":"https:\/\/infopba247.com.ar\/index.php\/wp-json\/wp\/v2\/posts"}],"about":[{"href":"https:\/\/infopba247.com.ar\/index.php\/wp-json\/wp\/v2\/types\/post"}],"author":[{"embeddable":true,"href":"https:\/\/infopba247.com.ar\/index.php\/wp-json\/wp\/v2\/users\/3"}],"replies":[{"embeddable":true,"href":"https:\/\/infopba247.com.ar\/index.php\/wp-json\/wp\/v2\/comments?post=4241"}],"version-history":[{"count":1,"href":"https:\/\/infopba247.com.ar\/index.php\/wp-json\/wp\/v2\/posts\/4241\/revisions"}],"predecessor-version":[{"id":4244,"href":"https:\/\/infopba247.com.ar\/index.php\/wp-json\/wp\/v2\/posts\/4241\/revisions\/4244"}],"wp:featuredmedia":[{"embeddable":true,"href":"https:\/\/infopba247.com.ar\/index.php\/wp-json\/wp\/v2\/media\/4243"}],"wp:attachment":[{"href":"https:\/\/infopba247.com.ar\/index.php\/wp-json\/wp\/v2\/media?parent=4241"}],"wp:term":[{"taxonomy":"category","embeddable":true,"href":"https:\/\/infopba247.com.ar\/index.php\/wp-json\/wp\/v2\/categories?post=4241"},{"taxonomy":"post_tag","embeddable":true,"href":"https:\/\/infopba247.com.ar\/index.php\/wp-json\/wp\/v2\/tags?post=4241"}],"curies":[{"name":"wp","href":"https:\/\/api.w.org\/{rel}","templated":true}]}}