{"id":4225,"date":"2024-05-28T13:42:49","date_gmt":"2024-05-28T16:42:49","guid":{"rendered":"https:\/\/infopba247.com.ar\/?p=4225"},"modified":"2024-05-28T13:42:49","modified_gmt":"2024-05-28T16:42:49","slug":"nos-vemos-en-el-barrio-llega-a-villa-elvira-con-tareas-de-puesta-en-valor-y-servicios-para-los-vecinos","status":"publish","type":"post","link":"https:\/\/infopba247.com.ar\/index.php\/2024\/05\/28\/nos-vemos-en-el-barrio-llega-a-villa-elvira-con-tareas-de-puesta-en-valor-y-servicios-para-los-vecinos\/","title":{"rendered":"\u201cNos vemos en el barrio\u201d llega a Villa Elvira con tareas de puesta en valor y servicios para los vecinos"},"content":{"rendered":"\n<p>A trav\u00e9s del programa, todas las \u00e1reas municipales trabajar\u00e1n junto a la Provincia para dar respuesta a problem\u00e1ticas de la localidad. Tareas hidr\u00e1ulicas y de limpieza, reparaci\u00f3n de luminarias, corte de pasto y servicios clave para la comunidad.<\/p>\n\n\n\n<p>Tras su exitoso debut en el barrio Malvinas de Melchor Romero, la Municipalidad de La Plata llevar\u00e1 adelante una nueva edici\u00f3n de \u201cNos vemos en el barrio\u201d los d\u00edas jueves 30 y viernes 31 de mayo de 9:00 a 14:00 en la plaza Claudio Ferro de Villa Elvira, ubicada en 98 entre 3 y 4.<\/p>\n\n\n\n<p>En el marco del programa impulsado la gesti\u00f3n del intendente Julio Alak, se pondr\u00e1n en marcha trabajos de puesta en valor en la zona, que incluir\u00e1n desde recolecci\u00f3n de residuos, recambio de luminarias y eliminaci\u00f3n de microbasurales hasta cortes de pasto y tareas de bacheo y zanjeo.<\/p>\n\n\n\n<p>Asimismo, la Comuna instalar\u00e1 gazebos donde personal asistir\u00e1 a las familias con la tramitaci\u00f3n de sus DNI, desarrollar\u00e1 talleres para adultos mayores, ni\u00f1eces y adolescencias y brindar\u00e1 asesoramiento jur\u00eddico, en violencia por razones de g\u00e9nero y sobre personer\u00eda jur\u00eddica a asociaciones civiles.<\/p>\n\n\n\n<p>Por otro lado, los vecinos podr\u00e1n hacer consultas vinculadas al \u00e1rea de Defensa del Consumidor, acceder a informaci\u00f3n importante para evitar ser v\u00edctimas de estafas digitales, cortarse el pelo, recibir atenci\u00f3n odontol\u00f3gica y vacunarse contra el covid y otras enfermedades contempladas en el Calendario Nacional.<\/p>\n\n\n\n<p>Durante ambas jornadas, adem\u00e1s, se har\u00e1n controles de salud para ni\u00f1os, habr\u00e1 actividades de prevenci\u00f3n del dengue, se castrar\u00e1n y vacunar\u00e1n contra la rabia a perros y gatos, se desplegar\u00e1 la Feria de la Econom\u00eda Popular y el Registro de Unidades Productoras y organismos provinciales brindar\u00e1n diversas prestaciones.<\/p>\n\n\n\n<p>Finalmente, tendr\u00e1 lugar una iniciativa de educaci\u00f3n ambiental, se plantar\u00e1n \u00e1rboles, se entregar\u00e1n semillas y plantines y se llevar\u00e1n a cabo espect\u00e1culos de m\u00fasica en vivo, un mural participativo y encuentros de danza, zumba y f\u00fatbol tenis para el disfrute de grandes y chicos.<\/p>\n\n\n\n<p>Cabe recordar que \u201cNos vemos en el barrio\u201d es una iniciativa impulsada por la Secretar\u00eda de Coordinaci\u00f3n municipal y tiene como objetivo consolidar un Estado presente en cada rinc\u00f3n del partido de La Plata, aportando soluciones pr\u00e1cticas para las problem\u00e1ticas de los vecinos en articulaci\u00f3n con el Gobierno provincial. Pr\u00f3ximamente, las jornadas se replicar\u00e1n en nuevas localidades.<\/p>\n","protected":false},"excerpt":{"rendered":"<p>A trav\u00e9s del programa, todas las \u00e1reas municipales trabajar\u00e1n junto a la Provincia para dar respuesta a problem\u00e1ticas de la<\/p>\n","protected":false},"author":3,"featured_media":4218,"comment_status":"closed","ping_status":"closed","sticky":false,"template":"","format":"standard","meta":{"colormag_page_container_layout":"default_layout","colormag_page_sidebar_layout":"default_layout","footnotes":""},"categories":[12,1,14],"tags":[],"class_list":["post-4225","post","type-post","status-publish","format-standard","has-post-thumbnail","hentry","category-8va-seccion","category-destacadas","category-politica"],"yoast_head":"<!-- This site is optimized with the Yoast SEO plugin v27.4 - https:\/\/yoast.com\/product\/yoast-seo-wordpress\/ -->\n<title>\u201cNos vemos en el barrio\u201d llega a Villa Elvira con tareas de puesta en valor y servicios para los vecinos - InfoPBA247<\/title>\n<meta name=\"robots\" content=\"index, follow, max-snippet:-1, max-image-preview:large, max-video-preview:-1\" \/>\n<link rel=\"canonical\" href=\"https:\/\/infopba247.com.ar\/index.php\/2024\/05\/28\/nos-vemos-en-el-barrio-llega-a-villa-elvira-con-tareas-de-puesta-en-valor-y-servicios-para-los-vecinos\/\" \/>\n<meta property=\"og:locale\" content=\"es_ES\" \/>\n<meta property=\"og:type\" content=\"article\" \/>\n<meta property=\"og:title\" content=\"\u201cNos vemos en el barrio\u201d llega a Villa Elvira con tareas de puesta en valor y servicios para los vecinos - InfoPBA247\" \/>\n<meta property=\"og:description\" content=\"A trav\u00e9s del programa, todas las \u00e1reas municipales trabajar\u00e1n junto a la Provincia para dar respuesta a problem\u00e1ticas de la\" \/>\n<meta property=\"og:url\" content=\"https:\/\/infopba247.com.ar\/index.php\/2024\/05\/28\/nos-vemos-en-el-barrio-llega-a-villa-elvira-con-tareas-de-puesta-en-valor-y-servicios-para-los-vecinos\/\" \/>\n<meta property=\"og:site_name\" content=\"InfoPBA247\" \/>\n<meta property=\"article:publisher\" content=\"https:\/\/www.facebook.com\/InfoPBA\" \/>\n<meta property=\"article:published_time\" content=\"2024-05-28T16:42:49+00:00\" \/>\n<meta property=\"og:image\" content=\"https:\/\/infopba247.com.ar\/wp-content\/uploads\/2024\/05\/unnamed-47.jpg\" \/>\n\t<meta property=\"og:image:width\" content=\"1600\" \/>\n\t<meta property=\"og:image:height\" content=\"1066\" \/>\n\t<meta property=\"og:image:type\" content=\"image\/jpeg\" \/>\n<meta name=\"author\" content=\"Editor\" \/>\n<meta name=\"twitter:card\" content=\"summary_large_image\" \/>\n<meta name=\"twitter:label1\" content=\"Escrito por\" \/>\n\t<meta name=\"twitter:data1\" content=\"Editor\" \/>\n\t<meta name=\"twitter:label2\" content=\"Tiempo de lectura\" \/>\n\t<meta name=\"twitter:data2\" content=\"2 minutos\" \/>\n<script type=\"application\/ld+json\" class=\"yoast-schema-graph\">{\"@context\":\"https:\\\/\\\/schema.org\",\"@graph\":[{\"@type\":\"Article\",\"@id\":\"https:\\\/\\\/infopba247.com.ar\\\/index.php\\\/2024\\\/05\\\/28\\\/nos-vemos-en-el-barrio-llega-a-villa-elvira-con-tareas-de-puesta-en-valor-y-servicios-para-los-vecinos\\\/#article\",\"isPartOf\":{\"@id\":\"https:\\\/\\\/infopba247.com.ar\\\/index.php\\\/2024\\\/05\\\/28\\\/nos-vemos-en-el-barrio-llega-a-villa-elvira-con-tareas-de-puesta-en-valor-y-servicios-para-los-vecinos\\\/\"},\"author\":{\"name\":\"Editor\",\"@id\":\"https:\\\/\\\/infopba247.com.ar\\\/#\\\/schema\\\/person\\\/4975f1343a413e57bf839b3eed0099f2\"},\"headline\":\"\u201cNos vemos en el barrio\u201d llega a Villa Elvira con tareas de puesta en valor y servicios para los vecinos\",\"datePublished\":\"2024-05-28T16:42:49+00:00\",\"mainEntityOfPage\":{\"@id\":\"https:\\\/\\\/infopba247.com.ar\\\/index.php\\\/2024\\\/05\\\/28\\\/nos-vemos-en-el-barrio-llega-a-villa-elvira-con-tareas-de-puesta-en-valor-y-servicios-para-los-vecinos\\\/\"},\"wordCount\":435,\"publisher\":{\"@id\":\"https:\\\/\\\/infopba247.com.ar\\\/#organization\"},\"image\":{\"@id\":\"https:\\\/\\\/infopba247.com.ar\\\/index.php\\\/2024\\\/05\\\/28\\\/nos-vemos-en-el-barrio-llega-a-villa-elvira-con-tareas-de-puesta-en-valor-y-servicios-para-los-vecinos\\\/#primaryimage\"},\"thumbnailUrl\":\"https:\\\/\\\/infopba247.com.ar\\\/wp-content\\\/uploads\\\/2024\\\/05\\\/unnamed-47.jpg\",\"articleSection\":[\"8va Secci\u00f3n\",\"Destacadas\",\"Pol\u00edtica\"],\"inLanguage\":\"es\"},{\"@type\":\"WebPage\",\"@id\":\"https:\\\/\\\/infopba247.com.ar\\\/index.php\\\/2024\\\/05\\\/28\\\/nos-vemos-en-el-barrio-llega-a-villa-elvira-con-tareas-de-puesta-en-valor-y-servicios-para-los-vecinos\\\/\",\"url\":\"https:\\\/\\\/infopba247.com.ar\\\/index.php\\\/2024\\\/05\\\/28\\\/nos-vemos-en-el-barrio-llega-a-villa-elvira-con-tareas-de-puesta-en-valor-y-servicios-para-los-vecinos\\\/\",\"name\":\"\u201cNos vemos en el barrio\u201d llega a Villa Elvira con tareas de puesta en valor y servicios para los vecinos - InfoPBA247\",\"isPartOf\":{\"@id\":\"https:\\\/\\\/infopba247.com.ar\\\/#website\"},\"primaryImageOfPage\":{\"@id\":\"https:\\\/\\\/infopba247.com.ar\\\/index.php\\\/2024\\\/05\\\/28\\\/nos-vemos-en-el-barrio-llega-a-villa-elvira-con-tareas-de-puesta-en-valor-y-servicios-para-los-vecinos\\\/#primaryimage\"},\"image\":{\"@id\":\"https:\\\/\\\/infopba247.com.ar\\\/index.php\\\/2024\\\/05\\\/28\\\/nos-vemos-en-el-barrio-llega-a-villa-elvira-con-tareas-de-puesta-en-valor-y-servicios-para-los-vecinos\\\/#primaryimage\"},\"thumbnailUrl\":\"https:\\\/\\\/infopba247.com.ar\\\/wp-content\\\/uploads\\\/2024\\\/05\\\/unnamed-47.jpg\",\"datePublished\":\"2024-05-28T16:42:49+00:00\",\"breadcrumb\":{\"@id\":\"https:\\\/\\\/infopba247.com.ar\\\/index.php\\\/2024\\\/05\\\/28\\\/nos-vemos-en-el-barrio-llega-a-villa-elvira-con-tareas-de-puesta-en-valor-y-servicios-para-los-vecinos\\\/#breadcrumb\"},\"inLanguage\":\"es\",\"potentialAction\":[{\"@type\":\"ReadAction\",\"target\":[\"https:\\\/\\\/infopba247.com.ar\\\/index.php\\\/2024\\\/05\\\/28\\\/nos-vemos-en-el-barrio-llega-a-villa-elvira-con-tareas-de-puesta-en-valor-y-servicios-para-los-vecinos\\\/\"]}]},{\"@type\":\"ImageObject\",\"inLanguage\":\"es\",\"@id\":\"https:\\\/\\\/infopba247.com.ar\\\/index.php\\\/2024\\\/05\\\/28\\\/nos-vemos-en-el-barrio-llega-a-villa-elvira-con-tareas-de-puesta-en-valor-y-servicios-para-los-vecinos\\\/#primaryimage\",\"url\":\"https:\\\/\\\/infopba247.com.ar\\\/wp-content\\\/uploads\\\/2024\\\/05\\\/unnamed-47.jpg\",\"contentUrl\":\"https:\\\/\\\/infopba247.com.ar\\\/wp-content\\\/uploads\\\/2024\\\/05\\\/unnamed-47.jpg\",\"width\":1600,\"height\":1066},{\"@type\":\"BreadcrumbList\",\"@id\":\"https:\\\/\\\/infopba247.com.ar\\\/index.php\\\/2024\\\/05\\\/28\\\/nos-vemos-en-el-barrio-llega-a-villa-elvira-con-tareas-de-puesta-en-valor-y-servicios-para-los-vecinos\\\/#breadcrumb\",\"itemListElement\":[{\"@type\":\"ListItem\",\"position\":1,\"name\":\"Portada\",\"item\":\"https:\\\/\\\/infopba247.com.ar\\\/\"},{\"@type\":\"ListItem\",\"position\":2,\"name\":\"\u201cNos vemos en el barrio\u201d llega a Villa Elvira con tareas de puesta en valor y servicios para los vecinos\"}]},{\"@type\":\"WebSite\",\"@id\":\"https:\\\/\\\/infopba247.com.ar\\\/#website\",\"url\":\"https:\\\/\\\/infopba247.com.ar\\\/\",\"name\":\"InfoPBA247\",\"description\":\"Toda la actualidad bonaerense\",\"publisher\":{\"@id\":\"https:\\\/\\\/infopba247.com.ar\\\/#organization\"},\"potentialAction\":[{\"@type\":\"SearchAction\",\"target\":{\"@type\":\"EntryPoint\",\"urlTemplate\":\"https:\\\/\\\/infopba247.com.ar\\\/?s={search_term_string}\"},\"query-input\":{\"@type\":\"PropertyValueSpecification\",\"valueRequired\":true,\"valueName\":\"search_term_string\"}}],\"inLanguage\":\"es\"},{\"@type\":\"Organization\",\"@id\":\"https:\\\/\\\/infopba247.com.ar\\\/#organization\",\"name\":\"InfoPBA247\",\"url\":\"https:\\\/\\\/infopba247.com.ar\\\/\",\"logo\":{\"@type\":\"ImageObject\",\"inLanguage\":\"es\",\"@id\":\"https:\\\/\\\/infopba247.com.ar\\\/#\\\/schema\\\/logo\\\/image\\\/\",\"url\":\"https:\\\/\\\/infopba247.com.ar\\\/wp-content\\\/uploads\\\/2022\\\/03\\\/cropped-InfoPBA247-1.png\",\"contentUrl\":\"https:\\\/\\\/infopba247.com.ar\\\/wp-content\\\/uploads\\\/2022\\\/03\\\/cropped-InfoPBA247-1.png\",\"width\":500,\"height\":122,\"caption\":\"InfoPBA247\"},\"image\":{\"@id\":\"https:\\\/\\\/infopba247.com.ar\\\/#\\\/schema\\\/logo\\\/image\\\/\"},\"sameAs\":[\"https:\\\/\\\/www.facebook.com\\\/InfoPBA\"]},{\"@type\":\"Person\",\"@id\":\"https:\\\/\\\/infopba247.com.ar\\\/#\\\/schema\\\/person\\\/4975f1343a413e57bf839b3eed0099f2\",\"name\":\"Editor\",\"image\":{\"@type\":\"ImageObject\",\"inLanguage\":\"es\",\"@id\":\"https:\\\/\\\/secure.gravatar.com\\\/avatar\\\/d27fe9520667ca53441d36627a1d6b0fa4a813571ec4803687a7a3a7744685ac?s=96&d=mm&r=g\",\"url\":\"https:\\\/\\\/secure.gravatar.com\\\/avatar\\\/d27fe9520667ca53441d36627a1d6b0fa4a813571ec4803687a7a3a7744685ac?s=96&d=mm&r=g\",\"contentUrl\":\"https:\\\/\\\/secure.gravatar.com\\\/avatar\\\/d27fe9520667ca53441d36627a1d6b0fa4a813571ec4803687a7a3a7744685ac?s=96&d=mm&r=g\",\"caption\":\"Editor\"},\"url\":\"https:\\\/\\\/infopba247.com.ar\\\/index.php\\\/author\\\/editor\\\/\"}]}<\/script>\n<!-- \/ Yoast SEO plugin. -->","yoast_head_json":{"title":"\u201cNos vemos en el barrio\u201d llega a Villa Elvira con tareas de puesta en valor y servicios para los vecinos - InfoPBA247","robots":{"index":"index","follow":"follow","max-snippet":"max-snippet:-1","max-image-preview":"max-image-preview:large","max-video-preview":"max-video-preview:-1"},"canonical":"https:\/\/infopba247.com.ar\/index.php\/2024\/05\/28\/nos-vemos-en-el-barrio-llega-a-villa-elvira-con-tareas-de-puesta-en-valor-y-servicios-para-los-vecinos\/","og_locale":"es_ES","og_type":"article","og_title":"\u201cNos vemos en el barrio\u201d llega a Villa Elvira con tareas de puesta en valor y servicios para los vecinos - InfoPBA247","og_description":"A trav\u00e9s del programa, todas las \u00e1reas municipales trabajar\u00e1n junto a la Provincia para dar respuesta a problem\u00e1ticas de la","og_url":"https:\/\/infopba247.com.ar\/index.php\/2024\/05\/28\/nos-vemos-en-el-barrio-llega-a-villa-elvira-con-tareas-de-puesta-en-valor-y-servicios-para-los-vecinos\/","og_site_name":"InfoPBA247","article_publisher":"https:\/\/www.facebook.com\/InfoPBA","article_published_time":"2024-05-28T16:42:49+00:00","og_image":[{"width":1600,"height":1066,"url":"https:\/\/infopba247.com.ar\/wp-content\/uploads\/2024\/05\/unnamed-47.jpg","type":"image\/jpeg"}],"author":"Editor","twitter_card":"summary_large_image","twitter_misc":{"Escrito por":"Editor","Tiempo de lectura":"2 minutos"},"schema":{"@context":"https:\/\/schema.org","@graph":[{"@type":"Article","@id":"https:\/\/infopba247.com.ar\/index.php\/2024\/05\/28\/nos-vemos-en-el-barrio-llega-a-villa-elvira-con-tareas-de-puesta-en-valor-y-servicios-para-los-vecinos\/#article","isPartOf":{"@id":"https:\/\/infopba247.com.ar\/index.php\/2024\/05\/28\/nos-vemos-en-el-barrio-llega-a-villa-elvira-con-tareas-de-puesta-en-valor-y-servicios-para-los-vecinos\/"},"author":{"name":"Editor","@id":"https:\/\/infopba247.com.ar\/#\/schema\/person\/4975f1343a413e57bf839b3eed0099f2"},"headline":"\u201cNos vemos en el barrio\u201d llega a Villa Elvira con tareas de puesta en valor y servicios para los vecinos","datePublished":"2024-05-28T16:42:49+00:00","mainEntityOfPage":{"@id":"https:\/\/infopba247.com.ar\/index.php\/2024\/05\/28\/nos-vemos-en-el-barrio-llega-a-villa-elvira-con-tareas-de-puesta-en-valor-y-servicios-para-los-vecinos\/"},"wordCount":435,"publisher":{"@id":"https:\/\/infopba247.com.ar\/#organization"},"image":{"@id":"https:\/\/infopba247.com.ar\/index.php\/2024\/05\/28\/nos-vemos-en-el-barrio-llega-a-villa-elvira-con-tareas-de-puesta-en-valor-y-servicios-para-los-vecinos\/#primaryimage"},"thumbnailUrl":"https:\/\/infopba247.com.ar\/wp-content\/uploads\/2024\/05\/unnamed-47.jpg","articleSection":["8va Secci\u00f3n","Destacadas","Pol\u00edtica"],"inLanguage":"es"},{"@type":"WebPage","@id":"https:\/\/infopba247.com.ar\/index.php\/2024\/05\/28\/nos-vemos-en-el-barrio-llega-a-villa-elvira-con-tareas-de-puesta-en-valor-y-servicios-para-los-vecinos\/","url":"https:\/\/infopba247.com.ar\/index.php\/2024\/05\/28\/nos-vemos-en-el-barrio-llega-a-villa-elvira-con-tareas-de-puesta-en-valor-y-servicios-para-los-vecinos\/","name":"\u201cNos vemos en el barrio\u201d llega a Villa Elvira con tareas de puesta en valor y servicios para los vecinos - InfoPBA247","isPartOf":{"@id":"https:\/\/infopba247.com.ar\/#website"},"primaryImageOfPage":{"@id":"https:\/\/infopba247.com.ar\/index.php\/2024\/05\/28\/nos-vemos-en-el-barrio-llega-a-villa-elvira-con-tareas-de-puesta-en-valor-y-servicios-para-los-vecinos\/#primaryimage"},"image":{"@id":"https:\/\/infopba247.com.ar\/index.php\/2024\/05\/28\/nos-vemos-en-el-barrio-llega-a-villa-elvira-con-tareas-de-puesta-en-valor-y-servicios-para-los-vecinos\/#primaryimage"},"thumbnailUrl":"https:\/\/infopba247.com.ar\/wp-content\/uploads\/2024\/05\/unnamed-47.jpg","datePublished":"2024-05-28T16:42:49+00:00","breadcrumb":{"@id":"https:\/\/infopba247.com.ar\/index.php\/2024\/05\/28\/nos-vemos-en-el-barrio-llega-a-villa-elvira-con-tareas-de-puesta-en-valor-y-servicios-para-los-vecinos\/#breadcrumb"},"inLanguage":"es","potentialAction":[{"@type":"ReadAction","target":["https:\/\/infopba247.com.ar\/index.php\/2024\/05\/28\/nos-vemos-en-el-barrio-llega-a-villa-elvira-con-tareas-de-puesta-en-valor-y-servicios-para-los-vecinos\/"]}]},{"@type":"ImageObject","inLanguage":"es","@id":"https:\/\/infopba247.com.ar\/index.php\/2024\/05\/28\/nos-vemos-en-el-barrio-llega-a-villa-elvira-con-tareas-de-puesta-en-valor-y-servicios-para-los-vecinos\/#primaryimage","url":"https:\/\/infopba247.com.ar\/wp-content\/uploads\/2024\/05\/unnamed-47.jpg","contentUrl":"https:\/\/infopba247.com.ar\/wp-content\/uploads\/2024\/05\/unnamed-47.jpg","width":1600,"height":1066},{"@type":"BreadcrumbList","@id":"https:\/\/infopba247.com.ar\/index.php\/2024\/05\/28\/nos-vemos-en-el-barrio-llega-a-villa-elvira-con-tareas-de-puesta-en-valor-y-servicios-para-los-vecinos\/#breadcrumb","itemListElement":[{"@type":"ListItem","position":1,"name":"Portada","item":"https:\/\/infopba247.com.ar\/"},{"@type":"ListItem","position":2,"name":"\u201cNos vemos en el barrio\u201d llega a Villa Elvira con tareas de puesta en valor y servicios para los vecinos"}]},{"@type":"WebSite","@id":"https:\/\/infopba247.com.ar\/#website","url":"https:\/\/infopba247.com.ar\/","name":"InfoPBA247","description":"Toda la actualidad bonaerense","publisher":{"@id":"https:\/\/infopba247.com.ar\/#organization"},"potentialAction":[{"@type":"SearchAction","target":{"@type":"EntryPoint","urlTemplate":"https:\/\/infopba247.com.ar\/?s={search_term_string}"},"query-input":{"@type":"PropertyValueSpecification","valueRequired":true,"valueName":"search_term_string"}}],"inLanguage":"es"},{"@type":"Organization","@id":"https:\/\/infopba247.com.ar\/#organization","name":"InfoPBA247","url":"https:\/\/infopba247.com.ar\/","logo":{"@type":"ImageObject","inLanguage":"es","@id":"https:\/\/infopba247.com.ar\/#\/schema\/logo\/image\/","url":"https:\/\/infopba247.com.ar\/wp-content\/uploads\/2022\/03\/cropped-InfoPBA247-1.png","contentUrl":"https:\/\/infopba247.com.ar\/wp-content\/uploads\/2022\/03\/cropped-InfoPBA247-1.png","width":500,"height":122,"caption":"InfoPBA247"},"image":{"@id":"https:\/\/infopba247.com.ar\/#\/schema\/logo\/image\/"},"sameAs":["https:\/\/www.facebook.com\/InfoPBA"]},{"@type":"Person","@id":"https:\/\/infopba247.com.ar\/#\/schema\/person\/4975f1343a413e57bf839b3eed0099f2","name":"Editor","image":{"@type":"ImageObject","inLanguage":"es","@id":"https:\/\/secure.gravatar.com\/avatar\/d27fe9520667ca53441d36627a1d6b0fa4a813571ec4803687a7a3a7744685ac?s=96&d=mm&r=g","url":"https:\/\/secure.gravatar.com\/avatar\/d27fe9520667ca53441d36627a1d6b0fa4a813571ec4803687a7a3a7744685ac?s=96&d=mm&r=g","contentUrl":"https:\/\/secure.gravatar.com\/avatar\/d27fe9520667ca53441d36627a1d6b0fa4a813571ec4803687a7a3a7744685ac?s=96&d=mm&r=g","caption":"Editor"},"url":"https:\/\/infopba247.com.ar\/index.php\/author\/editor\/"}]}},"_links":{"self":[{"href":"https:\/\/infopba247.com.ar\/index.php\/wp-json\/wp\/v2\/posts\/4225","targetHints":{"allow":["GET"]}}],"collection":[{"href":"https:\/\/infopba247.com.ar\/index.php\/wp-json\/wp\/v2\/posts"}],"about":[{"href":"https:\/\/infopba247.com.ar\/index.php\/wp-json\/wp\/v2\/types\/post"}],"author":[{"embeddable":true,"href":"https:\/\/infopba247.com.ar\/index.php\/wp-json\/wp\/v2\/users\/3"}],"replies":[{"embeddable":true,"href":"https:\/\/infopba247.com.ar\/index.php\/wp-json\/wp\/v2\/comments?post=4225"}],"version-history":[{"count":1,"href":"https:\/\/infopba247.com.ar\/index.php\/wp-json\/wp\/v2\/posts\/4225\/revisions"}],"predecessor-version":[{"id":4226,"href":"https:\/\/infopba247.com.ar\/index.php\/wp-json\/wp\/v2\/posts\/4225\/revisions\/4226"}],"wp:featuredmedia":[{"embeddable":true,"href":"https:\/\/infopba247.com.ar\/index.php\/wp-json\/wp\/v2\/media\/4218"}],"wp:attachment":[{"href":"https:\/\/infopba247.com.ar\/index.php\/wp-json\/wp\/v2\/media?parent=4225"}],"wp:term":[{"taxonomy":"category","embeddable":true,"href":"https:\/\/infopba247.com.ar\/index.php\/wp-json\/wp\/v2\/categories?post=4225"},{"taxonomy":"post_tag","embeddable":true,"href":"https:\/\/infopba247.com.ar\/index.php\/wp-json\/wp\/v2\/tags?post=4225"}],"curies":[{"name":"wp","href":"https:\/\/api.w.org\/{rel}","templated":true}]}}