{"id":4195,"date":"2024-05-24T12:20:02","date_gmt":"2024-05-24T15:20:02","guid":{"rendered":"https:\/\/infopba247.com.ar\/?p=4195"},"modified":"2024-05-24T12:20:02","modified_gmt":"2024-05-24T15:20:02","slug":"alak-y-alvarez-rodriguez-acordaron-tramitar-el-dni-en-las-delegaciones-comunales-de-la-plata","status":"publish","type":"post","link":"https:\/\/infopba247.com.ar\/index.php\/2024\/05\/24\/alak-y-alvarez-rodriguez-acordaron-tramitar-el-dni-en-las-delegaciones-comunales-de-la-plata\/","title":{"rendered":"Alak y Alvarez Rodr\u00edguez acordaron tramitar el DNI en las delegaciones comunales de La Plata"},"content":{"rendered":"\n<p>El intendente de La Plata, Julio Alak, y la Jefa de Asesores del gobernador Axel Kicillof, Cristina Alvarez Rodr\u00edguez, acordaron acciones de colaboraci\u00f3n y asistencia de gobierno que involucran la posibilidad de tramitar el DNI en aquellas delegaciones comunales donde pr\u00f3ximamente se abrir\u00e1n oficinas descentralizadas del Registro de las Personas.<\/p>\n\n\n\n<p>El eje del encuentro que los funcionarios mantuvieron este jueves en el Palacio Municipal fue la descentralizaci\u00f3n administrativa en los \u00e1mbitos de competencia de la Jefatura de Asesores y la Comuna, especialmente en relaci\u00f3n al Registro de las Personas dependiente de la \u00f3rbita provincial.<\/p>\n\n\n\n<p>Al respecto, Alak asegur\u00f3: \u00abTenemos la gran satisfacci\u00f3n de tener a Cristina en nuestro municipio. Hemos planificado dos acciones muy importantes: por un lado, la posibilidad que el Registro de las Personas haga operativos barriales en diferentes localidades que son muy positivas para nuestra comunidad, que asciende a 825 mil habitantes y tiene delegaciones municipales con mucha poblaci\u00f3n y pueblos muy alejados del casco urbano que les cuesta llegar hasta 1 y 60\u00bb.<\/p>\n\n\n\n<p>En ese sentido, agreg\u00f3 que tambi\u00e9n avanzar\u00e1n en \u00abla posibilidad de establecer puestos permanentes del Registro Civil en distintas delegaciones\u00bb; y ratific\u00f3: \u00abEs un salto enorme de servicios para nuestra ciudad en t\u00e9rminos de documentaci\u00f3n de identidad\u00bb.<\/p>\n\n\n\n<p>Por su parte, Alvarez Rodr\u00edguez afirm\u00f3: \u201cHemos decidido, por indicaci\u00f3n de nuestro gobernador Axel Kicillof, ampliar en La Plata la prestaci\u00f3n y el servicio que brinda el Registro Provincial de las Personas en distintos barrios de la ciudad para que los vecinos y vecinas puedan resolver sus tr\u00e1mites de una manera m\u00e1s \u00e1gil, sencilla y cerca de sus hogares. Junto a las y los intendentes seguimos trabajando para garantizar el derecho a la identidad\u201d.<\/p>\n\n\n\n<p>En esta primera etapa, las autoridades definieron la apertura de oficinas descentralizadas en las delegaciones de El Peligro, Parque Sicardi, \u00c1ngel Etcheverry y Jos\u00e9 Hern\u00e1ndez; y una en la Rep\u00fablica de los Ni\u00f1os, que funcionar\u00e1 los s\u00e1bados, domingos y d\u00edas festivos; y la reapertura de la oficina en la delegaci\u00f3n de Altos de San Lorenzo y del Centro de Documentaci\u00f3n R\u00e1pida (CDR).<\/p>\n\n\n\n<p>Finalmente, Julio Alak y Cristina Alvarez Rodr\u00edguez acordaron realizar cinco jornadas mensuales del Operativo Documentario en distintos barrios de la capital bonaerense para que las y los vecinos puedan renovar su DNI o pasaporte de manera m\u00e1s \u00e1gil, sencilla y cerca de su casa.<\/p>\n\n\n\n<p>Participaron de la reuni\u00f3n de trabajo la directora del Registro de las Personas,&nbsp; Silvina Ojeda; y el secretario General del Municipio, Norberto \u00abChucho\u00bb G\u00f3mez.<\/p>\n","protected":false},"excerpt":{"rendered":"<p>El intendente de La Plata, Julio Alak, y la Jefa de Asesores del gobernador Axel Kicillof, Cristina Alvarez Rodr\u00edguez, acordaron<\/p>\n","protected":false},"author":3,"featured_media":4196,"comment_status":"closed","ping_status":"closed","sticky":false,"template":"","format":"standard","meta":{"colormag_page_container_layout":"default_layout","colormag_page_sidebar_layout":"default_layout","footnotes":""},"categories":[12,1,14],"tags":[],"class_list":["post-4195","post","type-post","status-publish","format-standard","has-post-thumbnail","hentry","category-8va-seccion","category-destacadas","category-politica"],"yoast_head":"<!-- This site is optimized with the Yoast SEO plugin v27.4 - https:\/\/yoast.com\/product\/yoast-seo-wordpress\/ -->\n<title>Alak y Alvarez Rodr\u00edguez acordaron tramitar el DNI en las delegaciones comunales de La Plata - InfoPBA247<\/title>\n<meta name=\"robots\" content=\"index, follow, max-snippet:-1, max-image-preview:large, max-video-preview:-1\" \/>\n<link rel=\"canonical\" href=\"https:\/\/infopba247.com.ar\/index.php\/2024\/05\/24\/alak-y-alvarez-rodriguez-acordaron-tramitar-el-dni-en-las-delegaciones-comunales-de-la-plata\/\" \/>\n<meta property=\"og:locale\" content=\"es_ES\" \/>\n<meta property=\"og:type\" content=\"article\" \/>\n<meta property=\"og:title\" content=\"Alak y Alvarez Rodr\u00edguez acordaron tramitar el DNI en las delegaciones comunales de La Plata - InfoPBA247\" \/>\n<meta property=\"og:description\" content=\"El intendente de La Plata, Julio Alak, y la Jefa de Asesores del gobernador Axel Kicillof, Cristina Alvarez Rodr\u00edguez, acordaron\" \/>\n<meta property=\"og:url\" content=\"https:\/\/infopba247.com.ar\/index.php\/2024\/05\/24\/alak-y-alvarez-rodriguez-acordaron-tramitar-el-dni-en-las-delegaciones-comunales-de-la-plata\/\" \/>\n<meta property=\"og:site_name\" content=\"InfoPBA247\" \/>\n<meta property=\"article:publisher\" content=\"https:\/\/www.facebook.com\/InfoPBA\" \/>\n<meta property=\"article:published_time\" content=\"2024-05-24T15:20:02+00:00\" \/>\n<meta property=\"og:image\" content=\"https:\/\/infopba247.com.ar\/wp-content\/uploads\/2024\/05\/unnamed-41.jpg\" \/>\n\t<meta property=\"og:image:width\" content=\"1280\" \/>\n\t<meta property=\"og:image:height\" content=\"853\" \/>\n\t<meta property=\"og:image:type\" content=\"image\/jpeg\" \/>\n<meta name=\"author\" content=\"Editor\" \/>\n<meta name=\"twitter:card\" content=\"summary_large_image\" \/>\n<meta name=\"twitter:label1\" content=\"Escrito por\" \/>\n\t<meta name=\"twitter:data1\" content=\"Editor\" \/>\n\t<meta name=\"twitter:label2\" content=\"Tiempo de lectura\" \/>\n\t<meta name=\"twitter:data2\" content=\"2 minutos\" \/>\n<script type=\"application\/ld+json\" class=\"yoast-schema-graph\">{\"@context\":\"https:\\\/\\\/schema.org\",\"@graph\":[{\"@type\":\"Article\",\"@id\":\"https:\\\/\\\/infopba247.com.ar\\\/index.php\\\/2024\\\/05\\\/24\\\/alak-y-alvarez-rodriguez-acordaron-tramitar-el-dni-en-las-delegaciones-comunales-de-la-plata\\\/#article\",\"isPartOf\":{\"@id\":\"https:\\\/\\\/infopba247.com.ar\\\/index.php\\\/2024\\\/05\\\/24\\\/alak-y-alvarez-rodriguez-acordaron-tramitar-el-dni-en-las-delegaciones-comunales-de-la-plata\\\/\"},\"author\":{\"name\":\"Editor\",\"@id\":\"https:\\\/\\\/infopba247.com.ar\\\/#\\\/schema\\\/person\\\/4975f1343a413e57bf839b3eed0099f2\"},\"headline\":\"Alak y Alvarez Rodr\u00edguez acordaron tramitar el DNI en las delegaciones comunales de La Plata\",\"datePublished\":\"2024-05-24T15:20:02+00:00\",\"mainEntityOfPage\":{\"@id\":\"https:\\\/\\\/infopba247.com.ar\\\/index.php\\\/2024\\\/05\\\/24\\\/alak-y-alvarez-rodriguez-acordaron-tramitar-el-dni-en-las-delegaciones-comunales-de-la-plata\\\/\"},\"wordCount\":451,\"publisher\":{\"@id\":\"https:\\\/\\\/infopba247.com.ar\\\/#organization\"},\"image\":{\"@id\":\"https:\\\/\\\/infopba247.com.ar\\\/index.php\\\/2024\\\/05\\\/24\\\/alak-y-alvarez-rodriguez-acordaron-tramitar-el-dni-en-las-delegaciones-comunales-de-la-plata\\\/#primaryimage\"},\"thumbnailUrl\":\"https:\\\/\\\/infopba247.com.ar\\\/wp-content\\\/uploads\\\/2024\\\/05\\\/unnamed-41.jpg\",\"articleSection\":[\"8va Secci\u00f3n\",\"Destacadas\",\"Pol\u00edtica\"],\"inLanguage\":\"es\"},{\"@type\":\"WebPage\",\"@id\":\"https:\\\/\\\/infopba247.com.ar\\\/index.php\\\/2024\\\/05\\\/24\\\/alak-y-alvarez-rodriguez-acordaron-tramitar-el-dni-en-las-delegaciones-comunales-de-la-plata\\\/\",\"url\":\"https:\\\/\\\/infopba247.com.ar\\\/index.php\\\/2024\\\/05\\\/24\\\/alak-y-alvarez-rodriguez-acordaron-tramitar-el-dni-en-las-delegaciones-comunales-de-la-plata\\\/\",\"name\":\"Alak y Alvarez Rodr\u00edguez acordaron tramitar el DNI en las delegaciones comunales de La Plata - InfoPBA247\",\"isPartOf\":{\"@id\":\"https:\\\/\\\/infopba247.com.ar\\\/#website\"},\"primaryImageOfPage\":{\"@id\":\"https:\\\/\\\/infopba247.com.ar\\\/index.php\\\/2024\\\/05\\\/24\\\/alak-y-alvarez-rodriguez-acordaron-tramitar-el-dni-en-las-delegaciones-comunales-de-la-plata\\\/#primaryimage\"},\"image\":{\"@id\":\"https:\\\/\\\/infopba247.com.ar\\\/index.php\\\/2024\\\/05\\\/24\\\/alak-y-alvarez-rodriguez-acordaron-tramitar-el-dni-en-las-delegaciones-comunales-de-la-plata\\\/#primaryimage\"},\"thumbnailUrl\":\"https:\\\/\\\/infopba247.com.ar\\\/wp-content\\\/uploads\\\/2024\\\/05\\\/unnamed-41.jpg\",\"datePublished\":\"2024-05-24T15:20:02+00:00\",\"breadcrumb\":{\"@id\":\"https:\\\/\\\/infopba247.com.ar\\\/index.php\\\/2024\\\/05\\\/24\\\/alak-y-alvarez-rodriguez-acordaron-tramitar-el-dni-en-las-delegaciones-comunales-de-la-plata\\\/#breadcrumb\"},\"inLanguage\":\"es\",\"potentialAction\":[{\"@type\":\"ReadAction\",\"target\":[\"https:\\\/\\\/infopba247.com.ar\\\/index.php\\\/2024\\\/05\\\/24\\\/alak-y-alvarez-rodriguez-acordaron-tramitar-el-dni-en-las-delegaciones-comunales-de-la-plata\\\/\"]}]},{\"@type\":\"ImageObject\",\"inLanguage\":\"es\",\"@id\":\"https:\\\/\\\/infopba247.com.ar\\\/index.php\\\/2024\\\/05\\\/24\\\/alak-y-alvarez-rodriguez-acordaron-tramitar-el-dni-en-las-delegaciones-comunales-de-la-plata\\\/#primaryimage\",\"url\":\"https:\\\/\\\/infopba247.com.ar\\\/wp-content\\\/uploads\\\/2024\\\/05\\\/unnamed-41.jpg\",\"contentUrl\":\"https:\\\/\\\/infopba247.com.ar\\\/wp-content\\\/uploads\\\/2024\\\/05\\\/unnamed-41.jpg\",\"width\":1280,\"height\":853},{\"@type\":\"BreadcrumbList\",\"@id\":\"https:\\\/\\\/infopba247.com.ar\\\/index.php\\\/2024\\\/05\\\/24\\\/alak-y-alvarez-rodriguez-acordaron-tramitar-el-dni-en-las-delegaciones-comunales-de-la-plata\\\/#breadcrumb\",\"itemListElement\":[{\"@type\":\"ListItem\",\"position\":1,\"name\":\"Portada\",\"item\":\"https:\\\/\\\/infopba247.com.ar\\\/\"},{\"@type\":\"ListItem\",\"position\":2,\"name\":\"Alak y Alvarez Rodr\u00edguez acordaron tramitar el DNI en las delegaciones comunales de La Plata\"}]},{\"@type\":\"WebSite\",\"@id\":\"https:\\\/\\\/infopba247.com.ar\\\/#website\",\"url\":\"https:\\\/\\\/infopba247.com.ar\\\/\",\"name\":\"InfoPBA247\",\"description\":\"Toda la actualidad bonaerense\",\"publisher\":{\"@id\":\"https:\\\/\\\/infopba247.com.ar\\\/#organization\"},\"potentialAction\":[{\"@type\":\"SearchAction\",\"target\":{\"@type\":\"EntryPoint\",\"urlTemplate\":\"https:\\\/\\\/infopba247.com.ar\\\/?s={search_term_string}\"},\"query-input\":{\"@type\":\"PropertyValueSpecification\",\"valueRequired\":true,\"valueName\":\"search_term_string\"}}],\"inLanguage\":\"es\"},{\"@type\":\"Organization\",\"@id\":\"https:\\\/\\\/infopba247.com.ar\\\/#organization\",\"name\":\"InfoPBA247\",\"url\":\"https:\\\/\\\/infopba247.com.ar\\\/\",\"logo\":{\"@type\":\"ImageObject\",\"inLanguage\":\"es\",\"@id\":\"https:\\\/\\\/infopba247.com.ar\\\/#\\\/schema\\\/logo\\\/image\\\/\",\"url\":\"https:\\\/\\\/infopba247.com.ar\\\/wp-content\\\/uploads\\\/2022\\\/03\\\/cropped-InfoPBA247-1.png\",\"contentUrl\":\"https:\\\/\\\/infopba247.com.ar\\\/wp-content\\\/uploads\\\/2022\\\/03\\\/cropped-InfoPBA247-1.png\",\"width\":500,\"height\":122,\"caption\":\"InfoPBA247\"},\"image\":{\"@id\":\"https:\\\/\\\/infopba247.com.ar\\\/#\\\/schema\\\/logo\\\/image\\\/\"},\"sameAs\":[\"https:\\\/\\\/www.facebook.com\\\/InfoPBA\"]},{\"@type\":\"Person\",\"@id\":\"https:\\\/\\\/infopba247.com.ar\\\/#\\\/schema\\\/person\\\/4975f1343a413e57bf839b3eed0099f2\",\"name\":\"Editor\",\"image\":{\"@type\":\"ImageObject\",\"inLanguage\":\"es\",\"@id\":\"https:\\\/\\\/secure.gravatar.com\\\/avatar\\\/d27fe9520667ca53441d36627a1d6b0fa4a813571ec4803687a7a3a7744685ac?s=96&d=mm&r=g\",\"url\":\"https:\\\/\\\/secure.gravatar.com\\\/avatar\\\/d27fe9520667ca53441d36627a1d6b0fa4a813571ec4803687a7a3a7744685ac?s=96&d=mm&r=g\",\"contentUrl\":\"https:\\\/\\\/secure.gravatar.com\\\/avatar\\\/d27fe9520667ca53441d36627a1d6b0fa4a813571ec4803687a7a3a7744685ac?s=96&d=mm&r=g\",\"caption\":\"Editor\"},\"url\":\"https:\\\/\\\/infopba247.com.ar\\\/index.php\\\/author\\\/editor\\\/\"}]}<\/script>\n<!-- \/ Yoast SEO plugin. -->","yoast_head_json":{"title":"Alak y Alvarez Rodr\u00edguez acordaron tramitar el DNI en las delegaciones comunales de La Plata - InfoPBA247","robots":{"index":"index","follow":"follow","max-snippet":"max-snippet:-1","max-image-preview":"max-image-preview:large","max-video-preview":"max-video-preview:-1"},"canonical":"https:\/\/infopba247.com.ar\/index.php\/2024\/05\/24\/alak-y-alvarez-rodriguez-acordaron-tramitar-el-dni-en-las-delegaciones-comunales-de-la-plata\/","og_locale":"es_ES","og_type":"article","og_title":"Alak y Alvarez Rodr\u00edguez acordaron tramitar el DNI en las delegaciones comunales de La Plata - InfoPBA247","og_description":"El intendente de La Plata, Julio Alak, y la Jefa de Asesores del gobernador Axel Kicillof, Cristina Alvarez Rodr\u00edguez, acordaron","og_url":"https:\/\/infopba247.com.ar\/index.php\/2024\/05\/24\/alak-y-alvarez-rodriguez-acordaron-tramitar-el-dni-en-las-delegaciones-comunales-de-la-plata\/","og_site_name":"InfoPBA247","article_publisher":"https:\/\/www.facebook.com\/InfoPBA","article_published_time":"2024-05-24T15:20:02+00:00","og_image":[{"width":1280,"height":853,"url":"https:\/\/infopba247.com.ar\/wp-content\/uploads\/2024\/05\/unnamed-41.jpg","type":"image\/jpeg"}],"author":"Editor","twitter_card":"summary_large_image","twitter_misc":{"Escrito por":"Editor","Tiempo de lectura":"2 minutos"},"schema":{"@context":"https:\/\/schema.org","@graph":[{"@type":"Article","@id":"https:\/\/infopba247.com.ar\/index.php\/2024\/05\/24\/alak-y-alvarez-rodriguez-acordaron-tramitar-el-dni-en-las-delegaciones-comunales-de-la-plata\/#article","isPartOf":{"@id":"https:\/\/infopba247.com.ar\/index.php\/2024\/05\/24\/alak-y-alvarez-rodriguez-acordaron-tramitar-el-dni-en-las-delegaciones-comunales-de-la-plata\/"},"author":{"name":"Editor","@id":"https:\/\/infopba247.com.ar\/#\/schema\/person\/4975f1343a413e57bf839b3eed0099f2"},"headline":"Alak y Alvarez Rodr\u00edguez acordaron tramitar el DNI en las delegaciones comunales de La Plata","datePublished":"2024-05-24T15:20:02+00:00","mainEntityOfPage":{"@id":"https:\/\/infopba247.com.ar\/index.php\/2024\/05\/24\/alak-y-alvarez-rodriguez-acordaron-tramitar-el-dni-en-las-delegaciones-comunales-de-la-plata\/"},"wordCount":451,"publisher":{"@id":"https:\/\/infopba247.com.ar\/#organization"},"image":{"@id":"https:\/\/infopba247.com.ar\/index.php\/2024\/05\/24\/alak-y-alvarez-rodriguez-acordaron-tramitar-el-dni-en-las-delegaciones-comunales-de-la-plata\/#primaryimage"},"thumbnailUrl":"https:\/\/infopba247.com.ar\/wp-content\/uploads\/2024\/05\/unnamed-41.jpg","articleSection":["8va Secci\u00f3n","Destacadas","Pol\u00edtica"],"inLanguage":"es"},{"@type":"WebPage","@id":"https:\/\/infopba247.com.ar\/index.php\/2024\/05\/24\/alak-y-alvarez-rodriguez-acordaron-tramitar-el-dni-en-las-delegaciones-comunales-de-la-plata\/","url":"https:\/\/infopba247.com.ar\/index.php\/2024\/05\/24\/alak-y-alvarez-rodriguez-acordaron-tramitar-el-dni-en-las-delegaciones-comunales-de-la-plata\/","name":"Alak y Alvarez Rodr\u00edguez acordaron tramitar el DNI en las delegaciones comunales de La Plata - InfoPBA247","isPartOf":{"@id":"https:\/\/infopba247.com.ar\/#website"},"primaryImageOfPage":{"@id":"https:\/\/infopba247.com.ar\/index.php\/2024\/05\/24\/alak-y-alvarez-rodriguez-acordaron-tramitar-el-dni-en-las-delegaciones-comunales-de-la-plata\/#primaryimage"},"image":{"@id":"https:\/\/infopba247.com.ar\/index.php\/2024\/05\/24\/alak-y-alvarez-rodriguez-acordaron-tramitar-el-dni-en-las-delegaciones-comunales-de-la-plata\/#primaryimage"},"thumbnailUrl":"https:\/\/infopba247.com.ar\/wp-content\/uploads\/2024\/05\/unnamed-41.jpg","datePublished":"2024-05-24T15:20:02+00:00","breadcrumb":{"@id":"https:\/\/infopba247.com.ar\/index.php\/2024\/05\/24\/alak-y-alvarez-rodriguez-acordaron-tramitar-el-dni-en-las-delegaciones-comunales-de-la-plata\/#breadcrumb"},"inLanguage":"es","potentialAction":[{"@type":"ReadAction","target":["https:\/\/infopba247.com.ar\/index.php\/2024\/05\/24\/alak-y-alvarez-rodriguez-acordaron-tramitar-el-dni-en-las-delegaciones-comunales-de-la-plata\/"]}]},{"@type":"ImageObject","inLanguage":"es","@id":"https:\/\/infopba247.com.ar\/index.php\/2024\/05\/24\/alak-y-alvarez-rodriguez-acordaron-tramitar-el-dni-en-las-delegaciones-comunales-de-la-plata\/#primaryimage","url":"https:\/\/infopba247.com.ar\/wp-content\/uploads\/2024\/05\/unnamed-41.jpg","contentUrl":"https:\/\/infopba247.com.ar\/wp-content\/uploads\/2024\/05\/unnamed-41.jpg","width":1280,"height":853},{"@type":"BreadcrumbList","@id":"https:\/\/infopba247.com.ar\/index.php\/2024\/05\/24\/alak-y-alvarez-rodriguez-acordaron-tramitar-el-dni-en-las-delegaciones-comunales-de-la-plata\/#breadcrumb","itemListElement":[{"@type":"ListItem","position":1,"name":"Portada","item":"https:\/\/infopba247.com.ar\/"},{"@type":"ListItem","position":2,"name":"Alak y Alvarez Rodr\u00edguez acordaron tramitar el DNI en las delegaciones comunales de La Plata"}]},{"@type":"WebSite","@id":"https:\/\/infopba247.com.ar\/#website","url":"https:\/\/infopba247.com.ar\/","name":"InfoPBA247","description":"Toda la actualidad bonaerense","publisher":{"@id":"https:\/\/infopba247.com.ar\/#organization"},"potentialAction":[{"@type":"SearchAction","target":{"@type":"EntryPoint","urlTemplate":"https:\/\/infopba247.com.ar\/?s={search_term_string}"},"query-input":{"@type":"PropertyValueSpecification","valueRequired":true,"valueName":"search_term_string"}}],"inLanguage":"es"},{"@type":"Organization","@id":"https:\/\/infopba247.com.ar\/#organization","name":"InfoPBA247","url":"https:\/\/infopba247.com.ar\/","logo":{"@type":"ImageObject","inLanguage":"es","@id":"https:\/\/infopba247.com.ar\/#\/schema\/logo\/image\/","url":"https:\/\/infopba247.com.ar\/wp-content\/uploads\/2022\/03\/cropped-InfoPBA247-1.png","contentUrl":"https:\/\/infopba247.com.ar\/wp-content\/uploads\/2022\/03\/cropped-InfoPBA247-1.png","width":500,"height":122,"caption":"InfoPBA247"},"image":{"@id":"https:\/\/infopba247.com.ar\/#\/schema\/logo\/image\/"},"sameAs":["https:\/\/www.facebook.com\/InfoPBA"]},{"@type":"Person","@id":"https:\/\/infopba247.com.ar\/#\/schema\/person\/4975f1343a413e57bf839b3eed0099f2","name":"Editor","image":{"@type":"ImageObject","inLanguage":"es","@id":"https:\/\/secure.gravatar.com\/avatar\/d27fe9520667ca53441d36627a1d6b0fa4a813571ec4803687a7a3a7744685ac?s=96&d=mm&r=g","url":"https:\/\/secure.gravatar.com\/avatar\/d27fe9520667ca53441d36627a1d6b0fa4a813571ec4803687a7a3a7744685ac?s=96&d=mm&r=g","contentUrl":"https:\/\/secure.gravatar.com\/avatar\/d27fe9520667ca53441d36627a1d6b0fa4a813571ec4803687a7a3a7744685ac?s=96&d=mm&r=g","caption":"Editor"},"url":"https:\/\/infopba247.com.ar\/index.php\/author\/editor\/"}]}},"_links":{"self":[{"href":"https:\/\/infopba247.com.ar\/index.php\/wp-json\/wp\/v2\/posts\/4195","targetHints":{"allow":["GET"]}}],"collection":[{"href":"https:\/\/infopba247.com.ar\/index.php\/wp-json\/wp\/v2\/posts"}],"about":[{"href":"https:\/\/infopba247.com.ar\/index.php\/wp-json\/wp\/v2\/types\/post"}],"author":[{"embeddable":true,"href":"https:\/\/infopba247.com.ar\/index.php\/wp-json\/wp\/v2\/users\/3"}],"replies":[{"embeddable":true,"href":"https:\/\/infopba247.com.ar\/index.php\/wp-json\/wp\/v2\/comments?post=4195"}],"version-history":[{"count":1,"href":"https:\/\/infopba247.com.ar\/index.php\/wp-json\/wp\/v2\/posts\/4195\/revisions"}],"predecessor-version":[{"id":4197,"href":"https:\/\/infopba247.com.ar\/index.php\/wp-json\/wp\/v2\/posts\/4195\/revisions\/4197"}],"wp:featuredmedia":[{"embeddable":true,"href":"https:\/\/infopba247.com.ar\/index.php\/wp-json\/wp\/v2\/media\/4196"}],"wp:attachment":[{"href":"https:\/\/infopba247.com.ar\/index.php\/wp-json\/wp\/v2\/media?parent=4195"}],"wp:term":[{"taxonomy":"category","embeddable":true,"href":"https:\/\/infopba247.com.ar\/index.php\/wp-json\/wp\/v2\/categories?post=4195"},{"taxonomy":"post_tag","embeddable":true,"href":"https:\/\/infopba247.com.ar\/index.php\/wp-json\/wp\/v2\/tags?post=4195"}],"curies":[{"name":"wp","href":"https:\/\/api.w.org\/{rel}","templated":true}]}}