{"id":4173,"date":"2024-05-22T11:56:57","date_gmt":"2024-05-22T14:56:57","guid":{"rendered":"https:\/\/infopba247.com.ar\/?p=4173"},"modified":"2024-05-22T11:56:57","modified_gmt":"2024-05-22T14:56:57","slug":"el-municipio-activo-el-programa-de-asistencia-integral-para-personas-en-situacion-de-calle","status":"publish","type":"post","link":"https:\/\/infopba247.com.ar\/index.php\/2024\/05\/22\/el-municipio-activo-el-programa-de-asistencia-integral-para-personas-en-situacion-de-calle\/","title":{"rendered":"El Municipio activ\u00f3 el Programa de Asistencia Integral para Personas en Situaci\u00f3n de Calle"},"content":{"rendered":"\n<p>La iniciativa incluye alojamiento, alimentaci\u00f3n e higienizaci\u00f3n en paradores, viandas, atenci\u00f3n primaria de la salud, asesoramiento, una l\u00ednea de WhatsApp disponible las 24 horas&nbsp; y vinculaci\u00f3n con dependencias gubernamentales.<\/p>\n\n\n\n<p>De cara al invierno y las bajas temperaturas, la Municipalidad de La Plata puso en marcha su Programa de Asistencia Integral para Personas en Situaci\u00f3n de Calle y detall\u00f3 cada uno de los recursos humanos, materiales y log\u00edsticos que intervienen en los operativos.<\/p>\n\n\n\n<p>De esta manera, la gesti\u00f3n del intendente Julio Alak busca abordar la problem\u00e1tica abarcando diversas aristas, con paradores que ofrecen sitios seguros para resguardarse, alimentarse e higienizarse, atenci\u00f3n en salud, asesoramiento profesional y otros servicios.<\/p>\n\n\n\n<p>UN ABORDAJE INTEGRAL<\/p>\n\n\n\n<p>Como parte del programa, el Municipio cuenta con dos paradores nocturnos divididos por g\u00e9nero seg\u00fan la Ley Provincial 13.956 y la Ley de Identidad de G\u00e9nero 25.643, que les proporcionan a quienes lo necesitan la posibilidad de permanecer durante el d\u00eda o pasar la noche, obtener ropa de abrigo, acceder a sanitarios y duchas y recibir desayuno y cena. Actualmente alojan a unas 80 personas.<\/p>\n\n\n\n<p>Adem\u00e1s, durante los meses de fr\u00edo funciona una guardia que est\u00e1 activa de forma permanente y los operadores de calle recorren la ciudad detectando casos para prevenir cualquier situaci\u00f3n vinculada a la salud y la exposici\u00f3n al fr\u00edo. Tambi\u00e9n se refuerza la asistencia alimentaria y se entregan frazadas y ropa de abrigo. Actualmente, unas 120 personas reciben asistencia municipal en la calle.<\/p>\n\n\n\n<p>Para su correcto funcionamiento, el Municipio dispone adem\u00e1s de una sede central de administraci\u00f3n en 14 entre 54 y 55, donde trabaja el personal encargado de realizar las entrevistas y actas de ingreso y egreso de las personas, generar las constancias de estad\u00eda de quienes acuden al albergue \u00fanicamente a higienizarse y registrar las intervenciones de operadores y profesionales.<\/p>\n\n\n\n<p>Tambi\u00e9n es el lugar donde se desempe\u00f1a la psic\u00f3loga social del programa, preparan las recorridas de relevamiento y asistencia los operadores de calle y en el que se reciben llamados y mensajes para solicitar atenci\u00f3n las 24 horas del d\u00eda, los siete d\u00edas de la semana, al WhatsApp 221 672- 3338.<\/p>\n\n\n\n<p>A su vez, con el fin de transformar y mejorar las posibilidades sociales, familiares, laborales y sanitarias de las personas en situaci\u00f3n de calle, la Municipalidad lleva a cabo distintos proyectos de alfabetizaci\u00f3n y formaci\u00f3n estableciendo v\u00ednculos con centros integrales de d\u00eda.<\/p>\n","protected":false},"excerpt":{"rendered":"<p>La iniciativa incluye alojamiento, alimentaci\u00f3n e higienizaci\u00f3n en paradores, viandas, atenci\u00f3n primaria de la salud, asesoramiento, una l\u00ednea de WhatsApp<\/p>\n","protected":false},"author":3,"featured_media":4169,"comment_status":"closed","ping_status":"closed","sticky":false,"template":"","format":"standard","meta":{"colormag_page_container_layout":"default_layout","colormag_page_sidebar_layout":"default_layout","footnotes":""},"categories":[12,1,14],"tags":[],"class_list":["post-4173","post","type-post","status-publish","format-standard","has-post-thumbnail","hentry","category-8va-seccion","category-destacadas","category-politica"],"yoast_head":"<!-- This site is optimized with the Yoast SEO plugin v27.4 - https:\/\/yoast.com\/product\/yoast-seo-wordpress\/ -->\n<title>El Municipio activ\u00f3 el Programa de Asistencia Integral para Personas en Situaci\u00f3n de Calle - InfoPBA247<\/title>\n<meta name=\"robots\" content=\"index, follow, max-snippet:-1, max-image-preview:large, max-video-preview:-1\" \/>\n<link rel=\"canonical\" href=\"https:\/\/infopba247.com.ar\/index.php\/2024\/05\/22\/el-municipio-activo-el-programa-de-asistencia-integral-para-personas-en-situacion-de-calle\/\" \/>\n<meta property=\"og:locale\" content=\"es_ES\" \/>\n<meta property=\"og:type\" content=\"article\" \/>\n<meta property=\"og:title\" content=\"El Municipio activ\u00f3 el Programa de Asistencia Integral para Personas en Situaci\u00f3n de Calle - InfoPBA247\" \/>\n<meta property=\"og:description\" content=\"La iniciativa incluye alojamiento, alimentaci\u00f3n e higienizaci\u00f3n en paradores, viandas, atenci\u00f3n primaria de la salud, asesoramiento, una l\u00ednea de WhatsApp\" \/>\n<meta property=\"og:url\" content=\"https:\/\/infopba247.com.ar\/index.php\/2024\/05\/22\/el-municipio-activo-el-programa-de-asistencia-integral-para-personas-en-situacion-de-calle\/\" \/>\n<meta property=\"og:site_name\" content=\"InfoPBA247\" \/>\n<meta property=\"article:publisher\" content=\"https:\/\/www.facebook.com\/InfoPBA\" \/>\n<meta property=\"article:published_time\" content=\"2024-05-22T14:56:57+00:00\" \/>\n<meta property=\"og:image\" content=\"https:\/\/infopba247.com.ar\/wp-content\/uploads\/2024\/05\/unnamed-38.jpg\" \/>\n\t<meta property=\"og:image:width\" content=\"1024\" \/>\n\t<meta property=\"og:image:height\" content=\"512\" \/>\n\t<meta property=\"og:image:type\" content=\"image\/jpeg\" \/>\n<meta name=\"author\" content=\"Editor\" \/>\n<meta name=\"twitter:card\" content=\"summary_large_image\" \/>\n<meta name=\"twitter:label1\" content=\"Escrito por\" \/>\n\t<meta name=\"twitter:data1\" content=\"Editor\" \/>\n\t<meta name=\"twitter:label2\" content=\"Tiempo de lectura\" \/>\n\t<meta name=\"twitter:data2\" content=\"2 minutos\" \/>\n<script type=\"application\/ld+json\" class=\"yoast-schema-graph\">{\"@context\":\"https:\\\/\\\/schema.org\",\"@graph\":[{\"@type\":\"Article\",\"@id\":\"https:\\\/\\\/infopba247.com.ar\\\/index.php\\\/2024\\\/05\\\/22\\\/el-municipio-activo-el-programa-de-asistencia-integral-para-personas-en-situacion-de-calle\\\/#article\",\"isPartOf\":{\"@id\":\"https:\\\/\\\/infopba247.com.ar\\\/index.php\\\/2024\\\/05\\\/22\\\/el-municipio-activo-el-programa-de-asistencia-integral-para-personas-en-situacion-de-calle\\\/\"},\"author\":{\"name\":\"Editor\",\"@id\":\"https:\\\/\\\/infopba247.com.ar\\\/#\\\/schema\\\/person\\\/4975f1343a413e57bf839b3eed0099f2\"},\"headline\":\"El Municipio activ\u00f3 el Programa de Asistencia Integral para Personas en Situaci\u00f3n de Calle\",\"datePublished\":\"2024-05-22T14:56:57+00:00\",\"mainEntityOfPage\":{\"@id\":\"https:\\\/\\\/infopba247.com.ar\\\/index.php\\\/2024\\\/05\\\/22\\\/el-municipio-activo-el-programa-de-asistencia-integral-para-personas-en-situacion-de-calle\\\/\"},\"wordCount\":428,\"publisher\":{\"@id\":\"https:\\\/\\\/infopba247.com.ar\\\/#organization\"},\"image\":{\"@id\":\"https:\\\/\\\/infopba247.com.ar\\\/index.php\\\/2024\\\/05\\\/22\\\/el-municipio-activo-el-programa-de-asistencia-integral-para-personas-en-situacion-de-calle\\\/#primaryimage\"},\"thumbnailUrl\":\"https:\\\/\\\/infopba247.com.ar\\\/wp-content\\\/uploads\\\/2024\\\/05\\\/unnamed-38.jpg\",\"articleSection\":[\"8va Secci\u00f3n\",\"Destacadas\",\"Pol\u00edtica\"],\"inLanguage\":\"es\"},{\"@type\":\"WebPage\",\"@id\":\"https:\\\/\\\/infopba247.com.ar\\\/index.php\\\/2024\\\/05\\\/22\\\/el-municipio-activo-el-programa-de-asistencia-integral-para-personas-en-situacion-de-calle\\\/\",\"url\":\"https:\\\/\\\/infopba247.com.ar\\\/index.php\\\/2024\\\/05\\\/22\\\/el-municipio-activo-el-programa-de-asistencia-integral-para-personas-en-situacion-de-calle\\\/\",\"name\":\"El Municipio activ\u00f3 el Programa de Asistencia Integral para Personas en Situaci\u00f3n de Calle - InfoPBA247\",\"isPartOf\":{\"@id\":\"https:\\\/\\\/infopba247.com.ar\\\/#website\"},\"primaryImageOfPage\":{\"@id\":\"https:\\\/\\\/infopba247.com.ar\\\/index.php\\\/2024\\\/05\\\/22\\\/el-municipio-activo-el-programa-de-asistencia-integral-para-personas-en-situacion-de-calle\\\/#primaryimage\"},\"image\":{\"@id\":\"https:\\\/\\\/infopba247.com.ar\\\/index.php\\\/2024\\\/05\\\/22\\\/el-municipio-activo-el-programa-de-asistencia-integral-para-personas-en-situacion-de-calle\\\/#primaryimage\"},\"thumbnailUrl\":\"https:\\\/\\\/infopba247.com.ar\\\/wp-content\\\/uploads\\\/2024\\\/05\\\/unnamed-38.jpg\",\"datePublished\":\"2024-05-22T14:56:57+00:00\",\"breadcrumb\":{\"@id\":\"https:\\\/\\\/infopba247.com.ar\\\/index.php\\\/2024\\\/05\\\/22\\\/el-municipio-activo-el-programa-de-asistencia-integral-para-personas-en-situacion-de-calle\\\/#breadcrumb\"},\"inLanguage\":\"es\",\"potentialAction\":[{\"@type\":\"ReadAction\",\"target\":[\"https:\\\/\\\/infopba247.com.ar\\\/index.php\\\/2024\\\/05\\\/22\\\/el-municipio-activo-el-programa-de-asistencia-integral-para-personas-en-situacion-de-calle\\\/\"]}]},{\"@type\":\"ImageObject\",\"inLanguage\":\"es\",\"@id\":\"https:\\\/\\\/infopba247.com.ar\\\/index.php\\\/2024\\\/05\\\/22\\\/el-municipio-activo-el-programa-de-asistencia-integral-para-personas-en-situacion-de-calle\\\/#primaryimage\",\"url\":\"https:\\\/\\\/infopba247.com.ar\\\/wp-content\\\/uploads\\\/2024\\\/05\\\/unnamed-38.jpg\",\"contentUrl\":\"https:\\\/\\\/infopba247.com.ar\\\/wp-content\\\/uploads\\\/2024\\\/05\\\/unnamed-38.jpg\",\"width\":1024,\"height\":512},{\"@type\":\"BreadcrumbList\",\"@id\":\"https:\\\/\\\/infopba247.com.ar\\\/index.php\\\/2024\\\/05\\\/22\\\/el-municipio-activo-el-programa-de-asistencia-integral-para-personas-en-situacion-de-calle\\\/#breadcrumb\",\"itemListElement\":[{\"@type\":\"ListItem\",\"position\":1,\"name\":\"Portada\",\"item\":\"https:\\\/\\\/infopba247.com.ar\\\/\"},{\"@type\":\"ListItem\",\"position\":2,\"name\":\"El Municipio activ\u00f3 el Programa de Asistencia Integral para Personas en Situaci\u00f3n de Calle\"}]},{\"@type\":\"WebSite\",\"@id\":\"https:\\\/\\\/infopba247.com.ar\\\/#website\",\"url\":\"https:\\\/\\\/infopba247.com.ar\\\/\",\"name\":\"InfoPBA247\",\"description\":\"Toda la actualidad bonaerense\",\"publisher\":{\"@id\":\"https:\\\/\\\/infopba247.com.ar\\\/#organization\"},\"potentialAction\":[{\"@type\":\"SearchAction\",\"target\":{\"@type\":\"EntryPoint\",\"urlTemplate\":\"https:\\\/\\\/infopba247.com.ar\\\/?s={search_term_string}\"},\"query-input\":{\"@type\":\"PropertyValueSpecification\",\"valueRequired\":true,\"valueName\":\"search_term_string\"}}],\"inLanguage\":\"es\"},{\"@type\":\"Organization\",\"@id\":\"https:\\\/\\\/infopba247.com.ar\\\/#organization\",\"name\":\"InfoPBA247\",\"url\":\"https:\\\/\\\/infopba247.com.ar\\\/\",\"logo\":{\"@type\":\"ImageObject\",\"inLanguage\":\"es\",\"@id\":\"https:\\\/\\\/infopba247.com.ar\\\/#\\\/schema\\\/logo\\\/image\\\/\",\"url\":\"https:\\\/\\\/infopba247.com.ar\\\/wp-content\\\/uploads\\\/2022\\\/03\\\/cropped-InfoPBA247-1.png\",\"contentUrl\":\"https:\\\/\\\/infopba247.com.ar\\\/wp-content\\\/uploads\\\/2022\\\/03\\\/cropped-InfoPBA247-1.png\",\"width\":500,\"height\":122,\"caption\":\"InfoPBA247\"},\"image\":{\"@id\":\"https:\\\/\\\/infopba247.com.ar\\\/#\\\/schema\\\/logo\\\/image\\\/\"},\"sameAs\":[\"https:\\\/\\\/www.facebook.com\\\/InfoPBA\"]},{\"@type\":\"Person\",\"@id\":\"https:\\\/\\\/infopba247.com.ar\\\/#\\\/schema\\\/person\\\/4975f1343a413e57bf839b3eed0099f2\",\"name\":\"Editor\",\"image\":{\"@type\":\"ImageObject\",\"inLanguage\":\"es\",\"@id\":\"https:\\\/\\\/secure.gravatar.com\\\/avatar\\\/d27fe9520667ca53441d36627a1d6b0fa4a813571ec4803687a7a3a7744685ac?s=96&d=mm&r=g\",\"url\":\"https:\\\/\\\/secure.gravatar.com\\\/avatar\\\/d27fe9520667ca53441d36627a1d6b0fa4a813571ec4803687a7a3a7744685ac?s=96&d=mm&r=g\",\"contentUrl\":\"https:\\\/\\\/secure.gravatar.com\\\/avatar\\\/d27fe9520667ca53441d36627a1d6b0fa4a813571ec4803687a7a3a7744685ac?s=96&d=mm&r=g\",\"caption\":\"Editor\"},\"url\":\"https:\\\/\\\/infopba247.com.ar\\\/index.php\\\/author\\\/editor\\\/\"}]}<\/script>\n<!-- \/ Yoast SEO plugin. -->","yoast_head_json":{"title":"El Municipio activ\u00f3 el Programa de Asistencia Integral para Personas en Situaci\u00f3n de Calle - InfoPBA247","robots":{"index":"index","follow":"follow","max-snippet":"max-snippet:-1","max-image-preview":"max-image-preview:large","max-video-preview":"max-video-preview:-1"},"canonical":"https:\/\/infopba247.com.ar\/index.php\/2024\/05\/22\/el-municipio-activo-el-programa-de-asistencia-integral-para-personas-en-situacion-de-calle\/","og_locale":"es_ES","og_type":"article","og_title":"El Municipio activ\u00f3 el Programa de Asistencia Integral para Personas en Situaci\u00f3n de Calle - InfoPBA247","og_description":"La iniciativa incluye alojamiento, alimentaci\u00f3n e higienizaci\u00f3n en paradores, viandas, atenci\u00f3n primaria de la salud, asesoramiento, una l\u00ednea de WhatsApp","og_url":"https:\/\/infopba247.com.ar\/index.php\/2024\/05\/22\/el-municipio-activo-el-programa-de-asistencia-integral-para-personas-en-situacion-de-calle\/","og_site_name":"InfoPBA247","article_publisher":"https:\/\/www.facebook.com\/InfoPBA","article_published_time":"2024-05-22T14:56:57+00:00","og_image":[{"width":1024,"height":512,"url":"https:\/\/infopba247.com.ar\/wp-content\/uploads\/2024\/05\/unnamed-38.jpg","type":"image\/jpeg"}],"author":"Editor","twitter_card":"summary_large_image","twitter_misc":{"Escrito por":"Editor","Tiempo de lectura":"2 minutos"},"schema":{"@context":"https:\/\/schema.org","@graph":[{"@type":"Article","@id":"https:\/\/infopba247.com.ar\/index.php\/2024\/05\/22\/el-municipio-activo-el-programa-de-asistencia-integral-para-personas-en-situacion-de-calle\/#article","isPartOf":{"@id":"https:\/\/infopba247.com.ar\/index.php\/2024\/05\/22\/el-municipio-activo-el-programa-de-asistencia-integral-para-personas-en-situacion-de-calle\/"},"author":{"name":"Editor","@id":"https:\/\/infopba247.com.ar\/#\/schema\/person\/4975f1343a413e57bf839b3eed0099f2"},"headline":"El Municipio activ\u00f3 el Programa de Asistencia Integral para Personas en Situaci\u00f3n de Calle","datePublished":"2024-05-22T14:56:57+00:00","mainEntityOfPage":{"@id":"https:\/\/infopba247.com.ar\/index.php\/2024\/05\/22\/el-municipio-activo-el-programa-de-asistencia-integral-para-personas-en-situacion-de-calle\/"},"wordCount":428,"publisher":{"@id":"https:\/\/infopba247.com.ar\/#organization"},"image":{"@id":"https:\/\/infopba247.com.ar\/index.php\/2024\/05\/22\/el-municipio-activo-el-programa-de-asistencia-integral-para-personas-en-situacion-de-calle\/#primaryimage"},"thumbnailUrl":"https:\/\/infopba247.com.ar\/wp-content\/uploads\/2024\/05\/unnamed-38.jpg","articleSection":["8va Secci\u00f3n","Destacadas","Pol\u00edtica"],"inLanguage":"es"},{"@type":"WebPage","@id":"https:\/\/infopba247.com.ar\/index.php\/2024\/05\/22\/el-municipio-activo-el-programa-de-asistencia-integral-para-personas-en-situacion-de-calle\/","url":"https:\/\/infopba247.com.ar\/index.php\/2024\/05\/22\/el-municipio-activo-el-programa-de-asistencia-integral-para-personas-en-situacion-de-calle\/","name":"El Municipio activ\u00f3 el Programa de Asistencia Integral para Personas en Situaci\u00f3n de Calle - InfoPBA247","isPartOf":{"@id":"https:\/\/infopba247.com.ar\/#website"},"primaryImageOfPage":{"@id":"https:\/\/infopba247.com.ar\/index.php\/2024\/05\/22\/el-municipio-activo-el-programa-de-asistencia-integral-para-personas-en-situacion-de-calle\/#primaryimage"},"image":{"@id":"https:\/\/infopba247.com.ar\/index.php\/2024\/05\/22\/el-municipio-activo-el-programa-de-asistencia-integral-para-personas-en-situacion-de-calle\/#primaryimage"},"thumbnailUrl":"https:\/\/infopba247.com.ar\/wp-content\/uploads\/2024\/05\/unnamed-38.jpg","datePublished":"2024-05-22T14:56:57+00:00","breadcrumb":{"@id":"https:\/\/infopba247.com.ar\/index.php\/2024\/05\/22\/el-municipio-activo-el-programa-de-asistencia-integral-para-personas-en-situacion-de-calle\/#breadcrumb"},"inLanguage":"es","potentialAction":[{"@type":"ReadAction","target":["https:\/\/infopba247.com.ar\/index.php\/2024\/05\/22\/el-municipio-activo-el-programa-de-asistencia-integral-para-personas-en-situacion-de-calle\/"]}]},{"@type":"ImageObject","inLanguage":"es","@id":"https:\/\/infopba247.com.ar\/index.php\/2024\/05\/22\/el-municipio-activo-el-programa-de-asistencia-integral-para-personas-en-situacion-de-calle\/#primaryimage","url":"https:\/\/infopba247.com.ar\/wp-content\/uploads\/2024\/05\/unnamed-38.jpg","contentUrl":"https:\/\/infopba247.com.ar\/wp-content\/uploads\/2024\/05\/unnamed-38.jpg","width":1024,"height":512},{"@type":"BreadcrumbList","@id":"https:\/\/infopba247.com.ar\/index.php\/2024\/05\/22\/el-municipio-activo-el-programa-de-asistencia-integral-para-personas-en-situacion-de-calle\/#breadcrumb","itemListElement":[{"@type":"ListItem","position":1,"name":"Portada","item":"https:\/\/infopba247.com.ar\/"},{"@type":"ListItem","position":2,"name":"El Municipio activ\u00f3 el Programa de Asistencia Integral para Personas en Situaci\u00f3n de Calle"}]},{"@type":"WebSite","@id":"https:\/\/infopba247.com.ar\/#website","url":"https:\/\/infopba247.com.ar\/","name":"InfoPBA247","description":"Toda la actualidad bonaerense","publisher":{"@id":"https:\/\/infopba247.com.ar\/#organization"},"potentialAction":[{"@type":"SearchAction","target":{"@type":"EntryPoint","urlTemplate":"https:\/\/infopba247.com.ar\/?s={search_term_string}"},"query-input":{"@type":"PropertyValueSpecification","valueRequired":true,"valueName":"search_term_string"}}],"inLanguage":"es"},{"@type":"Organization","@id":"https:\/\/infopba247.com.ar\/#organization","name":"InfoPBA247","url":"https:\/\/infopba247.com.ar\/","logo":{"@type":"ImageObject","inLanguage":"es","@id":"https:\/\/infopba247.com.ar\/#\/schema\/logo\/image\/","url":"https:\/\/infopba247.com.ar\/wp-content\/uploads\/2022\/03\/cropped-InfoPBA247-1.png","contentUrl":"https:\/\/infopba247.com.ar\/wp-content\/uploads\/2022\/03\/cropped-InfoPBA247-1.png","width":500,"height":122,"caption":"InfoPBA247"},"image":{"@id":"https:\/\/infopba247.com.ar\/#\/schema\/logo\/image\/"},"sameAs":["https:\/\/www.facebook.com\/InfoPBA"]},{"@type":"Person","@id":"https:\/\/infopba247.com.ar\/#\/schema\/person\/4975f1343a413e57bf839b3eed0099f2","name":"Editor","image":{"@type":"ImageObject","inLanguage":"es","@id":"https:\/\/secure.gravatar.com\/avatar\/d27fe9520667ca53441d36627a1d6b0fa4a813571ec4803687a7a3a7744685ac?s=96&d=mm&r=g","url":"https:\/\/secure.gravatar.com\/avatar\/d27fe9520667ca53441d36627a1d6b0fa4a813571ec4803687a7a3a7744685ac?s=96&d=mm&r=g","contentUrl":"https:\/\/secure.gravatar.com\/avatar\/d27fe9520667ca53441d36627a1d6b0fa4a813571ec4803687a7a3a7744685ac?s=96&d=mm&r=g","caption":"Editor"},"url":"https:\/\/infopba247.com.ar\/index.php\/author\/editor\/"}]}},"_links":{"self":[{"href":"https:\/\/infopba247.com.ar\/index.php\/wp-json\/wp\/v2\/posts\/4173","targetHints":{"allow":["GET"]}}],"collection":[{"href":"https:\/\/infopba247.com.ar\/index.php\/wp-json\/wp\/v2\/posts"}],"about":[{"href":"https:\/\/infopba247.com.ar\/index.php\/wp-json\/wp\/v2\/types\/post"}],"author":[{"embeddable":true,"href":"https:\/\/infopba247.com.ar\/index.php\/wp-json\/wp\/v2\/users\/3"}],"replies":[{"embeddable":true,"href":"https:\/\/infopba247.com.ar\/index.php\/wp-json\/wp\/v2\/comments?post=4173"}],"version-history":[{"count":1,"href":"https:\/\/infopba247.com.ar\/index.php\/wp-json\/wp\/v2\/posts\/4173\/revisions"}],"predecessor-version":[{"id":4174,"href":"https:\/\/infopba247.com.ar\/index.php\/wp-json\/wp\/v2\/posts\/4173\/revisions\/4174"}],"wp:featuredmedia":[{"embeddable":true,"href":"https:\/\/infopba247.com.ar\/index.php\/wp-json\/wp\/v2\/media\/4169"}],"wp:attachment":[{"href":"https:\/\/infopba247.com.ar\/index.php\/wp-json\/wp\/v2\/media?parent=4173"}],"wp:term":[{"taxonomy":"category","embeddable":true,"href":"https:\/\/infopba247.com.ar\/index.php\/wp-json\/wp\/v2\/categories?post=4173"},{"taxonomy":"post_tag","embeddable":true,"href":"https:\/\/infopba247.com.ar\/index.php\/wp-json\/wp\/v2\/tags?post=4173"}],"curies":[{"name":"wp","href":"https:\/\/api.w.org\/{rel}","templated":true}]}}