{"id":4163,"date":"2024-05-21T12:27:49","date_gmt":"2024-05-21T15:27:49","guid":{"rendered":"https:\/\/infopba247.com.ar\/?p=4163"},"modified":"2024-05-21T12:27:50","modified_gmt":"2024-05-21T15:27:50","slug":"el-yunque-la-cooperativa-de-trabajo-fundada-por-ex-companeros-de-colegio-que-hoy-embellece-las-calles-de-moreno","status":"publish","type":"post","link":"https:\/\/infopba247.com.ar\/index.php\/2024\/05\/21\/el-yunque-la-cooperativa-de-trabajo-fundada-por-ex-companeros-de-colegio-que-hoy-embellece-las-calles-de-moreno\/","title":{"rendered":"El Yunque, la cooperativa de trabajo fundada por ex compa\u00f1eros de colegio que hoy embellece las calles de Moreno"},"content":{"rendered":"\n<p>Motivados por el amor a su territorio, y con la premisa de sostener una forma de trabajo comunitaria y horizontal que ponga en primer lugar el bienestar de los trabajadores, la cooperativa de construcci\u00f3n el yunque que comenz\u00f3 como el sue\u00f1o de un grupo de&nbsp; ex compa\u00f1eros de colegio, hoy re\u00fane a m\u00e1s de 50 trabajadores.<\/p>\n\n\n\n<p>Corr\u00eda el a\u00f1o 2006, cuando Maximiliano Sanchez, Leandro Ferreyra, y Fabian Degani, terminaron sus estudios secundarios en la escuela media n\u00famero 10 de Moreno. Como muchos otros j\u00f3venes del conurbano bonaerense r\u00e1pidamente comenzaron a buscar trabajo, y perfeccionarse en distintos oficios que les permitieran ganarse la vida. Leandro se dedic\u00f3 a la herrer\u00eda, Maximiliano y Fabian a la construcci\u00f3n.<\/p>\n\n\n\n<p>En el 2017&nbsp; durante el gobierno de Mauricio Macri, la situaci\u00f3n econ\u00f3mica se complic\u00f3 y estos ex compa\u00f1eros de colegio decidieron reencontrarse para buscar una salida entre todos. La uni\u00f3n hace la fuerza, dice el dicho, y Maximiliano expresa al respecto \u201c Nos empezamos a agrupar para hacer algunas changas juntos, la cosa estaba complicada econ\u00f3micamente. Nos apoyamos entre nosotros como para poder agarrar m\u00e1s trabajos.\u201d En el camino se fueron sumando otros, como Julio que vino de Santiago del Estero. Matias, y Sebastian con quienes tambi\u00e9n hab\u00edan estudiado juntos.<\/p>\n\n\n\n<p>En el 2020, empezaron a indagar e interesarse por&nbsp; el trabajo cooperativo. Estos amigos que se hab\u00edan juntado solidariamente para compartir el trabajo cotidiano, estaban decididos a no trabajar m\u00e1s bajo relaci\u00f3n de dependencia. Hab\u00edan descubierto que organiz\u00e1ndose pod\u00edan crecer laboralmente, pero todav\u00eda no imaginaban cu\u00e1nto.<\/p>\n\n\n\n<p>As\u00ed fue que se acercaron al IMDEL, que es el&nbsp; Instituto Municipal de Desarrollo Econ\u00f3mico Local. Un organismo que depende del Municipio de Moreno,&nbsp; y cumple un rol muy importante en el fomento al trabajo cooperativo, potenciando emprendedores, impulsando ferias, brindando talleres y cursos de capacitaci\u00f3n laboral, entre muchas otras tareas. \u201cNos dieron una mano enorme. En el 2021 nos entregaron la matr\u00edcula como cooperativa. Eso fue un punto de partida y un quiebre para poder empezar a formalizarnos, y poder agarrar trabajos m\u00e1s importantes\u201d, explica Maximiliano.<\/p>\n\n\n\n<p>Desde ese momento, la cooperativa realiza distintos tipos de obras para el Municipio de Moreno, hoy gobernado por la intendenta Mariel Fernandez, quien fue reelecta en el a\u00f1o 2023, e impulsa desde su gesti\u00f3n el trabajo cooperativo local, as\u00ed como el fomento a la radicaci\u00f3n de pymes, e industrias en el territorio. \u201cNos pudimos hacer proveedores del municipio, al principio era todo a pulm\u00f3n, \u00edbamos comprando d\u00eda a d\u00eda los materiales. Arrancamos con seis compa\u00f1eros, y despu\u00e9s de a poco se fueron sumando m\u00e1s, fueron surgiendo nuevas tareas. Empezamos con el tema de las veredas, y el mobiliario urbano, empezamos a hacer los bancos de hormig\u00f3n que la \u00fanica que lo comercializaba ac\u00e1 era una empresa de capital que cobraba fortuna, nosotros por un 40 % del valor lo hac\u00edamos\u201d.<\/p>\n","protected":false},"excerpt":{"rendered":"<p>Motivados por el amor a su territorio, y con la premisa de sostener una forma de trabajo comunitaria y horizontal<\/p>\n","protected":false},"author":3,"featured_media":4156,"comment_status":"closed","ping_status":"closed","sticky":false,"template":"","format":"standard","meta":{"colormag_page_container_layout":"default_layout","colormag_page_sidebar_layout":"default_layout","footnotes":""},"categories":[5,1,14],"tags":[],"class_list":["post-4163","post","type-post","status-publish","format-standard","has-post-thumbnail","hentry","category-1ra-seccion","category-destacadas","category-politica"],"yoast_head":"<!-- This site is optimized with the Yoast SEO plugin v27.4 - https:\/\/yoast.com\/product\/yoast-seo-wordpress\/ -->\n<title>El Yunque, la cooperativa de trabajo fundada por ex compa\u00f1eros de colegio que hoy embellece las calles de Moreno - InfoPBA247<\/title>\n<meta name=\"robots\" content=\"index, follow, max-snippet:-1, max-image-preview:large, max-video-preview:-1\" \/>\n<link rel=\"canonical\" href=\"https:\/\/infopba247.com.ar\/index.php\/2024\/05\/21\/el-yunque-la-cooperativa-de-trabajo-fundada-por-ex-companeros-de-colegio-que-hoy-embellece-las-calles-de-moreno\/\" \/>\n<meta property=\"og:locale\" content=\"es_ES\" \/>\n<meta property=\"og:type\" content=\"article\" \/>\n<meta property=\"og:title\" content=\"El Yunque, la cooperativa de trabajo fundada por ex compa\u00f1eros de colegio que hoy embellece las calles de Moreno - InfoPBA247\" \/>\n<meta property=\"og:description\" content=\"Motivados por el amor a su territorio, y con la premisa de sostener una forma de trabajo comunitaria y horizontal\" \/>\n<meta property=\"og:url\" content=\"https:\/\/infopba247.com.ar\/index.php\/2024\/05\/21\/el-yunque-la-cooperativa-de-trabajo-fundada-por-ex-companeros-de-colegio-que-hoy-embellece-las-calles-de-moreno\/\" \/>\n<meta property=\"og:site_name\" content=\"InfoPBA247\" \/>\n<meta property=\"article:publisher\" content=\"https:\/\/www.facebook.com\/InfoPBA\" \/>\n<meta property=\"article:published_time\" content=\"2024-05-21T15:27:49+00:00\" \/>\n<meta property=\"article:modified_time\" content=\"2024-05-21T15:27:50+00:00\" \/>\n<meta property=\"og:image\" content=\"https:\/\/infopba247.com.ar\/wp-content\/uploads\/2024\/05\/WhatsApp-Image-2024-05-21-at-09.13.14-2-800x445-1.jpeg\" \/>\n\t<meta property=\"og:image:width\" content=\"800\" \/>\n\t<meta property=\"og:image:height\" content=\"445\" \/>\n\t<meta property=\"og:image:type\" content=\"image\/jpeg\" \/>\n<meta name=\"author\" content=\"Editor\" \/>\n<meta name=\"twitter:card\" content=\"summary_large_image\" \/>\n<meta name=\"twitter:label1\" content=\"Escrito por\" \/>\n\t<meta name=\"twitter:data1\" content=\"Editor\" \/>\n\t<meta name=\"twitter:label2\" content=\"Tiempo de lectura\" \/>\n\t<meta name=\"twitter:data2\" content=\"3 minutos\" \/>\n<script type=\"application\/ld+json\" class=\"yoast-schema-graph\">{\"@context\":\"https:\\\/\\\/schema.org\",\"@graph\":[{\"@type\":\"Article\",\"@id\":\"https:\\\/\\\/infopba247.com.ar\\\/index.php\\\/2024\\\/05\\\/21\\\/el-yunque-la-cooperativa-de-trabajo-fundada-por-ex-companeros-de-colegio-que-hoy-embellece-las-calles-de-moreno\\\/#article\",\"isPartOf\":{\"@id\":\"https:\\\/\\\/infopba247.com.ar\\\/index.php\\\/2024\\\/05\\\/21\\\/el-yunque-la-cooperativa-de-trabajo-fundada-por-ex-companeros-de-colegio-que-hoy-embellece-las-calles-de-moreno\\\/\"},\"author\":{\"name\":\"Editor\",\"@id\":\"https:\\\/\\\/infopba247.com.ar\\\/#\\\/schema\\\/person\\\/4975f1343a413e57bf839b3eed0099f2\"},\"headline\":\"El Yunque, la cooperativa de trabajo fundada por ex compa\u00f1eros de colegio que hoy embellece las calles de Moreno\",\"datePublished\":\"2024-05-21T15:27:49+00:00\",\"dateModified\":\"2024-05-21T15:27:50+00:00\",\"mainEntityOfPage\":{\"@id\":\"https:\\\/\\\/infopba247.com.ar\\\/index.php\\\/2024\\\/05\\\/21\\\/el-yunque-la-cooperativa-de-trabajo-fundada-por-ex-companeros-de-colegio-que-hoy-embellece-las-calles-de-moreno\\\/\"},\"wordCount\":526,\"publisher\":{\"@id\":\"https:\\\/\\\/infopba247.com.ar\\\/#organization\"},\"image\":{\"@id\":\"https:\\\/\\\/infopba247.com.ar\\\/index.php\\\/2024\\\/05\\\/21\\\/el-yunque-la-cooperativa-de-trabajo-fundada-por-ex-companeros-de-colegio-que-hoy-embellece-las-calles-de-moreno\\\/#primaryimage\"},\"thumbnailUrl\":\"https:\\\/\\\/infopba247.com.ar\\\/wp-content\\\/uploads\\\/2024\\\/05\\\/WhatsApp-Image-2024-05-21-at-09.13.14-2-800x445-1.jpeg\",\"articleSection\":[\"1ra Secci\u00f3n\",\"Destacadas\",\"Pol\u00edtica\"],\"inLanguage\":\"es\"},{\"@type\":\"WebPage\",\"@id\":\"https:\\\/\\\/infopba247.com.ar\\\/index.php\\\/2024\\\/05\\\/21\\\/el-yunque-la-cooperativa-de-trabajo-fundada-por-ex-companeros-de-colegio-que-hoy-embellece-las-calles-de-moreno\\\/\",\"url\":\"https:\\\/\\\/infopba247.com.ar\\\/index.php\\\/2024\\\/05\\\/21\\\/el-yunque-la-cooperativa-de-trabajo-fundada-por-ex-companeros-de-colegio-que-hoy-embellece-las-calles-de-moreno\\\/\",\"name\":\"El Yunque, la cooperativa de trabajo fundada por ex compa\u00f1eros de colegio que hoy embellece las calles de Moreno - InfoPBA247\",\"isPartOf\":{\"@id\":\"https:\\\/\\\/infopba247.com.ar\\\/#website\"},\"primaryImageOfPage\":{\"@id\":\"https:\\\/\\\/infopba247.com.ar\\\/index.php\\\/2024\\\/05\\\/21\\\/el-yunque-la-cooperativa-de-trabajo-fundada-por-ex-companeros-de-colegio-que-hoy-embellece-las-calles-de-moreno\\\/#primaryimage\"},\"image\":{\"@id\":\"https:\\\/\\\/infopba247.com.ar\\\/index.php\\\/2024\\\/05\\\/21\\\/el-yunque-la-cooperativa-de-trabajo-fundada-por-ex-companeros-de-colegio-que-hoy-embellece-las-calles-de-moreno\\\/#primaryimage\"},\"thumbnailUrl\":\"https:\\\/\\\/infopba247.com.ar\\\/wp-content\\\/uploads\\\/2024\\\/05\\\/WhatsApp-Image-2024-05-21-at-09.13.14-2-800x445-1.jpeg\",\"datePublished\":\"2024-05-21T15:27:49+00:00\",\"dateModified\":\"2024-05-21T15:27:50+00:00\",\"breadcrumb\":{\"@id\":\"https:\\\/\\\/infopba247.com.ar\\\/index.php\\\/2024\\\/05\\\/21\\\/el-yunque-la-cooperativa-de-trabajo-fundada-por-ex-companeros-de-colegio-que-hoy-embellece-las-calles-de-moreno\\\/#breadcrumb\"},\"inLanguage\":\"es\",\"potentialAction\":[{\"@type\":\"ReadAction\",\"target\":[\"https:\\\/\\\/infopba247.com.ar\\\/index.php\\\/2024\\\/05\\\/21\\\/el-yunque-la-cooperativa-de-trabajo-fundada-por-ex-companeros-de-colegio-que-hoy-embellece-las-calles-de-moreno\\\/\"]}]},{\"@type\":\"ImageObject\",\"inLanguage\":\"es\",\"@id\":\"https:\\\/\\\/infopba247.com.ar\\\/index.php\\\/2024\\\/05\\\/21\\\/el-yunque-la-cooperativa-de-trabajo-fundada-por-ex-companeros-de-colegio-que-hoy-embellece-las-calles-de-moreno\\\/#primaryimage\",\"url\":\"https:\\\/\\\/infopba247.com.ar\\\/wp-content\\\/uploads\\\/2024\\\/05\\\/WhatsApp-Image-2024-05-21-at-09.13.14-2-800x445-1.jpeg\",\"contentUrl\":\"https:\\\/\\\/infopba247.com.ar\\\/wp-content\\\/uploads\\\/2024\\\/05\\\/WhatsApp-Image-2024-05-21-at-09.13.14-2-800x445-1.jpeg\",\"width\":800,\"height\":445},{\"@type\":\"BreadcrumbList\",\"@id\":\"https:\\\/\\\/infopba247.com.ar\\\/index.php\\\/2024\\\/05\\\/21\\\/el-yunque-la-cooperativa-de-trabajo-fundada-por-ex-companeros-de-colegio-que-hoy-embellece-las-calles-de-moreno\\\/#breadcrumb\",\"itemListElement\":[{\"@type\":\"ListItem\",\"position\":1,\"name\":\"Portada\",\"item\":\"https:\\\/\\\/infopba247.com.ar\\\/\"},{\"@type\":\"ListItem\",\"position\":2,\"name\":\"El Yunque, la cooperativa de trabajo fundada por ex compa\u00f1eros de colegio que hoy embellece las calles de Moreno\"}]},{\"@type\":\"WebSite\",\"@id\":\"https:\\\/\\\/infopba247.com.ar\\\/#website\",\"url\":\"https:\\\/\\\/infopba247.com.ar\\\/\",\"name\":\"InfoPBA247\",\"description\":\"Toda la actualidad bonaerense\",\"publisher\":{\"@id\":\"https:\\\/\\\/infopba247.com.ar\\\/#organization\"},\"potentialAction\":[{\"@type\":\"SearchAction\",\"target\":{\"@type\":\"EntryPoint\",\"urlTemplate\":\"https:\\\/\\\/infopba247.com.ar\\\/?s={search_term_string}\"},\"query-input\":{\"@type\":\"PropertyValueSpecification\",\"valueRequired\":true,\"valueName\":\"search_term_string\"}}],\"inLanguage\":\"es\"},{\"@type\":\"Organization\",\"@id\":\"https:\\\/\\\/infopba247.com.ar\\\/#organization\",\"name\":\"InfoPBA247\",\"url\":\"https:\\\/\\\/infopba247.com.ar\\\/\",\"logo\":{\"@type\":\"ImageObject\",\"inLanguage\":\"es\",\"@id\":\"https:\\\/\\\/infopba247.com.ar\\\/#\\\/schema\\\/logo\\\/image\\\/\",\"url\":\"https:\\\/\\\/infopba247.com.ar\\\/wp-content\\\/uploads\\\/2022\\\/03\\\/cropped-InfoPBA247-1.png\",\"contentUrl\":\"https:\\\/\\\/infopba247.com.ar\\\/wp-content\\\/uploads\\\/2022\\\/03\\\/cropped-InfoPBA247-1.png\",\"width\":500,\"height\":122,\"caption\":\"InfoPBA247\"},\"image\":{\"@id\":\"https:\\\/\\\/infopba247.com.ar\\\/#\\\/schema\\\/logo\\\/image\\\/\"},\"sameAs\":[\"https:\\\/\\\/www.facebook.com\\\/InfoPBA\"]},{\"@type\":\"Person\",\"@id\":\"https:\\\/\\\/infopba247.com.ar\\\/#\\\/schema\\\/person\\\/4975f1343a413e57bf839b3eed0099f2\",\"name\":\"Editor\",\"image\":{\"@type\":\"ImageObject\",\"inLanguage\":\"es\",\"@id\":\"https:\\\/\\\/secure.gravatar.com\\\/avatar\\\/d27fe9520667ca53441d36627a1d6b0fa4a813571ec4803687a7a3a7744685ac?s=96&d=mm&r=g\",\"url\":\"https:\\\/\\\/secure.gravatar.com\\\/avatar\\\/d27fe9520667ca53441d36627a1d6b0fa4a813571ec4803687a7a3a7744685ac?s=96&d=mm&r=g\",\"contentUrl\":\"https:\\\/\\\/secure.gravatar.com\\\/avatar\\\/d27fe9520667ca53441d36627a1d6b0fa4a813571ec4803687a7a3a7744685ac?s=96&d=mm&r=g\",\"caption\":\"Editor\"},\"url\":\"https:\\\/\\\/infopba247.com.ar\\\/index.php\\\/author\\\/editor\\\/\"}]}<\/script>\n<!-- \/ Yoast SEO plugin. -->","yoast_head_json":{"title":"El Yunque, la cooperativa de trabajo fundada por ex compa\u00f1eros de colegio que hoy embellece las calles de Moreno - InfoPBA247","robots":{"index":"index","follow":"follow","max-snippet":"max-snippet:-1","max-image-preview":"max-image-preview:large","max-video-preview":"max-video-preview:-1"},"canonical":"https:\/\/infopba247.com.ar\/index.php\/2024\/05\/21\/el-yunque-la-cooperativa-de-trabajo-fundada-por-ex-companeros-de-colegio-que-hoy-embellece-las-calles-de-moreno\/","og_locale":"es_ES","og_type":"article","og_title":"El Yunque, la cooperativa de trabajo fundada por ex compa\u00f1eros de colegio que hoy embellece las calles de Moreno - InfoPBA247","og_description":"Motivados por el amor a su territorio, y con la premisa de sostener una forma de trabajo comunitaria y horizontal","og_url":"https:\/\/infopba247.com.ar\/index.php\/2024\/05\/21\/el-yunque-la-cooperativa-de-trabajo-fundada-por-ex-companeros-de-colegio-que-hoy-embellece-las-calles-de-moreno\/","og_site_name":"InfoPBA247","article_publisher":"https:\/\/www.facebook.com\/InfoPBA","article_published_time":"2024-05-21T15:27:49+00:00","article_modified_time":"2024-05-21T15:27:50+00:00","og_image":[{"width":800,"height":445,"url":"https:\/\/infopba247.com.ar\/wp-content\/uploads\/2024\/05\/WhatsApp-Image-2024-05-21-at-09.13.14-2-800x445-1.jpeg","type":"image\/jpeg"}],"author":"Editor","twitter_card":"summary_large_image","twitter_misc":{"Escrito por":"Editor","Tiempo de lectura":"3 minutos"},"schema":{"@context":"https:\/\/schema.org","@graph":[{"@type":"Article","@id":"https:\/\/infopba247.com.ar\/index.php\/2024\/05\/21\/el-yunque-la-cooperativa-de-trabajo-fundada-por-ex-companeros-de-colegio-que-hoy-embellece-las-calles-de-moreno\/#article","isPartOf":{"@id":"https:\/\/infopba247.com.ar\/index.php\/2024\/05\/21\/el-yunque-la-cooperativa-de-trabajo-fundada-por-ex-companeros-de-colegio-que-hoy-embellece-las-calles-de-moreno\/"},"author":{"name":"Editor","@id":"https:\/\/infopba247.com.ar\/#\/schema\/person\/4975f1343a413e57bf839b3eed0099f2"},"headline":"El Yunque, la cooperativa de trabajo fundada por ex compa\u00f1eros de colegio que hoy embellece las calles de Moreno","datePublished":"2024-05-21T15:27:49+00:00","dateModified":"2024-05-21T15:27:50+00:00","mainEntityOfPage":{"@id":"https:\/\/infopba247.com.ar\/index.php\/2024\/05\/21\/el-yunque-la-cooperativa-de-trabajo-fundada-por-ex-companeros-de-colegio-que-hoy-embellece-las-calles-de-moreno\/"},"wordCount":526,"publisher":{"@id":"https:\/\/infopba247.com.ar\/#organization"},"image":{"@id":"https:\/\/infopba247.com.ar\/index.php\/2024\/05\/21\/el-yunque-la-cooperativa-de-trabajo-fundada-por-ex-companeros-de-colegio-que-hoy-embellece-las-calles-de-moreno\/#primaryimage"},"thumbnailUrl":"https:\/\/infopba247.com.ar\/wp-content\/uploads\/2024\/05\/WhatsApp-Image-2024-05-21-at-09.13.14-2-800x445-1.jpeg","articleSection":["1ra Secci\u00f3n","Destacadas","Pol\u00edtica"],"inLanguage":"es"},{"@type":"WebPage","@id":"https:\/\/infopba247.com.ar\/index.php\/2024\/05\/21\/el-yunque-la-cooperativa-de-trabajo-fundada-por-ex-companeros-de-colegio-que-hoy-embellece-las-calles-de-moreno\/","url":"https:\/\/infopba247.com.ar\/index.php\/2024\/05\/21\/el-yunque-la-cooperativa-de-trabajo-fundada-por-ex-companeros-de-colegio-que-hoy-embellece-las-calles-de-moreno\/","name":"El Yunque, la cooperativa de trabajo fundada por ex compa\u00f1eros de colegio que hoy embellece las calles de Moreno - InfoPBA247","isPartOf":{"@id":"https:\/\/infopba247.com.ar\/#website"},"primaryImageOfPage":{"@id":"https:\/\/infopba247.com.ar\/index.php\/2024\/05\/21\/el-yunque-la-cooperativa-de-trabajo-fundada-por-ex-companeros-de-colegio-que-hoy-embellece-las-calles-de-moreno\/#primaryimage"},"image":{"@id":"https:\/\/infopba247.com.ar\/index.php\/2024\/05\/21\/el-yunque-la-cooperativa-de-trabajo-fundada-por-ex-companeros-de-colegio-que-hoy-embellece-las-calles-de-moreno\/#primaryimage"},"thumbnailUrl":"https:\/\/infopba247.com.ar\/wp-content\/uploads\/2024\/05\/WhatsApp-Image-2024-05-21-at-09.13.14-2-800x445-1.jpeg","datePublished":"2024-05-21T15:27:49+00:00","dateModified":"2024-05-21T15:27:50+00:00","breadcrumb":{"@id":"https:\/\/infopba247.com.ar\/index.php\/2024\/05\/21\/el-yunque-la-cooperativa-de-trabajo-fundada-por-ex-companeros-de-colegio-que-hoy-embellece-las-calles-de-moreno\/#breadcrumb"},"inLanguage":"es","potentialAction":[{"@type":"ReadAction","target":["https:\/\/infopba247.com.ar\/index.php\/2024\/05\/21\/el-yunque-la-cooperativa-de-trabajo-fundada-por-ex-companeros-de-colegio-que-hoy-embellece-las-calles-de-moreno\/"]}]},{"@type":"ImageObject","inLanguage":"es","@id":"https:\/\/infopba247.com.ar\/index.php\/2024\/05\/21\/el-yunque-la-cooperativa-de-trabajo-fundada-por-ex-companeros-de-colegio-que-hoy-embellece-las-calles-de-moreno\/#primaryimage","url":"https:\/\/infopba247.com.ar\/wp-content\/uploads\/2024\/05\/WhatsApp-Image-2024-05-21-at-09.13.14-2-800x445-1.jpeg","contentUrl":"https:\/\/infopba247.com.ar\/wp-content\/uploads\/2024\/05\/WhatsApp-Image-2024-05-21-at-09.13.14-2-800x445-1.jpeg","width":800,"height":445},{"@type":"BreadcrumbList","@id":"https:\/\/infopba247.com.ar\/index.php\/2024\/05\/21\/el-yunque-la-cooperativa-de-trabajo-fundada-por-ex-companeros-de-colegio-que-hoy-embellece-las-calles-de-moreno\/#breadcrumb","itemListElement":[{"@type":"ListItem","position":1,"name":"Portada","item":"https:\/\/infopba247.com.ar\/"},{"@type":"ListItem","position":2,"name":"El Yunque, la cooperativa de trabajo fundada por ex compa\u00f1eros de colegio que hoy embellece las calles de Moreno"}]},{"@type":"WebSite","@id":"https:\/\/infopba247.com.ar\/#website","url":"https:\/\/infopba247.com.ar\/","name":"InfoPBA247","description":"Toda la actualidad bonaerense","publisher":{"@id":"https:\/\/infopba247.com.ar\/#organization"},"potentialAction":[{"@type":"SearchAction","target":{"@type":"EntryPoint","urlTemplate":"https:\/\/infopba247.com.ar\/?s={search_term_string}"},"query-input":{"@type":"PropertyValueSpecification","valueRequired":true,"valueName":"search_term_string"}}],"inLanguage":"es"},{"@type":"Organization","@id":"https:\/\/infopba247.com.ar\/#organization","name":"InfoPBA247","url":"https:\/\/infopba247.com.ar\/","logo":{"@type":"ImageObject","inLanguage":"es","@id":"https:\/\/infopba247.com.ar\/#\/schema\/logo\/image\/","url":"https:\/\/infopba247.com.ar\/wp-content\/uploads\/2022\/03\/cropped-InfoPBA247-1.png","contentUrl":"https:\/\/infopba247.com.ar\/wp-content\/uploads\/2022\/03\/cropped-InfoPBA247-1.png","width":500,"height":122,"caption":"InfoPBA247"},"image":{"@id":"https:\/\/infopba247.com.ar\/#\/schema\/logo\/image\/"},"sameAs":["https:\/\/www.facebook.com\/InfoPBA"]},{"@type":"Person","@id":"https:\/\/infopba247.com.ar\/#\/schema\/person\/4975f1343a413e57bf839b3eed0099f2","name":"Editor","image":{"@type":"ImageObject","inLanguage":"es","@id":"https:\/\/secure.gravatar.com\/avatar\/d27fe9520667ca53441d36627a1d6b0fa4a813571ec4803687a7a3a7744685ac?s=96&d=mm&r=g","url":"https:\/\/secure.gravatar.com\/avatar\/d27fe9520667ca53441d36627a1d6b0fa4a813571ec4803687a7a3a7744685ac?s=96&d=mm&r=g","contentUrl":"https:\/\/secure.gravatar.com\/avatar\/d27fe9520667ca53441d36627a1d6b0fa4a813571ec4803687a7a3a7744685ac?s=96&d=mm&r=g","caption":"Editor"},"url":"https:\/\/infopba247.com.ar\/index.php\/author\/editor\/"}]}},"_links":{"self":[{"href":"https:\/\/infopba247.com.ar\/index.php\/wp-json\/wp\/v2\/posts\/4163","targetHints":{"allow":["GET"]}}],"collection":[{"href":"https:\/\/infopba247.com.ar\/index.php\/wp-json\/wp\/v2\/posts"}],"about":[{"href":"https:\/\/infopba247.com.ar\/index.php\/wp-json\/wp\/v2\/types\/post"}],"author":[{"embeddable":true,"href":"https:\/\/infopba247.com.ar\/index.php\/wp-json\/wp\/v2\/users\/3"}],"replies":[{"embeddable":true,"href":"https:\/\/infopba247.com.ar\/index.php\/wp-json\/wp\/v2\/comments?post=4163"}],"version-history":[{"count":1,"href":"https:\/\/infopba247.com.ar\/index.php\/wp-json\/wp\/v2\/posts\/4163\/revisions"}],"predecessor-version":[{"id":4164,"href":"https:\/\/infopba247.com.ar\/index.php\/wp-json\/wp\/v2\/posts\/4163\/revisions\/4164"}],"wp:featuredmedia":[{"embeddable":true,"href":"https:\/\/infopba247.com.ar\/index.php\/wp-json\/wp\/v2\/media\/4156"}],"wp:attachment":[{"href":"https:\/\/infopba247.com.ar\/index.php\/wp-json\/wp\/v2\/media?parent=4163"}],"wp:term":[{"taxonomy":"category","embeddable":true,"href":"https:\/\/infopba247.com.ar\/index.php\/wp-json\/wp\/v2\/categories?post=4163"},{"taxonomy":"post_tag","embeddable":true,"href":"https:\/\/infopba247.com.ar\/index.php\/wp-json\/wp\/v2\/tags?post=4163"}],"curies":[{"name":"wp","href":"https:\/\/api.w.org\/{rel}","templated":true}]}}