{"id":4151,"date":"2024-05-20T11:30:00","date_gmt":"2024-05-20T14:30:00","guid":{"rendered":"https:\/\/infopba247.com.ar\/?p=4151"},"modified":"2024-05-20T12:30:39","modified_gmt":"2024-05-20T15:30:39","slug":"el-unico-pacto-que-tiene-la-provincia-de-buenos-aires-es-con-su-pueblo","status":"publish","type":"post","link":"https:\/\/infopba247.com.ar\/index.php\/2024\/05\/20\/el-unico-pacto-que-tiene-la-provincia-de-buenos-aires-es-con-su-pueblo\/","title":{"rendered":"\u201cEl \u00fanico pacto que tiene la provincia de Buenos Aires es con su pueblo\u201d"},"content":{"rendered":"\n<p>\u201cLa acci\u00f3n del Gobierno nacional no hay que mirarla en Tik Tok o en Twitter, hay que mirarla en la calle y en los barrios de la provincia: cuando gan\u00f3, Javier Milei era un enigma; cinco meses despu\u00e9s ya sabemos que estamos ante una formidable estafa electoral\u201d, afirm\u00f3 este s\u00e1bado el gobernador Axel Kicillof al encabezar el cierre del plenario de las Multisectoriales y la Militancia \u201cLa Patria no se vende\u201d, frente a m\u00e1s de 35 mil personas en el Polideportivo Thevenet de Florencio Varela.<\/p>\n\n\n\n<p>En ese marco, Kicillof subray\u00f3 que \u201cen la campa\u00f1a Milei asegur\u00f3 que el ajuste lo iba a pagar exclusivamente un peque\u00f1o grupo al que denominaba \u2018la casta\u00b4: hoy vemos que al ajuste lo est\u00e1n pagando los trabajadores, los jubilados y la industria nacional\u201d. \u201cEl resultado de sus pol\u00edticas es una ca\u00edda de los ingresos como vimos pocas veces en la historia: no es una revoluci\u00f3n, es un plan de destrucci\u00f3n del empleo y los derechos\u201d, a\u00f1adi\u00f3.<\/p>\n\n\n\n<p>Adem\u00e1s, el Gobernador resalt\u00f3 que \u201cfrente a los fondos que nos han quitado ilegalmente, ya hemos agotado todas las instancias administrativas y judiciales, por lo que tenemos una sola alternativa en el futuro: ir a reclamar todos juntos por los derechos de las y los bonaerenses\u201d.<\/p>\n\n\n\n<p>\u201cNo es un recorte solo para nuestra provincia, est\u00e1n pensando en un pa\u00eds en el que cada uno se salve como pueda\u201d, expres\u00f3 y manifest\u00f3: \u201cEl federalismo es el punto de partida de nuestro pa\u00eds: a las provincias argentinas les vamos a ofrecer la solidaridad de la provincia de Buenos Aires. No vamos a aceptar la disoluci\u00f3n nacional: el pueblo bonaerense no se salva solo\u201d.<\/p>\n\n\n\n<p>La jornada cont\u00f3 con la participaci\u00f3n de dirigentes pol\u00edticos y representantes de distintos sectores de la comunidad, quienes debatieron en torno a 10 comisiones vinculadas a ejes como la producci\u00f3n, el trabajo, la salud y la educaci\u00f3n, entre otros. Fue el resultado de una serie de encuentros que se llevaron adelante en diferentes localidades bonaerenses a partir del impacto de las pol\u00edticas de ajuste del Gobierno nacional.<\/p>\n\n\n\n<p>\u201cEn el Congreso de la Naci\u00f3n est\u00e1 en tr\u00e1mite la denominada Ley Bases, que ataca a los jubilados y a los trabajadores, y pretende otorgarle s\u00faper poderes a la intolerancia del Presidente\u201d, remarc\u00f3 Kicillof e indic\u00f3: \u201cEn esta jornada se ha dispuesto a marchar cuando se trate en el Senado y oponernos hasta derrumbar una ley que no tiene ni un solo art\u00edculo que beneficie a nuestro pueblo\u201d.<\/p>\n\n\n\n<p>Asimismo, sostuvo que \u201cun pacto implica que diferentes partes se han puesto de acuerdo en algunos elementos despu\u00e9s de instancias de di\u00e1logo: nunca nos llamaron para conversar, lo que pretende el Gobierno nacional es que firmemos la plataforma de Milei\u201d. \u201cNosotros no estamos de acuerdo con esas ideas, as\u00ed que esperamos que lo entiendan bien: el \u00fanico pacto que tiene la provincia de Buenos Aires es con su pueblo\u201d, resalt\u00f3.<\/p>\n\n\n\n<p>\u201cNo se trata de un acuerdo de dirigentes ni producto del marketing, sino de un pacto real que se demuestra todos los d\u00edas trabajando y recorriendo la provincia, con un factor central que consiste en construir una alternativa del campo popular a las pol\u00edticas de hambre, de vaciamiento y de entrega del Gobierno nacional\u201d, concluy\u00f3.<\/p>\n\n\n\n<p>Durante la jornada, Kicillof se reuni\u00f3 junto al diputado nacional Julio Pereyra y el jefe comunal, Andr\u00e9s Watson, con intendentes y dirigentes en la sede del Partido Justicialista de Florencio Varela.<\/p>\n\n\n\n<p>Estuvieron presentes la vicegobernadora Ver\u00f3nica Magario; la madre de Plaza de Mayo Carmen Arias; integrantes del gabinete provincial; legisladores nacionales y provinciales; intendentes bonaerenses; representantes de sindicatos y organizaciones sociales.<\/p>\n","protected":false},"excerpt":{"rendered":"<p>\u201cLa acci\u00f3n del Gobierno nacional no hay que mirarla en Tik Tok o en Twitter, hay que mirarla en la<\/p>\n","protected":false},"author":3,"featured_media":4147,"comment_status":"closed","ping_status":"closed","sticky":false,"template":"","format":"standard","meta":{"colormag_page_container_layout":"default_layout","colormag_page_sidebar_layout":"default_layout","footnotes":""},"categories":[1,14],"tags":[],"class_list":["post-4151","post","type-post","status-publish","format-standard","has-post-thumbnail","hentry","category-destacadas","category-politica"],"yoast_head":"<!-- This site is optimized with the Yoast SEO plugin v27.5 - https:\/\/yoast.com\/product\/yoast-seo-wordpress\/ -->\n<title>\u201cEl \u00fanico pacto que tiene la provincia de Buenos Aires es con su pueblo\u201d - InfoPBA247<\/title>\n<meta name=\"robots\" content=\"index, follow, max-snippet:-1, max-image-preview:large, max-video-preview:-1\" \/>\n<link rel=\"canonical\" href=\"https:\/\/infopba247.com.ar\/index.php\/2024\/05\/20\/el-unico-pacto-que-tiene-la-provincia-de-buenos-aires-es-con-su-pueblo\/\" \/>\n<meta property=\"og:locale\" content=\"es_ES\" \/>\n<meta property=\"og:type\" content=\"article\" \/>\n<meta property=\"og:title\" content=\"\u201cEl \u00fanico pacto que tiene la provincia de Buenos Aires es con su pueblo\u201d - InfoPBA247\" \/>\n<meta property=\"og:description\" content=\"\u201cLa acci\u00f3n del Gobierno nacional no hay que mirarla en Tik Tok o en Twitter, hay que mirarla en la\" \/>\n<meta property=\"og:url\" content=\"https:\/\/infopba247.com.ar\/index.php\/2024\/05\/20\/el-unico-pacto-que-tiene-la-provincia-de-buenos-aires-es-con-su-pueblo\/\" \/>\n<meta property=\"og:site_name\" content=\"InfoPBA247\" \/>\n<meta property=\"article:publisher\" content=\"https:\/\/www.facebook.com\/InfoPBA\" \/>\n<meta property=\"article:published_time\" content=\"2024-05-20T14:30:00+00:00\" \/>\n<meta property=\"article:modified_time\" content=\"2024-05-20T15:30:39+00:00\" \/>\n<meta property=\"og:image\" content=\"https:\/\/infopba247.com.ar\/wp-content\/uploads\/2024\/05\/SGE_9261-scaled.jpg\" \/>\n\t<meta property=\"og:image:width\" content=\"2560\" \/>\n\t<meta property=\"og:image:height\" content=\"1707\" \/>\n\t<meta property=\"og:image:type\" content=\"image\/jpeg\" \/>\n<meta name=\"author\" content=\"Editor\" \/>\n<meta name=\"twitter:card\" content=\"summary_large_image\" \/>\n<meta name=\"twitter:label1\" content=\"Escrito por\" \/>\n\t<meta name=\"twitter:data1\" content=\"Editor\" \/>\n\t<meta name=\"twitter:label2\" content=\"Tiempo de lectura\" \/>\n\t<meta name=\"twitter:data2\" content=\"3 minutos\" \/>\n<script type=\"application\/ld+json\" class=\"yoast-schema-graph\">{\"@context\":\"https:\\\/\\\/schema.org\",\"@graph\":[{\"@type\":\"Article\",\"@id\":\"https:\\\/\\\/infopba247.com.ar\\\/index.php\\\/2024\\\/05\\\/20\\\/el-unico-pacto-que-tiene-la-provincia-de-buenos-aires-es-con-su-pueblo\\\/#article\",\"isPartOf\":{\"@id\":\"https:\\\/\\\/infopba247.com.ar\\\/index.php\\\/2024\\\/05\\\/20\\\/el-unico-pacto-que-tiene-la-provincia-de-buenos-aires-es-con-su-pueblo\\\/\"},\"author\":{\"name\":\"Editor\",\"@id\":\"https:\\\/\\\/infopba247.com.ar\\\/#\\\/schema\\\/person\\\/4975f1343a413e57bf839b3eed0099f2\"},\"headline\":\"\u201cEl \u00fanico pacto que tiene la provincia de Buenos Aires es con su pueblo\u201d\",\"datePublished\":\"2024-05-20T14:30:00+00:00\",\"dateModified\":\"2024-05-20T15:30:39+00:00\",\"mainEntityOfPage\":{\"@id\":\"https:\\\/\\\/infopba247.com.ar\\\/index.php\\\/2024\\\/05\\\/20\\\/el-unico-pacto-que-tiene-la-provincia-de-buenos-aires-es-con-su-pueblo\\\/\"},\"wordCount\":637,\"publisher\":{\"@id\":\"https:\\\/\\\/infopba247.com.ar\\\/#organization\"},\"image\":{\"@id\":\"https:\\\/\\\/infopba247.com.ar\\\/index.php\\\/2024\\\/05\\\/20\\\/el-unico-pacto-que-tiene-la-provincia-de-buenos-aires-es-con-su-pueblo\\\/#primaryimage\"},\"thumbnailUrl\":\"https:\\\/\\\/infopba247.com.ar\\\/wp-content\\\/uploads\\\/2024\\\/05\\\/SGE_9261-scaled.jpg\",\"articleSection\":[\"Destacadas\",\"Pol\u00edtica\"],\"inLanguage\":\"es\"},{\"@type\":\"WebPage\",\"@id\":\"https:\\\/\\\/infopba247.com.ar\\\/index.php\\\/2024\\\/05\\\/20\\\/el-unico-pacto-que-tiene-la-provincia-de-buenos-aires-es-con-su-pueblo\\\/\",\"url\":\"https:\\\/\\\/infopba247.com.ar\\\/index.php\\\/2024\\\/05\\\/20\\\/el-unico-pacto-que-tiene-la-provincia-de-buenos-aires-es-con-su-pueblo\\\/\",\"name\":\"\u201cEl \u00fanico pacto que tiene la provincia de Buenos Aires es con su pueblo\u201d - InfoPBA247\",\"isPartOf\":{\"@id\":\"https:\\\/\\\/infopba247.com.ar\\\/#website\"},\"primaryImageOfPage\":{\"@id\":\"https:\\\/\\\/infopba247.com.ar\\\/index.php\\\/2024\\\/05\\\/20\\\/el-unico-pacto-que-tiene-la-provincia-de-buenos-aires-es-con-su-pueblo\\\/#primaryimage\"},\"image\":{\"@id\":\"https:\\\/\\\/infopba247.com.ar\\\/index.php\\\/2024\\\/05\\\/20\\\/el-unico-pacto-que-tiene-la-provincia-de-buenos-aires-es-con-su-pueblo\\\/#primaryimage\"},\"thumbnailUrl\":\"https:\\\/\\\/infopba247.com.ar\\\/wp-content\\\/uploads\\\/2024\\\/05\\\/SGE_9261-scaled.jpg\",\"datePublished\":\"2024-05-20T14:30:00+00:00\",\"dateModified\":\"2024-05-20T15:30:39+00:00\",\"breadcrumb\":{\"@id\":\"https:\\\/\\\/infopba247.com.ar\\\/index.php\\\/2024\\\/05\\\/20\\\/el-unico-pacto-que-tiene-la-provincia-de-buenos-aires-es-con-su-pueblo\\\/#breadcrumb\"},\"inLanguage\":\"es\",\"potentialAction\":[{\"@type\":\"ReadAction\",\"target\":[\"https:\\\/\\\/infopba247.com.ar\\\/index.php\\\/2024\\\/05\\\/20\\\/el-unico-pacto-que-tiene-la-provincia-de-buenos-aires-es-con-su-pueblo\\\/\"]}]},{\"@type\":\"ImageObject\",\"inLanguage\":\"es\",\"@id\":\"https:\\\/\\\/infopba247.com.ar\\\/index.php\\\/2024\\\/05\\\/20\\\/el-unico-pacto-que-tiene-la-provincia-de-buenos-aires-es-con-su-pueblo\\\/#primaryimage\",\"url\":\"https:\\\/\\\/infopba247.com.ar\\\/wp-content\\\/uploads\\\/2024\\\/05\\\/SGE_9261-scaled.jpg\",\"contentUrl\":\"https:\\\/\\\/infopba247.com.ar\\\/wp-content\\\/uploads\\\/2024\\\/05\\\/SGE_9261-scaled.jpg\",\"width\":2560,\"height\":1707},{\"@type\":\"BreadcrumbList\",\"@id\":\"https:\\\/\\\/infopba247.com.ar\\\/index.php\\\/2024\\\/05\\\/20\\\/el-unico-pacto-que-tiene-la-provincia-de-buenos-aires-es-con-su-pueblo\\\/#breadcrumb\",\"itemListElement\":[{\"@type\":\"ListItem\",\"position\":1,\"name\":\"Portada\",\"item\":\"https:\\\/\\\/infopba247.com.ar\\\/\"},{\"@type\":\"ListItem\",\"position\":2,\"name\":\"\u201cEl \u00fanico pacto que tiene la provincia de Buenos Aires es con su pueblo\u201d\"}]},{\"@type\":\"WebSite\",\"@id\":\"https:\\\/\\\/infopba247.com.ar\\\/#website\",\"url\":\"https:\\\/\\\/infopba247.com.ar\\\/\",\"name\":\"InfoPBA247\",\"description\":\"Toda la actualidad bonaerense\",\"publisher\":{\"@id\":\"https:\\\/\\\/infopba247.com.ar\\\/#organization\"},\"potentialAction\":[{\"@type\":\"SearchAction\",\"target\":{\"@type\":\"EntryPoint\",\"urlTemplate\":\"https:\\\/\\\/infopba247.com.ar\\\/?s={search_term_string}\"},\"query-input\":{\"@type\":\"PropertyValueSpecification\",\"valueRequired\":true,\"valueName\":\"search_term_string\"}}],\"inLanguage\":\"es\"},{\"@type\":\"Organization\",\"@id\":\"https:\\\/\\\/infopba247.com.ar\\\/#organization\",\"name\":\"InfoPBA247\",\"url\":\"https:\\\/\\\/infopba247.com.ar\\\/\",\"logo\":{\"@type\":\"ImageObject\",\"inLanguage\":\"es\",\"@id\":\"https:\\\/\\\/infopba247.com.ar\\\/#\\\/schema\\\/logo\\\/image\\\/\",\"url\":\"https:\\\/\\\/infopba247.com.ar\\\/wp-content\\\/uploads\\\/2022\\\/03\\\/cropped-InfoPBA247-1.png\",\"contentUrl\":\"https:\\\/\\\/infopba247.com.ar\\\/wp-content\\\/uploads\\\/2022\\\/03\\\/cropped-InfoPBA247-1.png\",\"width\":500,\"height\":122,\"caption\":\"InfoPBA247\"},\"image\":{\"@id\":\"https:\\\/\\\/infopba247.com.ar\\\/#\\\/schema\\\/logo\\\/image\\\/\"},\"sameAs\":[\"https:\\\/\\\/www.facebook.com\\\/InfoPBA\"]},{\"@type\":\"Person\",\"@id\":\"https:\\\/\\\/infopba247.com.ar\\\/#\\\/schema\\\/person\\\/4975f1343a413e57bf839b3eed0099f2\",\"name\":\"Editor\",\"image\":{\"@type\":\"ImageObject\",\"inLanguage\":\"es\",\"@id\":\"https:\\\/\\\/secure.gravatar.com\\\/avatar\\\/d27fe9520667ca53441d36627a1d6b0fa4a813571ec4803687a7a3a7744685ac?s=96&d=mm&r=g\",\"url\":\"https:\\\/\\\/secure.gravatar.com\\\/avatar\\\/d27fe9520667ca53441d36627a1d6b0fa4a813571ec4803687a7a3a7744685ac?s=96&d=mm&r=g\",\"contentUrl\":\"https:\\\/\\\/secure.gravatar.com\\\/avatar\\\/d27fe9520667ca53441d36627a1d6b0fa4a813571ec4803687a7a3a7744685ac?s=96&d=mm&r=g\",\"caption\":\"Editor\"},\"url\":\"https:\\\/\\\/infopba247.com.ar\\\/index.php\\\/author\\\/editor\\\/\"}]}<\/script>\n<!-- \/ Yoast SEO plugin. -->","yoast_head_json":{"title":"\u201cEl \u00fanico pacto que tiene la provincia de Buenos Aires es con su pueblo\u201d - InfoPBA247","robots":{"index":"index","follow":"follow","max-snippet":"max-snippet:-1","max-image-preview":"max-image-preview:large","max-video-preview":"max-video-preview:-1"},"canonical":"https:\/\/infopba247.com.ar\/index.php\/2024\/05\/20\/el-unico-pacto-que-tiene-la-provincia-de-buenos-aires-es-con-su-pueblo\/","og_locale":"es_ES","og_type":"article","og_title":"\u201cEl \u00fanico pacto que tiene la provincia de Buenos Aires es con su pueblo\u201d - InfoPBA247","og_description":"\u201cLa acci\u00f3n del Gobierno nacional no hay que mirarla en Tik Tok o en Twitter, hay que mirarla en la","og_url":"https:\/\/infopba247.com.ar\/index.php\/2024\/05\/20\/el-unico-pacto-que-tiene-la-provincia-de-buenos-aires-es-con-su-pueblo\/","og_site_name":"InfoPBA247","article_publisher":"https:\/\/www.facebook.com\/InfoPBA","article_published_time":"2024-05-20T14:30:00+00:00","article_modified_time":"2024-05-20T15:30:39+00:00","og_image":[{"width":2560,"height":1707,"url":"https:\/\/infopba247.com.ar\/wp-content\/uploads\/2024\/05\/SGE_9261-scaled.jpg","type":"image\/jpeg"}],"author":"Editor","twitter_card":"summary_large_image","twitter_misc":{"Escrito por":"Editor","Tiempo de lectura":"3 minutos"},"schema":{"@context":"https:\/\/schema.org","@graph":[{"@type":"Article","@id":"https:\/\/infopba247.com.ar\/index.php\/2024\/05\/20\/el-unico-pacto-que-tiene-la-provincia-de-buenos-aires-es-con-su-pueblo\/#article","isPartOf":{"@id":"https:\/\/infopba247.com.ar\/index.php\/2024\/05\/20\/el-unico-pacto-que-tiene-la-provincia-de-buenos-aires-es-con-su-pueblo\/"},"author":{"name":"Editor","@id":"https:\/\/infopba247.com.ar\/#\/schema\/person\/4975f1343a413e57bf839b3eed0099f2"},"headline":"\u201cEl \u00fanico pacto que tiene la provincia de Buenos Aires es con su pueblo\u201d","datePublished":"2024-05-20T14:30:00+00:00","dateModified":"2024-05-20T15:30:39+00:00","mainEntityOfPage":{"@id":"https:\/\/infopba247.com.ar\/index.php\/2024\/05\/20\/el-unico-pacto-que-tiene-la-provincia-de-buenos-aires-es-con-su-pueblo\/"},"wordCount":637,"publisher":{"@id":"https:\/\/infopba247.com.ar\/#organization"},"image":{"@id":"https:\/\/infopba247.com.ar\/index.php\/2024\/05\/20\/el-unico-pacto-que-tiene-la-provincia-de-buenos-aires-es-con-su-pueblo\/#primaryimage"},"thumbnailUrl":"https:\/\/infopba247.com.ar\/wp-content\/uploads\/2024\/05\/SGE_9261-scaled.jpg","articleSection":["Destacadas","Pol\u00edtica"],"inLanguage":"es"},{"@type":"WebPage","@id":"https:\/\/infopba247.com.ar\/index.php\/2024\/05\/20\/el-unico-pacto-que-tiene-la-provincia-de-buenos-aires-es-con-su-pueblo\/","url":"https:\/\/infopba247.com.ar\/index.php\/2024\/05\/20\/el-unico-pacto-que-tiene-la-provincia-de-buenos-aires-es-con-su-pueblo\/","name":"\u201cEl \u00fanico pacto que tiene la provincia de Buenos Aires es con su pueblo\u201d - InfoPBA247","isPartOf":{"@id":"https:\/\/infopba247.com.ar\/#website"},"primaryImageOfPage":{"@id":"https:\/\/infopba247.com.ar\/index.php\/2024\/05\/20\/el-unico-pacto-que-tiene-la-provincia-de-buenos-aires-es-con-su-pueblo\/#primaryimage"},"image":{"@id":"https:\/\/infopba247.com.ar\/index.php\/2024\/05\/20\/el-unico-pacto-que-tiene-la-provincia-de-buenos-aires-es-con-su-pueblo\/#primaryimage"},"thumbnailUrl":"https:\/\/infopba247.com.ar\/wp-content\/uploads\/2024\/05\/SGE_9261-scaled.jpg","datePublished":"2024-05-20T14:30:00+00:00","dateModified":"2024-05-20T15:30:39+00:00","breadcrumb":{"@id":"https:\/\/infopba247.com.ar\/index.php\/2024\/05\/20\/el-unico-pacto-que-tiene-la-provincia-de-buenos-aires-es-con-su-pueblo\/#breadcrumb"},"inLanguage":"es","potentialAction":[{"@type":"ReadAction","target":["https:\/\/infopba247.com.ar\/index.php\/2024\/05\/20\/el-unico-pacto-que-tiene-la-provincia-de-buenos-aires-es-con-su-pueblo\/"]}]},{"@type":"ImageObject","inLanguage":"es","@id":"https:\/\/infopba247.com.ar\/index.php\/2024\/05\/20\/el-unico-pacto-que-tiene-la-provincia-de-buenos-aires-es-con-su-pueblo\/#primaryimage","url":"https:\/\/infopba247.com.ar\/wp-content\/uploads\/2024\/05\/SGE_9261-scaled.jpg","contentUrl":"https:\/\/infopba247.com.ar\/wp-content\/uploads\/2024\/05\/SGE_9261-scaled.jpg","width":2560,"height":1707},{"@type":"BreadcrumbList","@id":"https:\/\/infopba247.com.ar\/index.php\/2024\/05\/20\/el-unico-pacto-que-tiene-la-provincia-de-buenos-aires-es-con-su-pueblo\/#breadcrumb","itemListElement":[{"@type":"ListItem","position":1,"name":"Portada","item":"https:\/\/infopba247.com.ar\/"},{"@type":"ListItem","position":2,"name":"\u201cEl \u00fanico pacto que tiene la provincia de Buenos Aires es con su pueblo\u201d"}]},{"@type":"WebSite","@id":"https:\/\/infopba247.com.ar\/#website","url":"https:\/\/infopba247.com.ar\/","name":"InfoPBA247","description":"Toda la actualidad bonaerense","publisher":{"@id":"https:\/\/infopba247.com.ar\/#organization"},"potentialAction":[{"@type":"SearchAction","target":{"@type":"EntryPoint","urlTemplate":"https:\/\/infopba247.com.ar\/?s={search_term_string}"},"query-input":{"@type":"PropertyValueSpecification","valueRequired":true,"valueName":"search_term_string"}}],"inLanguage":"es"},{"@type":"Organization","@id":"https:\/\/infopba247.com.ar\/#organization","name":"InfoPBA247","url":"https:\/\/infopba247.com.ar\/","logo":{"@type":"ImageObject","inLanguage":"es","@id":"https:\/\/infopba247.com.ar\/#\/schema\/logo\/image\/","url":"https:\/\/infopba247.com.ar\/wp-content\/uploads\/2022\/03\/cropped-InfoPBA247-1.png","contentUrl":"https:\/\/infopba247.com.ar\/wp-content\/uploads\/2022\/03\/cropped-InfoPBA247-1.png","width":500,"height":122,"caption":"InfoPBA247"},"image":{"@id":"https:\/\/infopba247.com.ar\/#\/schema\/logo\/image\/"},"sameAs":["https:\/\/www.facebook.com\/InfoPBA"]},{"@type":"Person","@id":"https:\/\/infopba247.com.ar\/#\/schema\/person\/4975f1343a413e57bf839b3eed0099f2","name":"Editor","image":{"@type":"ImageObject","inLanguage":"es","@id":"https:\/\/secure.gravatar.com\/avatar\/d27fe9520667ca53441d36627a1d6b0fa4a813571ec4803687a7a3a7744685ac?s=96&d=mm&r=g","url":"https:\/\/secure.gravatar.com\/avatar\/d27fe9520667ca53441d36627a1d6b0fa4a813571ec4803687a7a3a7744685ac?s=96&d=mm&r=g","contentUrl":"https:\/\/secure.gravatar.com\/avatar\/d27fe9520667ca53441d36627a1d6b0fa4a813571ec4803687a7a3a7744685ac?s=96&d=mm&r=g","caption":"Editor"},"url":"https:\/\/infopba247.com.ar\/index.php\/author\/editor\/"}]}},"_links":{"self":[{"href":"https:\/\/infopba247.com.ar\/index.php\/wp-json\/wp\/v2\/posts\/4151","targetHints":{"allow":["GET"]}}],"collection":[{"href":"https:\/\/infopba247.com.ar\/index.php\/wp-json\/wp\/v2\/posts"}],"about":[{"href":"https:\/\/infopba247.com.ar\/index.php\/wp-json\/wp\/v2\/types\/post"}],"author":[{"embeddable":true,"href":"https:\/\/infopba247.com.ar\/index.php\/wp-json\/wp\/v2\/users\/3"}],"replies":[{"embeddable":true,"href":"https:\/\/infopba247.com.ar\/index.php\/wp-json\/wp\/v2\/comments?post=4151"}],"version-history":[{"count":1,"href":"https:\/\/infopba247.com.ar\/index.php\/wp-json\/wp\/v2\/posts\/4151\/revisions"}],"predecessor-version":[{"id":4152,"href":"https:\/\/infopba247.com.ar\/index.php\/wp-json\/wp\/v2\/posts\/4151\/revisions\/4152"}],"wp:featuredmedia":[{"embeddable":true,"href":"https:\/\/infopba247.com.ar\/index.php\/wp-json\/wp\/v2\/media\/4147"}],"wp:attachment":[{"href":"https:\/\/infopba247.com.ar\/index.php\/wp-json\/wp\/v2\/media?parent=4151"}],"wp:term":[{"taxonomy":"category","embeddable":true,"href":"https:\/\/infopba247.com.ar\/index.php\/wp-json\/wp\/v2\/categories?post=4151"},{"taxonomy":"post_tag","embeddable":true,"href":"https:\/\/infopba247.com.ar\/index.php\/wp-json\/wp\/v2\/tags?post=4151"}],"curies":[{"name":"wp","href":"https:\/\/api.w.org\/{rel}","templated":true}]}}