{"id":4140,"date":"2024-05-17T12:15:27","date_gmt":"2024-05-17T15:15:27","guid":{"rendered":"https:\/\/infopba247.com.ar\/?p=4140"},"modified":"2024-05-17T12:15:28","modified_gmt":"2024-05-17T15:15:28","slug":"los-trabajos-de-reconstruccion-en-la-escuela-de-la-granja-que-visitaron-alak-y-kicillof","status":"publish","type":"post","link":"https:\/\/infopba247.com.ar\/index.php\/2024\/05\/17\/los-trabajos-de-reconstruccion-en-la-escuela-de-la-granja-que-visitaron-alak-y-kicillof\/","title":{"rendered":"Los trabajos de reconstrucci\u00f3n en la escuela de La Granja que visitaron Alak y Kicillof"},"content":{"rendered":"\n<p>El intendente de La Plata, Julio Alak, y el gobernador de la Provincia de Buenos Aires, Axel Kicillof, inauguraron las obras desarrolladas en la Escuela Secundaria N\u00b0 22 \u201cCrucero Ara General Belgrano\u201d, que incluyeron la construcci\u00f3n de 14 aulas nuevas y 2 n\u00facleos de ba\u00f1os.<\/p>\n\n\n\n<p>La instituci\u00f3n ubicada en avenida 520 entre 138 y 139 del barrio platense La Granja fue visitada esta semana por ambos mandatarios, quienes celebraron la recuperaci\u00f3n del establecimiento luego del incendio que afect\u00f3 al edificio en 2023.<\/p>\n\n\n\n<p>\u201cEsta obra demuestra el compromiso que el gobernador Axel Kicillof y su director general de Cultura y Educaci\u00f3n, Alberto Sileoni, tienen con uno de los derechos m\u00e1s importantes en una sociedad, un derecho que es sin\u00f3nimo de futuro, de oportunidades y de inclusi\u00f3n: el derecho a la educaci\u00f3n\u201d, expres\u00f3 Alak.<\/p>\n\n\n\n<p>UNO POR UNO, LOS TRABAJOS QUE INCLUY\u00d3 LA OBRA<\/p>\n\n\n\n<p>La Escuela Secundaria N\u00b0 22 \u201cCrucero Ara General Belgrano\u201d cuenta con una matr\u00edcula de 1.069 alumnos y alumnas divididos en 39 secciones y tres turnos y con un plantel de 375 docentes que debieron ser reubicados tras el incendio ocurrido en 2023.<\/p>\n\n\n\n<p>Para recuperar el edificio, el gobierno bonaerense limpi\u00f3 y demoli\u00f3 los sectores afectados, impermeabiliz\u00f3 200 metros cuadrados de cubierta, repuso 5 aberturas de aluminio, ejecut\u00f3 40 metros cuadrados de cielorraso de durlock en un pasillo y reemplaz\u00f3 los tabiques divisorios de la preceptor\u00eda y el acceso al buffet.<\/p>\n\n\n\n<p>Tambi\u00e9n levant\u00f3 un muro de ladrillo para cerrar el acceso al sector afectado, repar\u00f3 el solado del hall de acceso y los z\u00f3calos de las aulas, repuso la instalaci\u00f3n el\u00e9ctrica \u2014desde el medidor hasta los artefactos de iluminaci\u00f3n\u2014, anul\u00f3 la ca\u00f1er\u00eda de gas y reemplaz\u00f3 las estufas existentes por 14 aires acondicionados.<\/p>\n\n\n\n<p>A su vez, se repararon los 2 n\u00facleos sanitarios y los sanitarios para personas con discapacidad; se reemplazaron 2 tanques reserva de agua, las canaletas y las descargas verticales; se limpi\u00f3 el sistema pluvial; y se ejecutaron las tapas de c\u00e1mara de inspecci\u00f3n y el tendido de alimentaci\u00f3n de agua corriente.<\/p>\n\n\n\n<p>Los trabajos incluyeron, adem\u00e1s, la nivelaci\u00f3n del solado exterior; el retiro, reparaci\u00f3n e instalaci\u00f3n de 15 puertas de madera; la reposici\u00f3n de vidrios faltantes; la construcci\u00f3n y colocaci\u00f3n de 4 puertas de rejas en los ba\u00f1os y el patio; la reparaci\u00f3n del port\u00f3n corredizo de la cochera, portones y puertas met\u00e1licas; y la ejecuci\u00f3n de una rampa de acceso en el patio.<\/p>\n\n\n\n<p>La obra qued\u00f3 finalizada con el desmalezamiento y la parquizaci\u00f3n de los espacios al aire libre, la pintura integral del interior y la fachada del establecimiento; la colocaci\u00f3n del escudo e imposici\u00f3n de nombre y n\u00famero de puerta; y la provisi\u00f3n de 420 sillas, 210 mesas, 14 pizarrones y 14 escritorios.<\/p>\n","protected":false},"excerpt":{"rendered":"<p>El intendente de La Plata, Julio Alak, y el gobernador de la Provincia de Buenos Aires, Axel Kicillof, inauguraron las<\/p>\n","protected":false},"author":3,"featured_media":4141,"comment_status":"closed","ping_status":"closed","sticky":false,"template":"","format":"standard","meta":{"colormag_page_container_layout":"default_layout","colormag_page_sidebar_layout":"default_layout","footnotes":""},"categories":[12,1,14],"tags":[],"class_list":["post-4140","post","type-post","status-publish","format-standard","has-post-thumbnail","hentry","category-8va-seccion","category-destacadas","category-politica"],"yoast_head":"<!-- This site is optimized with the Yoast SEO plugin v27.5 - https:\/\/yoast.com\/product\/yoast-seo-wordpress\/ -->\n<title>Los trabajos de reconstrucci\u00f3n en la escuela de La Granja que visitaron Alak y Kicillof - InfoPBA247<\/title>\n<meta name=\"robots\" content=\"index, follow, max-snippet:-1, max-image-preview:large, max-video-preview:-1\" \/>\n<link rel=\"canonical\" href=\"https:\/\/infopba247.com.ar\/index.php\/2024\/05\/17\/los-trabajos-de-reconstruccion-en-la-escuela-de-la-granja-que-visitaron-alak-y-kicillof\/\" \/>\n<meta property=\"og:locale\" content=\"es_ES\" \/>\n<meta property=\"og:type\" content=\"article\" \/>\n<meta property=\"og:title\" content=\"Los trabajos de reconstrucci\u00f3n en la escuela de La Granja que visitaron Alak y Kicillof - InfoPBA247\" \/>\n<meta property=\"og:description\" content=\"El intendente de La Plata, Julio Alak, y el gobernador de la Provincia de Buenos Aires, Axel Kicillof, inauguraron las\" \/>\n<meta property=\"og:url\" content=\"https:\/\/infopba247.com.ar\/index.php\/2024\/05\/17\/los-trabajos-de-reconstruccion-en-la-escuela-de-la-granja-que-visitaron-alak-y-kicillof\/\" \/>\n<meta property=\"og:site_name\" content=\"InfoPBA247\" \/>\n<meta property=\"article:publisher\" content=\"https:\/\/www.facebook.com\/InfoPBA\" \/>\n<meta property=\"article:published_time\" content=\"2024-05-17T15:15:27+00:00\" \/>\n<meta property=\"article:modified_time\" content=\"2024-05-17T15:15:28+00:00\" \/>\n<meta property=\"og:image\" content=\"https:\/\/infopba247.com.ar\/wp-content\/uploads\/2024\/05\/unnamed-32.jpg\" \/>\n\t<meta property=\"og:image:width\" content=\"1536\" \/>\n\t<meta property=\"og:image:height\" content=\"1024\" \/>\n\t<meta property=\"og:image:type\" content=\"image\/jpeg\" \/>\n<meta name=\"author\" content=\"Editor\" \/>\n<meta name=\"twitter:card\" content=\"summary_large_image\" \/>\n<meta name=\"twitter:label1\" content=\"Escrito por\" \/>\n\t<meta name=\"twitter:data1\" content=\"Editor\" \/>\n\t<meta name=\"twitter:label2\" content=\"Tiempo de lectura\" \/>\n\t<meta name=\"twitter:data2\" content=\"3 minutos\" \/>\n<script type=\"application\/ld+json\" class=\"yoast-schema-graph\">{\"@context\":\"https:\\\/\\\/schema.org\",\"@graph\":[{\"@type\":\"Article\",\"@id\":\"https:\\\/\\\/infopba247.com.ar\\\/index.php\\\/2024\\\/05\\\/17\\\/los-trabajos-de-reconstruccion-en-la-escuela-de-la-granja-que-visitaron-alak-y-kicillof\\\/#article\",\"isPartOf\":{\"@id\":\"https:\\\/\\\/infopba247.com.ar\\\/index.php\\\/2024\\\/05\\\/17\\\/los-trabajos-de-reconstruccion-en-la-escuela-de-la-granja-que-visitaron-alak-y-kicillof\\\/\"},\"author\":{\"name\":\"Editor\",\"@id\":\"https:\\\/\\\/infopba247.com.ar\\\/#\\\/schema\\\/person\\\/4975f1343a413e57bf839b3eed0099f2\"},\"headline\":\"Los trabajos de reconstrucci\u00f3n en la escuela de La Granja que visitaron Alak y Kicillof\",\"datePublished\":\"2024-05-17T15:15:27+00:00\",\"dateModified\":\"2024-05-17T15:15:28+00:00\",\"mainEntityOfPage\":{\"@id\":\"https:\\\/\\\/infopba247.com.ar\\\/index.php\\\/2024\\\/05\\\/17\\\/los-trabajos-de-reconstruccion-en-la-escuela-de-la-granja-que-visitaron-alak-y-kicillof\\\/\"},\"wordCount\":479,\"publisher\":{\"@id\":\"https:\\\/\\\/infopba247.com.ar\\\/#organization\"},\"image\":{\"@id\":\"https:\\\/\\\/infopba247.com.ar\\\/index.php\\\/2024\\\/05\\\/17\\\/los-trabajos-de-reconstruccion-en-la-escuela-de-la-granja-que-visitaron-alak-y-kicillof\\\/#primaryimage\"},\"thumbnailUrl\":\"https:\\\/\\\/infopba247.com.ar\\\/wp-content\\\/uploads\\\/2024\\\/05\\\/unnamed-32.jpg\",\"articleSection\":[\"8va Secci\u00f3n\",\"Destacadas\",\"Pol\u00edtica\"],\"inLanguage\":\"es\"},{\"@type\":\"WebPage\",\"@id\":\"https:\\\/\\\/infopba247.com.ar\\\/index.php\\\/2024\\\/05\\\/17\\\/los-trabajos-de-reconstruccion-en-la-escuela-de-la-granja-que-visitaron-alak-y-kicillof\\\/\",\"url\":\"https:\\\/\\\/infopba247.com.ar\\\/index.php\\\/2024\\\/05\\\/17\\\/los-trabajos-de-reconstruccion-en-la-escuela-de-la-granja-que-visitaron-alak-y-kicillof\\\/\",\"name\":\"Los trabajos de reconstrucci\u00f3n en la escuela de La Granja que visitaron Alak y Kicillof - InfoPBA247\",\"isPartOf\":{\"@id\":\"https:\\\/\\\/infopba247.com.ar\\\/#website\"},\"primaryImageOfPage\":{\"@id\":\"https:\\\/\\\/infopba247.com.ar\\\/index.php\\\/2024\\\/05\\\/17\\\/los-trabajos-de-reconstruccion-en-la-escuela-de-la-granja-que-visitaron-alak-y-kicillof\\\/#primaryimage\"},\"image\":{\"@id\":\"https:\\\/\\\/infopba247.com.ar\\\/index.php\\\/2024\\\/05\\\/17\\\/los-trabajos-de-reconstruccion-en-la-escuela-de-la-granja-que-visitaron-alak-y-kicillof\\\/#primaryimage\"},\"thumbnailUrl\":\"https:\\\/\\\/infopba247.com.ar\\\/wp-content\\\/uploads\\\/2024\\\/05\\\/unnamed-32.jpg\",\"datePublished\":\"2024-05-17T15:15:27+00:00\",\"dateModified\":\"2024-05-17T15:15:28+00:00\",\"breadcrumb\":{\"@id\":\"https:\\\/\\\/infopba247.com.ar\\\/index.php\\\/2024\\\/05\\\/17\\\/los-trabajos-de-reconstruccion-en-la-escuela-de-la-granja-que-visitaron-alak-y-kicillof\\\/#breadcrumb\"},\"inLanguage\":\"es\",\"potentialAction\":[{\"@type\":\"ReadAction\",\"target\":[\"https:\\\/\\\/infopba247.com.ar\\\/index.php\\\/2024\\\/05\\\/17\\\/los-trabajos-de-reconstruccion-en-la-escuela-de-la-granja-que-visitaron-alak-y-kicillof\\\/\"]}]},{\"@type\":\"ImageObject\",\"inLanguage\":\"es\",\"@id\":\"https:\\\/\\\/infopba247.com.ar\\\/index.php\\\/2024\\\/05\\\/17\\\/los-trabajos-de-reconstruccion-en-la-escuela-de-la-granja-que-visitaron-alak-y-kicillof\\\/#primaryimage\",\"url\":\"https:\\\/\\\/infopba247.com.ar\\\/wp-content\\\/uploads\\\/2024\\\/05\\\/unnamed-32.jpg\",\"contentUrl\":\"https:\\\/\\\/infopba247.com.ar\\\/wp-content\\\/uploads\\\/2024\\\/05\\\/unnamed-32.jpg\",\"width\":1536,\"height\":1024},{\"@type\":\"BreadcrumbList\",\"@id\":\"https:\\\/\\\/infopba247.com.ar\\\/index.php\\\/2024\\\/05\\\/17\\\/los-trabajos-de-reconstruccion-en-la-escuela-de-la-granja-que-visitaron-alak-y-kicillof\\\/#breadcrumb\",\"itemListElement\":[{\"@type\":\"ListItem\",\"position\":1,\"name\":\"Portada\",\"item\":\"https:\\\/\\\/infopba247.com.ar\\\/\"},{\"@type\":\"ListItem\",\"position\":2,\"name\":\"Los trabajos de reconstrucci\u00f3n en la escuela de La Granja que visitaron Alak y Kicillof\"}]},{\"@type\":\"WebSite\",\"@id\":\"https:\\\/\\\/infopba247.com.ar\\\/#website\",\"url\":\"https:\\\/\\\/infopba247.com.ar\\\/\",\"name\":\"InfoPBA247\",\"description\":\"Toda la actualidad bonaerense\",\"publisher\":{\"@id\":\"https:\\\/\\\/infopba247.com.ar\\\/#organization\"},\"potentialAction\":[{\"@type\":\"SearchAction\",\"target\":{\"@type\":\"EntryPoint\",\"urlTemplate\":\"https:\\\/\\\/infopba247.com.ar\\\/?s={search_term_string}\"},\"query-input\":{\"@type\":\"PropertyValueSpecification\",\"valueRequired\":true,\"valueName\":\"search_term_string\"}}],\"inLanguage\":\"es\"},{\"@type\":\"Organization\",\"@id\":\"https:\\\/\\\/infopba247.com.ar\\\/#organization\",\"name\":\"InfoPBA247\",\"url\":\"https:\\\/\\\/infopba247.com.ar\\\/\",\"logo\":{\"@type\":\"ImageObject\",\"inLanguage\":\"es\",\"@id\":\"https:\\\/\\\/infopba247.com.ar\\\/#\\\/schema\\\/logo\\\/image\\\/\",\"url\":\"https:\\\/\\\/infopba247.com.ar\\\/wp-content\\\/uploads\\\/2022\\\/03\\\/cropped-InfoPBA247-1.png\",\"contentUrl\":\"https:\\\/\\\/infopba247.com.ar\\\/wp-content\\\/uploads\\\/2022\\\/03\\\/cropped-InfoPBA247-1.png\",\"width\":500,\"height\":122,\"caption\":\"InfoPBA247\"},\"image\":{\"@id\":\"https:\\\/\\\/infopba247.com.ar\\\/#\\\/schema\\\/logo\\\/image\\\/\"},\"sameAs\":[\"https:\\\/\\\/www.facebook.com\\\/InfoPBA\"]},{\"@type\":\"Person\",\"@id\":\"https:\\\/\\\/infopba247.com.ar\\\/#\\\/schema\\\/person\\\/4975f1343a413e57bf839b3eed0099f2\",\"name\":\"Editor\",\"image\":{\"@type\":\"ImageObject\",\"inLanguage\":\"es\",\"@id\":\"https:\\\/\\\/secure.gravatar.com\\\/avatar\\\/d27fe9520667ca53441d36627a1d6b0fa4a813571ec4803687a7a3a7744685ac?s=96&d=mm&r=g\",\"url\":\"https:\\\/\\\/secure.gravatar.com\\\/avatar\\\/d27fe9520667ca53441d36627a1d6b0fa4a813571ec4803687a7a3a7744685ac?s=96&d=mm&r=g\",\"contentUrl\":\"https:\\\/\\\/secure.gravatar.com\\\/avatar\\\/d27fe9520667ca53441d36627a1d6b0fa4a813571ec4803687a7a3a7744685ac?s=96&d=mm&r=g\",\"caption\":\"Editor\"},\"url\":\"https:\\\/\\\/infopba247.com.ar\\\/index.php\\\/author\\\/editor\\\/\"}]}<\/script>\n<!-- \/ Yoast SEO plugin. -->","yoast_head_json":{"title":"Los trabajos de reconstrucci\u00f3n en la escuela de La Granja que visitaron Alak y Kicillof - InfoPBA247","robots":{"index":"index","follow":"follow","max-snippet":"max-snippet:-1","max-image-preview":"max-image-preview:large","max-video-preview":"max-video-preview:-1"},"canonical":"https:\/\/infopba247.com.ar\/index.php\/2024\/05\/17\/los-trabajos-de-reconstruccion-en-la-escuela-de-la-granja-que-visitaron-alak-y-kicillof\/","og_locale":"es_ES","og_type":"article","og_title":"Los trabajos de reconstrucci\u00f3n en la escuela de La Granja que visitaron Alak y Kicillof - InfoPBA247","og_description":"El intendente de La Plata, Julio Alak, y el gobernador de la Provincia de Buenos Aires, Axel Kicillof, inauguraron las","og_url":"https:\/\/infopba247.com.ar\/index.php\/2024\/05\/17\/los-trabajos-de-reconstruccion-en-la-escuela-de-la-granja-que-visitaron-alak-y-kicillof\/","og_site_name":"InfoPBA247","article_publisher":"https:\/\/www.facebook.com\/InfoPBA","article_published_time":"2024-05-17T15:15:27+00:00","article_modified_time":"2024-05-17T15:15:28+00:00","og_image":[{"width":1536,"height":1024,"url":"https:\/\/infopba247.com.ar\/wp-content\/uploads\/2024\/05\/unnamed-32.jpg","type":"image\/jpeg"}],"author":"Editor","twitter_card":"summary_large_image","twitter_misc":{"Escrito por":"Editor","Tiempo de lectura":"3 minutos"},"schema":{"@context":"https:\/\/schema.org","@graph":[{"@type":"Article","@id":"https:\/\/infopba247.com.ar\/index.php\/2024\/05\/17\/los-trabajos-de-reconstruccion-en-la-escuela-de-la-granja-que-visitaron-alak-y-kicillof\/#article","isPartOf":{"@id":"https:\/\/infopba247.com.ar\/index.php\/2024\/05\/17\/los-trabajos-de-reconstruccion-en-la-escuela-de-la-granja-que-visitaron-alak-y-kicillof\/"},"author":{"name":"Editor","@id":"https:\/\/infopba247.com.ar\/#\/schema\/person\/4975f1343a413e57bf839b3eed0099f2"},"headline":"Los trabajos de reconstrucci\u00f3n en la escuela de La Granja que visitaron Alak y Kicillof","datePublished":"2024-05-17T15:15:27+00:00","dateModified":"2024-05-17T15:15:28+00:00","mainEntityOfPage":{"@id":"https:\/\/infopba247.com.ar\/index.php\/2024\/05\/17\/los-trabajos-de-reconstruccion-en-la-escuela-de-la-granja-que-visitaron-alak-y-kicillof\/"},"wordCount":479,"publisher":{"@id":"https:\/\/infopba247.com.ar\/#organization"},"image":{"@id":"https:\/\/infopba247.com.ar\/index.php\/2024\/05\/17\/los-trabajos-de-reconstruccion-en-la-escuela-de-la-granja-que-visitaron-alak-y-kicillof\/#primaryimage"},"thumbnailUrl":"https:\/\/infopba247.com.ar\/wp-content\/uploads\/2024\/05\/unnamed-32.jpg","articleSection":["8va Secci\u00f3n","Destacadas","Pol\u00edtica"],"inLanguage":"es"},{"@type":"WebPage","@id":"https:\/\/infopba247.com.ar\/index.php\/2024\/05\/17\/los-trabajos-de-reconstruccion-en-la-escuela-de-la-granja-que-visitaron-alak-y-kicillof\/","url":"https:\/\/infopba247.com.ar\/index.php\/2024\/05\/17\/los-trabajos-de-reconstruccion-en-la-escuela-de-la-granja-que-visitaron-alak-y-kicillof\/","name":"Los trabajos de reconstrucci\u00f3n en la escuela de La Granja que visitaron Alak y Kicillof - InfoPBA247","isPartOf":{"@id":"https:\/\/infopba247.com.ar\/#website"},"primaryImageOfPage":{"@id":"https:\/\/infopba247.com.ar\/index.php\/2024\/05\/17\/los-trabajos-de-reconstruccion-en-la-escuela-de-la-granja-que-visitaron-alak-y-kicillof\/#primaryimage"},"image":{"@id":"https:\/\/infopba247.com.ar\/index.php\/2024\/05\/17\/los-trabajos-de-reconstruccion-en-la-escuela-de-la-granja-que-visitaron-alak-y-kicillof\/#primaryimage"},"thumbnailUrl":"https:\/\/infopba247.com.ar\/wp-content\/uploads\/2024\/05\/unnamed-32.jpg","datePublished":"2024-05-17T15:15:27+00:00","dateModified":"2024-05-17T15:15:28+00:00","breadcrumb":{"@id":"https:\/\/infopba247.com.ar\/index.php\/2024\/05\/17\/los-trabajos-de-reconstruccion-en-la-escuela-de-la-granja-que-visitaron-alak-y-kicillof\/#breadcrumb"},"inLanguage":"es","potentialAction":[{"@type":"ReadAction","target":["https:\/\/infopba247.com.ar\/index.php\/2024\/05\/17\/los-trabajos-de-reconstruccion-en-la-escuela-de-la-granja-que-visitaron-alak-y-kicillof\/"]}]},{"@type":"ImageObject","inLanguage":"es","@id":"https:\/\/infopba247.com.ar\/index.php\/2024\/05\/17\/los-trabajos-de-reconstruccion-en-la-escuela-de-la-granja-que-visitaron-alak-y-kicillof\/#primaryimage","url":"https:\/\/infopba247.com.ar\/wp-content\/uploads\/2024\/05\/unnamed-32.jpg","contentUrl":"https:\/\/infopba247.com.ar\/wp-content\/uploads\/2024\/05\/unnamed-32.jpg","width":1536,"height":1024},{"@type":"BreadcrumbList","@id":"https:\/\/infopba247.com.ar\/index.php\/2024\/05\/17\/los-trabajos-de-reconstruccion-en-la-escuela-de-la-granja-que-visitaron-alak-y-kicillof\/#breadcrumb","itemListElement":[{"@type":"ListItem","position":1,"name":"Portada","item":"https:\/\/infopba247.com.ar\/"},{"@type":"ListItem","position":2,"name":"Los trabajos de reconstrucci\u00f3n en la escuela de La Granja que visitaron Alak y Kicillof"}]},{"@type":"WebSite","@id":"https:\/\/infopba247.com.ar\/#website","url":"https:\/\/infopba247.com.ar\/","name":"InfoPBA247","description":"Toda la actualidad bonaerense","publisher":{"@id":"https:\/\/infopba247.com.ar\/#organization"},"potentialAction":[{"@type":"SearchAction","target":{"@type":"EntryPoint","urlTemplate":"https:\/\/infopba247.com.ar\/?s={search_term_string}"},"query-input":{"@type":"PropertyValueSpecification","valueRequired":true,"valueName":"search_term_string"}}],"inLanguage":"es"},{"@type":"Organization","@id":"https:\/\/infopba247.com.ar\/#organization","name":"InfoPBA247","url":"https:\/\/infopba247.com.ar\/","logo":{"@type":"ImageObject","inLanguage":"es","@id":"https:\/\/infopba247.com.ar\/#\/schema\/logo\/image\/","url":"https:\/\/infopba247.com.ar\/wp-content\/uploads\/2022\/03\/cropped-InfoPBA247-1.png","contentUrl":"https:\/\/infopba247.com.ar\/wp-content\/uploads\/2022\/03\/cropped-InfoPBA247-1.png","width":500,"height":122,"caption":"InfoPBA247"},"image":{"@id":"https:\/\/infopba247.com.ar\/#\/schema\/logo\/image\/"},"sameAs":["https:\/\/www.facebook.com\/InfoPBA"]},{"@type":"Person","@id":"https:\/\/infopba247.com.ar\/#\/schema\/person\/4975f1343a413e57bf839b3eed0099f2","name":"Editor","image":{"@type":"ImageObject","inLanguage":"es","@id":"https:\/\/secure.gravatar.com\/avatar\/d27fe9520667ca53441d36627a1d6b0fa4a813571ec4803687a7a3a7744685ac?s=96&d=mm&r=g","url":"https:\/\/secure.gravatar.com\/avatar\/d27fe9520667ca53441d36627a1d6b0fa4a813571ec4803687a7a3a7744685ac?s=96&d=mm&r=g","contentUrl":"https:\/\/secure.gravatar.com\/avatar\/d27fe9520667ca53441d36627a1d6b0fa4a813571ec4803687a7a3a7744685ac?s=96&d=mm&r=g","caption":"Editor"},"url":"https:\/\/infopba247.com.ar\/index.php\/author\/editor\/"}]}},"_links":{"self":[{"href":"https:\/\/infopba247.com.ar\/index.php\/wp-json\/wp\/v2\/posts\/4140","targetHints":{"allow":["GET"]}}],"collection":[{"href":"https:\/\/infopba247.com.ar\/index.php\/wp-json\/wp\/v2\/posts"}],"about":[{"href":"https:\/\/infopba247.com.ar\/index.php\/wp-json\/wp\/v2\/types\/post"}],"author":[{"embeddable":true,"href":"https:\/\/infopba247.com.ar\/index.php\/wp-json\/wp\/v2\/users\/3"}],"replies":[{"embeddable":true,"href":"https:\/\/infopba247.com.ar\/index.php\/wp-json\/wp\/v2\/comments?post=4140"}],"version-history":[{"count":1,"href":"https:\/\/infopba247.com.ar\/index.php\/wp-json\/wp\/v2\/posts\/4140\/revisions"}],"predecessor-version":[{"id":4142,"href":"https:\/\/infopba247.com.ar\/index.php\/wp-json\/wp\/v2\/posts\/4140\/revisions\/4142"}],"wp:featuredmedia":[{"embeddable":true,"href":"https:\/\/infopba247.com.ar\/index.php\/wp-json\/wp\/v2\/media\/4141"}],"wp:attachment":[{"href":"https:\/\/infopba247.com.ar\/index.php\/wp-json\/wp\/v2\/media?parent=4140"}],"wp:term":[{"taxonomy":"category","embeddable":true,"href":"https:\/\/infopba247.com.ar\/index.php\/wp-json\/wp\/v2\/categories?post=4140"},{"taxonomy":"post_tag","embeddable":true,"href":"https:\/\/infopba247.com.ar\/index.php\/wp-json\/wp\/v2\/tags?post=4140"}],"curies":[{"name":"wp","href":"https:\/\/api.w.org\/{rel}","templated":true}]}}