{"id":414,"date":"2022-06-16T13:15:05","date_gmt":"2022-06-16T13:15:05","guid":{"rendered":"https:\/\/infopba247.com.ar\/?p=414"},"modified":"2022-06-16T13:15:07","modified_gmt":"2022-06-16T13:15:07","slug":"kicillof-inauguro-la-repavimentacion-de-ruta-11-entre-chapadmalal-y-miramar-una-escuela-y-un-parque-solar","status":"publish","type":"post","link":"https:\/\/infopba247.com.ar\/index.php\/2022\/06\/16\/kicillof-inauguro-la-repavimentacion-de-ruta-11-entre-chapadmalal-y-miramar-una-escuela-y-un-parque-solar\/","title":{"rendered":"Kicillof inaugur\u00f3 la repavimentaci\u00f3n de Ruta 11 entre Chapadmalal y Miramar, una escuela y un parque solar"},"content":{"rendered":"\n<p>El gobernador de la provincia de Buenos Aires, Axel Kicillof, encabez\u00f3 este mi\u00e9rcoles el acto de inauguraci\u00f3n del edificio de dos instituciones que completan el polo educativo de Barrio Aeroparque, en Miramar. Adem\u00e1s, puso en marcha el parque solar de Mechongu\u00e9 y anunci\u00f3 la finalizaci\u00f3n e la repavimentaci\u00f3n del tramo de la Ruta 11 que conecta Miramar con Chapadmalal.<\/p>\n\n\n\n<p>Repavimentaci\u00f3n en la ruta 11 y nueva planta de energ\u00eda solar<br>Previo a un nuevo fin de semana extendido que impactar\u00e1 positivamente en el turismo bonaerense, el gobernador se refiri\u00f3 tambi\u00e9n a la finalizaci\u00f3n de las obras de repavimentaci\u00f3n sobre 12,5 kil\u00f3metros de la ruta 11, en el tramo que conecta a Miramar con Chapadmalal, partido de General Pueyrredon.<\/p>\n\n\n\n<p>Con una inversi\u00f3n de 332 millones de pesos, se repaviment\u00f3 la calzada, se reconstruyeron las banquinas y se realizaron obras complementarias en materia de hidr\u00e1ulica, se\u00f1alizaci\u00f3n, iluminaci\u00f3n y mantenimiento de alcantarillas y puentes.<\/p>\n\n\n\n<p>El beneficio directo de estas tareas alcanza a m\u00e1s de 840 mil bonaerenses que viven en la zona y a las y los conductores de los 5 mil veh\u00edculos que transitan el corredor cada d\u00eda.<\/p>\n\n\n\n<p>\u201cEsperamos con mucha expectativa este fin de semana largo que ya presenta excelentes niveles de reservas\u201d, sostuvo Kicillof en declaraciones a la prensa, y agreg\u00f3: \u201cLuego del hito que implicaron las obras que convirtieron al corredor atl\u00e1ntico en autov\u00eda, ahora concluimos la repavimentaci\u00f3n del tramo de la ruta 11 que une a Miramar y Chapadmalal, mejorando la conectividad y la seguridad vial para evitar accidentes\u201d.<\/p>\n\n\n\n<p>Las autoridades recorrieron tambi\u00e9n las instalaciones de la nueva planta de generaci\u00f3n de energ\u00eda solar fotovoltaica Mechongu\u00e9, junto a la ministra de Ambiente, Daniela Vilar; el subsecretario de Energ\u00eda, Gast\u00f3n Ghioni, y el representante de Cooperativa El\u00e9ctrica, Dar\u00edo Beas.<\/p>\n\n\n\n<p>Al respecto, el Gobernador resalt\u00f3: \u201cEn la Provincia tenemos problemas ambientales vinculados a la falta de recursos, la pobreza y la desigualdad. Con esta planta solar estamos enfrent\u00e1ndolos y, al mismo tiempo, avanzando en la provisi\u00f3n de energ\u00eda con tecnolog\u00eda de punta, limpia y renovable\u201d.<\/p>\n\n\n\n<p>Se trata de uno de los tres nuevos parques que se suman a las 23 plantas de generaci\u00f3n de energ\u00eda activas en la provincia. Su puesta en marcha se enmarca dentro del Plan de Generaci\u00f3n Distribuida Solar del Programa Provincial de Incentivos a la Generaci\u00f3n Distribuida (PROINGED). Cuenta con 688 paneles solares de 450 W, 300 kW de potencia pico y beneficiar\u00e1 a m\u00e1s de 240 hogares.<\/p>\n\n\n\n<p>\u201cEste parque solar es una apuesta por la energ\u00eda limpia para optimizar la tensi\u00f3n y la calidad de la red, con el objeto de mejorar la calidad de vida de los y las bonaerenses y, al mismo tiempo, apuntar el desarrollo, la producci\u00f3n y el trabajo en la zona\u201d, enfatiz\u00f3 Ghioni.<\/p>\n\n\n\n<p>En tanto, Ianantuony destac\u00f3 que \u201ceste parque nos da la satisfacci\u00f3n de saber que vamos a poder acompa\u00f1ar a las pymes y a la generaci\u00f3n de trabajo industrial de calidad para alentar la producci\u00f3n en nuestra regi\u00f3n\u201d.<\/p>\n\n\n\n<p>Por \u00faltimo, se celebr\u00f3 la firma de un convenio de colaboraci\u00f3n entre el Ministerio de Ambiente y el Municipio de General Alvarado para la ejecuci\u00f3n de pol\u00edticas ambientales de transici\u00f3n ecol\u00f3gica, soberan\u00eda alimentaria y gesti\u00f3n de residuos.<\/p>\n\n\n\n<p>Inauguraci\u00f3n de una escuela en Miramar<br>El proyecto para la creaci\u00f3n de estas escuelas fue aprobado en 2015, pero luego las obras fueron paralizadas y sufrieron roturas y actos de vandalismo. Los pliegos se retomaron en 2020 y hoy ya cuenta con 170 estudiantes preinscriptos.<\/p>\n\n\n\n<p>\u201cHoy estamos inaugurando un complejo educativo de calidad, con dos escuelas p\u00fablicas que funcionar\u00e1n en espejo y compartir\u00e1n espacios comunes\u201d, sostuvo Kicillof y agreg\u00f3: \u201cNo somos todos iguales: algunos dirigentes paralizaron estas obras y otros las reactivamos e invertimos para finalizarlas\u201d.<\/p>\n\n\n\n<p>Con 3 mil metros cuadrados de superficie cubierta, el edificio contiene a las escuelas primaria 13 y secundaria 6, complementando la educaci\u00f3n de nivel inicial que ya se impart\u00eda en el barrio. Cada instituci\u00f3n cuenta con seis aulas, laboratorio y gabinete psicopedag\u00f3gico, en tanto que comparten un sal\u00f3n de usos m\u00faltiples, biblioteca y \u00e1mbito inform\u00e1tico.<\/p>\n\n\n\n<p>El Gobernador se\u00f1al\u00f3 que \u201cesta obra era un verdadero monumento a la desidia, porque a pesar del endeudamiento no se destinaron fondos a terminarla y se permiti\u00f3 que fuera vandalizada\u201d. \u201cDurante cuatro a\u00f1os la inversi\u00f3n en la escuela p\u00fablica fue considerada un gasto\u201d, remarc\u00f3.<\/p>\n\n\n\n<p>Por su parte, Sileoni explic\u00f3 que \u201clas obras de estas escuelas se detuvieron luego de 2015 y ahora ha sido el Gobierno provincial junto al municipio quienes han tomado la decisi\u00f3n de finalizarlas para que los chicos y las chicas del barrio tengan las instalaciones necesarias para aprender. Tenemos m\u00e1s de 4 mil obras terminadas y 80 escuelas inauguradas en la provincia de Buenos Aires, y vamos a seguir por este camino de construir para la comunidad\u201d.<\/p>\n\n\n\n<p>\u201cEstamos ante un d\u00eda hist\u00f3rico en el que instalaciones que estaban abandonadas y vandalizadas se convierten en una escuela modelo que ya tiene m\u00e1s de 100 chicos inscriptos y 50 docentes que van a ir incorpor\u00e1ndose\u201d, subray\u00f3 Ianantuony y destac\u00f3: \u201cEsta obra tiene que ver con un Estado presente que apuesta y defiende la educaci\u00f3n p\u00fablica en nuestra provincia\u201d.<\/p>\n\n\n\n<p>Escuelas a la Obra ya destin\u00f3 una inversi\u00f3n de m\u00e1s de 38 mil millones de pesos y permiti\u00f3 inaugurar 80 nuevas escuelas, adem\u00e1s de concretar 4 mil tareas de refacci\u00f3n y ampliaci\u00f3n.<\/p>\n\n\n\n<p>Por \u00faltimo, Kicillof indic\u00f3 que \u201cen este barrio hac\u00eda falta un polo educativo y fue el Estado el que lo construy\u00f3, dando respuesta a las necesidades de quienes m\u00e1s lo necesitan. Siempre se dice que los j\u00f3venes son el futuro y eso es una forma de decirles que esperen. El futuro es de ellos, pero lo que tiene que ser de ellos tambi\u00e9n es el presente. Esta es una reflexi\u00f3n que nos llama a la lucha y a la conquista de los derechos en el presente\u201d.<\/p>\n\n\n\n<p>Estuvieron presentes tambi\u00e9n el jefe de Asesores del Gobernador, Carlos Bianco; la ministra de Ambiente, Daniela Vilar; el diputado provincial Germ\u00e1n Di Cesare; y la jefa distrital de Educaci\u00f3n de General Alvarado, Ana Mar\u00eda Moll.<\/p>\n","protected":false},"excerpt":{"rendered":"<p>El gobernador de la provincia de Buenos Aires, Axel Kicillof, encabez\u00f3 este mi\u00e9rcoles el acto de inauguraci\u00f3n del edificio de<\/p>\n","protected":false},"author":3,"featured_media":415,"comment_status":"closed","ping_status":"closed","sticky":false,"template":"","format":"standard","meta":{"colormag_page_container_layout":"default_layout","colormag_page_sidebar_layout":"default_layout","footnotes":""},"categories":[1,14],"tags":[],"class_list":["post-414","post","type-post","status-publish","format-standard","has-post-thumbnail","hentry","category-destacadas","category-politica"],"yoast_head":"<!-- This site is optimized with the Yoast SEO plugin v27.4 - https:\/\/yoast.com\/product\/yoast-seo-wordpress\/ -->\n<title>Kicillof inaugur\u00f3 la repavimentaci\u00f3n de Ruta 11 entre Chapadmalal y Miramar, una escuela y un parque solar - InfoPBA247<\/title>\n<meta name=\"robots\" content=\"index, follow, max-snippet:-1, max-image-preview:large, max-video-preview:-1\" \/>\n<link rel=\"canonical\" href=\"https:\/\/infopba247.com.ar\/index.php\/2022\/06\/16\/kicillof-inauguro-la-repavimentacion-de-ruta-11-entre-chapadmalal-y-miramar-una-escuela-y-un-parque-solar\/\" \/>\n<meta property=\"og:locale\" content=\"es_ES\" \/>\n<meta property=\"og:type\" content=\"article\" \/>\n<meta property=\"og:title\" content=\"Kicillof inaugur\u00f3 la repavimentaci\u00f3n de Ruta 11 entre Chapadmalal y Miramar, una escuela y un parque solar - InfoPBA247\" \/>\n<meta property=\"og:description\" content=\"El gobernador de la provincia de Buenos Aires, Axel Kicillof, encabez\u00f3 este mi\u00e9rcoles el acto de inauguraci\u00f3n del edificio de\" \/>\n<meta property=\"og:url\" content=\"https:\/\/infopba247.com.ar\/index.php\/2022\/06\/16\/kicillof-inauguro-la-repavimentacion-de-ruta-11-entre-chapadmalal-y-miramar-una-escuela-y-un-parque-solar\/\" \/>\n<meta property=\"og:site_name\" content=\"InfoPBA247\" \/>\n<meta property=\"article:publisher\" content=\"https:\/\/www.facebook.com\/InfoPBA\" \/>\n<meta property=\"article:published_time\" content=\"2022-06-16T13:15:05+00:00\" \/>\n<meta property=\"article:modified_time\" content=\"2022-06-16T13:15:07+00:00\" \/>\n<meta property=\"og:image\" content=\"https:\/\/infopba247.com.ar\/wp-content\/uploads\/2022\/06\/2022_06_15-AK-Inauguracion-Escuela._GOB0582-2048x1365-1.jpg\" \/>\n\t<meta property=\"og:image:width\" content=\"2048\" \/>\n\t<meta property=\"og:image:height\" content=\"1365\" \/>\n\t<meta property=\"og:image:type\" content=\"image\/jpeg\" \/>\n<meta name=\"author\" content=\"Editor\" \/>\n<meta name=\"twitter:card\" content=\"summary_large_image\" \/>\n<meta name=\"twitter:label1\" content=\"Escrito por\" \/>\n\t<meta name=\"twitter:data1\" content=\"Editor\" \/>\n\t<meta name=\"twitter:label2\" content=\"Tiempo de lectura\" \/>\n\t<meta name=\"twitter:data2\" content=\"5 minutos\" \/>\n<script type=\"application\/ld+json\" class=\"yoast-schema-graph\">{\"@context\":\"https:\\\/\\\/schema.org\",\"@graph\":[{\"@type\":\"Article\",\"@id\":\"https:\\\/\\\/infopba247.com.ar\\\/index.php\\\/2022\\\/06\\\/16\\\/kicillof-inauguro-la-repavimentacion-de-ruta-11-entre-chapadmalal-y-miramar-una-escuela-y-un-parque-solar\\\/#article\",\"isPartOf\":{\"@id\":\"https:\\\/\\\/infopba247.com.ar\\\/index.php\\\/2022\\\/06\\\/16\\\/kicillof-inauguro-la-repavimentacion-de-ruta-11-entre-chapadmalal-y-miramar-una-escuela-y-un-parque-solar\\\/\"},\"author\":{\"name\":\"Editor\",\"@id\":\"https:\\\/\\\/infopba247.com.ar\\\/#\\\/schema\\\/person\\\/4975f1343a413e57bf839b3eed0099f2\"},\"headline\":\"Kicillof inaugur\u00f3 la repavimentaci\u00f3n de Ruta 11 entre Chapadmalal y Miramar, una escuela y un parque solar\",\"datePublished\":\"2022-06-16T13:15:05+00:00\",\"dateModified\":\"2022-06-16T13:15:07+00:00\",\"mainEntityOfPage\":{\"@id\":\"https:\\\/\\\/infopba247.com.ar\\\/index.php\\\/2022\\\/06\\\/16\\\/kicillof-inauguro-la-repavimentacion-de-ruta-11-entre-chapadmalal-y-miramar-una-escuela-y-un-parque-solar\\\/\"},\"wordCount\":1080,\"publisher\":{\"@id\":\"https:\\\/\\\/infopba247.com.ar\\\/#organization\"},\"image\":{\"@id\":\"https:\\\/\\\/infopba247.com.ar\\\/index.php\\\/2022\\\/06\\\/16\\\/kicillof-inauguro-la-repavimentacion-de-ruta-11-entre-chapadmalal-y-miramar-una-escuela-y-un-parque-solar\\\/#primaryimage\"},\"thumbnailUrl\":\"https:\\\/\\\/infopba247.com.ar\\\/wp-content\\\/uploads\\\/2022\\\/06\\\/2022_06_15-AK-Inauguracion-Escuela._GOB0582-2048x1365-1.jpg\",\"articleSection\":[\"Destacadas\",\"Pol\u00edtica\"],\"inLanguage\":\"es\"},{\"@type\":\"WebPage\",\"@id\":\"https:\\\/\\\/infopba247.com.ar\\\/index.php\\\/2022\\\/06\\\/16\\\/kicillof-inauguro-la-repavimentacion-de-ruta-11-entre-chapadmalal-y-miramar-una-escuela-y-un-parque-solar\\\/\",\"url\":\"https:\\\/\\\/infopba247.com.ar\\\/index.php\\\/2022\\\/06\\\/16\\\/kicillof-inauguro-la-repavimentacion-de-ruta-11-entre-chapadmalal-y-miramar-una-escuela-y-un-parque-solar\\\/\",\"name\":\"Kicillof inaugur\u00f3 la repavimentaci\u00f3n de Ruta 11 entre Chapadmalal y Miramar, una escuela y un parque solar - InfoPBA247\",\"isPartOf\":{\"@id\":\"https:\\\/\\\/infopba247.com.ar\\\/#website\"},\"primaryImageOfPage\":{\"@id\":\"https:\\\/\\\/infopba247.com.ar\\\/index.php\\\/2022\\\/06\\\/16\\\/kicillof-inauguro-la-repavimentacion-de-ruta-11-entre-chapadmalal-y-miramar-una-escuela-y-un-parque-solar\\\/#primaryimage\"},\"image\":{\"@id\":\"https:\\\/\\\/infopba247.com.ar\\\/index.php\\\/2022\\\/06\\\/16\\\/kicillof-inauguro-la-repavimentacion-de-ruta-11-entre-chapadmalal-y-miramar-una-escuela-y-un-parque-solar\\\/#primaryimage\"},\"thumbnailUrl\":\"https:\\\/\\\/infopba247.com.ar\\\/wp-content\\\/uploads\\\/2022\\\/06\\\/2022_06_15-AK-Inauguracion-Escuela._GOB0582-2048x1365-1.jpg\",\"datePublished\":\"2022-06-16T13:15:05+00:00\",\"dateModified\":\"2022-06-16T13:15:07+00:00\",\"breadcrumb\":{\"@id\":\"https:\\\/\\\/infopba247.com.ar\\\/index.php\\\/2022\\\/06\\\/16\\\/kicillof-inauguro-la-repavimentacion-de-ruta-11-entre-chapadmalal-y-miramar-una-escuela-y-un-parque-solar\\\/#breadcrumb\"},\"inLanguage\":\"es\",\"potentialAction\":[{\"@type\":\"ReadAction\",\"target\":[\"https:\\\/\\\/infopba247.com.ar\\\/index.php\\\/2022\\\/06\\\/16\\\/kicillof-inauguro-la-repavimentacion-de-ruta-11-entre-chapadmalal-y-miramar-una-escuela-y-un-parque-solar\\\/\"]}]},{\"@type\":\"ImageObject\",\"inLanguage\":\"es\",\"@id\":\"https:\\\/\\\/infopba247.com.ar\\\/index.php\\\/2022\\\/06\\\/16\\\/kicillof-inauguro-la-repavimentacion-de-ruta-11-entre-chapadmalal-y-miramar-una-escuela-y-un-parque-solar\\\/#primaryimage\",\"url\":\"https:\\\/\\\/infopba247.com.ar\\\/wp-content\\\/uploads\\\/2022\\\/06\\\/2022_06_15-AK-Inauguracion-Escuela._GOB0582-2048x1365-1.jpg\",\"contentUrl\":\"https:\\\/\\\/infopba247.com.ar\\\/wp-content\\\/uploads\\\/2022\\\/06\\\/2022_06_15-AK-Inauguracion-Escuela._GOB0582-2048x1365-1.jpg\",\"width\":2048,\"height\":1365},{\"@type\":\"BreadcrumbList\",\"@id\":\"https:\\\/\\\/infopba247.com.ar\\\/index.php\\\/2022\\\/06\\\/16\\\/kicillof-inauguro-la-repavimentacion-de-ruta-11-entre-chapadmalal-y-miramar-una-escuela-y-un-parque-solar\\\/#breadcrumb\",\"itemListElement\":[{\"@type\":\"ListItem\",\"position\":1,\"name\":\"Portada\",\"item\":\"https:\\\/\\\/infopba247.com.ar\\\/\"},{\"@type\":\"ListItem\",\"position\":2,\"name\":\"Kicillof inaugur\u00f3 la repavimentaci\u00f3n de Ruta 11 entre Chapadmalal y Miramar, una escuela y un parque solar\"}]},{\"@type\":\"WebSite\",\"@id\":\"https:\\\/\\\/infopba247.com.ar\\\/#website\",\"url\":\"https:\\\/\\\/infopba247.com.ar\\\/\",\"name\":\"InfoPBA247\",\"description\":\"Toda la actualidad bonaerense\",\"publisher\":{\"@id\":\"https:\\\/\\\/infopba247.com.ar\\\/#organization\"},\"potentialAction\":[{\"@type\":\"SearchAction\",\"target\":{\"@type\":\"EntryPoint\",\"urlTemplate\":\"https:\\\/\\\/infopba247.com.ar\\\/?s={search_term_string}\"},\"query-input\":{\"@type\":\"PropertyValueSpecification\",\"valueRequired\":true,\"valueName\":\"search_term_string\"}}],\"inLanguage\":\"es\"},{\"@type\":\"Organization\",\"@id\":\"https:\\\/\\\/infopba247.com.ar\\\/#organization\",\"name\":\"InfoPBA247\",\"url\":\"https:\\\/\\\/infopba247.com.ar\\\/\",\"logo\":{\"@type\":\"ImageObject\",\"inLanguage\":\"es\",\"@id\":\"https:\\\/\\\/infopba247.com.ar\\\/#\\\/schema\\\/logo\\\/image\\\/\",\"url\":\"https:\\\/\\\/infopba247.com.ar\\\/wp-content\\\/uploads\\\/2022\\\/03\\\/cropped-InfoPBA247-1.png\",\"contentUrl\":\"https:\\\/\\\/infopba247.com.ar\\\/wp-content\\\/uploads\\\/2022\\\/03\\\/cropped-InfoPBA247-1.png\",\"width\":500,\"height\":122,\"caption\":\"InfoPBA247\"},\"image\":{\"@id\":\"https:\\\/\\\/infopba247.com.ar\\\/#\\\/schema\\\/logo\\\/image\\\/\"},\"sameAs\":[\"https:\\\/\\\/www.facebook.com\\\/InfoPBA\"]},{\"@type\":\"Person\",\"@id\":\"https:\\\/\\\/infopba247.com.ar\\\/#\\\/schema\\\/person\\\/4975f1343a413e57bf839b3eed0099f2\",\"name\":\"Editor\",\"image\":{\"@type\":\"ImageObject\",\"inLanguage\":\"es\",\"@id\":\"https:\\\/\\\/secure.gravatar.com\\\/avatar\\\/d27fe9520667ca53441d36627a1d6b0fa4a813571ec4803687a7a3a7744685ac?s=96&d=mm&r=g\",\"url\":\"https:\\\/\\\/secure.gravatar.com\\\/avatar\\\/d27fe9520667ca53441d36627a1d6b0fa4a813571ec4803687a7a3a7744685ac?s=96&d=mm&r=g\",\"contentUrl\":\"https:\\\/\\\/secure.gravatar.com\\\/avatar\\\/d27fe9520667ca53441d36627a1d6b0fa4a813571ec4803687a7a3a7744685ac?s=96&d=mm&r=g\",\"caption\":\"Editor\"},\"url\":\"https:\\\/\\\/infopba247.com.ar\\\/index.php\\\/author\\\/editor\\\/\"}]}<\/script>\n<!-- \/ Yoast SEO plugin. -->","yoast_head_json":{"title":"Kicillof inaugur\u00f3 la repavimentaci\u00f3n de Ruta 11 entre Chapadmalal y Miramar, una escuela y un parque solar - InfoPBA247","robots":{"index":"index","follow":"follow","max-snippet":"max-snippet:-1","max-image-preview":"max-image-preview:large","max-video-preview":"max-video-preview:-1"},"canonical":"https:\/\/infopba247.com.ar\/index.php\/2022\/06\/16\/kicillof-inauguro-la-repavimentacion-de-ruta-11-entre-chapadmalal-y-miramar-una-escuela-y-un-parque-solar\/","og_locale":"es_ES","og_type":"article","og_title":"Kicillof inaugur\u00f3 la repavimentaci\u00f3n de Ruta 11 entre Chapadmalal y Miramar, una escuela y un parque solar - InfoPBA247","og_description":"El gobernador de la provincia de Buenos Aires, Axel Kicillof, encabez\u00f3 este mi\u00e9rcoles el acto de inauguraci\u00f3n del edificio de","og_url":"https:\/\/infopba247.com.ar\/index.php\/2022\/06\/16\/kicillof-inauguro-la-repavimentacion-de-ruta-11-entre-chapadmalal-y-miramar-una-escuela-y-un-parque-solar\/","og_site_name":"InfoPBA247","article_publisher":"https:\/\/www.facebook.com\/InfoPBA","article_published_time":"2022-06-16T13:15:05+00:00","article_modified_time":"2022-06-16T13:15:07+00:00","og_image":[{"width":2048,"height":1365,"url":"https:\/\/infopba247.com.ar\/wp-content\/uploads\/2022\/06\/2022_06_15-AK-Inauguracion-Escuela._GOB0582-2048x1365-1.jpg","type":"image\/jpeg"}],"author":"Editor","twitter_card":"summary_large_image","twitter_misc":{"Escrito por":"Editor","Tiempo de lectura":"5 minutos"},"schema":{"@context":"https:\/\/schema.org","@graph":[{"@type":"Article","@id":"https:\/\/infopba247.com.ar\/index.php\/2022\/06\/16\/kicillof-inauguro-la-repavimentacion-de-ruta-11-entre-chapadmalal-y-miramar-una-escuela-y-un-parque-solar\/#article","isPartOf":{"@id":"https:\/\/infopba247.com.ar\/index.php\/2022\/06\/16\/kicillof-inauguro-la-repavimentacion-de-ruta-11-entre-chapadmalal-y-miramar-una-escuela-y-un-parque-solar\/"},"author":{"name":"Editor","@id":"https:\/\/infopba247.com.ar\/#\/schema\/person\/4975f1343a413e57bf839b3eed0099f2"},"headline":"Kicillof inaugur\u00f3 la repavimentaci\u00f3n de Ruta 11 entre Chapadmalal y Miramar, una escuela y un parque solar","datePublished":"2022-06-16T13:15:05+00:00","dateModified":"2022-06-16T13:15:07+00:00","mainEntityOfPage":{"@id":"https:\/\/infopba247.com.ar\/index.php\/2022\/06\/16\/kicillof-inauguro-la-repavimentacion-de-ruta-11-entre-chapadmalal-y-miramar-una-escuela-y-un-parque-solar\/"},"wordCount":1080,"publisher":{"@id":"https:\/\/infopba247.com.ar\/#organization"},"image":{"@id":"https:\/\/infopba247.com.ar\/index.php\/2022\/06\/16\/kicillof-inauguro-la-repavimentacion-de-ruta-11-entre-chapadmalal-y-miramar-una-escuela-y-un-parque-solar\/#primaryimage"},"thumbnailUrl":"https:\/\/infopba247.com.ar\/wp-content\/uploads\/2022\/06\/2022_06_15-AK-Inauguracion-Escuela._GOB0582-2048x1365-1.jpg","articleSection":["Destacadas","Pol\u00edtica"],"inLanguage":"es"},{"@type":"WebPage","@id":"https:\/\/infopba247.com.ar\/index.php\/2022\/06\/16\/kicillof-inauguro-la-repavimentacion-de-ruta-11-entre-chapadmalal-y-miramar-una-escuela-y-un-parque-solar\/","url":"https:\/\/infopba247.com.ar\/index.php\/2022\/06\/16\/kicillof-inauguro-la-repavimentacion-de-ruta-11-entre-chapadmalal-y-miramar-una-escuela-y-un-parque-solar\/","name":"Kicillof inaugur\u00f3 la repavimentaci\u00f3n de Ruta 11 entre Chapadmalal y Miramar, una escuela y un parque solar - InfoPBA247","isPartOf":{"@id":"https:\/\/infopba247.com.ar\/#website"},"primaryImageOfPage":{"@id":"https:\/\/infopba247.com.ar\/index.php\/2022\/06\/16\/kicillof-inauguro-la-repavimentacion-de-ruta-11-entre-chapadmalal-y-miramar-una-escuela-y-un-parque-solar\/#primaryimage"},"image":{"@id":"https:\/\/infopba247.com.ar\/index.php\/2022\/06\/16\/kicillof-inauguro-la-repavimentacion-de-ruta-11-entre-chapadmalal-y-miramar-una-escuela-y-un-parque-solar\/#primaryimage"},"thumbnailUrl":"https:\/\/infopba247.com.ar\/wp-content\/uploads\/2022\/06\/2022_06_15-AK-Inauguracion-Escuela._GOB0582-2048x1365-1.jpg","datePublished":"2022-06-16T13:15:05+00:00","dateModified":"2022-06-16T13:15:07+00:00","breadcrumb":{"@id":"https:\/\/infopba247.com.ar\/index.php\/2022\/06\/16\/kicillof-inauguro-la-repavimentacion-de-ruta-11-entre-chapadmalal-y-miramar-una-escuela-y-un-parque-solar\/#breadcrumb"},"inLanguage":"es","potentialAction":[{"@type":"ReadAction","target":["https:\/\/infopba247.com.ar\/index.php\/2022\/06\/16\/kicillof-inauguro-la-repavimentacion-de-ruta-11-entre-chapadmalal-y-miramar-una-escuela-y-un-parque-solar\/"]}]},{"@type":"ImageObject","inLanguage":"es","@id":"https:\/\/infopba247.com.ar\/index.php\/2022\/06\/16\/kicillof-inauguro-la-repavimentacion-de-ruta-11-entre-chapadmalal-y-miramar-una-escuela-y-un-parque-solar\/#primaryimage","url":"https:\/\/infopba247.com.ar\/wp-content\/uploads\/2022\/06\/2022_06_15-AK-Inauguracion-Escuela._GOB0582-2048x1365-1.jpg","contentUrl":"https:\/\/infopba247.com.ar\/wp-content\/uploads\/2022\/06\/2022_06_15-AK-Inauguracion-Escuela._GOB0582-2048x1365-1.jpg","width":2048,"height":1365},{"@type":"BreadcrumbList","@id":"https:\/\/infopba247.com.ar\/index.php\/2022\/06\/16\/kicillof-inauguro-la-repavimentacion-de-ruta-11-entre-chapadmalal-y-miramar-una-escuela-y-un-parque-solar\/#breadcrumb","itemListElement":[{"@type":"ListItem","position":1,"name":"Portada","item":"https:\/\/infopba247.com.ar\/"},{"@type":"ListItem","position":2,"name":"Kicillof inaugur\u00f3 la repavimentaci\u00f3n de Ruta 11 entre Chapadmalal y Miramar, una escuela y un parque solar"}]},{"@type":"WebSite","@id":"https:\/\/infopba247.com.ar\/#website","url":"https:\/\/infopba247.com.ar\/","name":"InfoPBA247","description":"Toda la actualidad bonaerense","publisher":{"@id":"https:\/\/infopba247.com.ar\/#organization"},"potentialAction":[{"@type":"SearchAction","target":{"@type":"EntryPoint","urlTemplate":"https:\/\/infopba247.com.ar\/?s={search_term_string}"},"query-input":{"@type":"PropertyValueSpecification","valueRequired":true,"valueName":"search_term_string"}}],"inLanguage":"es"},{"@type":"Organization","@id":"https:\/\/infopba247.com.ar\/#organization","name":"InfoPBA247","url":"https:\/\/infopba247.com.ar\/","logo":{"@type":"ImageObject","inLanguage":"es","@id":"https:\/\/infopba247.com.ar\/#\/schema\/logo\/image\/","url":"https:\/\/infopba247.com.ar\/wp-content\/uploads\/2022\/03\/cropped-InfoPBA247-1.png","contentUrl":"https:\/\/infopba247.com.ar\/wp-content\/uploads\/2022\/03\/cropped-InfoPBA247-1.png","width":500,"height":122,"caption":"InfoPBA247"},"image":{"@id":"https:\/\/infopba247.com.ar\/#\/schema\/logo\/image\/"},"sameAs":["https:\/\/www.facebook.com\/InfoPBA"]},{"@type":"Person","@id":"https:\/\/infopba247.com.ar\/#\/schema\/person\/4975f1343a413e57bf839b3eed0099f2","name":"Editor","image":{"@type":"ImageObject","inLanguage":"es","@id":"https:\/\/secure.gravatar.com\/avatar\/d27fe9520667ca53441d36627a1d6b0fa4a813571ec4803687a7a3a7744685ac?s=96&d=mm&r=g","url":"https:\/\/secure.gravatar.com\/avatar\/d27fe9520667ca53441d36627a1d6b0fa4a813571ec4803687a7a3a7744685ac?s=96&d=mm&r=g","contentUrl":"https:\/\/secure.gravatar.com\/avatar\/d27fe9520667ca53441d36627a1d6b0fa4a813571ec4803687a7a3a7744685ac?s=96&d=mm&r=g","caption":"Editor"},"url":"https:\/\/infopba247.com.ar\/index.php\/author\/editor\/"}]}},"_links":{"self":[{"href":"https:\/\/infopba247.com.ar\/index.php\/wp-json\/wp\/v2\/posts\/414","targetHints":{"allow":["GET"]}}],"collection":[{"href":"https:\/\/infopba247.com.ar\/index.php\/wp-json\/wp\/v2\/posts"}],"about":[{"href":"https:\/\/infopba247.com.ar\/index.php\/wp-json\/wp\/v2\/types\/post"}],"author":[{"embeddable":true,"href":"https:\/\/infopba247.com.ar\/index.php\/wp-json\/wp\/v2\/users\/3"}],"replies":[{"embeddable":true,"href":"https:\/\/infopba247.com.ar\/index.php\/wp-json\/wp\/v2\/comments?post=414"}],"version-history":[{"count":1,"href":"https:\/\/infopba247.com.ar\/index.php\/wp-json\/wp\/v2\/posts\/414\/revisions"}],"predecessor-version":[{"id":416,"href":"https:\/\/infopba247.com.ar\/index.php\/wp-json\/wp\/v2\/posts\/414\/revisions\/416"}],"wp:featuredmedia":[{"embeddable":true,"href":"https:\/\/infopba247.com.ar\/index.php\/wp-json\/wp\/v2\/media\/415"}],"wp:attachment":[{"href":"https:\/\/infopba247.com.ar\/index.php\/wp-json\/wp\/v2\/media?parent=414"}],"wp:term":[{"taxonomy":"category","embeddable":true,"href":"https:\/\/infopba247.com.ar\/index.php\/wp-json\/wp\/v2\/categories?post=414"},{"taxonomy":"post_tag","embeddable":true,"href":"https:\/\/infopba247.com.ar\/index.php\/wp-json\/wp\/v2\/tags?post=414"}],"curies":[{"name":"wp","href":"https:\/\/api.w.org\/{rel}","templated":true}]}}