{"id":4088,"date":"2024-05-14T11:51:53","date_gmt":"2024-05-14T14:51:53","guid":{"rendered":"https:\/\/infopba247.com.ar\/?p=4088"},"modified":"2024-05-17T11:56:21","modified_gmt":"2024-05-17T14:56:21","slug":"mariel-fernandez-maximo-kirchner-y-emilio-persico-cerraron-el-ultimo-encuentro-de-formacion-politica-del-pj-moreno","status":"publish","type":"post","link":"https:\/\/infopba247.com.ar\/index.php\/2024\/05\/14\/mariel-fernandez-maximo-kirchner-y-emilio-persico-cerraron-el-ultimo-encuentro-de-formacion-politica-del-pj-moreno\/","title":{"rendered":"Mariel Fern\u00e1ndez, M\u00e1ximo Kirchner y Emilio P\u00e9rsico cerraron el \u00faltimo encuentro de formaci\u00f3n pol\u00edtica del PJ Moreno"},"content":{"rendered":"\n<p>Mariel Fern\u00e1ndez, M\u00e1ximo Kirchner y Emilio P\u00e9rsico encabezaron el s\u00e9ptimo y \u00faltimo encuentro de formaci\u00f3n pol\u00edtica organizado por la militancia de Moreno en la Casa del Partido Justicialista de la ciudad.<\/p>\n\n\n\n<p>\u201cEn Moreno hay mucha militancia, y miramos la pol\u00edtica y la formaci\u00f3n como algo integral. Una parte de la formaci\u00f3n es lo que hacemos en territorio y otra parte es ponernos a estudiar y revisar la historia\u201d, sostuvo la intendenta de Moreno, Mariel Fern\u00e1ndez.<\/p>\n\n\n\n<p>La jefa comunal de Moreno, Mariel Fern\u00e1ndez, quien particip\u00f3 activamente de todos los encuentros, sostuvo: \u201cCon las compa\u00f1eras y compa\u00f1eros responsables de organizaciones de Moreno, venimos sosteniendo espacios de encuentro y formaci\u00f3n en la Casa del Partido Justicialista de Moreno. Hicimos una propuesta de siete encuentros y le propusimos a M\u00e1ximo si nos quer\u00eda acompa\u00f1ar en el \u00faltimo, donde ve\u00edamos los gobiernos de N\u00e9stor y Cristina. Qui\u00e9n mejor que \u00e9l para poder compartir ese \u00faltimo encuentro\u201d.<\/p>\n\n\n\n<p>La propuesta de formaci\u00f3n que se desarroll\u00f3 durante siete s\u00e1bados consecutivos temprano por la ma\u00f1ana, en la Casa del Partido, hizo un exhaustivo recorrido por la historia del peronismo, pero tambi\u00e9n toc\u00f3 temas vinculados a modelos de producci\u00f3n, desarrollo y la historia del movimiento obrero argentino, entre otros.<\/p>\n\n\n\n<p>Cada encuentro gir\u00f3 en torno a una tem\u00e1tica en particular que comenz\u00f3 con el primer encuentro llamado \u201cRevoluci\u00f3n industrial y modelo agroexportador\u201d, para luego ir desarrollando en cada jornada los siguientes temas: \u201cMovimiento obrero argentino\u201d, \u201cProceso de industrializaci\u00f3n y Peronismo\u201d, \u201cLa resistencia peronista\u201d, \u201cPlan Gelbard-Plan Mart\u00ednez de Hoz\u201d, \u201cDesde el regreso a la democracia hasta el 2001\u201d y \u201cLos gobiernos de N\u00e9stor y Cristina\u201d.<\/p>\n\n\n\n<p>Cada encuentro cont\u00f3 con la presencia activa de m\u00e1s de 200 militantes del territorio, entre ellos los funcionarios con mayores responsabilidades del municipio: \u201cLos encuentros se realizaron con m\u00e1s de 200 compa\u00f1eros, que son los que m\u00e1s responsabilidades pol\u00edticas tienen en Moreno, y la idea ahora es replicarlo en los subcomandos\u201d, afirm\u00f3 Mariel Fern\u00e1ndez.<\/p>\n\n\n\n<p>\u201cEn Moreno hay mucha militancia, y miramos la pol\u00edtica y la formaci\u00f3n como algo integral. Una parte de la formaci\u00f3n es lo que hacemos en territorio y otra parte es ponernos a estudiar y revisar la historia\u201d, sostuvo Fern\u00e1ndez y concluy\u00f3: \u00abComo venimos estudiando, nuestro pueblo tiene historia de lucha, y tenemos la fe de que sabemos que, si nos organizamos y peleamos, tenemos la capacidad de transformar las cosas. Ense\u00f1anzas que nos dejaron N\u00e9stor y Cristina. Vamos a volver a ser gobierno y a trabajar por las y los humildes y las y los trabajadores\u00bb.<\/p>\n","protected":false},"excerpt":{"rendered":"<p>Mariel Fern\u00e1ndez, M\u00e1ximo Kirchner y Emilio P\u00e9rsico encabezaron el s\u00e9ptimo y \u00faltimo encuentro de formaci\u00f3n pol\u00edtica organizado por la militancia<\/p>\n","protected":false},"author":3,"featured_media":4082,"comment_status":"closed","ping_status":"closed","sticky":false,"template":"","format":"standard","meta":{"colormag_page_container_layout":"default_layout","colormag_page_sidebar_layout":"default_layout","footnotes":""},"categories":[5,1,14],"tags":[],"class_list":["post-4088","post","type-post","status-publish","format-standard","has-post-thumbnail","hentry","category-1ra-seccion","category-destacadas","category-politica"],"yoast_head":"<!-- This site is optimized with the Yoast SEO plugin v27.4 - https:\/\/yoast.com\/product\/yoast-seo-wordpress\/ -->\n<title>Mariel Fern\u00e1ndez, M\u00e1ximo Kirchner y Emilio P\u00e9rsico cerraron el \u00faltimo encuentro de formaci\u00f3n pol\u00edtica del PJ Moreno - InfoPBA247<\/title>\n<meta name=\"robots\" content=\"index, follow, max-snippet:-1, max-image-preview:large, max-video-preview:-1\" \/>\n<link rel=\"canonical\" href=\"https:\/\/infopba247.com.ar\/index.php\/2024\/05\/14\/mariel-fernandez-maximo-kirchner-y-emilio-persico-cerraron-el-ultimo-encuentro-de-formacion-politica-del-pj-moreno\/\" \/>\n<meta property=\"og:locale\" content=\"es_ES\" \/>\n<meta property=\"og:type\" content=\"article\" \/>\n<meta property=\"og:title\" content=\"Mariel Fern\u00e1ndez, M\u00e1ximo Kirchner y Emilio P\u00e9rsico cerraron el \u00faltimo encuentro de formaci\u00f3n pol\u00edtica del PJ Moreno - InfoPBA247\" \/>\n<meta property=\"og:description\" content=\"Mariel Fern\u00e1ndez, M\u00e1ximo Kirchner y Emilio P\u00e9rsico encabezaron el s\u00e9ptimo y \u00faltimo encuentro de formaci\u00f3n pol\u00edtica organizado por la militancia\" \/>\n<meta property=\"og:url\" content=\"https:\/\/infopba247.com.ar\/index.php\/2024\/05\/14\/mariel-fernandez-maximo-kirchner-y-emilio-persico-cerraron-el-ultimo-encuentro-de-formacion-politica-del-pj-moreno\/\" \/>\n<meta property=\"og:site_name\" content=\"InfoPBA247\" \/>\n<meta property=\"article:publisher\" content=\"https:\/\/www.facebook.com\/InfoPBA\" \/>\n<meta property=\"article:published_time\" content=\"2024-05-14T14:51:53+00:00\" \/>\n<meta property=\"article:modified_time\" content=\"2024-05-17T14:56:21+00:00\" \/>\n<meta property=\"og:image\" content=\"https:\/\/infopba247.com.ar\/wp-content\/uploads\/2024\/05\/GNUvbO8W4AAH_Cg-800x445-1.jpg\" \/>\n\t<meta property=\"og:image:width\" content=\"800\" \/>\n\t<meta property=\"og:image:height\" content=\"445\" \/>\n\t<meta property=\"og:image:type\" content=\"image\/jpeg\" \/>\n<meta name=\"author\" content=\"Editor\" \/>\n<meta name=\"twitter:card\" content=\"summary_large_image\" \/>\n<meta name=\"twitter:label1\" content=\"Escrito por\" \/>\n\t<meta name=\"twitter:data1\" content=\"Editor\" \/>\n\t<meta name=\"twitter:label2\" content=\"Tiempo de lectura\" \/>\n\t<meta name=\"twitter:data2\" content=\"3 minutos\" \/>\n<script type=\"application\/ld+json\" class=\"yoast-schema-graph\">{\"@context\":\"https:\\\/\\\/schema.org\",\"@graph\":[{\"@type\":\"Article\",\"@id\":\"https:\\\/\\\/infopba247.com.ar\\\/index.php\\\/2024\\\/05\\\/14\\\/mariel-fernandez-maximo-kirchner-y-emilio-persico-cerraron-el-ultimo-encuentro-de-formacion-politica-del-pj-moreno\\\/#article\",\"isPartOf\":{\"@id\":\"https:\\\/\\\/infopba247.com.ar\\\/index.php\\\/2024\\\/05\\\/14\\\/mariel-fernandez-maximo-kirchner-y-emilio-persico-cerraron-el-ultimo-encuentro-de-formacion-politica-del-pj-moreno\\\/\"},\"author\":{\"name\":\"Editor\",\"@id\":\"https:\\\/\\\/infopba247.com.ar\\\/#\\\/schema\\\/person\\\/4975f1343a413e57bf839b3eed0099f2\"},\"headline\":\"Mariel Fern\u00e1ndez, M\u00e1ximo Kirchner y Emilio P\u00e9rsico cerraron el \u00faltimo encuentro de formaci\u00f3n pol\u00edtica del PJ Moreno\",\"datePublished\":\"2024-05-14T14:51:53+00:00\",\"dateModified\":\"2024-05-17T14:56:21+00:00\",\"mainEntityOfPage\":{\"@id\":\"https:\\\/\\\/infopba247.com.ar\\\/index.php\\\/2024\\\/05\\\/14\\\/mariel-fernandez-maximo-kirchner-y-emilio-persico-cerraron-el-ultimo-encuentro-de-formacion-politica-del-pj-moreno\\\/\"},\"wordCount\":474,\"publisher\":{\"@id\":\"https:\\\/\\\/infopba247.com.ar\\\/#organization\"},\"image\":{\"@id\":\"https:\\\/\\\/infopba247.com.ar\\\/index.php\\\/2024\\\/05\\\/14\\\/mariel-fernandez-maximo-kirchner-y-emilio-persico-cerraron-el-ultimo-encuentro-de-formacion-politica-del-pj-moreno\\\/#primaryimage\"},\"thumbnailUrl\":\"https:\\\/\\\/infopba247.com.ar\\\/wp-content\\\/uploads\\\/2024\\\/05\\\/GNUvbO8W4AAH_Cg-800x445-1.jpg\",\"articleSection\":[\"1ra Secci\u00f3n\",\"Destacadas\",\"Pol\u00edtica\"],\"inLanguage\":\"es\"},{\"@type\":\"WebPage\",\"@id\":\"https:\\\/\\\/infopba247.com.ar\\\/index.php\\\/2024\\\/05\\\/14\\\/mariel-fernandez-maximo-kirchner-y-emilio-persico-cerraron-el-ultimo-encuentro-de-formacion-politica-del-pj-moreno\\\/\",\"url\":\"https:\\\/\\\/infopba247.com.ar\\\/index.php\\\/2024\\\/05\\\/14\\\/mariel-fernandez-maximo-kirchner-y-emilio-persico-cerraron-el-ultimo-encuentro-de-formacion-politica-del-pj-moreno\\\/\",\"name\":\"Mariel Fern\u00e1ndez, M\u00e1ximo Kirchner y Emilio P\u00e9rsico cerraron el \u00faltimo encuentro de formaci\u00f3n pol\u00edtica del PJ Moreno - InfoPBA247\",\"isPartOf\":{\"@id\":\"https:\\\/\\\/infopba247.com.ar\\\/#website\"},\"primaryImageOfPage\":{\"@id\":\"https:\\\/\\\/infopba247.com.ar\\\/index.php\\\/2024\\\/05\\\/14\\\/mariel-fernandez-maximo-kirchner-y-emilio-persico-cerraron-el-ultimo-encuentro-de-formacion-politica-del-pj-moreno\\\/#primaryimage\"},\"image\":{\"@id\":\"https:\\\/\\\/infopba247.com.ar\\\/index.php\\\/2024\\\/05\\\/14\\\/mariel-fernandez-maximo-kirchner-y-emilio-persico-cerraron-el-ultimo-encuentro-de-formacion-politica-del-pj-moreno\\\/#primaryimage\"},\"thumbnailUrl\":\"https:\\\/\\\/infopba247.com.ar\\\/wp-content\\\/uploads\\\/2024\\\/05\\\/GNUvbO8W4AAH_Cg-800x445-1.jpg\",\"datePublished\":\"2024-05-14T14:51:53+00:00\",\"dateModified\":\"2024-05-17T14:56:21+00:00\",\"breadcrumb\":{\"@id\":\"https:\\\/\\\/infopba247.com.ar\\\/index.php\\\/2024\\\/05\\\/14\\\/mariel-fernandez-maximo-kirchner-y-emilio-persico-cerraron-el-ultimo-encuentro-de-formacion-politica-del-pj-moreno\\\/#breadcrumb\"},\"inLanguage\":\"es\",\"potentialAction\":[{\"@type\":\"ReadAction\",\"target\":[\"https:\\\/\\\/infopba247.com.ar\\\/index.php\\\/2024\\\/05\\\/14\\\/mariel-fernandez-maximo-kirchner-y-emilio-persico-cerraron-el-ultimo-encuentro-de-formacion-politica-del-pj-moreno\\\/\"]}]},{\"@type\":\"ImageObject\",\"inLanguage\":\"es\",\"@id\":\"https:\\\/\\\/infopba247.com.ar\\\/index.php\\\/2024\\\/05\\\/14\\\/mariel-fernandez-maximo-kirchner-y-emilio-persico-cerraron-el-ultimo-encuentro-de-formacion-politica-del-pj-moreno\\\/#primaryimage\",\"url\":\"https:\\\/\\\/infopba247.com.ar\\\/wp-content\\\/uploads\\\/2024\\\/05\\\/GNUvbO8W4AAH_Cg-800x445-1.jpg\",\"contentUrl\":\"https:\\\/\\\/infopba247.com.ar\\\/wp-content\\\/uploads\\\/2024\\\/05\\\/GNUvbO8W4AAH_Cg-800x445-1.jpg\",\"width\":800,\"height\":445},{\"@type\":\"BreadcrumbList\",\"@id\":\"https:\\\/\\\/infopba247.com.ar\\\/index.php\\\/2024\\\/05\\\/14\\\/mariel-fernandez-maximo-kirchner-y-emilio-persico-cerraron-el-ultimo-encuentro-de-formacion-politica-del-pj-moreno\\\/#breadcrumb\",\"itemListElement\":[{\"@type\":\"ListItem\",\"position\":1,\"name\":\"Portada\",\"item\":\"https:\\\/\\\/infopba247.com.ar\\\/\"},{\"@type\":\"ListItem\",\"position\":2,\"name\":\"Mariel Fern\u00e1ndez, M\u00e1ximo Kirchner y Emilio P\u00e9rsico cerraron el \u00faltimo encuentro de formaci\u00f3n pol\u00edtica del PJ Moreno\"}]},{\"@type\":\"WebSite\",\"@id\":\"https:\\\/\\\/infopba247.com.ar\\\/#website\",\"url\":\"https:\\\/\\\/infopba247.com.ar\\\/\",\"name\":\"InfoPBA247\",\"description\":\"Toda la actualidad bonaerense\",\"publisher\":{\"@id\":\"https:\\\/\\\/infopba247.com.ar\\\/#organization\"},\"potentialAction\":[{\"@type\":\"SearchAction\",\"target\":{\"@type\":\"EntryPoint\",\"urlTemplate\":\"https:\\\/\\\/infopba247.com.ar\\\/?s={search_term_string}\"},\"query-input\":{\"@type\":\"PropertyValueSpecification\",\"valueRequired\":true,\"valueName\":\"search_term_string\"}}],\"inLanguage\":\"es\"},{\"@type\":\"Organization\",\"@id\":\"https:\\\/\\\/infopba247.com.ar\\\/#organization\",\"name\":\"InfoPBA247\",\"url\":\"https:\\\/\\\/infopba247.com.ar\\\/\",\"logo\":{\"@type\":\"ImageObject\",\"inLanguage\":\"es\",\"@id\":\"https:\\\/\\\/infopba247.com.ar\\\/#\\\/schema\\\/logo\\\/image\\\/\",\"url\":\"https:\\\/\\\/infopba247.com.ar\\\/wp-content\\\/uploads\\\/2022\\\/03\\\/cropped-InfoPBA247-1.png\",\"contentUrl\":\"https:\\\/\\\/infopba247.com.ar\\\/wp-content\\\/uploads\\\/2022\\\/03\\\/cropped-InfoPBA247-1.png\",\"width\":500,\"height\":122,\"caption\":\"InfoPBA247\"},\"image\":{\"@id\":\"https:\\\/\\\/infopba247.com.ar\\\/#\\\/schema\\\/logo\\\/image\\\/\"},\"sameAs\":[\"https:\\\/\\\/www.facebook.com\\\/InfoPBA\"]},{\"@type\":\"Person\",\"@id\":\"https:\\\/\\\/infopba247.com.ar\\\/#\\\/schema\\\/person\\\/4975f1343a413e57bf839b3eed0099f2\",\"name\":\"Editor\",\"image\":{\"@type\":\"ImageObject\",\"inLanguage\":\"es\",\"@id\":\"https:\\\/\\\/secure.gravatar.com\\\/avatar\\\/d27fe9520667ca53441d36627a1d6b0fa4a813571ec4803687a7a3a7744685ac?s=96&d=mm&r=g\",\"url\":\"https:\\\/\\\/secure.gravatar.com\\\/avatar\\\/d27fe9520667ca53441d36627a1d6b0fa4a813571ec4803687a7a3a7744685ac?s=96&d=mm&r=g\",\"contentUrl\":\"https:\\\/\\\/secure.gravatar.com\\\/avatar\\\/d27fe9520667ca53441d36627a1d6b0fa4a813571ec4803687a7a3a7744685ac?s=96&d=mm&r=g\",\"caption\":\"Editor\"},\"url\":\"https:\\\/\\\/infopba247.com.ar\\\/index.php\\\/author\\\/editor\\\/\"}]}<\/script>\n<!-- \/ Yoast SEO plugin. -->","yoast_head_json":{"title":"Mariel Fern\u00e1ndez, M\u00e1ximo Kirchner y Emilio P\u00e9rsico cerraron el \u00faltimo encuentro de formaci\u00f3n pol\u00edtica del PJ Moreno - InfoPBA247","robots":{"index":"index","follow":"follow","max-snippet":"max-snippet:-1","max-image-preview":"max-image-preview:large","max-video-preview":"max-video-preview:-1"},"canonical":"https:\/\/infopba247.com.ar\/index.php\/2024\/05\/14\/mariel-fernandez-maximo-kirchner-y-emilio-persico-cerraron-el-ultimo-encuentro-de-formacion-politica-del-pj-moreno\/","og_locale":"es_ES","og_type":"article","og_title":"Mariel Fern\u00e1ndez, M\u00e1ximo Kirchner y Emilio P\u00e9rsico cerraron el \u00faltimo encuentro de formaci\u00f3n pol\u00edtica del PJ Moreno - InfoPBA247","og_description":"Mariel Fern\u00e1ndez, M\u00e1ximo Kirchner y Emilio P\u00e9rsico encabezaron el s\u00e9ptimo y \u00faltimo encuentro de formaci\u00f3n pol\u00edtica organizado por la militancia","og_url":"https:\/\/infopba247.com.ar\/index.php\/2024\/05\/14\/mariel-fernandez-maximo-kirchner-y-emilio-persico-cerraron-el-ultimo-encuentro-de-formacion-politica-del-pj-moreno\/","og_site_name":"InfoPBA247","article_publisher":"https:\/\/www.facebook.com\/InfoPBA","article_published_time":"2024-05-14T14:51:53+00:00","article_modified_time":"2024-05-17T14:56:21+00:00","og_image":[{"width":800,"height":445,"url":"https:\/\/infopba247.com.ar\/wp-content\/uploads\/2024\/05\/GNUvbO8W4AAH_Cg-800x445-1.jpg","type":"image\/jpeg"}],"author":"Editor","twitter_card":"summary_large_image","twitter_misc":{"Escrito por":"Editor","Tiempo de lectura":"3 minutos"},"schema":{"@context":"https:\/\/schema.org","@graph":[{"@type":"Article","@id":"https:\/\/infopba247.com.ar\/index.php\/2024\/05\/14\/mariel-fernandez-maximo-kirchner-y-emilio-persico-cerraron-el-ultimo-encuentro-de-formacion-politica-del-pj-moreno\/#article","isPartOf":{"@id":"https:\/\/infopba247.com.ar\/index.php\/2024\/05\/14\/mariel-fernandez-maximo-kirchner-y-emilio-persico-cerraron-el-ultimo-encuentro-de-formacion-politica-del-pj-moreno\/"},"author":{"name":"Editor","@id":"https:\/\/infopba247.com.ar\/#\/schema\/person\/4975f1343a413e57bf839b3eed0099f2"},"headline":"Mariel Fern\u00e1ndez, M\u00e1ximo Kirchner y Emilio P\u00e9rsico cerraron el \u00faltimo encuentro de formaci\u00f3n pol\u00edtica del PJ Moreno","datePublished":"2024-05-14T14:51:53+00:00","dateModified":"2024-05-17T14:56:21+00:00","mainEntityOfPage":{"@id":"https:\/\/infopba247.com.ar\/index.php\/2024\/05\/14\/mariel-fernandez-maximo-kirchner-y-emilio-persico-cerraron-el-ultimo-encuentro-de-formacion-politica-del-pj-moreno\/"},"wordCount":474,"publisher":{"@id":"https:\/\/infopba247.com.ar\/#organization"},"image":{"@id":"https:\/\/infopba247.com.ar\/index.php\/2024\/05\/14\/mariel-fernandez-maximo-kirchner-y-emilio-persico-cerraron-el-ultimo-encuentro-de-formacion-politica-del-pj-moreno\/#primaryimage"},"thumbnailUrl":"https:\/\/infopba247.com.ar\/wp-content\/uploads\/2024\/05\/GNUvbO8W4AAH_Cg-800x445-1.jpg","articleSection":["1ra Secci\u00f3n","Destacadas","Pol\u00edtica"],"inLanguage":"es"},{"@type":"WebPage","@id":"https:\/\/infopba247.com.ar\/index.php\/2024\/05\/14\/mariel-fernandez-maximo-kirchner-y-emilio-persico-cerraron-el-ultimo-encuentro-de-formacion-politica-del-pj-moreno\/","url":"https:\/\/infopba247.com.ar\/index.php\/2024\/05\/14\/mariel-fernandez-maximo-kirchner-y-emilio-persico-cerraron-el-ultimo-encuentro-de-formacion-politica-del-pj-moreno\/","name":"Mariel Fern\u00e1ndez, M\u00e1ximo Kirchner y Emilio P\u00e9rsico cerraron el \u00faltimo encuentro de formaci\u00f3n pol\u00edtica del PJ Moreno - InfoPBA247","isPartOf":{"@id":"https:\/\/infopba247.com.ar\/#website"},"primaryImageOfPage":{"@id":"https:\/\/infopba247.com.ar\/index.php\/2024\/05\/14\/mariel-fernandez-maximo-kirchner-y-emilio-persico-cerraron-el-ultimo-encuentro-de-formacion-politica-del-pj-moreno\/#primaryimage"},"image":{"@id":"https:\/\/infopba247.com.ar\/index.php\/2024\/05\/14\/mariel-fernandez-maximo-kirchner-y-emilio-persico-cerraron-el-ultimo-encuentro-de-formacion-politica-del-pj-moreno\/#primaryimage"},"thumbnailUrl":"https:\/\/infopba247.com.ar\/wp-content\/uploads\/2024\/05\/GNUvbO8W4AAH_Cg-800x445-1.jpg","datePublished":"2024-05-14T14:51:53+00:00","dateModified":"2024-05-17T14:56:21+00:00","breadcrumb":{"@id":"https:\/\/infopba247.com.ar\/index.php\/2024\/05\/14\/mariel-fernandez-maximo-kirchner-y-emilio-persico-cerraron-el-ultimo-encuentro-de-formacion-politica-del-pj-moreno\/#breadcrumb"},"inLanguage":"es","potentialAction":[{"@type":"ReadAction","target":["https:\/\/infopba247.com.ar\/index.php\/2024\/05\/14\/mariel-fernandez-maximo-kirchner-y-emilio-persico-cerraron-el-ultimo-encuentro-de-formacion-politica-del-pj-moreno\/"]}]},{"@type":"ImageObject","inLanguage":"es","@id":"https:\/\/infopba247.com.ar\/index.php\/2024\/05\/14\/mariel-fernandez-maximo-kirchner-y-emilio-persico-cerraron-el-ultimo-encuentro-de-formacion-politica-del-pj-moreno\/#primaryimage","url":"https:\/\/infopba247.com.ar\/wp-content\/uploads\/2024\/05\/GNUvbO8W4AAH_Cg-800x445-1.jpg","contentUrl":"https:\/\/infopba247.com.ar\/wp-content\/uploads\/2024\/05\/GNUvbO8W4AAH_Cg-800x445-1.jpg","width":800,"height":445},{"@type":"BreadcrumbList","@id":"https:\/\/infopba247.com.ar\/index.php\/2024\/05\/14\/mariel-fernandez-maximo-kirchner-y-emilio-persico-cerraron-el-ultimo-encuentro-de-formacion-politica-del-pj-moreno\/#breadcrumb","itemListElement":[{"@type":"ListItem","position":1,"name":"Portada","item":"https:\/\/infopba247.com.ar\/"},{"@type":"ListItem","position":2,"name":"Mariel Fern\u00e1ndez, M\u00e1ximo Kirchner y Emilio P\u00e9rsico cerraron el \u00faltimo encuentro de formaci\u00f3n pol\u00edtica del PJ Moreno"}]},{"@type":"WebSite","@id":"https:\/\/infopba247.com.ar\/#website","url":"https:\/\/infopba247.com.ar\/","name":"InfoPBA247","description":"Toda la actualidad bonaerense","publisher":{"@id":"https:\/\/infopba247.com.ar\/#organization"},"potentialAction":[{"@type":"SearchAction","target":{"@type":"EntryPoint","urlTemplate":"https:\/\/infopba247.com.ar\/?s={search_term_string}"},"query-input":{"@type":"PropertyValueSpecification","valueRequired":true,"valueName":"search_term_string"}}],"inLanguage":"es"},{"@type":"Organization","@id":"https:\/\/infopba247.com.ar\/#organization","name":"InfoPBA247","url":"https:\/\/infopba247.com.ar\/","logo":{"@type":"ImageObject","inLanguage":"es","@id":"https:\/\/infopba247.com.ar\/#\/schema\/logo\/image\/","url":"https:\/\/infopba247.com.ar\/wp-content\/uploads\/2022\/03\/cropped-InfoPBA247-1.png","contentUrl":"https:\/\/infopba247.com.ar\/wp-content\/uploads\/2022\/03\/cropped-InfoPBA247-1.png","width":500,"height":122,"caption":"InfoPBA247"},"image":{"@id":"https:\/\/infopba247.com.ar\/#\/schema\/logo\/image\/"},"sameAs":["https:\/\/www.facebook.com\/InfoPBA"]},{"@type":"Person","@id":"https:\/\/infopba247.com.ar\/#\/schema\/person\/4975f1343a413e57bf839b3eed0099f2","name":"Editor","image":{"@type":"ImageObject","inLanguage":"es","@id":"https:\/\/secure.gravatar.com\/avatar\/d27fe9520667ca53441d36627a1d6b0fa4a813571ec4803687a7a3a7744685ac?s=96&d=mm&r=g","url":"https:\/\/secure.gravatar.com\/avatar\/d27fe9520667ca53441d36627a1d6b0fa4a813571ec4803687a7a3a7744685ac?s=96&d=mm&r=g","contentUrl":"https:\/\/secure.gravatar.com\/avatar\/d27fe9520667ca53441d36627a1d6b0fa4a813571ec4803687a7a3a7744685ac?s=96&d=mm&r=g","caption":"Editor"},"url":"https:\/\/infopba247.com.ar\/index.php\/author\/editor\/"}]}},"_links":{"self":[{"href":"https:\/\/infopba247.com.ar\/index.php\/wp-json\/wp\/v2\/posts\/4088","targetHints":{"allow":["GET"]}}],"collection":[{"href":"https:\/\/infopba247.com.ar\/index.php\/wp-json\/wp\/v2\/posts"}],"about":[{"href":"https:\/\/infopba247.com.ar\/index.php\/wp-json\/wp\/v2\/types\/post"}],"author":[{"embeddable":true,"href":"https:\/\/infopba247.com.ar\/index.php\/wp-json\/wp\/v2\/users\/3"}],"replies":[{"embeddable":true,"href":"https:\/\/infopba247.com.ar\/index.php\/wp-json\/wp\/v2\/comments?post=4088"}],"version-history":[{"count":1,"href":"https:\/\/infopba247.com.ar\/index.php\/wp-json\/wp\/v2\/posts\/4088\/revisions"}],"predecessor-version":[{"id":4089,"href":"https:\/\/infopba247.com.ar\/index.php\/wp-json\/wp\/v2\/posts\/4088\/revisions\/4089"}],"wp:featuredmedia":[{"embeddable":true,"href":"https:\/\/infopba247.com.ar\/index.php\/wp-json\/wp\/v2\/media\/4082"}],"wp:attachment":[{"href":"https:\/\/infopba247.com.ar\/index.php\/wp-json\/wp\/v2\/media?parent=4088"}],"wp:term":[{"taxonomy":"category","embeddable":true,"href":"https:\/\/infopba247.com.ar\/index.php\/wp-json\/wp\/v2\/categories?post=4088"},{"taxonomy":"post_tag","embeddable":true,"href":"https:\/\/infopba247.com.ar\/index.php\/wp-json\/wp\/v2\/tags?post=4088"}],"curies":[{"name":"wp","href":"https:\/\/api.w.org\/{rel}","templated":true}]}}