{"id":4027,"date":"2024-05-03T13:02:33","date_gmt":"2024-05-03T16:02:33","guid":{"rendered":"https:\/\/infopba247.com.ar\/?p=4027"},"modified":"2024-05-17T11:41:47","modified_gmt":"2024-05-17T14:41:47","slug":"fernandez-y-kicillof-entregaron-kits-educativos-para-los-12-centros-socioeducativos-de-moreno","status":"publish","type":"post","link":"https:\/\/infopba247.com.ar\/index.php\/2024\/05\/03\/fernandez-y-kicillof-entregaron-kits-educativos-para-los-12-centros-socioeducativos-de-moreno\/","title":{"rendered":"Fern\u00e1ndez y Kicillof entregaron kits educativos para los 12 Centros Socioeducativos\u00a0 de Moreno"},"content":{"rendered":"\n<p>La intendenta de Moreno, Mariel Fern\u00e1ndez, junto al gobernador de la Provincia de Buenos Aires, Axel Kicillof, y el director general de Cultura y Educaci\u00f3n, Alberto Sileoni, entregaron entregaron kits escolares y deportivos a los 12 Centros Socioeducativos y Comunitarios (CSC) de Moreno.<\/p>\n\n\n\n<p>Durante la jornada que se llev\u00f3 adelante en el Parque Industrial Municipal 2, se distribuyeron guardapolvos, mochilas, bibliotecas con colecciones de Educaci\u00f3n Sexual Integral (ESI) e Identidad Bonaerense para reforzar las trayectorias educativas de ni\u00f1os, ni\u00f1as y j\u00f3venes de entre 4 y 21 a\u00f1os que asisten a los centros.<\/p>\n\n\n\n<p>En ese marco, Kicillof destac\u00f3 que \u201ccomo consecuencia de la desregulaci\u00f3n de la econom\u00eda que impulsa el Gobierno nacional, han aumentado mucho los precios de los \u00fatiles escolares, las mochilas y los guardapolvos\u201d. \u201cEstamos distribuyendo kits educativos mientras esperamos que, as\u00ed como lo descubrieron hace poco con el mercado de las prepagas, comprendan que hay que cuidar los bolsillos de todas y todos los argentinos\u201d, sostuvo.<\/p>\n\n\n\n<p>Adem\u00e1s, desde el Gobierno local, con inversi\u00f3n del Fondo de Financiamiento Educativo, se presentaron kits escolares que ser\u00e1n distribuidos a jardines de infantes y comunitarios, escuelas primarias, escuelas secundarias y espacios de modalidad de adultos. Cada instituci\u00f3n recibir\u00e1 l\u00e1pices negros, de colores y lapiceras; gomas de borrar; cuadernos; adhesivos vin\u00edlicos; cajas de repuestos de hojas rayadas y cuadriculadas y resmas.<\/p>\n\n\n\n<p>Por su parte, Fern\u00e1ndez expres\u00f3 que \u201ctodo lo que tiene que ver con propuestas educativas y los socioeducativos lo celebramos por la felicidad y el confort en el alma que les genera a los j\u00f3venes.\u201d \u201cSigo creyendo profundamente en la organizaci\u00f3n popular, la historia de nuestro pueblo es hermosa y en estos momentos tan dif\u00edciles es importante reivindicar nuestra identidad cultural y nuestras luchas porque siempre estamos discutiendo las mismas cosas, la redistribuci\u00f3n de la riqueza en nuestro pa\u00eds: si nuestros recursos naturales son para desarrollar nuestra industria o son para desarrollar la industria de otros pa\u00edses\u201d, se\u00f1al\u00f3 la jefa comunal y afirm\u00f3 que \u201cVamos a seguir pele\u00e1ndola porque a nadie le queremos regalar nuestra patria\u201d.<\/p>\n\n\n\n<p>Asimismo, Kicillof y la ministra de Ambiente, Daniela Vilar, entregaron al municipio maquinaria para la gesti\u00f3n de residuos: un autoelevador, una minicargadora, una balanza industrial y una enfardadora. Tambi\u00e9n se firm\u00f3 un convenio de colaboraci\u00f3n para la puesta en valor de espacios verdes y p\u00fablicos a trav\u00e9s de acciones de restauraci\u00f3n, regeneraci\u00f3n y saneamiento ambiental participativo.<\/p>\n\n\n\n<p>Estuvieron presentes el ministro de Trabajo, Walter Correa; la subsecretaria de Residuos S\u00f3lidos Urbanos y Econom\u00eda Circular, Jackie Flores; el intendente de Merlo, Gustavo Men\u00e9ndez; la concejala Karina Men\u00e9ndez; autoridades provinciales y municipales.<\/p>\n","protected":false},"excerpt":{"rendered":"<p>La intendenta de Moreno, Mariel Fern\u00e1ndez, junto al gobernador de la Provincia de Buenos Aires, Axel Kicillof, y el director<\/p>\n","protected":false},"author":3,"featured_media":4024,"comment_status":"closed","ping_status":"closed","sticky":false,"template":"","format":"standard","meta":{"colormag_page_container_layout":"default_layout","colormag_page_sidebar_layout":"default_layout","footnotes":""},"categories":[5,1,14],"tags":[],"class_list":["post-4027","post","type-post","status-publish","format-standard","has-post-thumbnail","hentry","category-1ra-seccion","category-destacadas","category-politica"],"yoast_head":"<!-- This site is optimized with the Yoast SEO plugin v27.4 - https:\/\/yoast.com\/product\/yoast-seo-wordpress\/ -->\n<title>Fern\u00e1ndez y Kicillof entregaron kits educativos para los 12 Centros Socioeducativos\u00a0 de Moreno - InfoPBA247<\/title>\n<meta name=\"robots\" content=\"index, follow, max-snippet:-1, max-image-preview:large, max-video-preview:-1\" \/>\n<link rel=\"canonical\" href=\"https:\/\/infopba247.com.ar\/index.php\/2024\/05\/03\/fernandez-y-kicillof-entregaron-kits-educativos-para-los-12-centros-socioeducativos-de-moreno\/\" \/>\n<meta property=\"og:locale\" content=\"es_ES\" \/>\n<meta property=\"og:type\" content=\"article\" \/>\n<meta property=\"og:title\" content=\"Fern\u00e1ndez y Kicillof entregaron kits educativos para los 12 Centros Socioeducativos\u00a0 de Moreno - InfoPBA247\" \/>\n<meta property=\"og:description\" content=\"La intendenta de Moreno, Mariel Fern\u00e1ndez, junto al gobernador de la Provincia de Buenos Aires, Axel Kicillof, y el director\" \/>\n<meta property=\"og:url\" content=\"https:\/\/infopba247.com.ar\/index.php\/2024\/05\/03\/fernandez-y-kicillof-entregaron-kits-educativos-para-los-12-centros-socioeducativos-de-moreno\/\" \/>\n<meta property=\"og:site_name\" content=\"InfoPBA247\" \/>\n<meta property=\"article:publisher\" content=\"https:\/\/www.facebook.com\/InfoPBA\" \/>\n<meta property=\"article:published_time\" content=\"2024-05-03T16:02:33+00:00\" \/>\n<meta property=\"article:modified_time\" content=\"2024-05-17T14:41:47+00:00\" \/>\n<meta property=\"og:image\" content=\"https:\/\/infopba247.com.ar\/wp-content\/uploads\/2024\/05\/acto-scaled.jpg\" \/>\n\t<meta property=\"og:image:width\" content=\"2560\" \/>\n\t<meta property=\"og:image:height\" content=\"1708\" \/>\n\t<meta property=\"og:image:type\" content=\"image\/jpeg\" \/>\n<meta name=\"author\" content=\"Editor\" \/>\n<meta name=\"twitter:card\" content=\"summary_large_image\" \/>\n<meta name=\"twitter:label1\" content=\"Escrito por\" \/>\n\t<meta name=\"twitter:data1\" content=\"Editor\" \/>\n\t<meta name=\"twitter:label2\" content=\"Tiempo de lectura\" \/>\n\t<meta name=\"twitter:data2\" content=\"2 minutos\" \/>\n<script type=\"application\/ld+json\" class=\"yoast-schema-graph\">{\"@context\":\"https:\\\/\\\/schema.org\",\"@graph\":[{\"@type\":\"Article\",\"@id\":\"https:\\\/\\\/infopba247.com.ar\\\/index.php\\\/2024\\\/05\\\/03\\\/fernandez-y-kicillof-entregaron-kits-educativos-para-los-12-centros-socioeducativos-de-moreno\\\/#article\",\"isPartOf\":{\"@id\":\"https:\\\/\\\/infopba247.com.ar\\\/index.php\\\/2024\\\/05\\\/03\\\/fernandez-y-kicillof-entregaron-kits-educativos-para-los-12-centros-socioeducativos-de-moreno\\\/\"},\"author\":{\"name\":\"Editor\",\"@id\":\"https:\\\/\\\/infopba247.com.ar\\\/#\\\/schema\\\/person\\\/4975f1343a413e57bf839b3eed0099f2\"},\"headline\":\"Fern\u00e1ndez y Kicillof entregaron kits educativos para los 12 Centros Socioeducativos\u00a0 de Moreno\",\"datePublished\":\"2024-05-03T16:02:33+00:00\",\"dateModified\":\"2024-05-17T14:41:47+00:00\",\"mainEntityOfPage\":{\"@id\":\"https:\\\/\\\/infopba247.com.ar\\\/index.php\\\/2024\\\/05\\\/03\\\/fernandez-y-kicillof-entregaron-kits-educativos-para-los-12-centros-socioeducativos-de-moreno\\\/\"},\"wordCount\":467,\"publisher\":{\"@id\":\"https:\\\/\\\/infopba247.com.ar\\\/#organization\"},\"image\":{\"@id\":\"https:\\\/\\\/infopba247.com.ar\\\/index.php\\\/2024\\\/05\\\/03\\\/fernandez-y-kicillof-entregaron-kits-educativos-para-los-12-centros-socioeducativos-de-moreno\\\/#primaryimage\"},\"thumbnailUrl\":\"https:\\\/\\\/infopba247.com.ar\\\/wp-content\\\/uploads\\\/2024\\\/05\\\/acto-scaled.jpg\",\"articleSection\":[\"1ra Secci\u00f3n\",\"Destacadas\",\"Pol\u00edtica\"],\"inLanguage\":\"es\"},{\"@type\":\"WebPage\",\"@id\":\"https:\\\/\\\/infopba247.com.ar\\\/index.php\\\/2024\\\/05\\\/03\\\/fernandez-y-kicillof-entregaron-kits-educativos-para-los-12-centros-socioeducativos-de-moreno\\\/\",\"url\":\"https:\\\/\\\/infopba247.com.ar\\\/index.php\\\/2024\\\/05\\\/03\\\/fernandez-y-kicillof-entregaron-kits-educativos-para-los-12-centros-socioeducativos-de-moreno\\\/\",\"name\":\"Fern\u00e1ndez y Kicillof entregaron kits educativos para los 12 Centros Socioeducativos\u00a0 de Moreno - InfoPBA247\",\"isPartOf\":{\"@id\":\"https:\\\/\\\/infopba247.com.ar\\\/#website\"},\"primaryImageOfPage\":{\"@id\":\"https:\\\/\\\/infopba247.com.ar\\\/index.php\\\/2024\\\/05\\\/03\\\/fernandez-y-kicillof-entregaron-kits-educativos-para-los-12-centros-socioeducativos-de-moreno\\\/#primaryimage\"},\"image\":{\"@id\":\"https:\\\/\\\/infopba247.com.ar\\\/index.php\\\/2024\\\/05\\\/03\\\/fernandez-y-kicillof-entregaron-kits-educativos-para-los-12-centros-socioeducativos-de-moreno\\\/#primaryimage\"},\"thumbnailUrl\":\"https:\\\/\\\/infopba247.com.ar\\\/wp-content\\\/uploads\\\/2024\\\/05\\\/acto-scaled.jpg\",\"datePublished\":\"2024-05-03T16:02:33+00:00\",\"dateModified\":\"2024-05-17T14:41:47+00:00\",\"breadcrumb\":{\"@id\":\"https:\\\/\\\/infopba247.com.ar\\\/index.php\\\/2024\\\/05\\\/03\\\/fernandez-y-kicillof-entregaron-kits-educativos-para-los-12-centros-socioeducativos-de-moreno\\\/#breadcrumb\"},\"inLanguage\":\"es\",\"potentialAction\":[{\"@type\":\"ReadAction\",\"target\":[\"https:\\\/\\\/infopba247.com.ar\\\/index.php\\\/2024\\\/05\\\/03\\\/fernandez-y-kicillof-entregaron-kits-educativos-para-los-12-centros-socioeducativos-de-moreno\\\/\"]}]},{\"@type\":\"ImageObject\",\"inLanguage\":\"es\",\"@id\":\"https:\\\/\\\/infopba247.com.ar\\\/index.php\\\/2024\\\/05\\\/03\\\/fernandez-y-kicillof-entregaron-kits-educativos-para-los-12-centros-socioeducativos-de-moreno\\\/#primaryimage\",\"url\":\"https:\\\/\\\/infopba247.com.ar\\\/wp-content\\\/uploads\\\/2024\\\/05\\\/acto-scaled.jpg\",\"contentUrl\":\"https:\\\/\\\/infopba247.com.ar\\\/wp-content\\\/uploads\\\/2024\\\/05\\\/acto-scaled.jpg\",\"width\":2560,\"height\":1708},{\"@type\":\"BreadcrumbList\",\"@id\":\"https:\\\/\\\/infopba247.com.ar\\\/index.php\\\/2024\\\/05\\\/03\\\/fernandez-y-kicillof-entregaron-kits-educativos-para-los-12-centros-socioeducativos-de-moreno\\\/#breadcrumb\",\"itemListElement\":[{\"@type\":\"ListItem\",\"position\":1,\"name\":\"Portada\",\"item\":\"https:\\\/\\\/infopba247.com.ar\\\/\"},{\"@type\":\"ListItem\",\"position\":2,\"name\":\"Fern\u00e1ndez y Kicillof entregaron kits educativos para los 12 Centros Socioeducativos\u00a0 de Moreno\"}]},{\"@type\":\"WebSite\",\"@id\":\"https:\\\/\\\/infopba247.com.ar\\\/#website\",\"url\":\"https:\\\/\\\/infopba247.com.ar\\\/\",\"name\":\"InfoPBA247\",\"description\":\"Toda la actualidad bonaerense\",\"publisher\":{\"@id\":\"https:\\\/\\\/infopba247.com.ar\\\/#organization\"},\"potentialAction\":[{\"@type\":\"SearchAction\",\"target\":{\"@type\":\"EntryPoint\",\"urlTemplate\":\"https:\\\/\\\/infopba247.com.ar\\\/?s={search_term_string}\"},\"query-input\":{\"@type\":\"PropertyValueSpecification\",\"valueRequired\":true,\"valueName\":\"search_term_string\"}}],\"inLanguage\":\"es\"},{\"@type\":\"Organization\",\"@id\":\"https:\\\/\\\/infopba247.com.ar\\\/#organization\",\"name\":\"InfoPBA247\",\"url\":\"https:\\\/\\\/infopba247.com.ar\\\/\",\"logo\":{\"@type\":\"ImageObject\",\"inLanguage\":\"es\",\"@id\":\"https:\\\/\\\/infopba247.com.ar\\\/#\\\/schema\\\/logo\\\/image\\\/\",\"url\":\"https:\\\/\\\/infopba247.com.ar\\\/wp-content\\\/uploads\\\/2022\\\/03\\\/cropped-InfoPBA247-1.png\",\"contentUrl\":\"https:\\\/\\\/infopba247.com.ar\\\/wp-content\\\/uploads\\\/2022\\\/03\\\/cropped-InfoPBA247-1.png\",\"width\":500,\"height\":122,\"caption\":\"InfoPBA247\"},\"image\":{\"@id\":\"https:\\\/\\\/infopba247.com.ar\\\/#\\\/schema\\\/logo\\\/image\\\/\"},\"sameAs\":[\"https:\\\/\\\/www.facebook.com\\\/InfoPBA\"]},{\"@type\":\"Person\",\"@id\":\"https:\\\/\\\/infopba247.com.ar\\\/#\\\/schema\\\/person\\\/4975f1343a413e57bf839b3eed0099f2\",\"name\":\"Editor\",\"image\":{\"@type\":\"ImageObject\",\"inLanguage\":\"es\",\"@id\":\"https:\\\/\\\/secure.gravatar.com\\\/avatar\\\/d27fe9520667ca53441d36627a1d6b0fa4a813571ec4803687a7a3a7744685ac?s=96&d=mm&r=g\",\"url\":\"https:\\\/\\\/secure.gravatar.com\\\/avatar\\\/d27fe9520667ca53441d36627a1d6b0fa4a813571ec4803687a7a3a7744685ac?s=96&d=mm&r=g\",\"contentUrl\":\"https:\\\/\\\/secure.gravatar.com\\\/avatar\\\/d27fe9520667ca53441d36627a1d6b0fa4a813571ec4803687a7a3a7744685ac?s=96&d=mm&r=g\",\"caption\":\"Editor\"},\"url\":\"https:\\\/\\\/infopba247.com.ar\\\/index.php\\\/author\\\/editor\\\/\"}]}<\/script>\n<!-- \/ Yoast SEO plugin. -->","yoast_head_json":{"title":"Fern\u00e1ndez y Kicillof entregaron kits educativos para los 12 Centros Socioeducativos\u00a0 de Moreno - InfoPBA247","robots":{"index":"index","follow":"follow","max-snippet":"max-snippet:-1","max-image-preview":"max-image-preview:large","max-video-preview":"max-video-preview:-1"},"canonical":"https:\/\/infopba247.com.ar\/index.php\/2024\/05\/03\/fernandez-y-kicillof-entregaron-kits-educativos-para-los-12-centros-socioeducativos-de-moreno\/","og_locale":"es_ES","og_type":"article","og_title":"Fern\u00e1ndez y Kicillof entregaron kits educativos para los 12 Centros Socioeducativos\u00a0 de Moreno - InfoPBA247","og_description":"La intendenta de Moreno, Mariel Fern\u00e1ndez, junto al gobernador de la Provincia de Buenos Aires, Axel Kicillof, y el director","og_url":"https:\/\/infopba247.com.ar\/index.php\/2024\/05\/03\/fernandez-y-kicillof-entregaron-kits-educativos-para-los-12-centros-socioeducativos-de-moreno\/","og_site_name":"InfoPBA247","article_publisher":"https:\/\/www.facebook.com\/InfoPBA","article_published_time":"2024-05-03T16:02:33+00:00","article_modified_time":"2024-05-17T14:41:47+00:00","og_image":[{"width":2560,"height":1708,"url":"https:\/\/infopba247.com.ar\/wp-content\/uploads\/2024\/05\/acto-scaled.jpg","type":"image\/jpeg"}],"author":"Editor","twitter_card":"summary_large_image","twitter_misc":{"Escrito por":"Editor","Tiempo de lectura":"2 minutos"},"schema":{"@context":"https:\/\/schema.org","@graph":[{"@type":"Article","@id":"https:\/\/infopba247.com.ar\/index.php\/2024\/05\/03\/fernandez-y-kicillof-entregaron-kits-educativos-para-los-12-centros-socioeducativos-de-moreno\/#article","isPartOf":{"@id":"https:\/\/infopba247.com.ar\/index.php\/2024\/05\/03\/fernandez-y-kicillof-entregaron-kits-educativos-para-los-12-centros-socioeducativos-de-moreno\/"},"author":{"name":"Editor","@id":"https:\/\/infopba247.com.ar\/#\/schema\/person\/4975f1343a413e57bf839b3eed0099f2"},"headline":"Fern\u00e1ndez y Kicillof entregaron kits educativos para los 12 Centros Socioeducativos\u00a0 de Moreno","datePublished":"2024-05-03T16:02:33+00:00","dateModified":"2024-05-17T14:41:47+00:00","mainEntityOfPage":{"@id":"https:\/\/infopba247.com.ar\/index.php\/2024\/05\/03\/fernandez-y-kicillof-entregaron-kits-educativos-para-los-12-centros-socioeducativos-de-moreno\/"},"wordCount":467,"publisher":{"@id":"https:\/\/infopba247.com.ar\/#organization"},"image":{"@id":"https:\/\/infopba247.com.ar\/index.php\/2024\/05\/03\/fernandez-y-kicillof-entregaron-kits-educativos-para-los-12-centros-socioeducativos-de-moreno\/#primaryimage"},"thumbnailUrl":"https:\/\/infopba247.com.ar\/wp-content\/uploads\/2024\/05\/acto-scaled.jpg","articleSection":["1ra Secci\u00f3n","Destacadas","Pol\u00edtica"],"inLanguage":"es"},{"@type":"WebPage","@id":"https:\/\/infopba247.com.ar\/index.php\/2024\/05\/03\/fernandez-y-kicillof-entregaron-kits-educativos-para-los-12-centros-socioeducativos-de-moreno\/","url":"https:\/\/infopba247.com.ar\/index.php\/2024\/05\/03\/fernandez-y-kicillof-entregaron-kits-educativos-para-los-12-centros-socioeducativos-de-moreno\/","name":"Fern\u00e1ndez y Kicillof entregaron kits educativos para los 12 Centros Socioeducativos\u00a0 de Moreno - InfoPBA247","isPartOf":{"@id":"https:\/\/infopba247.com.ar\/#website"},"primaryImageOfPage":{"@id":"https:\/\/infopba247.com.ar\/index.php\/2024\/05\/03\/fernandez-y-kicillof-entregaron-kits-educativos-para-los-12-centros-socioeducativos-de-moreno\/#primaryimage"},"image":{"@id":"https:\/\/infopba247.com.ar\/index.php\/2024\/05\/03\/fernandez-y-kicillof-entregaron-kits-educativos-para-los-12-centros-socioeducativos-de-moreno\/#primaryimage"},"thumbnailUrl":"https:\/\/infopba247.com.ar\/wp-content\/uploads\/2024\/05\/acto-scaled.jpg","datePublished":"2024-05-03T16:02:33+00:00","dateModified":"2024-05-17T14:41:47+00:00","breadcrumb":{"@id":"https:\/\/infopba247.com.ar\/index.php\/2024\/05\/03\/fernandez-y-kicillof-entregaron-kits-educativos-para-los-12-centros-socioeducativos-de-moreno\/#breadcrumb"},"inLanguage":"es","potentialAction":[{"@type":"ReadAction","target":["https:\/\/infopba247.com.ar\/index.php\/2024\/05\/03\/fernandez-y-kicillof-entregaron-kits-educativos-para-los-12-centros-socioeducativos-de-moreno\/"]}]},{"@type":"ImageObject","inLanguage":"es","@id":"https:\/\/infopba247.com.ar\/index.php\/2024\/05\/03\/fernandez-y-kicillof-entregaron-kits-educativos-para-los-12-centros-socioeducativos-de-moreno\/#primaryimage","url":"https:\/\/infopba247.com.ar\/wp-content\/uploads\/2024\/05\/acto-scaled.jpg","contentUrl":"https:\/\/infopba247.com.ar\/wp-content\/uploads\/2024\/05\/acto-scaled.jpg","width":2560,"height":1708},{"@type":"BreadcrumbList","@id":"https:\/\/infopba247.com.ar\/index.php\/2024\/05\/03\/fernandez-y-kicillof-entregaron-kits-educativos-para-los-12-centros-socioeducativos-de-moreno\/#breadcrumb","itemListElement":[{"@type":"ListItem","position":1,"name":"Portada","item":"https:\/\/infopba247.com.ar\/"},{"@type":"ListItem","position":2,"name":"Fern\u00e1ndez y Kicillof entregaron kits educativos para los 12 Centros Socioeducativos\u00a0 de Moreno"}]},{"@type":"WebSite","@id":"https:\/\/infopba247.com.ar\/#website","url":"https:\/\/infopba247.com.ar\/","name":"InfoPBA247","description":"Toda la actualidad bonaerense","publisher":{"@id":"https:\/\/infopba247.com.ar\/#organization"},"potentialAction":[{"@type":"SearchAction","target":{"@type":"EntryPoint","urlTemplate":"https:\/\/infopba247.com.ar\/?s={search_term_string}"},"query-input":{"@type":"PropertyValueSpecification","valueRequired":true,"valueName":"search_term_string"}}],"inLanguage":"es"},{"@type":"Organization","@id":"https:\/\/infopba247.com.ar\/#organization","name":"InfoPBA247","url":"https:\/\/infopba247.com.ar\/","logo":{"@type":"ImageObject","inLanguage":"es","@id":"https:\/\/infopba247.com.ar\/#\/schema\/logo\/image\/","url":"https:\/\/infopba247.com.ar\/wp-content\/uploads\/2022\/03\/cropped-InfoPBA247-1.png","contentUrl":"https:\/\/infopba247.com.ar\/wp-content\/uploads\/2022\/03\/cropped-InfoPBA247-1.png","width":500,"height":122,"caption":"InfoPBA247"},"image":{"@id":"https:\/\/infopba247.com.ar\/#\/schema\/logo\/image\/"},"sameAs":["https:\/\/www.facebook.com\/InfoPBA"]},{"@type":"Person","@id":"https:\/\/infopba247.com.ar\/#\/schema\/person\/4975f1343a413e57bf839b3eed0099f2","name":"Editor","image":{"@type":"ImageObject","inLanguage":"es","@id":"https:\/\/secure.gravatar.com\/avatar\/d27fe9520667ca53441d36627a1d6b0fa4a813571ec4803687a7a3a7744685ac?s=96&d=mm&r=g","url":"https:\/\/secure.gravatar.com\/avatar\/d27fe9520667ca53441d36627a1d6b0fa4a813571ec4803687a7a3a7744685ac?s=96&d=mm&r=g","contentUrl":"https:\/\/secure.gravatar.com\/avatar\/d27fe9520667ca53441d36627a1d6b0fa4a813571ec4803687a7a3a7744685ac?s=96&d=mm&r=g","caption":"Editor"},"url":"https:\/\/infopba247.com.ar\/index.php\/author\/editor\/"}]}},"_links":{"self":[{"href":"https:\/\/infopba247.com.ar\/index.php\/wp-json\/wp\/v2\/posts\/4027","targetHints":{"allow":["GET"]}}],"collection":[{"href":"https:\/\/infopba247.com.ar\/index.php\/wp-json\/wp\/v2\/posts"}],"about":[{"href":"https:\/\/infopba247.com.ar\/index.php\/wp-json\/wp\/v2\/types\/post"}],"author":[{"embeddable":true,"href":"https:\/\/infopba247.com.ar\/index.php\/wp-json\/wp\/v2\/users\/3"}],"replies":[{"embeddable":true,"href":"https:\/\/infopba247.com.ar\/index.php\/wp-json\/wp\/v2\/comments?post=4027"}],"version-history":[{"count":1,"href":"https:\/\/infopba247.com.ar\/index.php\/wp-json\/wp\/v2\/posts\/4027\/revisions"}],"predecessor-version":[{"id":4028,"href":"https:\/\/infopba247.com.ar\/index.php\/wp-json\/wp\/v2\/posts\/4027\/revisions\/4028"}],"wp:featuredmedia":[{"embeddable":true,"href":"https:\/\/infopba247.com.ar\/index.php\/wp-json\/wp\/v2\/media\/4024"}],"wp:attachment":[{"href":"https:\/\/infopba247.com.ar\/index.php\/wp-json\/wp\/v2\/media?parent=4027"}],"wp:term":[{"taxonomy":"category","embeddable":true,"href":"https:\/\/infopba247.com.ar\/index.php\/wp-json\/wp\/v2\/categories?post=4027"},{"taxonomy":"post_tag","embeddable":true,"href":"https:\/\/infopba247.com.ar\/index.php\/wp-json\/wp\/v2\/tags?post=4027"}],"curies":[{"name":"wp","href":"https:\/\/api.w.org\/{rel}","templated":true}]}}