{"id":3989,"date":"2024-04-29T10:24:00","date_gmt":"2024-04-29T13:24:00","guid":{"rendered":"https:\/\/infopba247.com.ar\/?p=3989"},"modified":"2024-04-29T12:24:57","modified_gmt":"2024-04-29T15:24:57","slug":"fernando-gray-mantuvo-un-encuentro-con-el-presidente-de-la-fundacion-el-libro","status":"publish","type":"post","link":"https:\/\/infopba247.com.ar\/index.php\/2024\/04\/29\/fernando-gray-mantuvo-un-encuentro-con-el-presidente-de-la-fundacion-el-libro\/","title":{"rendered":"Fernando Gray mantuvo un encuentro con el presidente de la Fundaci\u00f3n El Libro"},"content":{"rendered":"\n<p>El intendente de Esteban Echeverr\u00eda, Fernando Gray, mantuvo un encuentro con Alejandro Vaccaro, presidente de la Fundaci\u00f3n El Libro, en el marco de la 48.\u00aa Feria Internacional del Libro de Buenos Aires, que tiene lugar en La Rural \u2013 Predio Ferial de Buenos Aires.<\/p>\n\n\n\n<p>\u201cLa Feria del Libro es un faro cultural y de la democracia. En un contexto desafiante para la industria cultural, actualmente, la producci\u00f3n de libros se achic\u00f3: en 2015 fue de 129 millones de libros, en 2023, de 49 millones y, este a\u00f1o, es paup\u00e9rrima. Este gobierno ataca al coraz\u00f3n de la cultura, es preocupante el ajuste a la cultura, el desfinanciamiento al Fondo Nacional de las Artes, al INCAA, al Instituto Nacional del Teatro, entre otros tantos\u00bb, expres\u00f3 Fernando Gray durante su recorrido.<\/p>\n\n\n\n<p>La Feria Internacional del Libro de Buenos Aires, organizada por la Fundaci\u00f3n El Libro, se lleva a cabo del 25 de abril al 13 de mayo de 2024. Todos los a\u00f1os es visitada por m\u00e1s de un mill\u00f3n de personas y m\u00e1s de doce mil profesionales del sector editorial, lo que la convierte en la feria del libro m\u00e1s concurrida del mundo hispanohablante.<\/p>\n","protected":false},"excerpt":{"rendered":"<p>El intendente de Esteban Echeverr\u00eda, Fernando Gray, mantuvo un encuentro con Alejandro Vaccaro, presidente de la Fundaci\u00f3n El Libro, en<\/p>\n","protected":false},"author":3,"featured_media":3984,"comment_status":"closed","ping_status":"closed","sticky":false,"template":"","format":"standard","meta":{"colormag_page_container_layout":"default_layout","colormag_page_sidebar_layout":"default_layout","footnotes":""},"categories":[7,1,14],"tags":[],"class_list":["post-3989","post","type-post","status-publish","format-standard","has-post-thumbnail","hentry","category-3ra-seccion","category-destacadas","category-politica"],"yoast_head":"<!-- This site is optimized with the Yoast SEO plugin v27.4 - https:\/\/yoast.com\/product\/yoast-seo-wordpress\/ -->\n<title>Fernando Gray mantuvo un encuentro con el presidente de la Fundaci\u00f3n El Libro - InfoPBA247<\/title>\n<meta name=\"robots\" content=\"index, follow, max-snippet:-1, max-image-preview:large, max-video-preview:-1\" \/>\n<link rel=\"canonical\" href=\"https:\/\/infopba247.com.ar\/index.php\/2024\/04\/29\/fernando-gray-mantuvo-un-encuentro-con-el-presidente-de-la-fundacion-el-libro\/\" \/>\n<meta property=\"og:locale\" content=\"es_ES\" \/>\n<meta property=\"og:type\" content=\"article\" \/>\n<meta property=\"og:title\" content=\"Fernando Gray mantuvo un encuentro con el presidente de la Fundaci\u00f3n El Libro - InfoPBA247\" \/>\n<meta property=\"og:description\" content=\"El intendente de Esteban Echeverr\u00eda, Fernando Gray, mantuvo un encuentro con Alejandro Vaccaro, presidente de la Fundaci\u00f3n El Libro, en\" \/>\n<meta property=\"og:url\" content=\"https:\/\/infopba247.com.ar\/index.php\/2024\/04\/29\/fernando-gray-mantuvo-un-encuentro-con-el-presidente-de-la-fundacion-el-libro\/\" \/>\n<meta property=\"og:site_name\" content=\"InfoPBA247\" \/>\n<meta property=\"article:publisher\" content=\"https:\/\/www.facebook.com\/InfoPBA\" \/>\n<meta property=\"article:published_time\" content=\"2024-04-29T13:24:00+00:00\" \/>\n<meta property=\"article:modified_time\" content=\"2024-04-29T15:24:57+00:00\" \/>\n<meta property=\"og:image\" content=\"https:\/\/infopba247.com.ar\/wp-content\/uploads\/2024\/04\/unnamed-9-scaled.jpg\" \/>\n\t<meta property=\"og:image:width\" content=\"2560\" \/>\n\t<meta property=\"og:image:height\" content=\"1707\" \/>\n\t<meta property=\"og:image:type\" content=\"image\/jpeg\" \/>\n<meta name=\"author\" content=\"Editor\" \/>\n<meta name=\"twitter:card\" content=\"summary_large_image\" \/>\n<meta name=\"twitter:label1\" content=\"Escrito por\" \/>\n\t<meta name=\"twitter:data1\" content=\"Editor\" \/>\n\t<meta name=\"twitter:label2\" content=\"Tiempo de lectura\" \/>\n\t<meta name=\"twitter:data2\" content=\"2 minutos\" \/>\n<script type=\"application\/ld+json\" class=\"yoast-schema-graph\">{\"@context\":\"https:\\\/\\\/schema.org\",\"@graph\":[{\"@type\":\"Article\",\"@id\":\"https:\\\/\\\/infopba247.com.ar\\\/index.php\\\/2024\\\/04\\\/29\\\/fernando-gray-mantuvo-un-encuentro-con-el-presidente-de-la-fundacion-el-libro\\\/#article\",\"isPartOf\":{\"@id\":\"https:\\\/\\\/infopba247.com.ar\\\/index.php\\\/2024\\\/04\\\/29\\\/fernando-gray-mantuvo-un-encuentro-con-el-presidente-de-la-fundacion-el-libro\\\/\"},\"author\":{\"name\":\"Editor\",\"@id\":\"https:\\\/\\\/infopba247.com.ar\\\/#\\\/schema\\\/person\\\/4975f1343a413e57bf839b3eed0099f2\"},\"headline\":\"Fernando Gray mantuvo un encuentro con el presidente de la Fundaci\u00f3n El Libro\",\"datePublished\":\"2024-04-29T13:24:00+00:00\",\"dateModified\":\"2024-04-29T15:24:57+00:00\",\"mainEntityOfPage\":{\"@id\":\"https:\\\/\\\/infopba247.com.ar\\\/index.php\\\/2024\\\/04\\\/29\\\/fernando-gray-mantuvo-un-encuentro-con-el-presidente-de-la-fundacion-el-libro\\\/\"},\"wordCount\":208,\"publisher\":{\"@id\":\"https:\\\/\\\/infopba247.com.ar\\\/#organization\"},\"image\":{\"@id\":\"https:\\\/\\\/infopba247.com.ar\\\/index.php\\\/2024\\\/04\\\/29\\\/fernando-gray-mantuvo-un-encuentro-con-el-presidente-de-la-fundacion-el-libro\\\/#primaryimage\"},\"thumbnailUrl\":\"https:\\\/\\\/infopba247.com.ar\\\/wp-content\\\/uploads\\\/2024\\\/04\\\/unnamed-9-scaled.jpg\",\"articleSection\":[\"3ra Secci\u00f3n\",\"Destacadas\",\"Pol\u00edtica\"],\"inLanguage\":\"es\"},{\"@type\":\"WebPage\",\"@id\":\"https:\\\/\\\/infopba247.com.ar\\\/index.php\\\/2024\\\/04\\\/29\\\/fernando-gray-mantuvo-un-encuentro-con-el-presidente-de-la-fundacion-el-libro\\\/\",\"url\":\"https:\\\/\\\/infopba247.com.ar\\\/index.php\\\/2024\\\/04\\\/29\\\/fernando-gray-mantuvo-un-encuentro-con-el-presidente-de-la-fundacion-el-libro\\\/\",\"name\":\"Fernando Gray mantuvo un encuentro con el presidente de la Fundaci\u00f3n El Libro - InfoPBA247\",\"isPartOf\":{\"@id\":\"https:\\\/\\\/infopba247.com.ar\\\/#website\"},\"primaryImageOfPage\":{\"@id\":\"https:\\\/\\\/infopba247.com.ar\\\/index.php\\\/2024\\\/04\\\/29\\\/fernando-gray-mantuvo-un-encuentro-con-el-presidente-de-la-fundacion-el-libro\\\/#primaryimage\"},\"image\":{\"@id\":\"https:\\\/\\\/infopba247.com.ar\\\/index.php\\\/2024\\\/04\\\/29\\\/fernando-gray-mantuvo-un-encuentro-con-el-presidente-de-la-fundacion-el-libro\\\/#primaryimage\"},\"thumbnailUrl\":\"https:\\\/\\\/infopba247.com.ar\\\/wp-content\\\/uploads\\\/2024\\\/04\\\/unnamed-9-scaled.jpg\",\"datePublished\":\"2024-04-29T13:24:00+00:00\",\"dateModified\":\"2024-04-29T15:24:57+00:00\",\"breadcrumb\":{\"@id\":\"https:\\\/\\\/infopba247.com.ar\\\/index.php\\\/2024\\\/04\\\/29\\\/fernando-gray-mantuvo-un-encuentro-con-el-presidente-de-la-fundacion-el-libro\\\/#breadcrumb\"},\"inLanguage\":\"es\",\"potentialAction\":[{\"@type\":\"ReadAction\",\"target\":[\"https:\\\/\\\/infopba247.com.ar\\\/index.php\\\/2024\\\/04\\\/29\\\/fernando-gray-mantuvo-un-encuentro-con-el-presidente-de-la-fundacion-el-libro\\\/\"]}]},{\"@type\":\"ImageObject\",\"inLanguage\":\"es\",\"@id\":\"https:\\\/\\\/infopba247.com.ar\\\/index.php\\\/2024\\\/04\\\/29\\\/fernando-gray-mantuvo-un-encuentro-con-el-presidente-de-la-fundacion-el-libro\\\/#primaryimage\",\"url\":\"https:\\\/\\\/infopba247.com.ar\\\/wp-content\\\/uploads\\\/2024\\\/04\\\/unnamed-9-scaled.jpg\",\"contentUrl\":\"https:\\\/\\\/infopba247.com.ar\\\/wp-content\\\/uploads\\\/2024\\\/04\\\/unnamed-9-scaled.jpg\",\"width\":2560,\"height\":1707},{\"@type\":\"BreadcrumbList\",\"@id\":\"https:\\\/\\\/infopba247.com.ar\\\/index.php\\\/2024\\\/04\\\/29\\\/fernando-gray-mantuvo-un-encuentro-con-el-presidente-de-la-fundacion-el-libro\\\/#breadcrumb\",\"itemListElement\":[{\"@type\":\"ListItem\",\"position\":1,\"name\":\"Portada\",\"item\":\"https:\\\/\\\/infopba247.com.ar\\\/\"},{\"@type\":\"ListItem\",\"position\":2,\"name\":\"Fernando Gray mantuvo un encuentro con el presidente de la Fundaci\u00f3n El Libro\"}]},{\"@type\":\"WebSite\",\"@id\":\"https:\\\/\\\/infopba247.com.ar\\\/#website\",\"url\":\"https:\\\/\\\/infopba247.com.ar\\\/\",\"name\":\"InfoPBA247\",\"description\":\"Toda la actualidad bonaerense\",\"publisher\":{\"@id\":\"https:\\\/\\\/infopba247.com.ar\\\/#organization\"},\"potentialAction\":[{\"@type\":\"SearchAction\",\"target\":{\"@type\":\"EntryPoint\",\"urlTemplate\":\"https:\\\/\\\/infopba247.com.ar\\\/?s={search_term_string}\"},\"query-input\":{\"@type\":\"PropertyValueSpecification\",\"valueRequired\":true,\"valueName\":\"search_term_string\"}}],\"inLanguage\":\"es\"},{\"@type\":\"Organization\",\"@id\":\"https:\\\/\\\/infopba247.com.ar\\\/#organization\",\"name\":\"InfoPBA247\",\"url\":\"https:\\\/\\\/infopba247.com.ar\\\/\",\"logo\":{\"@type\":\"ImageObject\",\"inLanguage\":\"es\",\"@id\":\"https:\\\/\\\/infopba247.com.ar\\\/#\\\/schema\\\/logo\\\/image\\\/\",\"url\":\"https:\\\/\\\/infopba247.com.ar\\\/wp-content\\\/uploads\\\/2022\\\/03\\\/cropped-InfoPBA247-1.png\",\"contentUrl\":\"https:\\\/\\\/infopba247.com.ar\\\/wp-content\\\/uploads\\\/2022\\\/03\\\/cropped-InfoPBA247-1.png\",\"width\":500,\"height\":122,\"caption\":\"InfoPBA247\"},\"image\":{\"@id\":\"https:\\\/\\\/infopba247.com.ar\\\/#\\\/schema\\\/logo\\\/image\\\/\"},\"sameAs\":[\"https:\\\/\\\/www.facebook.com\\\/InfoPBA\"]},{\"@type\":\"Person\",\"@id\":\"https:\\\/\\\/infopba247.com.ar\\\/#\\\/schema\\\/person\\\/4975f1343a413e57bf839b3eed0099f2\",\"name\":\"Editor\",\"image\":{\"@type\":\"ImageObject\",\"inLanguage\":\"es\",\"@id\":\"https:\\\/\\\/secure.gravatar.com\\\/avatar\\\/d27fe9520667ca53441d36627a1d6b0fa4a813571ec4803687a7a3a7744685ac?s=96&d=mm&r=g\",\"url\":\"https:\\\/\\\/secure.gravatar.com\\\/avatar\\\/d27fe9520667ca53441d36627a1d6b0fa4a813571ec4803687a7a3a7744685ac?s=96&d=mm&r=g\",\"contentUrl\":\"https:\\\/\\\/secure.gravatar.com\\\/avatar\\\/d27fe9520667ca53441d36627a1d6b0fa4a813571ec4803687a7a3a7744685ac?s=96&d=mm&r=g\",\"caption\":\"Editor\"},\"url\":\"https:\\\/\\\/infopba247.com.ar\\\/index.php\\\/author\\\/editor\\\/\"}]}<\/script>\n<!-- \/ Yoast SEO plugin. -->","yoast_head_json":{"title":"Fernando Gray mantuvo un encuentro con el presidente de la Fundaci\u00f3n El Libro - InfoPBA247","robots":{"index":"index","follow":"follow","max-snippet":"max-snippet:-1","max-image-preview":"max-image-preview:large","max-video-preview":"max-video-preview:-1"},"canonical":"https:\/\/infopba247.com.ar\/index.php\/2024\/04\/29\/fernando-gray-mantuvo-un-encuentro-con-el-presidente-de-la-fundacion-el-libro\/","og_locale":"es_ES","og_type":"article","og_title":"Fernando Gray mantuvo un encuentro con el presidente de la Fundaci\u00f3n El Libro - InfoPBA247","og_description":"El intendente de Esteban Echeverr\u00eda, Fernando Gray, mantuvo un encuentro con Alejandro Vaccaro, presidente de la Fundaci\u00f3n El Libro, en","og_url":"https:\/\/infopba247.com.ar\/index.php\/2024\/04\/29\/fernando-gray-mantuvo-un-encuentro-con-el-presidente-de-la-fundacion-el-libro\/","og_site_name":"InfoPBA247","article_publisher":"https:\/\/www.facebook.com\/InfoPBA","article_published_time":"2024-04-29T13:24:00+00:00","article_modified_time":"2024-04-29T15:24:57+00:00","og_image":[{"width":2560,"height":1707,"url":"https:\/\/infopba247.com.ar\/wp-content\/uploads\/2024\/04\/unnamed-9-scaled.jpg","type":"image\/jpeg"}],"author":"Editor","twitter_card":"summary_large_image","twitter_misc":{"Escrito por":"Editor","Tiempo de lectura":"2 minutos"},"schema":{"@context":"https:\/\/schema.org","@graph":[{"@type":"Article","@id":"https:\/\/infopba247.com.ar\/index.php\/2024\/04\/29\/fernando-gray-mantuvo-un-encuentro-con-el-presidente-de-la-fundacion-el-libro\/#article","isPartOf":{"@id":"https:\/\/infopba247.com.ar\/index.php\/2024\/04\/29\/fernando-gray-mantuvo-un-encuentro-con-el-presidente-de-la-fundacion-el-libro\/"},"author":{"name":"Editor","@id":"https:\/\/infopba247.com.ar\/#\/schema\/person\/4975f1343a413e57bf839b3eed0099f2"},"headline":"Fernando Gray mantuvo un encuentro con el presidente de la Fundaci\u00f3n El Libro","datePublished":"2024-04-29T13:24:00+00:00","dateModified":"2024-04-29T15:24:57+00:00","mainEntityOfPage":{"@id":"https:\/\/infopba247.com.ar\/index.php\/2024\/04\/29\/fernando-gray-mantuvo-un-encuentro-con-el-presidente-de-la-fundacion-el-libro\/"},"wordCount":208,"publisher":{"@id":"https:\/\/infopba247.com.ar\/#organization"},"image":{"@id":"https:\/\/infopba247.com.ar\/index.php\/2024\/04\/29\/fernando-gray-mantuvo-un-encuentro-con-el-presidente-de-la-fundacion-el-libro\/#primaryimage"},"thumbnailUrl":"https:\/\/infopba247.com.ar\/wp-content\/uploads\/2024\/04\/unnamed-9-scaled.jpg","articleSection":["3ra Secci\u00f3n","Destacadas","Pol\u00edtica"],"inLanguage":"es"},{"@type":"WebPage","@id":"https:\/\/infopba247.com.ar\/index.php\/2024\/04\/29\/fernando-gray-mantuvo-un-encuentro-con-el-presidente-de-la-fundacion-el-libro\/","url":"https:\/\/infopba247.com.ar\/index.php\/2024\/04\/29\/fernando-gray-mantuvo-un-encuentro-con-el-presidente-de-la-fundacion-el-libro\/","name":"Fernando Gray mantuvo un encuentro con el presidente de la Fundaci\u00f3n El Libro - InfoPBA247","isPartOf":{"@id":"https:\/\/infopba247.com.ar\/#website"},"primaryImageOfPage":{"@id":"https:\/\/infopba247.com.ar\/index.php\/2024\/04\/29\/fernando-gray-mantuvo-un-encuentro-con-el-presidente-de-la-fundacion-el-libro\/#primaryimage"},"image":{"@id":"https:\/\/infopba247.com.ar\/index.php\/2024\/04\/29\/fernando-gray-mantuvo-un-encuentro-con-el-presidente-de-la-fundacion-el-libro\/#primaryimage"},"thumbnailUrl":"https:\/\/infopba247.com.ar\/wp-content\/uploads\/2024\/04\/unnamed-9-scaled.jpg","datePublished":"2024-04-29T13:24:00+00:00","dateModified":"2024-04-29T15:24:57+00:00","breadcrumb":{"@id":"https:\/\/infopba247.com.ar\/index.php\/2024\/04\/29\/fernando-gray-mantuvo-un-encuentro-con-el-presidente-de-la-fundacion-el-libro\/#breadcrumb"},"inLanguage":"es","potentialAction":[{"@type":"ReadAction","target":["https:\/\/infopba247.com.ar\/index.php\/2024\/04\/29\/fernando-gray-mantuvo-un-encuentro-con-el-presidente-de-la-fundacion-el-libro\/"]}]},{"@type":"ImageObject","inLanguage":"es","@id":"https:\/\/infopba247.com.ar\/index.php\/2024\/04\/29\/fernando-gray-mantuvo-un-encuentro-con-el-presidente-de-la-fundacion-el-libro\/#primaryimage","url":"https:\/\/infopba247.com.ar\/wp-content\/uploads\/2024\/04\/unnamed-9-scaled.jpg","contentUrl":"https:\/\/infopba247.com.ar\/wp-content\/uploads\/2024\/04\/unnamed-9-scaled.jpg","width":2560,"height":1707},{"@type":"BreadcrumbList","@id":"https:\/\/infopba247.com.ar\/index.php\/2024\/04\/29\/fernando-gray-mantuvo-un-encuentro-con-el-presidente-de-la-fundacion-el-libro\/#breadcrumb","itemListElement":[{"@type":"ListItem","position":1,"name":"Portada","item":"https:\/\/infopba247.com.ar\/"},{"@type":"ListItem","position":2,"name":"Fernando Gray mantuvo un encuentro con el presidente de la Fundaci\u00f3n El Libro"}]},{"@type":"WebSite","@id":"https:\/\/infopba247.com.ar\/#website","url":"https:\/\/infopba247.com.ar\/","name":"InfoPBA247","description":"Toda la actualidad bonaerense","publisher":{"@id":"https:\/\/infopba247.com.ar\/#organization"},"potentialAction":[{"@type":"SearchAction","target":{"@type":"EntryPoint","urlTemplate":"https:\/\/infopba247.com.ar\/?s={search_term_string}"},"query-input":{"@type":"PropertyValueSpecification","valueRequired":true,"valueName":"search_term_string"}}],"inLanguage":"es"},{"@type":"Organization","@id":"https:\/\/infopba247.com.ar\/#organization","name":"InfoPBA247","url":"https:\/\/infopba247.com.ar\/","logo":{"@type":"ImageObject","inLanguage":"es","@id":"https:\/\/infopba247.com.ar\/#\/schema\/logo\/image\/","url":"https:\/\/infopba247.com.ar\/wp-content\/uploads\/2022\/03\/cropped-InfoPBA247-1.png","contentUrl":"https:\/\/infopba247.com.ar\/wp-content\/uploads\/2022\/03\/cropped-InfoPBA247-1.png","width":500,"height":122,"caption":"InfoPBA247"},"image":{"@id":"https:\/\/infopba247.com.ar\/#\/schema\/logo\/image\/"},"sameAs":["https:\/\/www.facebook.com\/InfoPBA"]},{"@type":"Person","@id":"https:\/\/infopba247.com.ar\/#\/schema\/person\/4975f1343a413e57bf839b3eed0099f2","name":"Editor","image":{"@type":"ImageObject","inLanguage":"es","@id":"https:\/\/secure.gravatar.com\/avatar\/d27fe9520667ca53441d36627a1d6b0fa4a813571ec4803687a7a3a7744685ac?s=96&d=mm&r=g","url":"https:\/\/secure.gravatar.com\/avatar\/d27fe9520667ca53441d36627a1d6b0fa4a813571ec4803687a7a3a7744685ac?s=96&d=mm&r=g","contentUrl":"https:\/\/secure.gravatar.com\/avatar\/d27fe9520667ca53441d36627a1d6b0fa4a813571ec4803687a7a3a7744685ac?s=96&d=mm&r=g","caption":"Editor"},"url":"https:\/\/infopba247.com.ar\/index.php\/author\/editor\/"}]}},"_links":{"self":[{"href":"https:\/\/infopba247.com.ar\/index.php\/wp-json\/wp\/v2\/posts\/3989","targetHints":{"allow":["GET"]}}],"collection":[{"href":"https:\/\/infopba247.com.ar\/index.php\/wp-json\/wp\/v2\/posts"}],"about":[{"href":"https:\/\/infopba247.com.ar\/index.php\/wp-json\/wp\/v2\/types\/post"}],"author":[{"embeddable":true,"href":"https:\/\/infopba247.com.ar\/index.php\/wp-json\/wp\/v2\/users\/3"}],"replies":[{"embeddable":true,"href":"https:\/\/infopba247.com.ar\/index.php\/wp-json\/wp\/v2\/comments?post=3989"}],"version-history":[{"count":1,"href":"https:\/\/infopba247.com.ar\/index.php\/wp-json\/wp\/v2\/posts\/3989\/revisions"}],"predecessor-version":[{"id":3990,"href":"https:\/\/infopba247.com.ar\/index.php\/wp-json\/wp\/v2\/posts\/3989\/revisions\/3990"}],"wp:featuredmedia":[{"embeddable":true,"href":"https:\/\/infopba247.com.ar\/index.php\/wp-json\/wp\/v2\/media\/3984"}],"wp:attachment":[{"href":"https:\/\/infopba247.com.ar\/index.php\/wp-json\/wp\/v2\/media?parent=3989"}],"wp:term":[{"taxonomy":"category","embeddable":true,"href":"https:\/\/infopba247.com.ar\/index.php\/wp-json\/wp\/v2\/categories?post=3989"},{"taxonomy":"post_tag","embeddable":true,"href":"https:\/\/infopba247.com.ar\/index.php\/wp-json\/wp\/v2\/tags?post=3989"}],"curies":[{"name":"wp","href":"https:\/\/api.w.org\/{rel}","templated":true}]}}