{"id":3978,"date":"2024-04-25T11:01:00","date_gmt":"2024-04-25T14:01:00","guid":{"rendered":"https:\/\/infopba247.com.ar\/?p=3978"},"modified":"2024-04-25T13:02:16","modified_gmt":"2024-04-25T16:02:16","slug":"por-que-odian-dialogos-feministas-en-tiempos-de-ultraderechas","status":"publish","type":"post","link":"https:\/\/infopba247.com.ar\/index.php\/2024\/04\/25\/por-que-odian-dialogos-feministas-en-tiempos-de-ultraderechas\/","title":{"rendered":"\u00bfPor qu\u00e9 odian? Di\u00e1logos feministas en tiempos de ultraderechas"},"content":{"rendered":"\n<p>El domingo 28 de abril a las 16 horas en la sala Gorostiza de la Feria del Libro, la ministra de Mujeres y Diversidad de la provincia de Buenos Aires Estela D\u00edaz, autora y compiladora del libro \u201c\u00bfPor qu\u00e9 odian? Di\u00e1logos feministas en tiempos de ultraderechas\u201d presentar\u00e1 la obra colectiva junto a Sandra Russo, Mar\u00eda P\u00eda L\u00f3pez y Amado Boudou.<\/p>\n\n\n\n<p>El libro, ideado y compilado por Estela D\u00edaz, es una iniciativa que re\u00fane los di\u00e1logos feministas convocados desde la Atenea Feminista Popular durante 2023 y el comienzo de 2024. Estela D\u00edaz, que viene de una consecuente trayectoria militante en el feminismo y en el sindicalismo, convoca a una pausa para la reflexi\u00f3n, para la escucha y la construcci\u00f3n de condiciones de posibilidad de lo nuevo.<\/p>\n\n\n\n<p>En el primer cap\u00edtulo, Los feminismos populares hoy, se indagan las relaciones entre las derechas -nuevas o aggiornadas- y la perspectiva de g\u00e9nero puesta en el lugar del antagonismo. Mar\u00eda P\u00eda L\u00f3pez se propone pensar a las derechas desde los feminismos y analiza los modos en que se entraman crueldad y punici\u00f3n, y c\u00f3mo es puesta en juego la democracia. Natal\u00ed Incaminato, analiza las subjetivaciones pol\u00edticas de las juventudes y c\u00f3mo emergen los llamados \u2018discursos de odio\u2019 en el universo de internet dando lugar a m\u00faltiples fragmentaciones. Juan Marco Vaggione estudia la ideolog\u00eda de g\u00e9nero y su imbricaci\u00f3n con los partidos de derecha, la moral sexual en el campo de lo que llaman la batalla cultural.<\/p>\n\n\n\n<p>El cap\u00edtulo sobre Econom\u00eda y trabajo en clave feminista repone el aporte de Marina Juareguiberry, desde la experiencia sindical y el recorrido de las mujeres sindicalistas, que dinamizaron al movimiento feminista desde su lugar m\u00e1s nodal: el del trabajo. Amado Boudou sit\u00faa el eje del debate econ\u00f3mico en la dimensi\u00f3n de la redistribuci\u00f3n, la reducci\u00f3n de brechas y la igualdad. Y ve en los feminismos al movimiento con mayor proyecci\u00f3n para las transformaciones pendientes. Jackie Flores sistematiza las pr\u00e1cticas de la econom\u00eda popular: la creaci\u00f3n del trabajo y el rol de las mujeres en la constituci\u00f3n de una identidad que pone en valor el reciclado, la gesti\u00f3n ambiental y la autogesti\u00f3n comunitaria.<\/p>\n\n\n\n<p>La cuesti\u00f3n del endeudamiento es entendida por Luci Cavallero, como una forma del ejercicio de la violencia, tanto a escala de los Estados como al nivel de las familias: el reverso de la libertad financiera es la violencia econ\u00f3mica para las mayor\u00edas. Nora Goren desarrolla las aristas entre trabajo remunerado y cuidados para pensarlos como parte del mismo problema: el de la desigualdad, que propone, debe abordarse de manera integral.<\/p>\n\n\n\n<p>En el apartado sobre Violencia pol\u00edtica y simb\u00f3lica: s\u00edntomas de \u00e9poca, Araceli Bellota recorri\u00f3 la genealog\u00eda de la violencia pol\u00edtica en la historia argentina que, producto de la herencia colonial, se configur\u00f3 como marca de origen. Cynthia Ottaviano examina el capitalismo de vigilancia y plataformas, dando cuenta de la omnipresencia de la tecnolog\u00eda en un contexto de profunda concentraci\u00f3n econ\u00f3mica, y la potencia de los feminismos para desbordar las l\u00f3gicas algor\u00edtmicas. Sandra Russo describe las diversas formas en que se expresa la reacci\u00f3n antifeminista de las nuevas ultraderechas en nuestro pa\u00eds, y en el mundo: descarnada, consecuente y agresiva, frente a lo cual propone las redes de cuidado feminista como ant\u00eddoto.<\/p>\n\n\n\n<p>En la \u00faltima secci\u00f3n, Enfoques feministas sobre el poder judicial, tres especialistas en derecho abordan aristas de la reforma judicial feminista que est\u00e1 pendiente. Eugenio Ra\u00fal Zaffaroni enfoca su an\u00e1lisis en el poder judicial, los medios y la violencia pol\u00edtica por razones de g\u00e9nero para explicar los fallos en la administraci\u00f3n de justicia, el sesgo de g\u00e9nero y las artima\u00f1as del poder frente a las cuales postula, las mujeres tienen la palabra. Vanesa Siley, diputada de la Naci\u00f3n, comparte los debates estrat\u00e9gicos respecto del DNU 70 y la Ley \u00d3mnibus, dos megaproyectos del gobierno de Milei, inconstitucionales, que pretenden refundar la normativa argentina. Marisa Herrera recupera la conquista de leyes que consagran derechos para las mujeres y diversidades y destaca que son los feminismos los que interpelan, de manera profunda, al Poder Judicial que invisibiliza, silencia, oprime y tambi\u00e9n violenta.<\/p>\n\n\n\n<p>La precarizaci\u00f3n de la vida, la desorganizaci\u00f3n que implica la reducci\u00f3n de recursos, la sobrecarga de tareas, la pobreza de tiempo, ya est\u00e1n entre nosotras. Pero la memoria de las luchas feministas se guarda en los cuerpos, la potencia colectiva es certeza, las redes tejidas siguen sosteniendo. Los feminismos populares son inagotables, no se dan por vencidos ni a\u00fan vencidos. Siempre est\u00e1n tramando futuros mejores.<\/p>\n","protected":false},"excerpt":{"rendered":"<p>El domingo 28 de abril a las 16 horas en la sala Gorostiza de la Feria del Libro, la ministra<\/p>\n","protected":false},"author":3,"featured_media":3975,"comment_status":"closed","ping_status":"closed","sticky":false,"template":"","format":"standard","meta":{"colormag_page_container_layout":"default_layout","colormag_page_sidebar_layout":"default_layout","footnotes":""},"categories":[1,14],"tags":[],"class_list":["post-3978","post","type-post","status-publish","format-standard","has-post-thumbnail","hentry","category-destacadas","category-politica"],"yoast_head":"<!-- This site is optimized with the Yoast SEO plugin v27.4 - https:\/\/yoast.com\/product\/yoast-seo-wordpress\/ -->\n<title>\u00bfPor qu\u00e9 odian? Di\u00e1logos feministas en tiempos de ultraderechas - InfoPBA247<\/title>\n<meta name=\"robots\" content=\"index, follow, max-snippet:-1, max-image-preview:large, max-video-preview:-1\" \/>\n<link rel=\"canonical\" href=\"https:\/\/infopba247.com.ar\/index.php\/2024\/04\/25\/por-que-odian-dialogos-feministas-en-tiempos-de-ultraderechas\/\" \/>\n<meta property=\"og:locale\" content=\"es_ES\" \/>\n<meta property=\"og:type\" content=\"article\" \/>\n<meta property=\"og:title\" content=\"\u00bfPor qu\u00e9 odian? Di\u00e1logos feministas en tiempos de ultraderechas - InfoPBA247\" \/>\n<meta property=\"og:description\" content=\"El domingo 28 de abril a las 16 horas en la sala Gorostiza de la Feria del Libro, la ministra\" \/>\n<meta property=\"og:url\" content=\"https:\/\/infopba247.com.ar\/index.php\/2024\/04\/25\/por-que-odian-dialogos-feministas-en-tiempos-de-ultraderechas\/\" \/>\n<meta property=\"og:site_name\" content=\"InfoPBA247\" \/>\n<meta property=\"article:publisher\" content=\"https:\/\/www.facebook.com\/InfoPBA\" \/>\n<meta property=\"article:published_time\" content=\"2024-04-25T14:01:00+00:00\" \/>\n<meta property=\"article:modified_time\" content=\"2024-04-25T16:02:16+00:00\" \/>\n<meta property=\"og:image\" content=\"https:\/\/infopba247.com.ar\/wp-content\/uploads\/2024\/04\/unnamed-7.jpg\" \/>\n\t<meta property=\"og:image:width\" content=\"1280\" \/>\n\t<meta property=\"og:image:height\" content=\"1280\" \/>\n\t<meta property=\"og:image:type\" content=\"image\/jpeg\" \/>\n<meta name=\"author\" content=\"Editor\" \/>\n<meta name=\"twitter:card\" content=\"summary_large_image\" \/>\n<meta name=\"twitter:label1\" content=\"Escrito por\" \/>\n\t<meta name=\"twitter:data1\" content=\"Editor\" \/>\n\t<meta name=\"twitter:label2\" content=\"Tiempo de lectura\" \/>\n\t<meta name=\"twitter:data2\" content=\"4 minutos\" \/>\n<script type=\"application\/ld+json\" class=\"yoast-schema-graph\">{\"@context\":\"https:\\\/\\\/schema.org\",\"@graph\":[{\"@type\":\"Article\",\"@id\":\"https:\\\/\\\/infopba247.com.ar\\\/index.php\\\/2024\\\/04\\\/25\\\/por-que-odian-dialogos-feministas-en-tiempos-de-ultraderechas\\\/#article\",\"isPartOf\":{\"@id\":\"https:\\\/\\\/infopba247.com.ar\\\/index.php\\\/2024\\\/04\\\/25\\\/por-que-odian-dialogos-feministas-en-tiempos-de-ultraderechas\\\/\"},\"author\":{\"name\":\"Editor\",\"@id\":\"https:\\\/\\\/infopba247.com.ar\\\/#\\\/schema\\\/person\\\/4975f1343a413e57bf839b3eed0099f2\"},\"headline\":\"\u00bfPor qu\u00e9 odian? Di\u00e1logos feministas en tiempos de ultraderechas\",\"datePublished\":\"2024-04-25T14:01:00+00:00\",\"dateModified\":\"2024-04-25T16:02:16+00:00\",\"mainEntityOfPage\":{\"@id\":\"https:\\\/\\\/infopba247.com.ar\\\/index.php\\\/2024\\\/04\\\/25\\\/por-que-odian-dialogos-feministas-en-tiempos-de-ultraderechas\\\/\"},\"wordCount\":816,\"publisher\":{\"@id\":\"https:\\\/\\\/infopba247.com.ar\\\/#organization\"},\"image\":{\"@id\":\"https:\\\/\\\/infopba247.com.ar\\\/index.php\\\/2024\\\/04\\\/25\\\/por-que-odian-dialogos-feministas-en-tiempos-de-ultraderechas\\\/#primaryimage\"},\"thumbnailUrl\":\"https:\\\/\\\/infopba247.com.ar\\\/wp-content\\\/uploads\\\/2024\\\/04\\\/unnamed-7.jpg\",\"articleSection\":[\"Destacadas\",\"Pol\u00edtica\"],\"inLanguage\":\"es\"},{\"@type\":\"WebPage\",\"@id\":\"https:\\\/\\\/infopba247.com.ar\\\/index.php\\\/2024\\\/04\\\/25\\\/por-que-odian-dialogos-feministas-en-tiempos-de-ultraderechas\\\/\",\"url\":\"https:\\\/\\\/infopba247.com.ar\\\/index.php\\\/2024\\\/04\\\/25\\\/por-que-odian-dialogos-feministas-en-tiempos-de-ultraderechas\\\/\",\"name\":\"\u00bfPor qu\u00e9 odian? Di\u00e1logos feministas en tiempos de ultraderechas - InfoPBA247\",\"isPartOf\":{\"@id\":\"https:\\\/\\\/infopba247.com.ar\\\/#website\"},\"primaryImageOfPage\":{\"@id\":\"https:\\\/\\\/infopba247.com.ar\\\/index.php\\\/2024\\\/04\\\/25\\\/por-que-odian-dialogos-feministas-en-tiempos-de-ultraderechas\\\/#primaryimage\"},\"image\":{\"@id\":\"https:\\\/\\\/infopba247.com.ar\\\/index.php\\\/2024\\\/04\\\/25\\\/por-que-odian-dialogos-feministas-en-tiempos-de-ultraderechas\\\/#primaryimage\"},\"thumbnailUrl\":\"https:\\\/\\\/infopba247.com.ar\\\/wp-content\\\/uploads\\\/2024\\\/04\\\/unnamed-7.jpg\",\"datePublished\":\"2024-04-25T14:01:00+00:00\",\"dateModified\":\"2024-04-25T16:02:16+00:00\",\"breadcrumb\":{\"@id\":\"https:\\\/\\\/infopba247.com.ar\\\/index.php\\\/2024\\\/04\\\/25\\\/por-que-odian-dialogos-feministas-en-tiempos-de-ultraderechas\\\/#breadcrumb\"},\"inLanguage\":\"es\",\"potentialAction\":[{\"@type\":\"ReadAction\",\"target\":[\"https:\\\/\\\/infopba247.com.ar\\\/index.php\\\/2024\\\/04\\\/25\\\/por-que-odian-dialogos-feministas-en-tiempos-de-ultraderechas\\\/\"]}]},{\"@type\":\"ImageObject\",\"inLanguage\":\"es\",\"@id\":\"https:\\\/\\\/infopba247.com.ar\\\/index.php\\\/2024\\\/04\\\/25\\\/por-que-odian-dialogos-feministas-en-tiempos-de-ultraderechas\\\/#primaryimage\",\"url\":\"https:\\\/\\\/infopba247.com.ar\\\/wp-content\\\/uploads\\\/2024\\\/04\\\/unnamed-7.jpg\",\"contentUrl\":\"https:\\\/\\\/infopba247.com.ar\\\/wp-content\\\/uploads\\\/2024\\\/04\\\/unnamed-7.jpg\",\"width\":1280,\"height\":1280},{\"@type\":\"BreadcrumbList\",\"@id\":\"https:\\\/\\\/infopba247.com.ar\\\/index.php\\\/2024\\\/04\\\/25\\\/por-que-odian-dialogos-feministas-en-tiempos-de-ultraderechas\\\/#breadcrumb\",\"itemListElement\":[{\"@type\":\"ListItem\",\"position\":1,\"name\":\"Portada\",\"item\":\"https:\\\/\\\/infopba247.com.ar\\\/\"},{\"@type\":\"ListItem\",\"position\":2,\"name\":\"\u00bfPor qu\u00e9 odian? Di\u00e1logos feministas en tiempos de ultraderechas\"}]},{\"@type\":\"WebSite\",\"@id\":\"https:\\\/\\\/infopba247.com.ar\\\/#website\",\"url\":\"https:\\\/\\\/infopba247.com.ar\\\/\",\"name\":\"InfoPBA247\",\"description\":\"Toda la actualidad bonaerense\",\"publisher\":{\"@id\":\"https:\\\/\\\/infopba247.com.ar\\\/#organization\"},\"potentialAction\":[{\"@type\":\"SearchAction\",\"target\":{\"@type\":\"EntryPoint\",\"urlTemplate\":\"https:\\\/\\\/infopba247.com.ar\\\/?s={search_term_string}\"},\"query-input\":{\"@type\":\"PropertyValueSpecification\",\"valueRequired\":true,\"valueName\":\"search_term_string\"}}],\"inLanguage\":\"es\"},{\"@type\":\"Organization\",\"@id\":\"https:\\\/\\\/infopba247.com.ar\\\/#organization\",\"name\":\"InfoPBA247\",\"url\":\"https:\\\/\\\/infopba247.com.ar\\\/\",\"logo\":{\"@type\":\"ImageObject\",\"inLanguage\":\"es\",\"@id\":\"https:\\\/\\\/infopba247.com.ar\\\/#\\\/schema\\\/logo\\\/image\\\/\",\"url\":\"https:\\\/\\\/infopba247.com.ar\\\/wp-content\\\/uploads\\\/2022\\\/03\\\/cropped-InfoPBA247-1.png\",\"contentUrl\":\"https:\\\/\\\/infopba247.com.ar\\\/wp-content\\\/uploads\\\/2022\\\/03\\\/cropped-InfoPBA247-1.png\",\"width\":500,\"height\":122,\"caption\":\"InfoPBA247\"},\"image\":{\"@id\":\"https:\\\/\\\/infopba247.com.ar\\\/#\\\/schema\\\/logo\\\/image\\\/\"},\"sameAs\":[\"https:\\\/\\\/www.facebook.com\\\/InfoPBA\"]},{\"@type\":\"Person\",\"@id\":\"https:\\\/\\\/infopba247.com.ar\\\/#\\\/schema\\\/person\\\/4975f1343a413e57bf839b3eed0099f2\",\"name\":\"Editor\",\"image\":{\"@type\":\"ImageObject\",\"inLanguage\":\"es\",\"@id\":\"https:\\\/\\\/secure.gravatar.com\\\/avatar\\\/d27fe9520667ca53441d36627a1d6b0fa4a813571ec4803687a7a3a7744685ac?s=96&d=mm&r=g\",\"url\":\"https:\\\/\\\/secure.gravatar.com\\\/avatar\\\/d27fe9520667ca53441d36627a1d6b0fa4a813571ec4803687a7a3a7744685ac?s=96&d=mm&r=g\",\"contentUrl\":\"https:\\\/\\\/secure.gravatar.com\\\/avatar\\\/d27fe9520667ca53441d36627a1d6b0fa4a813571ec4803687a7a3a7744685ac?s=96&d=mm&r=g\",\"caption\":\"Editor\"},\"url\":\"https:\\\/\\\/infopba247.com.ar\\\/index.php\\\/author\\\/editor\\\/\"}]}<\/script>\n<!-- \/ Yoast SEO plugin. -->","yoast_head_json":{"title":"\u00bfPor qu\u00e9 odian? Di\u00e1logos feministas en tiempos de ultraderechas - InfoPBA247","robots":{"index":"index","follow":"follow","max-snippet":"max-snippet:-1","max-image-preview":"max-image-preview:large","max-video-preview":"max-video-preview:-1"},"canonical":"https:\/\/infopba247.com.ar\/index.php\/2024\/04\/25\/por-que-odian-dialogos-feministas-en-tiempos-de-ultraderechas\/","og_locale":"es_ES","og_type":"article","og_title":"\u00bfPor qu\u00e9 odian? Di\u00e1logos feministas en tiempos de ultraderechas - InfoPBA247","og_description":"El domingo 28 de abril a las 16 horas en la sala Gorostiza de la Feria del Libro, la ministra","og_url":"https:\/\/infopba247.com.ar\/index.php\/2024\/04\/25\/por-que-odian-dialogos-feministas-en-tiempos-de-ultraderechas\/","og_site_name":"InfoPBA247","article_publisher":"https:\/\/www.facebook.com\/InfoPBA","article_published_time":"2024-04-25T14:01:00+00:00","article_modified_time":"2024-04-25T16:02:16+00:00","og_image":[{"width":1280,"height":1280,"url":"https:\/\/infopba247.com.ar\/wp-content\/uploads\/2024\/04\/unnamed-7.jpg","type":"image\/jpeg"}],"author":"Editor","twitter_card":"summary_large_image","twitter_misc":{"Escrito por":"Editor","Tiempo de lectura":"4 minutos"},"schema":{"@context":"https:\/\/schema.org","@graph":[{"@type":"Article","@id":"https:\/\/infopba247.com.ar\/index.php\/2024\/04\/25\/por-que-odian-dialogos-feministas-en-tiempos-de-ultraderechas\/#article","isPartOf":{"@id":"https:\/\/infopba247.com.ar\/index.php\/2024\/04\/25\/por-que-odian-dialogos-feministas-en-tiempos-de-ultraderechas\/"},"author":{"name":"Editor","@id":"https:\/\/infopba247.com.ar\/#\/schema\/person\/4975f1343a413e57bf839b3eed0099f2"},"headline":"\u00bfPor qu\u00e9 odian? Di\u00e1logos feministas en tiempos de ultraderechas","datePublished":"2024-04-25T14:01:00+00:00","dateModified":"2024-04-25T16:02:16+00:00","mainEntityOfPage":{"@id":"https:\/\/infopba247.com.ar\/index.php\/2024\/04\/25\/por-que-odian-dialogos-feministas-en-tiempos-de-ultraderechas\/"},"wordCount":816,"publisher":{"@id":"https:\/\/infopba247.com.ar\/#organization"},"image":{"@id":"https:\/\/infopba247.com.ar\/index.php\/2024\/04\/25\/por-que-odian-dialogos-feministas-en-tiempos-de-ultraderechas\/#primaryimage"},"thumbnailUrl":"https:\/\/infopba247.com.ar\/wp-content\/uploads\/2024\/04\/unnamed-7.jpg","articleSection":["Destacadas","Pol\u00edtica"],"inLanguage":"es"},{"@type":"WebPage","@id":"https:\/\/infopba247.com.ar\/index.php\/2024\/04\/25\/por-que-odian-dialogos-feministas-en-tiempos-de-ultraderechas\/","url":"https:\/\/infopba247.com.ar\/index.php\/2024\/04\/25\/por-que-odian-dialogos-feministas-en-tiempos-de-ultraderechas\/","name":"\u00bfPor qu\u00e9 odian? Di\u00e1logos feministas en tiempos de ultraderechas - InfoPBA247","isPartOf":{"@id":"https:\/\/infopba247.com.ar\/#website"},"primaryImageOfPage":{"@id":"https:\/\/infopba247.com.ar\/index.php\/2024\/04\/25\/por-que-odian-dialogos-feministas-en-tiempos-de-ultraderechas\/#primaryimage"},"image":{"@id":"https:\/\/infopba247.com.ar\/index.php\/2024\/04\/25\/por-que-odian-dialogos-feministas-en-tiempos-de-ultraderechas\/#primaryimage"},"thumbnailUrl":"https:\/\/infopba247.com.ar\/wp-content\/uploads\/2024\/04\/unnamed-7.jpg","datePublished":"2024-04-25T14:01:00+00:00","dateModified":"2024-04-25T16:02:16+00:00","breadcrumb":{"@id":"https:\/\/infopba247.com.ar\/index.php\/2024\/04\/25\/por-que-odian-dialogos-feministas-en-tiempos-de-ultraderechas\/#breadcrumb"},"inLanguage":"es","potentialAction":[{"@type":"ReadAction","target":["https:\/\/infopba247.com.ar\/index.php\/2024\/04\/25\/por-que-odian-dialogos-feministas-en-tiempos-de-ultraderechas\/"]}]},{"@type":"ImageObject","inLanguage":"es","@id":"https:\/\/infopba247.com.ar\/index.php\/2024\/04\/25\/por-que-odian-dialogos-feministas-en-tiempos-de-ultraderechas\/#primaryimage","url":"https:\/\/infopba247.com.ar\/wp-content\/uploads\/2024\/04\/unnamed-7.jpg","contentUrl":"https:\/\/infopba247.com.ar\/wp-content\/uploads\/2024\/04\/unnamed-7.jpg","width":1280,"height":1280},{"@type":"BreadcrumbList","@id":"https:\/\/infopba247.com.ar\/index.php\/2024\/04\/25\/por-que-odian-dialogos-feministas-en-tiempos-de-ultraderechas\/#breadcrumb","itemListElement":[{"@type":"ListItem","position":1,"name":"Portada","item":"https:\/\/infopba247.com.ar\/"},{"@type":"ListItem","position":2,"name":"\u00bfPor qu\u00e9 odian? Di\u00e1logos feministas en tiempos de ultraderechas"}]},{"@type":"WebSite","@id":"https:\/\/infopba247.com.ar\/#website","url":"https:\/\/infopba247.com.ar\/","name":"InfoPBA247","description":"Toda la actualidad bonaerense","publisher":{"@id":"https:\/\/infopba247.com.ar\/#organization"},"potentialAction":[{"@type":"SearchAction","target":{"@type":"EntryPoint","urlTemplate":"https:\/\/infopba247.com.ar\/?s={search_term_string}"},"query-input":{"@type":"PropertyValueSpecification","valueRequired":true,"valueName":"search_term_string"}}],"inLanguage":"es"},{"@type":"Organization","@id":"https:\/\/infopba247.com.ar\/#organization","name":"InfoPBA247","url":"https:\/\/infopba247.com.ar\/","logo":{"@type":"ImageObject","inLanguage":"es","@id":"https:\/\/infopba247.com.ar\/#\/schema\/logo\/image\/","url":"https:\/\/infopba247.com.ar\/wp-content\/uploads\/2022\/03\/cropped-InfoPBA247-1.png","contentUrl":"https:\/\/infopba247.com.ar\/wp-content\/uploads\/2022\/03\/cropped-InfoPBA247-1.png","width":500,"height":122,"caption":"InfoPBA247"},"image":{"@id":"https:\/\/infopba247.com.ar\/#\/schema\/logo\/image\/"},"sameAs":["https:\/\/www.facebook.com\/InfoPBA"]},{"@type":"Person","@id":"https:\/\/infopba247.com.ar\/#\/schema\/person\/4975f1343a413e57bf839b3eed0099f2","name":"Editor","image":{"@type":"ImageObject","inLanguage":"es","@id":"https:\/\/secure.gravatar.com\/avatar\/d27fe9520667ca53441d36627a1d6b0fa4a813571ec4803687a7a3a7744685ac?s=96&d=mm&r=g","url":"https:\/\/secure.gravatar.com\/avatar\/d27fe9520667ca53441d36627a1d6b0fa4a813571ec4803687a7a3a7744685ac?s=96&d=mm&r=g","contentUrl":"https:\/\/secure.gravatar.com\/avatar\/d27fe9520667ca53441d36627a1d6b0fa4a813571ec4803687a7a3a7744685ac?s=96&d=mm&r=g","caption":"Editor"},"url":"https:\/\/infopba247.com.ar\/index.php\/author\/editor\/"}]}},"_links":{"self":[{"href":"https:\/\/infopba247.com.ar\/index.php\/wp-json\/wp\/v2\/posts\/3978","targetHints":{"allow":["GET"]}}],"collection":[{"href":"https:\/\/infopba247.com.ar\/index.php\/wp-json\/wp\/v2\/posts"}],"about":[{"href":"https:\/\/infopba247.com.ar\/index.php\/wp-json\/wp\/v2\/types\/post"}],"author":[{"embeddable":true,"href":"https:\/\/infopba247.com.ar\/index.php\/wp-json\/wp\/v2\/users\/3"}],"replies":[{"embeddable":true,"href":"https:\/\/infopba247.com.ar\/index.php\/wp-json\/wp\/v2\/comments?post=3978"}],"version-history":[{"count":1,"href":"https:\/\/infopba247.com.ar\/index.php\/wp-json\/wp\/v2\/posts\/3978\/revisions"}],"predecessor-version":[{"id":3979,"href":"https:\/\/infopba247.com.ar\/index.php\/wp-json\/wp\/v2\/posts\/3978\/revisions\/3979"}],"wp:featuredmedia":[{"embeddable":true,"href":"https:\/\/infopba247.com.ar\/index.php\/wp-json\/wp\/v2\/media\/3975"}],"wp:attachment":[{"href":"https:\/\/infopba247.com.ar\/index.php\/wp-json\/wp\/v2\/media?parent=3978"}],"wp:term":[{"taxonomy":"category","embeddable":true,"href":"https:\/\/infopba247.com.ar\/index.php\/wp-json\/wp\/v2\/categories?post=3978"},{"taxonomy":"post_tag","embeddable":true,"href":"https:\/\/infopba247.com.ar\/index.php\/wp-json\/wp\/v2\/tags?post=3978"}],"curies":[{"name":"wp","href":"https:\/\/api.w.org\/{rel}","templated":true}]}}