{"id":3968,"date":"2024-04-24T13:23:23","date_gmt":"2024-04-24T16:23:23","guid":{"rendered":"https:\/\/infopba247.com.ar\/?p=3968"},"modified":"2024-04-24T13:23:23","modified_gmt":"2024-04-24T16:23:23","slug":"monte-hermoso-firmo-un-nuevo-convenio-para-el-financiamiento-de-los-espacios-de-primera-infancia","status":"publish","type":"post","link":"https:\/\/infopba247.com.ar\/index.php\/2024\/04\/24\/monte-hermoso-firmo-un-nuevo-convenio-para-el-financiamiento-de-los-espacios-de-primera-infancia\/","title":{"rendered":"Monte Hermoso firm\u00f3 un nuevo convenio para el financiamiento de los espacios de Primera Infancia"},"content":{"rendered":"\n<p>En el marco del Programa Unidades de Desarrollo Infantil UDI del Ministerio de Desarrollo de la Comunidad, la secretaria de Desarrollo Humano y Social de Monte Hermoso, Rosana Sotelo, refrend\u00f3 dos nuevos acuerdos para la asignaci\u00f3n de 85 becas para el sostenimiento de los dos espacios de Primera Infancia locales, el Centro de Desarrollo Infantil y el Centro Integral Materno Infantil.<\/p>\n\n\n\n<p>La funcionaria, acompa\u00f1ada de la directora de Juventudes, Noelia Sueldo, se reuni\u00f3 con otras autoridades del mismo Ministerio provincial, entre ellas con la subsecretaria de Pol\u00edticas Sociales, Juliana Petreigne y la directora de Promoci\u00f3n de Derechos para Personas Mayores, Ail\u00e9n Guzzo, para abordar distintos temas como refuerzos alimentarios, mejoramientos habitacionales repasando los programas que funcionan con aportes provinciales como Envi\u00f3n, el Centro Juvenil,&nbsp; el Centro de D\u00eda Comunitario de Primera Infancia, el Centro de D\u00eda de Discapacidad y el Programa Reunir para residencias estudiantiles.<\/p>\n\n\n\n<p>Por otra parte, tambi\u00e9n particip\u00f3 junto a la directora de H\u00e1bitat, Carolina Esposito, de la jornada de \u00abHerramientas para la implementaci\u00f3n de pol\u00edticas p\u00fablicas habitacionales en la gesti\u00f3n municipal\u00bb encabezada por la ministra de H\u00e1bitat y Desarrollo Urbano, Silvina Batakis, el administrador General del Instituto de la Vivienda, Diego Men\u00e9ndez y el subadministrador General, Hern\u00e1n Ralinqueo.<\/p>\n\n\n\n<p>Durante su paso por la capital bonaerense tambi\u00e9n se reunieron con los estudiantes terciarios y universitarios que residen en la Casa de Monte en La Plata. Otra de las pol\u00edticas municipales que permiten que las y los montehermose\u00f1os puedan seguir su formaci\u00f3n acad\u00e9mica.<\/p>\n","protected":false},"excerpt":{"rendered":"<p>En el marco del Programa Unidades de Desarrollo Infantil UDI del Ministerio de Desarrollo de la Comunidad, la secretaria de<\/p>\n","protected":false},"author":3,"featured_media":3965,"comment_status":"closed","ping_status":"closed","sticky":false,"template":"","format":"standard","meta":{"colormag_page_container_layout":"default_layout","colormag_page_sidebar_layout":"default_layout","footnotes":""},"categories":[10,1,14],"tags":[],"class_list":["post-3968","post","type-post","status-publish","format-standard","has-post-thumbnail","hentry","category-6ta-seccion","category-destacadas","category-politica"],"yoast_head":"<!-- This site is optimized with the Yoast SEO plugin v27.4 - https:\/\/yoast.com\/product\/yoast-seo-wordpress\/ -->\n<title>Monte Hermoso firm\u00f3 un nuevo convenio para el financiamiento de los espacios de Primera Infancia - InfoPBA247<\/title>\n<meta name=\"robots\" content=\"index, follow, max-snippet:-1, max-image-preview:large, max-video-preview:-1\" \/>\n<link rel=\"canonical\" href=\"https:\/\/infopba247.com.ar\/index.php\/2024\/04\/24\/monte-hermoso-firmo-un-nuevo-convenio-para-el-financiamiento-de-los-espacios-de-primera-infancia\/\" \/>\n<meta property=\"og:locale\" content=\"es_ES\" \/>\n<meta property=\"og:type\" content=\"article\" \/>\n<meta property=\"og:title\" content=\"Monte Hermoso firm\u00f3 un nuevo convenio para el financiamiento de los espacios de Primera Infancia - InfoPBA247\" \/>\n<meta property=\"og:description\" content=\"En el marco del Programa Unidades de Desarrollo Infantil UDI del Ministerio de Desarrollo de la Comunidad, la secretaria de\" \/>\n<meta property=\"og:url\" content=\"https:\/\/infopba247.com.ar\/index.php\/2024\/04\/24\/monte-hermoso-firmo-un-nuevo-convenio-para-el-financiamiento-de-los-espacios-de-primera-infancia\/\" \/>\n<meta property=\"og:site_name\" content=\"InfoPBA247\" \/>\n<meta property=\"article:publisher\" content=\"https:\/\/www.facebook.com\/InfoPBA\" \/>\n<meta property=\"article:published_time\" content=\"2024-04-24T16:23:23+00:00\" \/>\n<meta property=\"og:image\" content=\"https:\/\/infopba247.com.ar\/wp-content\/uploads\/2024\/04\/WhatsApp-Image-2023-02-22-at-10.10.35.jpeg\" \/>\n\t<meta property=\"og:image:width\" content=\"1600\" \/>\n\t<meta property=\"og:image:height\" content=\"1066\" \/>\n\t<meta property=\"og:image:type\" content=\"image\/jpeg\" \/>\n<meta name=\"author\" content=\"Editor\" \/>\n<meta name=\"twitter:card\" content=\"summary_large_image\" \/>\n<meta name=\"twitter:label1\" content=\"Escrito por\" \/>\n\t<meta name=\"twitter:data1\" content=\"Editor\" \/>\n\t<meta name=\"twitter:label2\" content=\"Tiempo de lectura\" \/>\n\t<meta name=\"twitter:data2\" content=\"2 minutos\" \/>\n<script type=\"application\/ld+json\" class=\"yoast-schema-graph\">{\"@context\":\"https:\\\/\\\/schema.org\",\"@graph\":[{\"@type\":\"Article\",\"@id\":\"https:\\\/\\\/infopba247.com.ar\\\/index.php\\\/2024\\\/04\\\/24\\\/monte-hermoso-firmo-un-nuevo-convenio-para-el-financiamiento-de-los-espacios-de-primera-infancia\\\/#article\",\"isPartOf\":{\"@id\":\"https:\\\/\\\/infopba247.com.ar\\\/index.php\\\/2024\\\/04\\\/24\\\/monte-hermoso-firmo-un-nuevo-convenio-para-el-financiamiento-de-los-espacios-de-primera-infancia\\\/\"},\"author\":{\"name\":\"Editor\",\"@id\":\"https:\\\/\\\/infopba247.com.ar\\\/#\\\/schema\\\/person\\\/4975f1343a413e57bf839b3eed0099f2\"},\"headline\":\"Monte Hermoso firm\u00f3 un nuevo convenio para el financiamiento de los espacios de Primera Infancia\",\"datePublished\":\"2024-04-24T16:23:23+00:00\",\"mainEntityOfPage\":{\"@id\":\"https:\\\/\\\/infopba247.com.ar\\\/index.php\\\/2024\\\/04\\\/24\\\/monte-hermoso-firmo-un-nuevo-convenio-para-el-financiamiento-de-los-espacios-de-primera-infancia\\\/\"},\"wordCount\":281,\"publisher\":{\"@id\":\"https:\\\/\\\/infopba247.com.ar\\\/#organization\"},\"image\":{\"@id\":\"https:\\\/\\\/infopba247.com.ar\\\/index.php\\\/2024\\\/04\\\/24\\\/monte-hermoso-firmo-un-nuevo-convenio-para-el-financiamiento-de-los-espacios-de-primera-infancia\\\/#primaryimage\"},\"thumbnailUrl\":\"https:\\\/\\\/infopba247.com.ar\\\/wp-content\\\/uploads\\\/2024\\\/04\\\/WhatsApp-Image-2023-02-22-at-10.10.35.jpeg\",\"articleSection\":[\"6ta Secci\u00f3n\",\"Destacadas\",\"Pol\u00edtica\"],\"inLanguage\":\"es\"},{\"@type\":\"WebPage\",\"@id\":\"https:\\\/\\\/infopba247.com.ar\\\/index.php\\\/2024\\\/04\\\/24\\\/monte-hermoso-firmo-un-nuevo-convenio-para-el-financiamiento-de-los-espacios-de-primera-infancia\\\/\",\"url\":\"https:\\\/\\\/infopba247.com.ar\\\/index.php\\\/2024\\\/04\\\/24\\\/monte-hermoso-firmo-un-nuevo-convenio-para-el-financiamiento-de-los-espacios-de-primera-infancia\\\/\",\"name\":\"Monte Hermoso firm\u00f3 un nuevo convenio para el financiamiento de los espacios de Primera Infancia - InfoPBA247\",\"isPartOf\":{\"@id\":\"https:\\\/\\\/infopba247.com.ar\\\/#website\"},\"primaryImageOfPage\":{\"@id\":\"https:\\\/\\\/infopba247.com.ar\\\/index.php\\\/2024\\\/04\\\/24\\\/monte-hermoso-firmo-un-nuevo-convenio-para-el-financiamiento-de-los-espacios-de-primera-infancia\\\/#primaryimage\"},\"image\":{\"@id\":\"https:\\\/\\\/infopba247.com.ar\\\/index.php\\\/2024\\\/04\\\/24\\\/monte-hermoso-firmo-un-nuevo-convenio-para-el-financiamiento-de-los-espacios-de-primera-infancia\\\/#primaryimage\"},\"thumbnailUrl\":\"https:\\\/\\\/infopba247.com.ar\\\/wp-content\\\/uploads\\\/2024\\\/04\\\/WhatsApp-Image-2023-02-22-at-10.10.35.jpeg\",\"datePublished\":\"2024-04-24T16:23:23+00:00\",\"breadcrumb\":{\"@id\":\"https:\\\/\\\/infopba247.com.ar\\\/index.php\\\/2024\\\/04\\\/24\\\/monte-hermoso-firmo-un-nuevo-convenio-para-el-financiamiento-de-los-espacios-de-primera-infancia\\\/#breadcrumb\"},\"inLanguage\":\"es\",\"potentialAction\":[{\"@type\":\"ReadAction\",\"target\":[\"https:\\\/\\\/infopba247.com.ar\\\/index.php\\\/2024\\\/04\\\/24\\\/monte-hermoso-firmo-un-nuevo-convenio-para-el-financiamiento-de-los-espacios-de-primera-infancia\\\/\"]}]},{\"@type\":\"ImageObject\",\"inLanguage\":\"es\",\"@id\":\"https:\\\/\\\/infopba247.com.ar\\\/index.php\\\/2024\\\/04\\\/24\\\/monte-hermoso-firmo-un-nuevo-convenio-para-el-financiamiento-de-los-espacios-de-primera-infancia\\\/#primaryimage\",\"url\":\"https:\\\/\\\/infopba247.com.ar\\\/wp-content\\\/uploads\\\/2024\\\/04\\\/WhatsApp-Image-2023-02-22-at-10.10.35.jpeg\",\"contentUrl\":\"https:\\\/\\\/infopba247.com.ar\\\/wp-content\\\/uploads\\\/2024\\\/04\\\/WhatsApp-Image-2023-02-22-at-10.10.35.jpeg\",\"width\":1600,\"height\":1066},{\"@type\":\"BreadcrumbList\",\"@id\":\"https:\\\/\\\/infopba247.com.ar\\\/index.php\\\/2024\\\/04\\\/24\\\/monte-hermoso-firmo-un-nuevo-convenio-para-el-financiamiento-de-los-espacios-de-primera-infancia\\\/#breadcrumb\",\"itemListElement\":[{\"@type\":\"ListItem\",\"position\":1,\"name\":\"Portada\",\"item\":\"https:\\\/\\\/infopba247.com.ar\\\/\"},{\"@type\":\"ListItem\",\"position\":2,\"name\":\"Monte Hermoso firm\u00f3 un nuevo convenio para el financiamiento de los espacios de Primera Infancia\"}]},{\"@type\":\"WebSite\",\"@id\":\"https:\\\/\\\/infopba247.com.ar\\\/#website\",\"url\":\"https:\\\/\\\/infopba247.com.ar\\\/\",\"name\":\"InfoPBA247\",\"description\":\"Toda la actualidad bonaerense\",\"publisher\":{\"@id\":\"https:\\\/\\\/infopba247.com.ar\\\/#organization\"},\"potentialAction\":[{\"@type\":\"SearchAction\",\"target\":{\"@type\":\"EntryPoint\",\"urlTemplate\":\"https:\\\/\\\/infopba247.com.ar\\\/?s={search_term_string}\"},\"query-input\":{\"@type\":\"PropertyValueSpecification\",\"valueRequired\":true,\"valueName\":\"search_term_string\"}}],\"inLanguage\":\"es\"},{\"@type\":\"Organization\",\"@id\":\"https:\\\/\\\/infopba247.com.ar\\\/#organization\",\"name\":\"InfoPBA247\",\"url\":\"https:\\\/\\\/infopba247.com.ar\\\/\",\"logo\":{\"@type\":\"ImageObject\",\"inLanguage\":\"es\",\"@id\":\"https:\\\/\\\/infopba247.com.ar\\\/#\\\/schema\\\/logo\\\/image\\\/\",\"url\":\"https:\\\/\\\/infopba247.com.ar\\\/wp-content\\\/uploads\\\/2022\\\/03\\\/cropped-InfoPBA247-1.png\",\"contentUrl\":\"https:\\\/\\\/infopba247.com.ar\\\/wp-content\\\/uploads\\\/2022\\\/03\\\/cropped-InfoPBA247-1.png\",\"width\":500,\"height\":122,\"caption\":\"InfoPBA247\"},\"image\":{\"@id\":\"https:\\\/\\\/infopba247.com.ar\\\/#\\\/schema\\\/logo\\\/image\\\/\"},\"sameAs\":[\"https:\\\/\\\/www.facebook.com\\\/InfoPBA\"]},{\"@type\":\"Person\",\"@id\":\"https:\\\/\\\/infopba247.com.ar\\\/#\\\/schema\\\/person\\\/4975f1343a413e57bf839b3eed0099f2\",\"name\":\"Editor\",\"image\":{\"@type\":\"ImageObject\",\"inLanguage\":\"es\",\"@id\":\"https:\\\/\\\/secure.gravatar.com\\\/avatar\\\/d27fe9520667ca53441d36627a1d6b0fa4a813571ec4803687a7a3a7744685ac?s=96&d=mm&r=g\",\"url\":\"https:\\\/\\\/secure.gravatar.com\\\/avatar\\\/d27fe9520667ca53441d36627a1d6b0fa4a813571ec4803687a7a3a7744685ac?s=96&d=mm&r=g\",\"contentUrl\":\"https:\\\/\\\/secure.gravatar.com\\\/avatar\\\/d27fe9520667ca53441d36627a1d6b0fa4a813571ec4803687a7a3a7744685ac?s=96&d=mm&r=g\",\"caption\":\"Editor\"},\"url\":\"https:\\\/\\\/infopba247.com.ar\\\/index.php\\\/author\\\/editor\\\/\"}]}<\/script>\n<!-- \/ Yoast SEO plugin. -->","yoast_head_json":{"title":"Monte Hermoso firm\u00f3 un nuevo convenio para el financiamiento de los espacios de Primera Infancia - InfoPBA247","robots":{"index":"index","follow":"follow","max-snippet":"max-snippet:-1","max-image-preview":"max-image-preview:large","max-video-preview":"max-video-preview:-1"},"canonical":"https:\/\/infopba247.com.ar\/index.php\/2024\/04\/24\/monte-hermoso-firmo-un-nuevo-convenio-para-el-financiamiento-de-los-espacios-de-primera-infancia\/","og_locale":"es_ES","og_type":"article","og_title":"Monte Hermoso firm\u00f3 un nuevo convenio para el financiamiento de los espacios de Primera Infancia - InfoPBA247","og_description":"En el marco del Programa Unidades de Desarrollo Infantil UDI del Ministerio de Desarrollo de la Comunidad, la secretaria de","og_url":"https:\/\/infopba247.com.ar\/index.php\/2024\/04\/24\/monte-hermoso-firmo-un-nuevo-convenio-para-el-financiamiento-de-los-espacios-de-primera-infancia\/","og_site_name":"InfoPBA247","article_publisher":"https:\/\/www.facebook.com\/InfoPBA","article_published_time":"2024-04-24T16:23:23+00:00","og_image":[{"width":1600,"height":1066,"url":"https:\/\/infopba247.com.ar\/wp-content\/uploads\/2024\/04\/WhatsApp-Image-2023-02-22-at-10.10.35.jpeg","type":"image\/jpeg"}],"author":"Editor","twitter_card":"summary_large_image","twitter_misc":{"Escrito por":"Editor","Tiempo de lectura":"2 minutos"},"schema":{"@context":"https:\/\/schema.org","@graph":[{"@type":"Article","@id":"https:\/\/infopba247.com.ar\/index.php\/2024\/04\/24\/monte-hermoso-firmo-un-nuevo-convenio-para-el-financiamiento-de-los-espacios-de-primera-infancia\/#article","isPartOf":{"@id":"https:\/\/infopba247.com.ar\/index.php\/2024\/04\/24\/monte-hermoso-firmo-un-nuevo-convenio-para-el-financiamiento-de-los-espacios-de-primera-infancia\/"},"author":{"name":"Editor","@id":"https:\/\/infopba247.com.ar\/#\/schema\/person\/4975f1343a413e57bf839b3eed0099f2"},"headline":"Monte Hermoso firm\u00f3 un nuevo convenio para el financiamiento de los espacios de Primera Infancia","datePublished":"2024-04-24T16:23:23+00:00","mainEntityOfPage":{"@id":"https:\/\/infopba247.com.ar\/index.php\/2024\/04\/24\/monte-hermoso-firmo-un-nuevo-convenio-para-el-financiamiento-de-los-espacios-de-primera-infancia\/"},"wordCount":281,"publisher":{"@id":"https:\/\/infopba247.com.ar\/#organization"},"image":{"@id":"https:\/\/infopba247.com.ar\/index.php\/2024\/04\/24\/monte-hermoso-firmo-un-nuevo-convenio-para-el-financiamiento-de-los-espacios-de-primera-infancia\/#primaryimage"},"thumbnailUrl":"https:\/\/infopba247.com.ar\/wp-content\/uploads\/2024\/04\/WhatsApp-Image-2023-02-22-at-10.10.35.jpeg","articleSection":["6ta Secci\u00f3n","Destacadas","Pol\u00edtica"],"inLanguage":"es"},{"@type":"WebPage","@id":"https:\/\/infopba247.com.ar\/index.php\/2024\/04\/24\/monte-hermoso-firmo-un-nuevo-convenio-para-el-financiamiento-de-los-espacios-de-primera-infancia\/","url":"https:\/\/infopba247.com.ar\/index.php\/2024\/04\/24\/monte-hermoso-firmo-un-nuevo-convenio-para-el-financiamiento-de-los-espacios-de-primera-infancia\/","name":"Monte Hermoso firm\u00f3 un nuevo convenio para el financiamiento de los espacios de Primera Infancia - InfoPBA247","isPartOf":{"@id":"https:\/\/infopba247.com.ar\/#website"},"primaryImageOfPage":{"@id":"https:\/\/infopba247.com.ar\/index.php\/2024\/04\/24\/monte-hermoso-firmo-un-nuevo-convenio-para-el-financiamiento-de-los-espacios-de-primera-infancia\/#primaryimage"},"image":{"@id":"https:\/\/infopba247.com.ar\/index.php\/2024\/04\/24\/monte-hermoso-firmo-un-nuevo-convenio-para-el-financiamiento-de-los-espacios-de-primera-infancia\/#primaryimage"},"thumbnailUrl":"https:\/\/infopba247.com.ar\/wp-content\/uploads\/2024\/04\/WhatsApp-Image-2023-02-22-at-10.10.35.jpeg","datePublished":"2024-04-24T16:23:23+00:00","breadcrumb":{"@id":"https:\/\/infopba247.com.ar\/index.php\/2024\/04\/24\/monte-hermoso-firmo-un-nuevo-convenio-para-el-financiamiento-de-los-espacios-de-primera-infancia\/#breadcrumb"},"inLanguage":"es","potentialAction":[{"@type":"ReadAction","target":["https:\/\/infopba247.com.ar\/index.php\/2024\/04\/24\/monte-hermoso-firmo-un-nuevo-convenio-para-el-financiamiento-de-los-espacios-de-primera-infancia\/"]}]},{"@type":"ImageObject","inLanguage":"es","@id":"https:\/\/infopba247.com.ar\/index.php\/2024\/04\/24\/monte-hermoso-firmo-un-nuevo-convenio-para-el-financiamiento-de-los-espacios-de-primera-infancia\/#primaryimage","url":"https:\/\/infopba247.com.ar\/wp-content\/uploads\/2024\/04\/WhatsApp-Image-2023-02-22-at-10.10.35.jpeg","contentUrl":"https:\/\/infopba247.com.ar\/wp-content\/uploads\/2024\/04\/WhatsApp-Image-2023-02-22-at-10.10.35.jpeg","width":1600,"height":1066},{"@type":"BreadcrumbList","@id":"https:\/\/infopba247.com.ar\/index.php\/2024\/04\/24\/monte-hermoso-firmo-un-nuevo-convenio-para-el-financiamiento-de-los-espacios-de-primera-infancia\/#breadcrumb","itemListElement":[{"@type":"ListItem","position":1,"name":"Portada","item":"https:\/\/infopba247.com.ar\/"},{"@type":"ListItem","position":2,"name":"Monte Hermoso firm\u00f3 un nuevo convenio para el financiamiento de los espacios de Primera Infancia"}]},{"@type":"WebSite","@id":"https:\/\/infopba247.com.ar\/#website","url":"https:\/\/infopba247.com.ar\/","name":"InfoPBA247","description":"Toda la actualidad bonaerense","publisher":{"@id":"https:\/\/infopba247.com.ar\/#organization"},"potentialAction":[{"@type":"SearchAction","target":{"@type":"EntryPoint","urlTemplate":"https:\/\/infopba247.com.ar\/?s={search_term_string}"},"query-input":{"@type":"PropertyValueSpecification","valueRequired":true,"valueName":"search_term_string"}}],"inLanguage":"es"},{"@type":"Organization","@id":"https:\/\/infopba247.com.ar\/#organization","name":"InfoPBA247","url":"https:\/\/infopba247.com.ar\/","logo":{"@type":"ImageObject","inLanguage":"es","@id":"https:\/\/infopba247.com.ar\/#\/schema\/logo\/image\/","url":"https:\/\/infopba247.com.ar\/wp-content\/uploads\/2022\/03\/cropped-InfoPBA247-1.png","contentUrl":"https:\/\/infopba247.com.ar\/wp-content\/uploads\/2022\/03\/cropped-InfoPBA247-1.png","width":500,"height":122,"caption":"InfoPBA247"},"image":{"@id":"https:\/\/infopba247.com.ar\/#\/schema\/logo\/image\/"},"sameAs":["https:\/\/www.facebook.com\/InfoPBA"]},{"@type":"Person","@id":"https:\/\/infopba247.com.ar\/#\/schema\/person\/4975f1343a413e57bf839b3eed0099f2","name":"Editor","image":{"@type":"ImageObject","inLanguage":"es","@id":"https:\/\/secure.gravatar.com\/avatar\/d27fe9520667ca53441d36627a1d6b0fa4a813571ec4803687a7a3a7744685ac?s=96&d=mm&r=g","url":"https:\/\/secure.gravatar.com\/avatar\/d27fe9520667ca53441d36627a1d6b0fa4a813571ec4803687a7a3a7744685ac?s=96&d=mm&r=g","contentUrl":"https:\/\/secure.gravatar.com\/avatar\/d27fe9520667ca53441d36627a1d6b0fa4a813571ec4803687a7a3a7744685ac?s=96&d=mm&r=g","caption":"Editor"},"url":"https:\/\/infopba247.com.ar\/index.php\/author\/editor\/"}]}},"_links":{"self":[{"href":"https:\/\/infopba247.com.ar\/index.php\/wp-json\/wp\/v2\/posts\/3968","targetHints":{"allow":["GET"]}}],"collection":[{"href":"https:\/\/infopba247.com.ar\/index.php\/wp-json\/wp\/v2\/posts"}],"about":[{"href":"https:\/\/infopba247.com.ar\/index.php\/wp-json\/wp\/v2\/types\/post"}],"author":[{"embeddable":true,"href":"https:\/\/infopba247.com.ar\/index.php\/wp-json\/wp\/v2\/users\/3"}],"replies":[{"embeddable":true,"href":"https:\/\/infopba247.com.ar\/index.php\/wp-json\/wp\/v2\/comments?post=3968"}],"version-history":[{"count":1,"href":"https:\/\/infopba247.com.ar\/index.php\/wp-json\/wp\/v2\/posts\/3968\/revisions"}],"predecessor-version":[{"id":3969,"href":"https:\/\/infopba247.com.ar\/index.php\/wp-json\/wp\/v2\/posts\/3968\/revisions\/3969"}],"wp:featuredmedia":[{"embeddable":true,"href":"https:\/\/infopba247.com.ar\/index.php\/wp-json\/wp\/v2\/media\/3965"}],"wp:attachment":[{"href":"https:\/\/infopba247.com.ar\/index.php\/wp-json\/wp\/v2\/media?parent=3968"}],"wp:term":[{"taxonomy":"category","embeddable":true,"href":"https:\/\/infopba247.com.ar\/index.php\/wp-json\/wp\/v2\/categories?post=3968"},{"taxonomy":"post_tag","embeddable":true,"href":"https:\/\/infopba247.com.ar\/index.php\/wp-json\/wp\/v2\/tags?post=3968"}],"curies":[{"name":"wp","href":"https:\/\/api.w.org\/{rel}","templated":true}]}}