{"id":3933,"date":"2024-04-22T12:01:40","date_gmt":"2024-04-22T15:01:40","guid":{"rendered":"https:\/\/infopba247.com.ar\/?p=3933"},"modified":"2024-04-22T13:31:31","modified_gmt":"2024-04-22T16:31:31","slug":"el-municipio-le-solicito-asistencia-a-conicet-la-plata-para-trabajar-en-el-ordenamiento-urbano","status":"publish","type":"post","link":"https:\/\/infopba247.com.ar\/index.php\/2024\/04\/22\/el-municipio-le-solicito-asistencia-a-conicet-la-plata-para-trabajar-en-el-ordenamiento-urbano\/","title":{"rendered":"El Municipio le solicit\u00f3 asistencia a Conicet La Plata para trabajar en el ordenamiento urbano"},"content":{"rendered":"\n<p>El intendente de La Plata, Julio Alak, mantuvo una reuni\u00f3n de trabajo con el director de la sede local del Conicet, Carlos Della V\u00e9dova, junto a quien acord\u00f3 articular medidas de asistencia y colaboraci\u00f3n para optimizar el ordenamiento urbano de la ciudad. Adem\u00e1s, buscar\u00e1n elaborar estrategias conjuntas basadas en el conocimiento y la investigaci\u00f3n para el desarrollo de pol\u00edticas p\u00fablicas.<\/p>\n\n\n\n<p>\u201cFue una reuni\u00f3n muy productiva y una buena oportunidad para expresar, como intendente de esta ciudad capital que tiene, adem\u00e1s, una hist\u00f3rica tradici\u00f3n universitaria, todo mi apoyo al Conicet y a la ciencia y la investigaci\u00f3n como bases del progreso y el desarrollo de nuestra naci\u00f3n\u201d, sostuvo Alak en el marco del encuentro.<\/p>\n\n\n\n<p>\u201cConversamos sobre el trabajo colaborativo y los planes conjuntos que queremos impulsar entre esta instituci\u00f3n y las distintas \u00e1reas de gesti\u00f3n de cara al objetivo que nos hemos puesto: mejorar de forma sustantiva la calidad de vida en nuestra ciudad\u201d, agreg\u00f3 el mandatario, acompa\u00f1ado por el secretario de Gobierno, Guillermo \u00abNano\u00bb Cara; su par de Planeamiento, Obras y Servicios P\u00fablicos, Sergio Resa; y el asesor general de la Comuna, Jorge Lescano.<\/p>\n\n\n\n<p>En l\u00ednea con el objetivo del jefe comunal de afianzar el sello tecnol\u00f3gico del partido, las autoridades convinieron la firma de un acuerdo pr\u00f3ximo para aplicar la experticia del consejo en pr\u00e1cticas y m\u00e9todos que den respuesta a situaciones meteorol\u00f3gicas, t\u00e9cnicas de planificaci\u00f3n urban\u00edstica e iniciativas ambientales.<\/p>\n\n\n\n<p>Adem\u00e1s, se comprometieron a continuar fortaleciendo el trabajo mancomunado con la Universidad Nacional de La Plata, plantear medidas para el desarrollo del sector productivo local y elaborar asesor\u00edas que permitan generar pol\u00edticas p\u00fablicas clave para los vecinos y las vecinas vinculadas a estas tem\u00e1ticas.<\/p>\n\n\n\n<p>Finalmente, Della V\u00e9dova calific\u00f3 la reuni\u00f3n como \u201cmuy enriquecedora y gratamente auspiciosa\u201d y valor\u00f3: \u201cDefinimos alcances y metas muy importantes para consolidar a La Plata como ciudad del conocimiento y abordar temas muy importantes para los ciudadanos, con informaci\u00f3n precisa que ya vienen desarrollando muchos especialistas\u201d.<\/p>\n","protected":false},"excerpt":{"rendered":"<p>El intendente de La Plata, Julio Alak, mantuvo una reuni\u00f3n de trabajo con el director de la sede local del<\/p>\n","protected":false},"author":3,"featured_media":3939,"comment_status":"closed","ping_status":"closed","sticky":false,"template":"","format":"standard","meta":{"colormag_page_container_layout":"default_layout","colormag_page_sidebar_layout":"default_layout","footnotes":""},"categories":[12,1,14],"tags":[],"class_list":["post-3933","post","type-post","status-publish","format-standard","has-post-thumbnail","hentry","category-8va-seccion","category-destacadas","category-politica"],"yoast_head":"<!-- This site is optimized with the Yoast SEO plugin v27.4 - https:\/\/yoast.com\/product\/yoast-seo-wordpress\/ -->\n<title>El Municipio le solicit\u00f3 asistencia a Conicet La Plata para trabajar en el ordenamiento urbano - InfoPBA247<\/title>\n<meta name=\"robots\" content=\"index, follow, max-snippet:-1, max-image-preview:large, max-video-preview:-1\" \/>\n<link rel=\"canonical\" href=\"https:\/\/infopba247.com.ar\/index.php\/2024\/04\/22\/el-municipio-le-solicito-asistencia-a-conicet-la-plata-para-trabajar-en-el-ordenamiento-urbano\/\" \/>\n<meta property=\"og:locale\" content=\"es_ES\" \/>\n<meta property=\"og:type\" content=\"article\" \/>\n<meta property=\"og:title\" content=\"El Municipio le solicit\u00f3 asistencia a Conicet La Plata para trabajar en el ordenamiento urbano - InfoPBA247\" \/>\n<meta property=\"og:description\" content=\"El intendente de La Plata, Julio Alak, mantuvo una reuni\u00f3n de trabajo con el director de la sede local del\" \/>\n<meta property=\"og:url\" content=\"https:\/\/infopba247.com.ar\/index.php\/2024\/04\/22\/el-municipio-le-solicito-asistencia-a-conicet-la-plata-para-trabajar-en-el-ordenamiento-urbano\/\" \/>\n<meta property=\"og:site_name\" content=\"InfoPBA247\" \/>\n<meta property=\"article:publisher\" content=\"https:\/\/www.facebook.com\/InfoPBA\" \/>\n<meta property=\"article:published_time\" content=\"2024-04-22T15:01:40+00:00\" \/>\n<meta property=\"article:modified_time\" content=\"2024-04-22T16:31:31+00:00\" \/>\n<meta property=\"og:image\" content=\"https:\/\/infopba247.com.ar\/wp-content\/uploads\/2024\/04\/unnamed.jpg\" \/>\n\t<meta property=\"og:image:width\" content=\"1620\" \/>\n\t<meta property=\"og:image:height\" content=\"1080\" \/>\n\t<meta property=\"og:image:type\" content=\"image\/jpeg\" \/>\n<meta name=\"author\" content=\"Editor\" \/>\n<meta name=\"twitter:card\" content=\"summary_large_image\" \/>\n<meta name=\"twitter:label1\" content=\"Escrito por\" \/>\n\t<meta name=\"twitter:data1\" content=\"Editor\" \/>\n\t<meta name=\"twitter:label2\" content=\"Tiempo de lectura\" \/>\n\t<meta name=\"twitter:data2\" content=\"2 minutos\" \/>\n<script type=\"application\/ld+json\" class=\"yoast-schema-graph\">{\"@context\":\"https:\\\/\\\/schema.org\",\"@graph\":[{\"@type\":\"Article\",\"@id\":\"https:\\\/\\\/infopba247.com.ar\\\/index.php\\\/2024\\\/04\\\/22\\\/el-municipio-le-solicito-asistencia-a-conicet-la-plata-para-trabajar-en-el-ordenamiento-urbano\\\/#article\",\"isPartOf\":{\"@id\":\"https:\\\/\\\/infopba247.com.ar\\\/index.php\\\/2024\\\/04\\\/22\\\/el-municipio-le-solicito-asistencia-a-conicet-la-plata-para-trabajar-en-el-ordenamiento-urbano\\\/\"},\"author\":{\"name\":\"Editor\",\"@id\":\"https:\\\/\\\/infopba247.com.ar\\\/#\\\/schema\\\/person\\\/4975f1343a413e57bf839b3eed0099f2\"},\"headline\":\"El Municipio le solicit\u00f3 asistencia a Conicet La Plata para trabajar en el ordenamiento urbano\",\"datePublished\":\"2024-04-22T15:01:40+00:00\",\"dateModified\":\"2024-04-22T16:31:31+00:00\",\"mainEntityOfPage\":{\"@id\":\"https:\\\/\\\/infopba247.com.ar\\\/index.php\\\/2024\\\/04\\\/22\\\/el-municipio-le-solicito-asistencia-a-conicet-la-plata-para-trabajar-en-el-ordenamiento-urbano\\\/\"},\"wordCount\":371,\"publisher\":{\"@id\":\"https:\\\/\\\/infopba247.com.ar\\\/#organization\"},\"image\":{\"@id\":\"https:\\\/\\\/infopba247.com.ar\\\/index.php\\\/2024\\\/04\\\/22\\\/el-municipio-le-solicito-asistencia-a-conicet-la-plata-para-trabajar-en-el-ordenamiento-urbano\\\/#primaryimage\"},\"thumbnailUrl\":\"https:\\\/\\\/infopba247.com.ar\\\/wp-content\\\/uploads\\\/2024\\\/04\\\/unnamed.jpg\",\"articleSection\":[\"8va Secci\u00f3n\",\"Destacadas\",\"Pol\u00edtica\"],\"inLanguage\":\"es\"},{\"@type\":\"WebPage\",\"@id\":\"https:\\\/\\\/infopba247.com.ar\\\/index.php\\\/2024\\\/04\\\/22\\\/el-municipio-le-solicito-asistencia-a-conicet-la-plata-para-trabajar-en-el-ordenamiento-urbano\\\/\",\"url\":\"https:\\\/\\\/infopba247.com.ar\\\/index.php\\\/2024\\\/04\\\/22\\\/el-municipio-le-solicito-asistencia-a-conicet-la-plata-para-trabajar-en-el-ordenamiento-urbano\\\/\",\"name\":\"El Municipio le solicit\u00f3 asistencia a Conicet La Plata para trabajar en el ordenamiento urbano - InfoPBA247\",\"isPartOf\":{\"@id\":\"https:\\\/\\\/infopba247.com.ar\\\/#website\"},\"primaryImageOfPage\":{\"@id\":\"https:\\\/\\\/infopba247.com.ar\\\/index.php\\\/2024\\\/04\\\/22\\\/el-municipio-le-solicito-asistencia-a-conicet-la-plata-para-trabajar-en-el-ordenamiento-urbano\\\/#primaryimage\"},\"image\":{\"@id\":\"https:\\\/\\\/infopba247.com.ar\\\/index.php\\\/2024\\\/04\\\/22\\\/el-municipio-le-solicito-asistencia-a-conicet-la-plata-para-trabajar-en-el-ordenamiento-urbano\\\/#primaryimage\"},\"thumbnailUrl\":\"https:\\\/\\\/infopba247.com.ar\\\/wp-content\\\/uploads\\\/2024\\\/04\\\/unnamed.jpg\",\"datePublished\":\"2024-04-22T15:01:40+00:00\",\"dateModified\":\"2024-04-22T16:31:31+00:00\",\"breadcrumb\":{\"@id\":\"https:\\\/\\\/infopba247.com.ar\\\/index.php\\\/2024\\\/04\\\/22\\\/el-municipio-le-solicito-asistencia-a-conicet-la-plata-para-trabajar-en-el-ordenamiento-urbano\\\/#breadcrumb\"},\"inLanguage\":\"es\",\"potentialAction\":[{\"@type\":\"ReadAction\",\"target\":[\"https:\\\/\\\/infopba247.com.ar\\\/index.php\\\/2024\\\/04\\\/22\\\/el-municipio-le-solicito-asistencia-a-conicet-la-plata-para-trabajar-en-el-ordenamiento-urbano\\\/\"]}]},{\"@type\":\"ImageObject\",\"inLanguage\":\"es\",\"@id\":\"https:\\\/\\\/infopba247.com.ar\\\/index.php\\\/2024\\\/04\\\/22\\\/el-municipio-le-solicito-asistencia-a-conicet-la-plata-para-trabajar-en-el-ordenamiento-urbano\\\/#primaryimage\",\"url\":\"https:\\\/\\\/infopba247.com.ar\\\/wp-content\\\/uploads\\\/2024\\\/04\\\/unnamed.jpg\",\"contentUrl\":\"https:\\\/\\\/infopba247.com.ar\\\/wp-content\\\/uploads\\\/2024\\\/04\\\/unnamed.jpg\",\"width\":1620,\"height\":1080},{\"@type\":\"BreadcrumbList\",\"@id\":\"https:\\\/\\\/infopba247.com.ar\\\/index.php\\\/2024\\\/04\\\/22\\\/el-municipio-le-solicito-asistencia-a-conicet-la-plata-para-trabajar-en-el-ordenamiento-urbano\\\/#breadcrumb\",\"itemListElement\":[{\"@type\":\"ListItem\",\"position\":1,\"name\":\"Portada\",\"item\":\"https:\\\/\\\/infopba247.com.ar\\\/\"},{\"@type\":\"ListItem\",\"position\":2,\"name\":\"El Municipio le solicit\u00f3 asistencia a Conicet La Plata para trabajar en el ordenamiento urbano\"}]},{\"@type\":\"WebSite\",\"@id\":\"https:\\\/\\\/infopba247.com.ar\\\/#website\",\"url\":\"https:\\\/\\\/infopba247.com.ar\\\/\",\"name\":\"InfoPBA247\",\"description\":\"Toda la actualidad bonaerense\",\"publisher\":{\"@id\":\"https:\\\/\\\/infopba247.com.ar\\\/#organization\"},\"potentialAction\":[{\"@type\":\"SearchAction\",\"target\":{\"@type\":\"EntryPoint\",\"urlTemplate\":\"https:\\\/\\\/infopba247.com.ar\\\/?s={search_term_string}\"},\"query-input\":{\"@type\":\"PropertyValueSpecification\",\"valueRequired\":true,\"valueName\":\"search_term_string\"}}],\"inLanguage\":\"es\"},{\"@type\":\"Organization\",\"@id\":\"https:\\\/\\\/infopba247.com.ar\\\/#organization\",\"name\":\"InfoPBA247\",\"url\":\"https:\\\/\\\/infopba247.com.ar\\\/\",\"logo\":{\"@type\":\"ImageObject\",\"inLanguage\":\"es\",\"@id\":\"https:\\\/\\\/infopba247.com.ar\\\/#\\\/schema\\\/logo\\\/image\\\/\",\"url\":\"https:\\\/\\\/infopba247.com.ar\\\/wp-content\\\/uploads\\\/2022\\\/03\\\/cropped-InfoPBA247-1.png\",\"contentUrl\":\"https:\\\/\\\/infopba247.com.ar\\\/wp-content\\\/uploads\\\/2022\\\/03\\\/cropped-InfoPBA247-1.png\",\"width\":500,\"height\":122,\"caption\":\"InfoPBA247\"},\"image\":{\"@id\":\"https:\\\/\\\/infopba247.com.ar\\\/#\\\/schema\\\/logo\\\/image\\\/\"},\"sameAs\":[\"https:\\\/\\\/www.facebook.com\\\/InfoPBA\"]},{\"@type\":\"Person\",\"@id\":\"https:\\\/\\\/infopba247.com.ar\\\/#\\\/schema\\\/person\\\/4975f1343a413e57bf839b3eed0099f2\",\"name\":\"Editor\",\"image\":{\"@type\":\"ImageObject\",\"inLanguage\":\"es\",\"@id\":\"https:\\\/\\\/secure.gravatar.com\\\/avatar\\\/d27fe9520667ca53441d36627a1d6b0fa4a813571ec4803687a7a3a7744685ac?s=96&d=mm&r=g\",\"url\":\"https:\\\/\\\/secure.gravatar.com\\\/avatar\\\/d27fe9520667ca53441d36627a1d6b0fa4a813571ec4803687a7a3a7744685ac?s=96&d=mm&r=g\",\"contentUrl\":\"https:\\\/\\\/secure.gravatar.com\\\/avatar\\\/d27fe9520667ca53441d36627a1d6b0fa4a813571ec4803687a7a3a7744685ac?s=96&d=mm&r=g\",\"caption\":\"Editor\"},\"url\":\"https:\\\/\\\/infopba247.com.ar\\\/index.php\\\/author\\\/editor\\\/\"}]}<\/script>\n<!-- \/ Yoast SEO plugin. -->","yoast_head_json":{"title":"El Municipio le solicit\u00f3 asistencia a Conicet La Plata para trabajar en el ordenamiento urbano - InfoPBA247","robots":{"index":"index","follow":"follow","max-snippet":"max-snippet:-1","max-image-preview":"max-image-preview:large","max-video-preview":"max-video-preview:-1"},"canonical":"https:\/\/infopba247.com.ar\/index.php\/2024\/04\/22\/el-municipio-le-solicito-asistencia-a-conicet-la-plata-para-trabajar-en-el-ordenamiento-urbano\/","og_locale":"es_ES","og_type":"article","og_title":"El Municipio le solicit\u00f3 asistencia a Conicet La Plata para trabajar en el ordenamiento urbano - InfoPBA247","og_description":"El intendente de La Plata, Julio Alak, mantuvo una reuni\u00f3n de trabajo con el director de la sede local del","og_url":"https:\/\/infopba247.com.ar\/index.php\/2024\/04\/22\/el-municipio-le-solicito-asistencia-a-conicet-la-plata-para-trabajar-en-el-ordenamiento-urbano\/","og_site_name":"InfoPBA247","article_publisher":"https:\/\/www.facebook.com\/InfoPBA","article_published_time":"2024-04-22T15:01:40+00:00","article_modified_time":"2024-04-22T16:31:31+00:00","og_image":[{"width":1620,"height":1080,"url":"https:\/\/infopba247.com.ar\/wp-content\/uploads\/2024\/04\/unnamed.jpg","type":"image\/jpeg"}],"author":"Editor","twitter_card":"summary_large_image","twitter_misc":{"Escrito por":"Editor","Tiempo de lectura":"2 minutos"},"schema":{"@context":"https:\/\/schema.org","@graph":[{"@type":"Article","@id":"https:\/\/infopba247.com.ar\/index.php\/2024\/04\/22\/el-municipio-le-solicito-asistencia-a-conicet-la-plata-para-trabajar-en-el-ordenamiento-urbano\/#article","isPartOf":{"@id":"https:\/\/infopba247.com.ar\/index.php\/2024\/04\/22\/el-municipio-le-solicito-asistencia-a-conicet-la-plata-para-trabajar-en-el-ordenamiento-urbano\/"},"author":{"name":"Editor","@id":"https:\/\/infopba247.com.ar\/#\/schema\/person\/4975f1343a413e57bf839b3eed0099f2"},"headline":"El Municipio le solicit\u00f3 asistencia a Conicet La Plata para trabajar en el ordenamiento urbano","datePublished":"2024-04-22T15:01:40+00:00","dateModified":"2024-04-22T16:31:31+00:00","mainEntityOfPage":{"@id":"https:\/\/infopba247.com.ar\/index.php\/2024\/04\/22\/el-municipio-le-solicito-asistencia-a-conicet-la-plata-para-trabajar-en-el-ordenamiento-urbano\/"},"wordCount":371,"publisher":{"@id":"https:\/\/infopba247.com.ar\/#organization"},"image":{"@id":"https:\/\/infopba247.com.ar\/index.php\/2024\/04\/22\/el-municipio-le-solicito-asistencia-a-conicet-la-plata-para-trabajar-en-el-ordenamiento-urbano\/#primaryimage"},"thumbnailUrl":"https:\/\/infopba247.com.ar\/wp-content\/uploads\/2024\/04\/unnamed.jpg","articleSection":["8va Secci\u00f3n","Destacadas","Pol\u00edtica"],"inLanguage":"es"},{"@type":"WebPage","@id":"https:\/\/infopba247.com.ar\/index.php\/2024\/04\/22\/el-municipio-le-solicito-asistencia-a-conicet-la-plata-para-trabajar-en-el-ordenamiento-urbano\/","url":"https:\/\/infopba247.com.ar\/index.php\/2024\/04\/22\/el-municipio-le-solicito-asistencia-a-conicet-la-plata-para-trabajar-en-el-ordenamiento-urbano\/","name":"El Municipio le solicit\u00f3 asistencia a Conicet La Plata para trabajar en el ordenamiento urbano - InfoPBA247","isPartOf":{"@id":"https:\/\/infopba247.com.ar\/#website"},"primaryImageOfPage":{"@id":"https:\/\/infopba247.com.ar\/index.php\/2024\/04\/22\/el-municipio-le-solicito-asistencia-a-conicet-la-plata-para-trabajar-en-el-ordenamiento-urbano\/#primaryimage"},"image":{"@id":"https:\/\/infopba247.com.ar\/index.php\/2024\/04\/22\/el-municipio-le-solicito-asistencia-a-conicet-la-plata-para-trabajar-en-el-ordenamiento-urbano\/#primaryimage"},"thumbnailUrl":"https:\/\/infopba247.com.ar\/wp-content\/uploads\/2024\/04\/unnamed.jpg","datePublished":"2024-04-22T15:01:40+00:00","dateModified":"2024-04-22T16:31:31+00:00","breadcrumb":{"@id":"https:\/\/infopba247.com.ar\/index.php\/2024\/04\/22\/el-municipio-le-solicito-asistencia-a-conicet-la-plata-para-trabajar-en-el-ordenamiento-urbano\/#breadcrumb"},"inLanguage":"es","potentialAction":[{"@type":"ReadAction","target":["https:\/\/infopba247.com.ar\/index.php\/2024\/04\/22\/el-municipio-le-solicito-asistencia-a-conicet-la-plata-para-trabajar-en-el-ordenamiento-urbano\/"]}]},{"@type":"ImageObject","inLanguage":"es","@id":"https:\/\/infopba247.com.ar\/index.php\/2024\/04\/22\/el-municipio-le-solicito-asistencia-a-conicet-la-plata-para-trabajar-en-el-ordenamiento-urbano\/#primaryimage","url":"https:\/\/infopba247.com.ar\/wp-content\/uploads\/2024\/04\/unnamed.jpg","contentUrl":"https:\/\/infopba247.com.ar\/wp-content\/uploads\/2024\/04\/unnamed.jpg","width":1620,"height":1080},{"@type":"BreadcrumbList","@id":"https:\/\/infopba247.com.ar\/index.php\/2024\/04\/22\/el-municipio-le-solicito-asistencia-a-conicet-la-plata-para-trabajar-en-el-ordenamiento-urbano\/#breadcrumb","itemListElement":[{"@type":"ListItem","position":1,"name":"Portada","item":"https:\/\/infopba247.com.ar\/"},{"@type":"ListItem","position":2,"name":"El Municipio le solicit\u00f3 asistencia a Conicet La Plata para trabajar en el ordenamiento urbano"}]},{"@type":"WebSite","@id":"https:\/\/infopba247.com.ar\/#website","url":"https:\/\/infopba247.com.ar\/","name":"InfoPBA247","description":"Toda la actualidad bonaerense","publisher":{"@id":"https:\/\/infopba247.com.ar\/#organization"},"potentialAction":[{"@type":"SearchAction","target":{"@type":"EntryPoint","urlTemplate":"https:\/\/infopba247.com.ar\/?s={search_term_string}"},"query-input":{"@type":"PropertyValueSpecification","valueRequired":true,"valueName":"search_term_string"}}],"inLanguage":"es"},{"@type":"Organization","@id":"https:\/\/infopba247.com.ar\/#organization","name":"InfoPBA247","url":"https:\/\/infopba247.com.ar\/","logo":{"@type":"ImageObject","inLanguage":"es","@id":"https:\/\/infopba247.com.ar\/#\/schema\/logo\/image\/","url":"https:\/\/infopba247.com.ar\/wp-content\/uploads\/2022\/03\/cropped-InfoPBA247-1.png","contentUrl":"https:\/\/infopba247.com.ar\/wp-content\/uploads\/2022\/03\/cropped-InfoPBA247-1.png","width":500,"height":122,"caption":"InfoPBA247"},"image":{"@id":"https:\/\/infopba247.com.ar\/#\/schema\/logo\/image\/"},"sameAs":["https:\/\/www.facebook.com\/InfoPBA"]},{"@type":"Person","@id":"https:\/\/infopba247.com.ar\/#\/schema\/person\/4975f1343a413e57bf839b3eed0099f2","name":"Editor","image":{"@type":"ImageObject","inLanguage":"es","@id":"https:\/\/secure.gravatar.com\/avatar\/d27fe9520667ca53441d36627a1d6b0fa4a813571ec4803687a7a3a7744685ac?s=96&d=mm&r=g","url":"https:\/\/secure.gravatar.com\/avatar\/d27fe9520667ca53441d36627a1d6b0fa4a813571ec4803687a7a3a7744685ac?s=96&d=mm&r=g","contentUrl":"https:\/\/secure.gravatar.com\/avatar\/d27fe9520667ca53441d36627a1d6b0fa4a813571ec4803687a7a3a7744685ac?s=96&d=mm&r=g","caption":"Editor"},"url":"https:\/\/infopba247.com.ar\/index.php\/author\/editor\/"}]}},"_links":{"self":[{"href":"https:\/\/infopba247.com.ar\/index.php\/wp-json\/wp\/v2\/posts\/3933","targetHints":{"allow":["GET"]}}],"collection":[{"href":"https:\/\/infopba247.com.ar\/index.php\/wp-json\/wp\/v2\/posts"}],"about":[{"href":"https:\/\/infopba247.com.ar\/index.php\/wp-json\/wp\/v2\/types\/post"}],"author":[{"embeddable":true,"href":"https:\/\/infopba247.com.ar\/index.php\/wp-json\/wp\/v2\/users\/3"}],"replies":[{"embeddable":true,"href":"https:\/\/infopba247.com.ar\/index.php\/wp-json\/wp\/v2\/comments?post=3933"}],"version-history":[{"count":2,"href":"https:\/\/infopba247.com.ar\/index.php\/wp-json\/wp\/v2\/posts\/3933\/revisions"}],"predecessor-version":[{"id":3936,"href":"https:\/\/infopba247.com.ar\/index.php\/wp-json\/wp\/v2\/posts\/3933\/revisions\/3936"}],"wp:featuredmedia":[{"embeddable":true,"href":"https:\/\/infopba247.com.ar\/index.php\/wp-json\/wp\/v2\/media\/3939"}],"wp:attachment":[{"href":"https:\/\/infopba247.com.ar\/index.php\/wp-json\/wp\/v2\/media?parent=3933"}],"wp:term":[{"taxonomy":"category","embeddable":true,"href":"https:\/\/infopba247.com.ar\/index.php\/wp-json\/wp\/v2\/categories?post=3933"},{"taxonomy":"post_tag","embeddable":true,"href":"https:\/\/infopba247.com.ar\/index.php\/wp-json\/wp\/v2\/tags?post=3933"}],"curies":[{"name":"wp","href":"https:\/\/api.w.org\/{rel}","templated":true}]}}