{"id":3782,"date":"2024-03-27T11:01:11","date_gmt":"2024-03-27T14:01:11","guid":{"rendered":"https:\/\/infopba247.com.ar\/?p=3782"},"modified":"2024-03-27T11:01:11","modified_gmt":"2024-03-27T14:01:11","slug":"se-realizo-un-homenaje-a-las-victimas-de-la-ultima-dictadura-civico-militar-en-el-cementerio-municipal","status":"publish","type":"post","link":"https:\/\/infopba247.com.ar\/index.php\/2024\/03\/27\/se-realizo-un-homenaje-a-las-victimas-de-la-ultima-dictadura-civico-militar-en-el-cementerio-municipal\/","title":{"rendered":"Se realiz\u00f3 un homenaje a las v\u00edctimas de la \u00faltima dictadura c\u00edvico-militar en el cementerio municipal"},"content":{"rendered":"\n<p>En el marco del D\u00eda de la Memoria, la Verdad y la Justicia, la intendenta Mariel Fern\u00e1ndez junto a organizaciones pol\u00edticas y sociales, vecinas, vecinos, familiares de v\u00edctimas, sobrevivientes y autoridades municipales, descubri\u00f3 las nuevas obras realizadas en el Pante\u00f3n de la Memoria del cementerio municipal en homenaje a las personas detenidas y desaparecidas durante la \u00faltima dictadura c\u00edvico militar.<\/p>\n\n\n\n<p>Se instal\u00f3 una placa de hierro intervenida por Leandro \u201cLalo\u201d Vizenzi y Diego \u201cGallo\u201d Gallego, con los nombres de las 21 personas sepultadas clandestinamente como NN en el cementerio de Moreno durante la \u00faltima dictadura. Dichos nombres pudieron conocerse luego de la investigaci\u00f3n que se inici\u00f3 gracias a la denuncia realizada por Juan Antonio Aleman, que dio como resultado el paradero de las v\u00edctimas del terrorismo de estado.<\/p>\n\n\n\n<p>Asimismo, se descubri\u00f3 \u201cMadre Libertad\u201d, una escultura tallada en \u00e1lamo seco por el escultor Leandro \u201cLalo\u201d Vizenzi con la colaboraci\u00f3n de Diego \u201cGallo\u201d Gallego.<\/p>\n\n\n\n<p>\u201cComo lo hicieron 30 mil compa\u00f1eros y compa\u00f1eras desaparecidos, creemos en la justicia social y vamos a seguir peleando m\u00e1s unidos y m\u00e1s fuertes que nunca\u201d, expres\u00f3 Mariel Fern\u00e1ndez durante el acto de conmemoraci\u00f3n.<\/p>\n\n\n\n<p>De esta manera, el Gobierno local construye memoria colectiva, conmemora y reivindica a las y los secuestrados, detenidos, torturados, desaparecidos y\/o asesinados por el terrorismo de Estado durante la \u00faltima dictadura c\u00edvico militar entre el 24 de marzo de 1976 y el 10 de diciembre de 1983.<\/p>\n","protected":false},"excerpt":{"rendered":"<p>En el marco del D\u00eda de la Memoria, la Verdad y la Justicia, la intendenta Mariel Fern\u00e1ndez junto a organizaciones<\/p>\n","protected":false},"author":3,"featured_media":3776,"comment_status":"closed","ping_status":"closed","sticky":false,"template":"","format":"standard","meta":{"colormag_page_container_layout":"default_layout","colormag_page_sidebar_layout":"default_layout","footnotes":""},"categories":[5,1,14],"tags":[],"class_list":["post-3782","post","type-post","status-publish","format-standard","has-post-thumbnail","hentry","category-1ra-seccion","category-destacadas","category-politica"],"yoast_head":"<!-- This site is optimized with the Yoast SEO plugin v27.4 - https:\/\/yoast.com\/product\/yoast-seo-wordpress\/ -->\n<title>Se realiz\u00f3 un homenaje a las v\u00edctimas de la \u00faltima dictadura c\u00edvico-militar en el cementerio municipal - InfoPBA247<\/title>\n<meta name=\"robots\" content=\"index, follow, max-snippet:-1, max-image-preview:large, max-video-preview:-1\" \/>\n<link rel=\"canonical\" href=\"https:\/\/infopba247.com.ar\/index.php\/2024\/03\/27\/se-realizo-un-homenaje-a-las-victimas-de-la-ultima-dictadura-civico-militar-en-el-cementerio-municipal\/\" \/>\n<meta property=\"og:locale\" content=\"es_ES\" \/>\n<meta property=\"og:type\" content=\"article\" \/>\n<meta property=\"og:title\" content=\"Se realiz\u00f3 un homenaje a las v\u00edctimas de la \u00faltima dictadura c\u00edvico-militar en el cementerio municipal - InfoPBA247\" \/>\n<meta property=\"og:description\" content=\"En el marco del D\u00eda de la Memoria, la Verdad y la Justicia, la intendenta Mariel Fern\u00e1ndez junto a organizaciones\" \/>\n<meta property=\"og:url\" content=\"https:\/\/infopba247.com.ar\/index.php\/2024\/03\/27\/se-realizo-un-homenaje-a-las-victimas-de-la-ultima-dictadura-civico-militar-en-el-cementerio-municipal\/\" \/>\n<meta property=\"og:site_name\" content=\"InfoPBA247\" \/>\n<meta property=\"article:publisher\" content=\"https:\/\/www.facebook.com\/InfoPBA\" \/>\n<meta property=\"article:published_time\" content=\"2024-03-27T14:01:11+00:00\" \/>\n<meta property=\"og:image\" content=\"https:\/\/infopba247.com.ar\/wp-content\/uploads\/2024\/03\/DSC01150.jpg\" \/>\n\t<meta property=\"og:image:width\" content=\"1616\" \/>\n\t<meta property=\"og:image:height\" content=\"1080\" \/>\n\t<meta property=\"og:image:type\" content=\"image\/jpeg\" \/>\n<meta name=\"author\" content=\"Editor\" \/>\n<meta name=\"twitter:card\" content=\"summary_large_image\" \/>\n<meta name=\"twitter:label1\" content=\"Escrito por\" \/>\n\t<meta name=\"twitter:data1\" content=\"Editor\" \/>\n\t<meta name=\"twitter:label2\" content=\"Tiempo de lectura\" \/>\n\t<meta name=\"twitter:data2\" content=\"2 minutos\" \/>\n<script type=\"application\/ld+json\" class=\"yoast-schema-graph\">{\"@context\":\"https:\\\/\\\/schema.org\",\"@graph\":[{\"@type\":\"Article\",\"@id\":\"https:\\\/\\\/infopba247.com.ar\\\/index.php\\\/2024\\\/03\\\/27\\\/se-realizo-un-homenaje-a-las-victimas-de-la-ultima-dictadura-civico-militar-en-el-cementerio-municipal\\\/#article\",\"isPartOf\":{\"@id\":\"https:\\\/\\\/infopba247.com.ar\\\/index.php\\\/2024\\\/03\\\/27\\\/se-realizo-un-homenaje-a-las-victimas-de-la-ultima-dictadura-civico-militar-en-el-cementerio-municipal\\\/\"},\"author\":{\"name\":\"Editor\",\"@id\":\"https:\\\/\\\/infopba247.com.ar\\\/#\\\/schema\\\/person\\\/4975f1343a413e57bf839b3eed0099f2\"},\"headline\":\"Se realiz\u00f3 un homenaje a las v\u00edctimas de la \u00faltima dictadura c\u00edvico-militar en el cementerio municipal\",\"datePublished\":\"2024-03-27T14:01:11+00:00\",\"mainEntityOfPage\":{\"@id\":\"https:\\\/\\\/infopba247.com.ar\\\/index.php\\\/2024\\\/03\\\/27\\\/se-realizo-un-homenaje-a-las-victimas-de-la-ultima-dictadura-civico-militar-en-el-cementerio-municipal\\\/\"},\"wordCount\":262,\"publisher\":{\"@id\":\"https:\\\/\\\/infopba247.com.ar\\\/#organization\"},\"image\":{\"@id\":\"https:\\\/\\\/infopba247.com.ar\\\/index.php\\\/2024\\\/03\\\/27\\\/se-realizo-un-homenaje-a-las-victimas-de-la-ultima-dictadura-civico-militar-en-el-cementerio-municipal\\\/#primaryimage\"},\"thumbnailUrl\":\"https:\\\/\\\/infopba247.com.ar\\\/wp-content\\\/uploads\\\/2024\\\/03\\\/DSC01150.jpg\",\"articleSection\":[\"1ra Secci\u00f3n\",\"Destacadas\",\"Pol\u00edtica\"],\"inLanguage\":\"es\"},{\"@type\":\"WebPage\",\"@id\":\"https:\\\/\\\/infopba247.com.ar\\\/index.php\\\/2024\\\/03\\\/27\\\/se-realizo-un-homenaje-a-las-victimas-de-la-ultima-dictadura-civico-militar-en-el-cementerio-municipal\\\/\",\"url\":\"https:\\\/\\\/infopba247.com.ar\\\/index.php\\\/2024\\\/03\\\/27\\\/se-realizo-un-homenaje-a-las-victimas-de-la-ultima-dictadura-civico-militar-en-el-cementerio-municipal\\\/\",\"name\":\"Se realiz\u00f3 un homenaje a las v\u00edctimas de la \u00faltima dictadura c\u00edvico-militar en el cementerio municipal - InfoPBA247\",\"isPartOf\":{\"@id\":\"https:\\\/\\\/infopba247.com.ar\\\/#website\"},\"primaryImageOfPage\":{\"@id\":\"https:\\\/\\\/infopba247.com.ar\\\/index.php\\\/2024\\\/03\\\/27\\\/se-realizo-un-homenaje-a-las-victimas-de-la-ultima-dictadura-civico-militar-en-el-cementerio-municipal\\\/#primaryimage\"},\"image\":{\"@id\":\"https:\\\/\\\/infopba247.com.ar\\\/index.php\\\/2024\\\/03\\\/27\\\/se-realizo-un-homenaje-a-las-victimas-de-la-ultima-dictadura-civico-militar-en-el-cementerio-municipal\\\/#primaryimage\"},\"thumbnailUrl\":\"https:\\\/\\\/infopba247.com.ar\\\/wp-content\\\/uploads\\\/2024\\\/03\\\/DSC01150.jpg\",\"datePublished\":\"2024-03-27T14:01:11+00:00\",\"breadcrumb\":{\"@id\":\"https:\\\/\\\/infopba247.com.ar\\\/index.php\\\/2024\\\/03\\\/27\\\/se-realizo-un-homenaje-a-las-victimas-de-la-ultima-dictadura-civico-militar-en-el-cementerio-municipal\\\/#breadcrumb\"},\"inLanguage\":\"es\",\"potentialAction\":[{\"@type\":\"ReadAction\",\"target\":[\"https:\\\/\\\/infopba247.com.ar\\\/index.php\\\/2024\\\/03\\\/27\\\/se-realizo-un-homenaje-a-las-victimas-de-la-ultima-dictadura-civico-militar-en-el-cementerio-municipal\\\/\"]}]},{\"@type\":\"ImageObject\",\"inLanguage\":\"es\",\"@id\":\"https:\\\/\\\/infopba247.com.ar\\\/index.php\\\/2024\\\/03\\\/27\\\/se-realizo-un-homenaje-a-las-victimas-de-la-ultima-dictadura-civico-militar-en-el-cementerio-municipal\\\/#primaryimage\",\"url\":\"https:\\\/\\\/infopba247.com.ar\\\/wp-content\\\/uploads\\\/2024\\\/03\\\/DSC01150.jpg\",\"contentUrl\":\"https:\\\/\\\/infopba247.com.ar\\\/wp-content\\\/uploads\\\/2024\\\/03\\\/DSC01150.jpg\",\"width\":1616,\"height\":1080},{\"@type\":\"BreadcrumbList\",\"@id\":\"https:\\\/\\\/infopba247.com.ar\\\/index.php\\\/2024\\\/03\\\/27\\\/se-realizo-un-homenaje-a-las-victimas-de-la-ultima-dictadura-civico-militar-en-el-cementerio-municipal\\\/#breadcrumb\",\"itemListElement\":[{\"@type\":\"ListItem\",\"position\":1,\"name\":\"Portada\",\"item\":\"https:\\\/\\\/infopba247.com.ar\\\/\"},{\"@type\":\"ListItem\",\"position\":2,\"name\":\"Se realiz\u00f3 un homenaje a las v\u00edctimas de la \u00faltima dictadura c\u00edvico-militar en el cementerio municipal\"}]},{\"@type\":\"WebSite\",\"@id\":\"https:\\\/\\\/infopba247.com.ar\\\/#website\",\"url\":\"https:\\\/\\\/infopba247.com.ar\\\/\",\"name\":\"InfoPBA247\",\"description\":\"Toda la actualidad bonaerense\",\"publisher\":{\"@id\":\"https:\\\/\\\/infopba247.com.ar\\\/#organization\"},\"potentialAction\":[{\"@type\":\"SearchAction\",\"target\":{\"@type\":\"EntryPoint\",\"urlTemplate\":\"https:\\\/\\\/infopba247.com.ar\\\/?s={search_term_string}\"},\"query-input\":{\"@type\":\"PropertyValueSpecification\",\"valueRequired\":true,\"valueName\":\"search_term_string\"}}],\"inLanguage\":\"es\"},{\"@type\":\"Organization\",\"@id\":\"https:\\\/\\\/infopba247.com.ar\\\/#organization\",\"name\":\"InfoPBA247\",\"url\":\"https:\\\/\\\/infopba247.com.ar\\\/\",\"logo\":{\"@type\":\"ImageObject\",\"inLanguage\":\"es\",\"@id\":\"https:\\\/\\\/infopba247.com.ar\\\/#\\\/schema\\\/logo\\\/image\\\/\",\"url\":\"https:\\\/\\\/infopba247.com.ar\\\/wp-content\\\/uploads\\\/2022\\\/03\\\/cropped-InfoPBA247-1.png\",\"contentUrl\":\"https:\\\/\\\/infopba247.com.ar\\\/wp-content\\\/uploads\\\/2022\\\/03\\\/cropped-InfoPBA247-1.png\",\"width\":500,\"height\":122,\"caption\":\"InfoPBA247\"},\"image\":{\"@id\":\"https:\\\/\\\/infopba247.com.ar\\\/#\\\/schema\\\/logo\\\/image\\\/\"},\"sameAs\":[\"https:\\\/\\\/www.facebook.com\\\/InfoPBA\"]},{\"@type\":\"Person\",\"@id\":\"https:\\\/\\\/infopba247.com.ar\\\/#\\\/schema\\\/person\\\/4975f1343a413e57bf839b3eed0099f2\",\"name\":\"Editor\",\"image\":{\"@type\":\"ImageObject\",\"inLanguage\":\"es\",\"@id\":\"https:\\\/\\\/secure.gravatar.com\\\/avatar\\\/d27fe9520667ca53441d36627a1d6b0fa4a813571ec4803687a7a3a7744685ac?s=96&d=mm&r=g\",\"url\":\"https:\\\/\\\/secure.gravatar.com\\\/avatar\\\/d27fe9520667ca53441d36627a1d6b0fa4a813571ec4803687a7a3a7744685ac?s=96&d=mm&r=g\",\"contentUrl\":\"https:\\\/\\\/secure.gravatar.com\\\/avatar\\\/d27fe9520667ca53441d36627a1d6b0fa4a813571ec4803687a7a3a7744685ac?s=96&d=mm&r=g\",\"caption\":\"Editor\"},\"url\":\"https:\\\/\\\/infopba247.com.ar\\\/index.php\\\/author\\\/editor\\\/\"}]}<\/script>\n<!-- \/ Yoast SEO plugin. -->","yoast_head_json":{"title":"Se realiz\u00f3 un homenaje a las v\u00edctimas de la \u00faltima dictadura c\u00edvico-militar en el cementerio municipal - InfoPBA247","robots":{"index":"index","follow":"follow","max-snippet":"max-snippet:-1","max-image-preview":"max-image-preview:large","max-video-preview":"max-video-preview:-1"},"canonical":"https:\/\/infopba247.com.ar\/index.php\/2024\/03\/27\/se-realizo-un-homenaje-a-las-victimas-de-la-ultima-dictadura-civico-militar-en-el-cementerio-municipal\/","og_locale":"es_ES","og_type":"article","og_title":"Se realiz\u00f3 un homenaje a las v\u00edctimas de la \u00faltima dictadura c\u00edvico-militar en el cementerio municipal - InfoPBA247","og_description":"En el marco del D\u00eda de la Memoria, la Verdad y la Justicia, la intendenta Mariel Fern\u00e1ndez junto a organizaciones","og_url":"https:\/\/infopba247.com.ar\/index.php\/2024\/03\/27\/se-realizo-un-homenaje-a-las-victimas-de-la-ultima-dictadura-civico-militar-en-el-cementerio-municipal\/","og_site_name":"InfoPBA247","article_publisher":"https:\/\/www.facebook.com\/InfoPBA","article_published_time":"2024-03-27T14:01:11+00:00","og_image":[{"width":1616,"height":1080,"url":"https:\/\/infopba247.com.ar\/wp-content\/uploads\/2024\/03\/DSC01150.jpg","type":"image\/jpeg"}],"author":"Editor","twitter_card":"summary_large_image","twitter_misc":{"Escrito por":"Editor","Tiempo de lectura":"2 minutos"},"schema":{"@context":"https:\/\/schema.org","@graph":[{"@type":"Article","@id":"https:\/\/infopba247.com.ar\/index.php\/2024\/03\/27\/se-realizo-un-homenaje-a-las-victimas-de-la-ultima-dictadura-civico-militar-en-el-cementerio-municipal\/#article","isPartOf":{"@id":"https:\/\/infopba247.com.ar\/index.php\/2024\/03\/27\/se-realizo-un-homenaje-a-las-victimas-de-la-ultima-dictadura-civico-militar-en-el-cementerio-municipal\/"},"author":{"name":"Editor","@id":"https:\/\/infopba247.com.ar\/#\/schema\/person\/4975f1343a413e57bf839b3eed0099f2"},"headline":"Se realiz\u00f3 un homenaje a las v\u00edctimas de la \u00faltima dictadura c\u00edvico-militar en el cementerio municipal","datePublished":"2024-03-27T14:01:11+00:00","mainEntityOfPage":{"@id":"https:\/\/infopba247.com.ar\/index.php\/2024\/03\/27\/se-realizo-un-homenaje-a-las-victimas-de-la-ultima-dictadura-civico-militar-en-el-cementerio-municipal\/"},"wordCount":262,"publisher":{"@id":"https:\/\/infopba247.com.ar\/#organization"},"image":{"@id":"https:\/\/infopba247.com.ar\/index.php\/2024\/03\/27\/se-realizo-un-homenaje-a-las-victimas-de-la-ultima-dictadura-civico-militar-en-el-cementerio-municipal\/#primaryimage"},"thumbnailUrl":"https:\/\/infopba247.com.ar\/wp-content\/uploads\/2024\/03\/DSC01150.jpg","articleSection":["1ra Secci\u00f3n","Destacadas","Pol\u00edtica"],"inLanguage":"es"},{"@type":"WebPage","@id":"https:\/\/infopba247.com.ar\/index.php\/2024\/03\/27\/se-realizo-un-homenaje-a-las-victimas-de-la-ultima-dictadura-civico-militar-en-el-cementerio-municipal\/","url":"https:\/\/infopba247.com.ar\/index.php\/2024\/03\/27\/se-realizo-un-homenaje-a-las-victimas-de-la-ultima-dictadura-civico-militar-en-el-cementerio-municipal\/","name":"Se realiz\u00f3 un homenaje a las v\u00edctimas de la \u00faltima dictadura c\u00edvico-militar en el cementerio municipal - InfoPBA247","isPartOf":{"@id":"https:\/\/infopba247.com.ar\/#website"},"primaryImageOfPage":{"@id":"https:\/\/infopba247.com.ar\/index.php\/2024\/03\/27\/se-realizo-un-homenaje-a-las-victimas-de-la-ultima-dictadura-civico-militar-en-el-cementerio-municipal\/#primaryimage"},"image":{"@id":"https:\/\/infopba247.com.ar\/index.php\/2024\/03\/27\/se-realizo-un-homenaje-a-las-victimas-de-la-ultima-dictadura-civico-militar-en-el-cementerio-municipal\/#primaryimage"},"thumbnailUrl":"https:\/\/infopba247.com.ar\/wp-content\/uploads\/2024\/03\/DSC01150.jpg","datePublished":"2024-03-27T14:01:11+00:00","breadcrumb":{"@id":"https:\/\/infopba247.com.ar\/index.php\/2024\/03\/27\/se-realizo-un-homenaje-a-las-victimas-de-la-ultima-dictadura-civico-militar-en-el-cementerio-municipal\/#breadcrumb"},"inLanguage":"es","potentialAction":[{"@type":"ReadAction","target":["https:\/\/infopba247.com.ar\/index.php\/2024\/03\/27\/se-realizo-un-homenaje-a-las-victimas-de-la-ultima-dictadura-civico-militar-en-el-cementerio-municipal\/"]}]},{"@type":"ImageObject","inLanguage":"es","@id":"https:\/\/infopba247.com.ar\/index.php\/2024\/03\/27\/se-realizo-un-homenaje-a-las-victimas-de-la-ultima-dictadura-civico-militar-en-el-cementerio-municipal\/#primaryimage","url":"https:\/\/infopba247.com.ar\/wp-content\/uploads\/2024\/03\/DSC01150.jpg","contentUrl":"https:\/\/infopba247.com.ar\/wp-content\/uploads\/2024\/03\/DSC01150.jpg","width":1616,"height":1080},{"@type":"BreadcrumbList","@id":"https:\/\/infopba247.com.ar\/index.php\/2024\/03\/27\/se-realizo-un-homenaje-a-las-victimas-de-la-ultima-dictadura-civico-militar-en-el-cementerio-municipal\/#breadcrumb","itemListElement":[{"@type":"ListItem","position":1,"name":"Portada","item":"https:\/\/infopba247.com.ar\/"},{"@type":"ListItem","position":2,"name":"Se realiz\u00f3 un homenaje a las v\u00edctimas de la \u00faltima dictadura c\u00edvico-militar en el cementerio municipal"}]},{"@type":"WebSite","@id":"https:\/\/infopba247.com.ar\/#website","url":"https:\/\/infopba247.com.ar\/","name":"InfoPBA247","description":"Toda la actualidad bonaerense","publisher":{"@id":"https:\/\/infopba247.com.ar\/#organization"},"potentialAction":[{"@type":"SearchAction","target":{"@type":"EntryPoint","urlTemplate":"https:\/\/infopba247.com.ar\/?s={search_term_string}"},"query-input":{"@type":"PropertyValueSpecification","valueRequired":true,"valueName":"search_term_string"}}],"inLanguage":"es"},{"@type":"Organization","@id":"https:\/\/infopba247.com.ar\/#organization","name":"InfoPBA247","url":"https:\/\/infopba247.com.ar\/","logo":{"@type":"ImageObject","inLanguage":"es","@id":"https:\/\/infopba247.com.ar\/#\/schema\/logo\/image\/","url":"https:\/\/infopba247.com.ar\/wp-content\/uploads\/2022\/03\/cropped-InfoPBA247-1.png","contentUrl":"https:\/\/infopba247.com.ar\/wp-content\/uploads\/2022\/03\/cropped-InfoPBA247-1.png","width":500,"height":122,"caption":"InfoPBA247"},"image":{"@id":"https:\/\/infopba247.com.ar\/#\/schema\/logo\/image\/"},"sameAs":["https:\/\/www.facebook.com\/InfoPBA"]},{"@type":"Person","@id":"https:\/\/infopba247.com.ar\/#\/schema\/person\/4975f1343a413e57bf839b3eed0099f2","name":"Editor","image":{"@type":"ImageObject","inLanguage":"es","@id":"https:\/\/secure.gravatar.com\/avatar\/d27fe9520667ca53441d36627a1d6b0fa4a813571ec4803687a7a3a7744685ac?s=96&d=mm&r=g","url":"https:\/\/secure.gravatar.com\/avatar\/d27fe9520667ca53441d36627a1d6b0fa4a813571ec4803687a7a3a7744685ac?s=96&d=mm&r=g","contentUrl":"https:\/\/secure.gravatar.com\/avatar\/d27fe9520667ca53441d36627a1d6b0fa4a813571ec4803687a7a3a7744685ac?s=96&d=mm&r=g","caption":"Editor"},"url":"https:\/\/infopba247.com.ar\/index.php\/author\/editor\/"}]}},"_links":{"self":[{"href":"https:\/\/infopba247.com.ar\/index.php\/wp-json\/wp\/v2\/posts\/3782","targetHints":{"allow":["GET"]}}],"collection":[{"href":"https:\/\/infopba247.com.ar\/index.php\/wp-json\/wp\/v2\/posts"}],"about":[{"href":"https:\/\/infopba247.com.ar\/index.php\/wp-json\/wp\/v2\/types\/post"}],"author":[{"embeddable":true,"href":"https:\/\/infopba247.com.ar\/index.php\/wp-json\/wp\/v2\/users\/3"}],"replies":[{"embeddable":true,"href":"https:\/\/infopba247.com.ar\/index.php\/wp-json\/wp\/v2\/comments?post=3782"}],"version-history":[{"count":1,"href":"https:\/\/infopba247.com.ar\/index.php\/wp-json\/wp\/v2\/posts\/3782\/revisions"}],"predecessor-version":[{"id":3783,"href":"https:\/\/infopba247.com.ar\/index.php\/wp-json\/wp\/v2\/posts\/3782\/revisions\/3783"}],"wp:featuredmedia":[{"embeddable":true,"href":"https:\/\/infopba247.com.ar\/index.php\/wp-json\/wp\/v2\/media\/3776"}],"wp:attachment":[{"href":"https:\/\/infopba247.com.ar\/index.php\/wp-json\/wp\/v2\/media?parent=3782"}],"wp:term":[{"taxonomy":"category","embeddable":true,"href":"https:\/\/infopba247.com.ar\/index.php\/wp-json\/wp\/v2\/categories?post=3782"},{"taxonomy":"post_tag","embeddable":true,"href":"https:\/\/infopba247.com.ar\/index.php\/wp-json\/wp\/v2\/tags?post=3782"}],"curies":[{"name":"wp","href":"https:\/\/api.w.org\/{rel}","templated":true}]}}