{"id":3769,"date":"2024-03-26T11:29:16","date_gmt":"2024-03-26T14:29:16","guid":{"rendered":"https:\/\/infopba247.com.ar\/?p=3769"},"modified":"2024-03-26T11:29:16","modified_gmt":"2024-03-26T14:29:16","slug":"mariel-fernandez-viajo-a-curitiba-a-conocer-politicas-de-planificacion-urbana-y-desarrollo-economico","status":"publish","type":"post","link":"https:\/\/infopba247.com.ar\/index.php\/2024\/03\/26\/mariel-fernandez-viajo-a-curitiba-a-conocer-politicas-de-planificacion-urbana-y-desarrollo-economico\/","title":{"rendered":"Mariel Fern\u00e1ndez viaj\u00f3 a Curitiba a conocer pol\u00edticas de planificaci\u00f3n urbana y desarrollo econ\u00f3mico"},"content":{"rendered":"\n<p>La transformaci\u00f3n del servicio de transporte p\u00fablico, la gesti\u00f3n de residuos, y la promoci\u00f3n de la industria y el turismo, fueron los ejes de trabajo principales para fortalecer su gesti\u00f3n en Moreno. Estuvo reunida con el intendente Greca de Macedo, el c\u00f3nsul Leone y la legisladora federal Dartora<\/p>\n\n\n\n<p>La intendenta de Moreno, Mariel Fern\u00e1ndez, fue invitada a la Smart City Expo Curitiba, en la capital de Paran\u00e1, Estado de Brasil. Se trata de un evento que re\u00fane intendentes e intendentas de distintos pa\u00edses, representantes del sector p\u00fablico, empresas y universidades con el prop\u00f3sito de intercambiar conocimientos y soluciones tecnol\u00f3gicas que promuevan el crecimiento econ\u00f3mico de las ciudades. En ese marco, fue recibida por el intendente de Curitiba, Rafael Greca de Macedo, con quien intercambiaron experiencias de gesti\u00f3n municipal.<\/p>\n\n\n\n<p>Adem\u00e1s, Fern\u00e1ndez, acompa\u00f1ada por funcionarios y funcionarias de su gabinete, tuvo un encuentro de trabajo en el Instituto de Investigaci\u00f3n y Planificaci\u00f3n Urbana de Curitiba (IPPUC), una autoridad municipal que supervisa y gu\u00eda la implementaci\u00f3n del planeamiento urbano de la ciudad. All\u00ed, conversaron sobre el dise\u00f1o y ejecuci\u00f3n del servicio p\u00fablico de transporte, un esquema de Curitiba que es modelo en este desarrollo y que muchas otras ciudades copiaron su proyecto de Metrob\u00fas. Un tema fundamental para el gobierno de Mariel Fern\u00e1ndez ya que en el 2026 termina el actual convenio de transporte p\u00fablico de Moreno. Al respecto, la intendenta se\u00f1al\u00f3 que \u201cA pesar de la dif\u00edcil situaci\u00f3n econ\u00f3mica, no queremos abandonar el camino que iniciamos hace cuatro a\u00f1os. La planificaci\u00f3n para el desarrollo econ\u00f3mico y urban\u00edstico de nuestro Municipio seguir\u00e1 siendo nuestro eje transversal en toda la pol\u00edtica p\u00fablica.\u201d<\/p>\n\n\n\n<p><strong>Agenda de trabajo en Curitiba<\/strong><\/p>\n\n\n\n<p>Durante las jornadas de trabajo en Curitiba, Fern\u00e1ndez junto a su equipo se reuni\u00f3 con el C\u00f3nsul Eduardo Leone, con quien conversaron sobre distintos proyectos que se implementan en la ciudad para mejorar su infraestructura y la calidad de vida de sus habitantes. Adem\u00e1s, la jefa comunal de Moreno le comparti\u00f3 pol\u00edticas de promoci\u00f3n cultural, tur\u00edstica e industrial que lleva adelante en el municipio que gobierna.<\/p>\n\n\n\n<p>Tambi\u00e9n estuvieron en Fazenda Urbana, un espacio municipal dedicado a la educaci\u00f3n ambiental y la formaci\u00f3n de oficios, que cuenta con \u00e1reas de cultivo, invernaderos y composteras. En esta recorrida los principales temas abordados fueron la separaci\u00f3n de residuos que se implementa en Curitiba desde hace muchos a\u00f1os y la recolecci\u00f3n diaria de los residuos org\u00e1nicos y su proceso de compostaje.<\/p>\n\n\n\n<p>Por otro lado, la intendenta de Moreno junto a su equipo tambi\u00e9n visit\u00f3 la Agencia de Desarrollo e Innovaci\u00f3n \u201cPinh\u00e3o Hub\u201d, un espacio donde promueven el crecimiento de emprendedores locales y conexiones que generen negocios para la ciudad; y la Torre Panor\u00e1mica de la ciudad, donde pudieron observar el planeamiento urban\u00edstico de la ciudad desde la altura, lo que permiti\u00f3 sumarles una mirada integral de todo el trabajo urban\u00edstico que se lleva adelante en Curitiba desde hace varias d\u00e9cadas.<\/p>\n\n\n\n<p>Mariel Fern\u00e1ndez tambi\u00e9n estuvo reunida con la legisladora federal Carol Dartora, del Partido de los Trabajadores de Brasil. Con la primera mujer negra en ser electa como concejala de Curitiba y como diputada en el Estado de Paran\u00e1, intercambiaron miradas sobre el contexto social, pol\u00edtico y econ\u00f3mico de Latinoam\u00e9rica, y compartieron experiencias de trabajo territorial, gesti\u00f3n p\u00fablica y construcci\u00f3n pol\u00edtica. \u201cCoincidimos en la importancia de seguir fomentando la participaci\u00f3n de las mujeres en espacios de poder. Un placer conocer a Carol y seguir afianzando relaciones con nuestras hermanas y hermanos de la Patria Grande\u201d, destac\u00f3 Fern\u00e1ndez sobre el encuentro.<\/p>\n\n\n\n<p>En las jornadas de trabajo en Curitiba, la intendenta estuvo acompa\u00f1ada por la secretaria de Obras y Servicios P\u00fablicos, Mar\u00eda Gim\u00e9nez; la secretaria de Ambiente y Desarrollo Sostenible, Daiana Anad\u00f3n; la subsecretaria de Industria y Comercio, Vanesa Villar; el administrador del Instituto de Desarrollo Urbano, Ambiental y Regional (IDUAR), Leonardo Grosso; el secretario de Comunicaci\u00f3n P\u00fablica, Vicente Linares; el concejal Federico Fongi y el presidente del Honorable Concejo Deliberante, Emmanuel Fern\u00e1ndez.<\/p>\n","protected":false},"excerpt":{"rendered":"<p>La transformaci\u00f3n del servicio de transporte p\u00fablico, la gesti\u00f3n de residuos, y la promoci\u00f3n de la industria y el turismo,<\/p>\n","protected":false},"author":3,"featured_media":3761,"comment_status":"closed","ping_status":"closed","sticky":false,"template":"","format":"standard","meta":{"colormag_page_container_layout":"default_layout","colormag_page_sidebar_layout":"default_layout","footnotes":""},"categories":[5,1,14],"tags":[],"class_list":["post-3769","post","type-post","status-publish","format-standard","has-post-thumbnail","hentry","category-1ra-seccion","category-destacadas","category-politica"],"yoast_head":"<!-- This site is optimized with the Yoast SEO plugin v27.5 - https:\/\/yoast.com\/product\/yoast-seo-wordpress\/ -->\n<title>Mariel Fern\u00e1ndez viaj\u00f3 a Curitiba a conocer pol\u00edticas de planificaci\u00f3n urbana y desarrollo econ\u00f3mico - InfoPBA247<\/title>\n<meta name=\"robots\" content=\"index, follow, max-snippet:-1, max-image-preview:large, max-video-preview:-1\" \/>\n<link rel=\"canonical\" href=\"https:\/\/infopba247.com.ar\/index.php\/2024\/03\/26\/mariel-fernandez-viajo-a-curitiba-a-conocer-politicas-de-planificacion-urbana-y-desarrollo-economico\/\" \/>\n<meta property=\"og:locale\" content=\"es_ES\" \/>\n<meta property=\"og:type\" content=\"article\" \/>\n<meta property=\"og:title\" content=\"Mariel Fern\u00e1ndez viaj\u00f3 a Curitiba a conocer pol\u00edticas de planificaci\u00f3n urbana y desarrollo econ\u00f3mico - InfoPBA247\" \/>\n<meta property=\"og:description\" content=\"La transformaci\u00f3n del servicio de transporte p\u00fablico, la gesti\u00f3n de residuos, y la promoci\u00f3n de la industria y el turismo,\" \/>\n<meta property=\"og:url\" content=\"https:\/\/infopba247.com.ar\/index.php\/2024\/03\/26\/mariel-fernandez-viajo-a-curitiba-a-conocer-politicas-de-planificacion-urbana-y-desarrollo-economico\/\" \/>\n<meta property=\"og:site_name\" content=\"InfoPBA247\" \/>\n<meta property=\"article:publisher\" content=\"https:\/\/www.facebook.com\/InfoPBA\" \/>\n<meta property=\"article:published_time\" content=\"2024-03-26T14:29:16+00:00\" \/>\n<meta property=\"og:image\" content=\"https:\/\/infopba247.com.ar\/wp-content\/uploads\/2024\/03\/1.-IntendenteGrecadeMacedoyConsulLeone-scaled.jpg\" \/>\n\t<meta property=\"og:image:width\" content=\"2560\" \/>\n\t<meta property=\"og:image:height\" content=\"1707\" \/>\n\t<meta property=\"og:image:type\" content=\"image\/jpeg\" \/>\n<meta name=\"author\" content=\"Editor\" \/>\n<meta name=\"twitter:card\" content=\"summary_large_image\" \/>\n<meta name=\"twitter:label1\" content=\"Escrito por\" \/>\n\t<meta name=\"twitter:data1\" content=\"Editor\" \/>\n\t<meta name=\"twitter:label2\" content=\"Tiempo de lectura\" \/>\n\t<meta name=\"twitter:data2\" content=\"3 minutos\" \/>\n<script type=\"application\/ld+json\" class=\"yoast-schema-graph\">{\"@context\":\"https:\\\/\\\/schema.org\",\"@graph\":[{\"@type\":\"Article\",\"@id\":\"https:\\\/\\\/infopba247.com.ar\\\/index.php\\\/2024\\\/03\\\/26\\\/mariel-fernandez-viajo-a-curitiba-a-conocer-politicas-de-planificacion-urbana-y-desarrollo-economico\\\/#article\",\"isPartOf\":{\"@id\":\"https:\\\/\\\/infopba247.com.ar\\\/index.php\\\/2024\\\/03\\\/26\\\/mariel-fernandez-viajo-a-curitiba-a-conocer-politicas-de-planificacion-urbana-y-desarrollo-economico\\\/\"},\"author\":{\"name\":\"Editor\",\"@id\":\"https:\\\/\\\/infopba247.com.ar\\\/#\\\/schema\\\/person\\\/4975f1343a413e57bf839b3eed0099f2\"},\"headline\":\"Mariel Fern\u00e1ndez viaj\u00f3 a Curitiba a conocer pol\u00edticas de planificaci\u00f3n urbana y desarrollo econ\u00f3mico\",\"datePublished\":\"2024-03-26T14:29:16+00:00\",\"mainEntityOfPage\":{\"@id\":\"https:\\\/\\\/infopba247.com.ar\\\/index.php\\\/2024\\\/03\\\/26\\\/mariel-fernandez-viajo-a-curitiba-a-conocer-politicas-de-planificacion-urbana-y-desarrollo-economico\\\/\"},\"wordCount\":742,\"publisher\":{\"@id\":\"https:\\\/\\\/infopba247.com.ar\\\/#organization\"},\"image\":{\"@id\":\"https:\\\/\\\/infopba247.com.ar\\\/index.php\\\/2024\\\/03\\\/26\\\/mariel-fernandez-viajo-a-curitiba-a-conocer-politicas-de-planificacion-urbana-y-desarrollo-economico\\\/#primaryimage\"},\"thumbnailUrl\":\"https:\\\/\\\/infopba247.com.ar\\\/wp-content\\\/uploads\\\/2024\\\/03\\\/1.-IntendenteGrecadeMacedoyConsulLeone-scaled.jpg\",\"articleSection\":[\"1ra Secci\u00f3n\",\"Destacadas\",\"Pol\u00edtica\"],\"inLanguage\":\"es\"},{\"@type\":\"WebPage\",\"@id\":\"https:\\\/\\\/infopba247.com.ar\\\/index.php\\\/2024\\\/03\\\/26\\\/mariel-fernandez-viajo-a-curitiba-a-conocer-politicas-de-planificacion-urbana-y-desarrollo-economico\\\/\",\"url\":\"https:\\\/\\\/infopba247.com.ar\\\/index.php\\\/2024\\\/03\\\/26\\\/mariel-fernandez-viajo-a-curitiba-a-conocer-politicas-de-planificacion-urbana-y-desarrollo-economico\\\/\",\"name\":\"Mariel Fern\u00e1ndez viaj\u00f3 a Curitiba a conocer pol\u00edticas de planificaci\u00f3n urbana y desarrollo econ\u00f3mico - InfoPBA247\",\"isPartOf\":{\"@id\":\"https:\\\/\\\/infopba247.com.ar\\\/#website\"},\"primaryImageOfPage\":{\"@id\":\"https:\\\/\\\/infopba247.com.ar\\\/index.php\\\/2024\\\/03\\\/26\\\/mariel-fernandez-viajo-a-curitiba-a-conocer-politicas-de-planificacion-urbana-y-desarrollo-economico\\\/#primaryimage\"},\"image\":{\"@id\":\"https:\\\/\\\/infopba247.com.ar\\\/index.php\\\/2024\\\/03\\\/26\\\/mariel-fernandez-viajo-a-curitiba-a-conocer-politicas-de-planificacion-urbana-y-desarrollo-economico\\\/#primaryimage\"},\"thumbnailUrl\":\"https:\\\/\\\/infopba247.com.ar\\\/wp-content\\\/uploads\\\/2024\\\/03\\\/1.-IntendenteGrecadeMacedoyConsulLeone-scaled.jpg\",\"datePublished\":\"2024-03-26T14:29:16+00:00\",\"breadcrumb\":{\"@id\":\"https:\\\/\\\/infopba247.com.ar\\\/index.php\\\/2024\\\/03\\\/26\\\/mariel-fernandez-viajo-a-curitiba-a-conocer-politicas-de-planificacion-urbana-y-desarrollo-economico\\\/#breadcrumb\"},\"inLanguage\":\"es\",\"potentialAction\":[{\"@type\":\"ReadAction\",\"target\":[\"https:\\\/\\\/infopba247.com.ar\\\/index.php\\\/2024\\\/03\\\/26\\\/mariel-fernandez-viajo-a-curitiba-a-conocer-politicas-de-planificacion-urbana-y-desarrollo-economico\\\/\"]}]},{\"@type\":\"ImageObject\",\"inLanguage\":\"es\",\"@id\":\"https:\\\/\\\/infopba247.com.ar\\\/index.php\\\/2024\\\/03\\\/26\\\/mariel-fernandez-viajo-a-curitiba-a-conocer-politicas-de-planificacion-urbana-y-desarrollo-economico\\\/#primaryimage\",\"url\":\"https:\\\/\\\/infopba247.com.ar\\\/wp-content\\\/uploads\\\/2024\\\/03\\\/1.-IntendenteGrecadeMacedoyConsulLeone-scaled.jpg\",\"contentUrl\":\"https:\\\/\\\/infopba247.com.ar\\\/wp-content\\\/uploads\\\/2024\\\/03\\\/1.-IntendenteGrecadeMacedoyConsulLeone-scaled.jpg\",\"width\":2560,\"height\":1707},{\"@type\":\"BreadcrumbList\",\"@id\":\"https:\\\/\\\/infopba247.com.ar\\\/index.php\\\/2024\\\/03\\\/26\\\/mariel-fernandez-viajo-a-curitiba-a-conocer-politicas-de-planificacion-urbana-y-desarrollo-economico\\\/#breadcrumb\",\"itemListElement\":[{\"@type\":\"ListItem\",\"position\":1,\"name\":\"Portada\",\"item\":\"https:\\\/\\\/infopba247.com.ar\\\/\"},{\"@type\":\"ListItem\",\"position\":2,\"name\":\"Mariel Fern\u00e1ndez viaj\u00f3 a Curitiba a conocer pol\u00edticas de planificaci\u00f3n urbana y desarrollo econ\u00f3mico\"}]},{\"@type\":\"WebSite\",\"@id\":\"https:\\\/\\\/infopba247.com.ar\\\/#website\",\"url\":\"https:\\\/\\\/infopba247.com.ar\\\/\",\"name\":\"InfoPBA247\",\"description\":\"Toda la actualidad bonaerense\",\"publisher\":{\"@id\":\"https:\\\/\\\/infopba247.com.ar\\\/#organization\"},\"potentialAction\":[{\"@type\":\"SearchAction\",\"target\":{\"@type\":\"EntryPoint\",\"urlTemplate\":\"https:\\\/\\\/infopba247.com.ar\\\/?s={search_term_string}\"},\"query-input\":{\"@type\":\"PropertyValueSpecification\",\"valueRequired\":true,\"valueName\":\"search_term_string\"}}],\"inLanguage\":\"es\"},{\"@type\":\"Organization\",\"@id\":\"https:\\\/\\\/infopba247.com.ar\\\/#organization\",\"name\":\"InfoPBA247\",\"url\":\"https:\\\/\\\/infopba247.com.ar\\\/\",\"logo\":{\"@type\":\"ImageObject\",\"inLanguage\":\"es\",\"@id\":\"https:\\\/\\\/infopba247.com.ar\\\/#\\\/schema\\\/logo\\\/image\\\/\",\"url\":\"https:\\\/\\\/infopba247.com.ar\\\/wp-content\\\/uploads\\\/2022\\\/03\\\/cropped-InfoPBA247-1.png\",\"contentUrl\":\"https:\\\/\\\/infopba247.com.ar\\\/wp-content\\\/uploads\\\/2022\\\/03\\\/cropped-InfoPBA247-1.png\",\"width\":500,\"height\":122,\"caption\":\"InfoPBA247\"},\"image\":{\"@id\":\"https:\\\/\\\/infopba247.com.ar\\\/#\\\/schema\\\/logo\\\/image\\\/\"},\"sameAs\":[\"https:\\\/\\\/www.facebook.com\\\/InfoPBA\"]},{\"@type\":\"Person\",\"@id\":\"https:\\\/\\\/infopba247.com.ar\\\/#\\\/schema\\\/person\\\/4975f1343a413e57bf839b3eed0099f2\",\"name\":\"Editor\",\"image\":{\"@type\":\"ImageObject\",\"inLanguage\":\"es\",\"@id\":\"https:\\\/\\\/secure.gravatar.com\\\/avatar\\\/d27fe9520667ca53441d36627a1d6b0fa4a813571ec4803687a7a3a7744685ac?s=96&d=mm&r=g\",\"url\":\"https:\\\/\\\/secure.gravatar.com\\\/avatar\\\/d27fe9520667ca53441d36627a1d6b0fa4a813571ec4803687a7a3a7744685ac?s=96&d=mm&r=g\",\"contentUrl\":\"https:\\\/\\\/secure.gravatar.com\\\/avatar\\\/d27fe9520667ca53441d36627a1d6b0fa4a813571ec4803687a7a3a7744685ac?s=96&d=mm&r=g\",\"caption\":\"Editor\"},\"url\":\"https:\\\/\\\/infopba247.com.ar\\\/index.php\\\/author\\\/editor\\\/\"}]}<\/script>\n<!-- \/ Yoast SEO plugin. -->","yoast_head_json":{"title":"Mariel Fern\u00e1ndez viaj\u00f3 a Curitiba a conocer pol\u00edticas de planificaci\u00f3n urbana y desarrollo econ\u00f3mico - InfoPBA247","robots":{"index":"index","follow":"follow","max-snippet":"max-snippet:-1","max-image-preview":"max-image-preview:large","max-video-preview":"max-video-preview:-1"},"canonical":"https:\/\/infopba247.com.ar\/index.php\/2024\/03\/26\/mariel-fernandez-viajo-a-curitiba-a-conocer-politicas-de-planificacion-urbana-y-desarrollo-economico\/","og_locale":"es_ES","og_type":"article","og_title":"Mariel Fern\u00e1ndez viaj\u00f3 a Curitiba a conocer pol\u00edticas de planificaci\u00f3n urbana y desarrollo econ\u00f3mico - InfoPBA247","og_description":"La transformaci\u00f3n del servicio de transporte p\u00fablico, la gesti\u00f3n de residuos, y la promoci\u00f3n de la industria y el turismo,","og_url":"https:\/\/infopba247.com.ar\/index.php\/2024\/03\/26\/mariel-fernandez-viajo-a-curitiba-a-conocer-politicas-de-planificacion-urbana-y-desarrollo-economico\/","og_site_name":"InfoPBA247","article_publisher":"https:\/\/www.facebook.com\/InfoPBA","article_published_time":"2024-03-26T14:29:16+00:00","og_image":[{"width":2560,"height":1707,"url":"https:\/\/infopba247.com.ar\/wp-content\/uploads\/2024\/03\/1.-IntendenteGrecadeMacedoyConsulLeone-scaled.jpg","type":"image\/jpeg"}],"author":"Editor","twitter_card":"summary_large_image","twitter_misc":{"Escrito por":"Editor","Tiempo de lectura":"3 minutos"},"schema":{"@context":"https:\/\/schema.org","@graph":[{"@type":"Article","@id":"https:\/\/infopba247.com.ar\/index.php\/2024\/03\/26\/mariel-fernandez-viajo-a-curitiba-a-conocer-politicas-de-planificacion-urbana-y-desarrollo-economico\/#article","isPartOf":{"@id":"https:\/\/infopba247.com.ar\/index.php\/2024\/03\/26\/mariel-fernandez-viajo-a-curitiba-a-conocer-politicas-de-planificacion-urbana-y-desarrollo-economico\/"},"author":{"name":"Editor","@id":"https:\/\/infopba247.com.ar\/#\/schema\/person\/4975f1343a413e57bf839b3eed0099f2"},"headline":"Mariel Fern\u00e1ndez viaj\u00f3 a Curitiba a conocer pol\u00edticas de planificaci\u00f3n urbana y desarrollo econ\u00f3mico","datePublished":"2024-03-26T14:29:16+00:00","mainEntityOfPage":{"@id":"https:\/\/infopba247.com.ar\/index.php\/2024\/03\/26\/mariel-fernandez-viajo-a-curitiba-a-conocer-politicas-de-planificacion-urbana-y-desarrollo-economico\/"},"wordCount":742,"publisher":{"@id":"https:\/\/infopba247.com.ar\/#organization"},"image":{"@id":"https:\/\/infopba247.com.ar\/index.php\/2024\/03\/26\/mariel-fernandez-viajo-a-curitiba-a-conocer-politicas-de-planificacion-urbana-y-desarrollo-economico\/#primaryimage"},"thumbnailUrl":"https:\/\/infopba247.com.ar\/wp-content\/uploads\/2024\/03\/1.-IntendenteGrecadeMacedoyConsulLeone-scaled.jpg","articleSection":["1ra Secci\u00f3n","Destacadas","Pol\u00edtica"],"inLanguage":"es"},{"@type":"WebPage","@id":"https:\/\/infopba247.com.ar\/index.php\/2024\/03\/26\/mariel-fernandez-viajo-a-curitiba-a-conocer-politicas-de-planificacion-urbana-y-desarrollo-economico\/","url":"https:\/\/infopba247.com.ar\/index.php\/2024\/03\/26\/mariel-fernandez-viajo-a-curitiba-a-conocer-politicas-de-planificacion-urbana-y-desarrollo-economico\/","name":"Mariel Fern\u00e1ndez viaj\u00f3 a Curitiba a conocer pol\u00edticas de planificaci\u00f3n urbana y desarrollo econ\u00f3mico - InfoPBA247","isPartOf":{"@id":"https:\/\/infopba247.com.ar\/#website"},"primaryImageOfPage":{"@id":"https:\/\/infopba247.com.ar\/index.php\/2024\/03\/26\/mariel-fernandez-viajo-a-curitiba-a-conocer-politicas-de-planificacion-urbana-y-desarrollo-economico\/#primaryimage"},"image":{"@id":"https:\/\/infopba247.com.ar\/index.php\/2024\/03\/26\/mariel-fernandez-viajo-a-curitiba-a-conocer-politicas-de-planificacion-urbana-y-desarrollo-economico\/#primaryimage"},"thumbnailUrl":"https:\/\/infopba247.com.ar\/wp-content\/uploads\/2024\/03\/1.-IntendenteGrecadeMacedoyConsulLeone-scaled.jpg","datePublished":"2024-03-26T14:29:16+00:00","breadcrumb":{"@id":"https:\/\/infopba247.com.ar\/index.php\/2024\/03\/26\/mariel-fernandez-viajo-a-curitiba-a-conocer-politicas-de-planificacion-urbana-y-desarrollo-economico\/#breadcrumb"},"inLanguage":"es","potentialAction":[{"@type":"ReadAction","target":["https:\/\/infopba247.com.ar\/index.php\/2024\/03\/26\/mariel-fernandez-viajo-a-curitiba-a-conocer-politicas-de-planificacion-urbana-y-desarrollo-economico\/"]}]},{"@type":"ImageObject","inLanguage":"es","@id":"https:\/\/infopba247.com.ar\/index.php\/2024\/03\/26\/mariel-fernandez-viajo-a-curitiba-a-conocer-politicas-de-planificacion-urbana-y-desarrollo-economico\/#primaryimage","url":"https:\/\/infopba247.com.ar\/wp-content\/uploads\/2024\/03\/1.-IntendenteGrecadeMacedoyConsulLeone-scaled.jpg","contentUrl":"https:\/\/infopba247.com.ar\/wp-content\/uploads\/2024\/03\/1.-IntendenteGrecadeMacedoyConsulLeone-scaled.jpg","width":2560,"height":1707},{"@type":"BreadcrumbList","@id":"https:\/\/infopba247.com.ar\/index.php\/2024\/03\/26\/mariel-fernandez-viajo-a-curitiba-a-conocer-politicas-de-planificacion-urbana-y-desarrollo-economico\/#breadcrumb","itemListElement":[{"@type":"ListItem","position":1,"name":"Portada","item":"https:\/\/infopba247.com.ar\/"},{"@type":"ListItem","position":2,"name":"Mariel Fern\u00e1ndez viaj\u00f3 a Curitiba a conocer pol\u00edticas de planificaci\u00f3n urbana y desarrollo econ\u00f3mico"}]},{"@type":"WebSite","@id":"https:\/\/infopba247.com.ar\/#website","url":"https:\/\/infopba247.com.ar\/","name":"InfoPBA247","description":"Toda la actualidad bonaerense","publisher":{"@id":"https:\/\/infopba247.com.ar\/#organization"},"potentialAction":[{"@type":"SearchAction","target":{"@type":"EntryPoint","urlTemplate":"https:\/\/infopba247.com.ar\/?s={search_term_string}"},"query-input":{"@type":"PropertyValueSpecification","valueRequired":true,"valueName":"search_term_string"}}],"inLanguage":"es"},{"@type":"Organization","@id":"https:\/\/infopba247.com.ar\/#organization","name":"InfoPBA247","url":"https:\/\/infopba247.com.ar\/","logo":{"@type":"ImageObject","inLanguage":"es","@id":"https:\/\/infopba247.com.ar\/#\/schema\/logo\/image\/","url":"https:\/\/infopba247.com.ar\/wp-content\/uploads\/2022\/03\/cropped-InfoPBA247-1.png","contentUrl":"https:\/\/infopba247.com.ar\/wp-content\/uploads\/2022\/03\/cropped-InfoPBA247-1.png","width":500,"height":122,"caption":"InfoPBA247"},"image":{"@id":"https:\/\/infopba247.com.ar\/#\/schema\/logo\/image\/"},"sameAs":["https:\/\/www.facebook.com\/InfoPBA"]},{"@type":"Person","@id":"https:\/\/infopba247.com.ar\/#\/schema\/person\/4975f1343a413e57bf839b3eed0099f2","name":"Editor","image":{"@type":"ImageObject","inLanguage":"es","@id":"https:\/\/secure.gravatar.com\/avatar\/d27fe9520667ca53441d36627a1d6b0fa4a813571ec4803687a7a3a7744685ac?s=96&d=mm&r=g","url":"https:\/\/secure.gravatar.com\/avatar\/d27fe9520667ca53441d36627a1d6b0fa4a813571ec4803687a7a3a7744685ac?s=96&d=mm&r=g","contentUrl":"https:\/\/secure.gravatar.com\/avatar\/d27fe9520667ca53441d36627a1d6b0fa4a813571ec4803687a7a3a7744685ac?s=96&d=mm&r=g","caption":"Editor"},"url":"https:\/\/infopba247.com.ar\/index.php\/author\/editor\/"}]}},"_links":{"self":[{"href":"https:\/\/infopba247.com.ar\/index.php\/wp-json\/wp\/v2\/posts\/3769","targetHints":{"allow":["GET"]}}],"collection":[{"href":"https:\/\/infopba247.com.ar\/index.php\/wp-json\/wp\/v2\/posts"}],"about":[{"href":"https:\/\/infopba247.com.ar\/index.php\/wp-json\/wp\/v2\/types\/post"}],"author":[{"embeddable":true,"href":"https:\/\/infopba247.com.ar\/index.php\/wp-json\/wp\/v2\/users\/3"}],"replies":[{"embeddable":true,"href":"https:\/\/infopba247.com.ar\/index.php\/wp-json\/wp\/v2\/comments?post=3769"}],"version-history":[{"count":1,"href":"https:\/\/infopba247.com.ar\/index.php\/wp-json\/wp\/v2\/posts\/3769\/revisions"}],"predecessor-version":[{"id":3770,"href":"https:\/\/infopba247.com.ar\/index.php\/wp-json\/wp\/v2\/posts\/3769\/revisions\/3770"}],"wp:featuredmedia":[{"embeddable":true,"href":"https:\/\/infopba247.com.ar\/index.php\/wp-json\/wp\/v2\/media\/3761"}],"wp:attachment":[{"href":"https:\/\/infopba247.com.ar\/index.php\/wp-json\/wp\/v2\/media?parent=3769"}],"wp:term":[{"taxonomy":"category","embeddable":true,"href":"https:\/\/infopba247.com.ar\/index.php\/wp-json\/wp\/v2\/categories?post=3769"},{"taxonomy":"post_tag","embeddable":true,"href":"https:\/\/infopba247.com.ar\/index.php\/wp-json\/wp\/v2\/tags?post=3769"}],"curies":[{"name":"wp","href":"https:\/\/api.w.org\/{rel}","templated":true}]}}