{"id":3767,"date":"2024-03-26T11:28:33","date_gmt":"2024-03-26T14:28:33","guid":{"rendered":"https:\/\/infopba247.com.ar\/?p=3767"},"modified":"2024-03-26T11:28:33","modified_gmt":"2024-03-26T14:28:33","slug":"declararon-ciudadano-ilustre-de-la-plata-a-pablo-diaz-en-el-marco-del-dia-de-la-memoria-verdad-y-justicia","status":"publish","type":"post","link":"https:\/\/infopba247.com.ar\/index.php\/2024\/03\/26\/declararon-ciudadano-ilustre-de-la-plata-a-pablo-diaz-en-el-marco-del-dia-de-la-memoria-verdad-y-justicia\/","title":{"rendered":"Declararon Ciudadano Ilustre de La Plata a Pablo D\u00edaz en el marco del D\u00eda de la Memoria Verdad y Justicia"},"content":{"rendered":"\n<p>El proyecto fue presentado por el concejal Juan Granillo Fern\u00e1ndez quien expres\u00f3 \u00abes un honor para nosotros poder distinguir a Pablo D\u00edaz, \u00e9l lleva la voz de la historia a cada rinc\u00f3n del mundo, desde el horror que vivi\u00f3 durante la conocida Noche de los L\u00e1pices junto a sus compa\u00f1eros secundarios.\u00bb<\/p>\n\n\n\n<p>Pablo D\u00edaz integr\u00f3 la Juventud Guevarista y estuvo detenido entre 1976 y 1978 en el Pozo de Banfield, donde fue torturado.<\/p>\n\n\n\n<p>Su testimonio en el Juicio a las Juntas de 1985 hizo que el caso de la Noche de los L\u00e1pices se hiciera conocido, cobrando a\u00fan m\u00e1s notoriedad despu\u00e9s del filme La noche de los L\u00e1pices de 1986.<\/p>\n\n\n\n<p>D\u00edaz expres\u00f3 al recibir el reconocimiento que \u00abla memoria, la verdad y la justicia son elementos que debemos seguir defendiendo, porque muchos de nosotros estamos ac\u00e1 para dar testimonio, para contar el horror del que fuimos v\u00edctimas\u00bb y agreg\u00f3 \u00abun d\u00eda en el pozo de banfield un coronel me dijo en que te metiste, y yo dentro m\u00edo dec\u00eda si alfabetizar, recorrer los comedores, ayudar al que menos tiene era peligroso lo seguir\u00e9 haciendo.\u00bb<\/p>\n\n\n\n<p>Pablo, tiene una vida al servicio de la memoria y la consagraci\u00f3n de los Derechos Humanos, brinda charlas en colegios secundarios cada vez que lo llaman por lo sucedido en la \u201cNoche de los L\u00e1pices\u201d.<\/p>\n\n\n\n<p>Su lema es no dejar que las futuras generaciones olviden la lucha por el boleto secundario como un emblema de una generaci\u00f3n que fue diezmada. En cada charla que da, vuelven una y otra vez los recuerdos de Mar\u00eda Claudia Falcone, Horacio Angel \u00dangaro, Daniel Alberto Racero, Maria Clara Ciocchini, Francisco Lopez Muntaner y Claudio de Acha. Ellos viven en la voz de Pablo.<\/p>\n","protected":false},"excerpt":{"rendered":"<p>El proyecto fue presentado por el concejal Juan Granillo Fern\u00e1ndez quien expres\u00f3 \u00abes un honor para nosotros poder distinguir a<\/p>\n","protected":false},"author":3,"featured_media":3762,"comment_status":"closed","ping_status":"closed","sticky":false,"template":"","format":"standard","meta":{"colormag_page_container_layout":"default_layout","colormag_page_sidebar_layout":"default_layout","footnotes":""},"categories":[12,1,14],"tags":[],"class_list":["post-3767","post","type-post","status-publish","format-standard","has-post-thumbnail","hentry","category-8va-seccion","category-destacadas","category-politica"],"yoast_head":"<!-- This site is optimized with the Yoast SEO plugin v27.5 - https:\/\/yoast.com\/product\/yoast-seo-wordpress\/ -->\n<title>Declararon Ciudadano Ilustre de La Plata a Pablo D\u00edaz en el marco del D\u00eda de la Memoria Verdad y Justicia - InfoPBA247<\/title>\n<meta name=\"robots\" content=\"index, follow, max-snippet:-1, max-image-preview:large, max-video-preview:-1\" \/>\n<link rel=\"canonical\" href=\"https:\/\/infopba247.com.ar\/index.php\/2024\/03\/26\/declararon-ciudadano-ilustre-de-la-plata-a-pablo-diaz-en-el-marco-del-dia-de-la-memoria-verdad-y-justicia\/\" \/>\n<meta property=\"og:locale\" content=\"es_ES\" \/>\n<meta property=\"og:type\" content=\"article\" \/>\n<meta property=\"og:title\" content=\"Declararon Ciudadano Ilustre de La Plata a Pablo D\u00edaz en el marco del D\u00eda de la Memoria Verdad y Justicia - InfoPBA247\" \/>\n<meta property=\"og:description\" content=\"El proyecto fue presentado por el concejal Juan Granillo Fern\u00e1ndez quien expres\u00f3 \u00abes un honor para nosotros poder distinguir a\" \/>\n<meta property=\"og:url\" content=\"https:\/\/infopba247.com.ar\/index.php\/2024\/03\/26\/declararon-ciudadano-ilustre-de-la-plata-a-pablo-diaz-en-el-marco-del-dia-de-la-memoria-verdad-y-justicia\/\" \/>\n<meta property=\"og:site_name\" content=\"InfoPBA247\" \/>\n<meta property=\"article:publisher\" content=\"https:\/\/www.facebook.com\/InfoPBA\" \/>\n<meta property=\"article:published_time\" content=\"2024-03-26T14:28:33+00:00\" \/>\n<meta property=\"og:image\" content=\"https:\/\/infopba247.com.ar\/wp-content\/uploads\/2024\/03\/Pablo-Diaz-1.jpeg\" \/>\n\t<meta property=\"og:image:width\" content=\"1280\" \/>\n\t<meta property=\"og:image:height\" content=\"852\" \/>\n\t<meta property=\"og:image:type\" content=\"image\/jpeg\" \/>\n<meta name=\"author\" content=\"Editor\" \/>\n<meta name=\"twitter:card\" content=\"summary_large_image\" \/>\n<meta name=\"twitter:label1\" content=\"Escrito por\" \/>\n\t<meta name=\"twitter:data1\" content=\"Editor\" \/>\n\t<meta name=\"twitter:label2\" content=\"Tiempo de lectura\" \/>\n\t<meta name=\"twitter:data2\" content=\"2 minutos\" \/>\n<script type=\"application\/ld+json\" class=\"yoast-schema-graph\">{\"@context\":\"https:\\\/\\\/schema.org\",\"@graph\":[{\"@type\":\"Article\",\"@id\":\"https:\\\/\\\/infopba247.com.ar\\\/index.php\\\/2024\\\/03\\\/26\\\/declararon-ciudadano-ilustre-de-la-plata-a-pablo-diaz-en-el-marco-del-dia-de-la-memoria-verdad-y-justicia\\\/#article\",\"isPartOf\":{\"@id\":\"https:\\\/\\\/infopba247.com.ar\\\/index.php\\\/2024\\\/03\\\/26\\\/declararon-ciudadano-ilustre-de-la-plata-a-pablo-diaz-en-el-marco-del-dia-de-la-memoria-verdad-y-justicia\\\/\"},\"author\":{\"name\":\"Editor\",\"@id\":\"https:\\\/\\\/infopba247.com.ar\\\/#\\\/schema\\\/person\\\/4975f1343a413e57bf839b3eed0099f2\"},\"headline\":\"Declararon Ciudadano Ilustre de La Plata a Pablo D\u00edaz en el marco del D\u00eda de la Memoria Verdad y Justicia\",\"datePublished\":\"2024-03-26T14:28:33+00:00\",\"mainEntityOfPage\":{\"@id\":\"https:\\\/\\\/infopba247.com.ar\\\/index.php\\\/2024\\\/03\\\/26\\\/declararon-ciudadano-ilustre-de-la-plata-a-pablo-diaz-en-el-marco-del-dia-de-la-memoria-verdad-y-justicia\\\/\"},\"wordCount\":320,\"publisher\":{\"@id\":\"https:\\\/\\\/infopba247.com.ar\\\/#organization\"},\"image\":{\"@id\":\"https:\\\/\\\/infopba247.com.ar\\\/index.php\\\/2024\\\/03\\\/26\\\/declararon-ciudadano-ilustre-de-la-plata-a-pablo-diaz-en-el-marco-del-dia-de-la-memoria-verdad-y-justicia\\\/#primaryimage\"},\"thumbnailUrl\":\"https:\\\/\\\/infopba247.com.ar\\\/wp-content\\\/uploads\\\/2024\\\/03\\\/Pablo-Diaz-1.jpeg\",\"articleSection\":[\"8va Secci\u00f3n\",\"Destacadas\",\"Pol\u00edtica\"],\"inLanguage\":\"es\"},{\"@type\":\"WebPage\",\"@id\":\"https:\\\/\\\/infopba247.com.ar\\\/index.php\\\/2024\\\/03\\\/26\\\/declararon-ciudadano-ilustre-de-la-plata-a-pablo-diaz-en-el-marco-del-dia-de-la-memoria-verdad-y-justicia\\\/\",\"url\":\"https:\\\/\\\/infopba247.com.ar\\\/index.php\\\/2024\\\/03\\\/26\\\/declararon-ciudadano-ilustre-de-la-plata-a-pablo-diaz-en-el-marco-del-dia-de-la-memoria-verdad-y-justicia\\\/\",\"name\":\"Declararon Ciudadano Ilustre de La Plata a Pablo D\u00edaz en el marco del D\u00eda de la Memoria Verdad y Justicia - InfoPBA247\",\"isPartOf\":{\"@id\":\"https:\\\/\\\/infopba247.com.ar\\\/#website\"},\"primaryImageOfPage\":{\"@id\":\"https:\\\/\\\/infopba247.com.ar\\\/index.php\\\/2024\\\/03\\\/26\\\/declararon-ciudadano-ilustre-de-la-plata-a-pablo-diaz-en-el-marco-del-dia-de-la-memoria-verdad-y-justicia\\\/#primaryimage\"},\"image\":{\"@id\":\"https:\\\/\\\/infopba247.com.ar\\\/index.php\\\/2024\\\/03\\\/26\\\/declararon-ciudadano-ilustre-de-la-plata-a-pablo-diaz-en-el-marco-del-dia-de-la-memoria-verdad-y-justicia\\\/#primaryimage\"},\"thumbnailUrl\":\"https:\\\/\\\/infopba247.com.ar\\\/wp-content\\\/uploads\\\/2024\\\/03\\\/Pablo-Diaz-1.jpeg\",\"datePublished\":\"2024-03-26T14:28:33+00:00\",\"breadcrumb\":{\"@id\":\"https:\\\/\\\/infopba247.com.ar\\\/index.php\\\/2024\\\/03\\\/26\\\/declararon-ciudadano-ilustre-de-la-plata-a-pablo-diaz-en-el-marco-del-dia-de-la-memoria-verdad-y-justicia\\\/#breadcrumb\"},\"inLanguage\":\"es\",\"potentialAction\":[{\"@type\":\"ReadAction\",\"target\":[\"https:\\\/\\\/infopba247.com.ar\\\/index.php\\\/2024\\\/03\\\/26\\\/declararon-ciudadano-ilustre-de-la-plata-a-pablo-diaz-en-el-marco-del-dia-de-la-memoria-verdad-y-justicia\\\/\"]}]},{\"@type\":\"ImageObject\",\"inLanguage\":\"es\",\"@id\":\"https:\\\/\\\/infopba247.com.ar\\\/index.php\\\/2024\\\/03\\\/26\\\/declararon-ciudadano-ilustre-de-la-plata-a-pablo-diaz-en-el-marco-del-dia-de-la-memoria-verdad-y-justicia\\\/#primaryimage\",\"url\":\"https:\\\/\\\/infopba247.com.ar\\\/wp-content\\\/uploads\\\/2024\\\/03\\\/Pablo-Diaz-1.jpeg\",\"contentUrl\":\"https:\\\/\\\/infopba247.com.ar\\\/wp-content\\\/uploads\\\/2024\\\/03\\\/Pablo-Diaz-1.jpeg\",\"width\":1280,\"height\":852},{\"@type\":\"BreadcrumbList\",\"@id\":\"https:\\\/\\\/infopba247.com.ar\\\/index.php\\\/2024\\\/03\\\/26\\\/declararon-ciudadano-ilustre-de-la-plata-a-pablo-diaz-en-el-marco-del-dia-de-la-memoria-verdad-y-justicia\\\/#breadcrumb\",\"itemListElement\":[{\"@type\":\"ListItem\",\"position\":1,\"name\":\"Portada\",\"item\":\"https:\\\/\\\/infopba247.com.ar\\\/\"},{\"@type\":\"ListItem\",\"position\":2,\"name\":\"Declararon Ciudadano Ilustre de La Plata a Pablo D\u00edaz en el marco del D\u00eda de la Memoria Verdad y Justicia\"}]},{\"@type\":\"WebSite\",\"@id\":\"https:\\\/\\\/infopba247.com.ar\\\/#website\",\"url\":\"https:\\\/\\\/infopba247.com.ar\\\/\",\"name\":\"InfoPBA247\",\"description\":\"Toda la actualidad bonaerense\",\"publisher\":{\"@id\":\"https:\\\/\\\/infopba247.com.ar\\\/#organization\"},\"potentialAction\":[{\"@type\":\"SearchAction\",\"target\":{\"@type\":\"EntryPoint\",\"urlTemplate\":\"https:\\\/\\\/infopba247.com.ar\\\/?s={search_term_string}\"},\"query-input\":{\"@type\":\"PropertyValueSpecification\",\"valueRequired\":true,\"valueName\":\"search_term_string\"}}],\"inLanguage\":\"es\"},{\"@type\":\"Organization\",\"@id\":\"https:\\\/\\\/infopba247.com.ar\\\/#organization\",\"name\":\"InfoPBA247\",\"url\":\"https:\\\/\\\/infopba247.com.ar\\\/\",\"logo\":{\"@type\":\"ImageObject\",\"inLanguage\":\"es\",\"@id\":\"https:\\\/\\\/infopba247.com.ar\\\/#\\\/schema\\\/logo\\\/image\\\/\",\"url\":\"https:\\\/\\\/infopba247.com.ar\\\/wp-content\\\/uploads\\\/2022\\\/03\\\/cropped-InfoPBA247-1.png\",\"contentUrl\":\"https:\\\/\\\/infopba247.com.ar\\\/wp-content\\\/uploads\\\/2022\\\/03\\\/cropped-InfoPBA247-1.png\",\"width\":500,\"height\":122,\"caption\":\"InfoPBA247\"},\"image\":{\"@id\":\"https:\\\/\\\/infopba247.com.ar\\\/#\\\/schema\\\/logo\\\/image\\\/\"},\"sameAs\":[\"https:\\\/\\\/www.facebook.com\\\/InfoPBA\"]},{\"@type\":\"Person\",\"@id\":\"https:\\\/\\\/infopba247.com.ar\\\/#\\\/schema\\\/person\\\/4975f1343a413e57bf839b3eed0099f2\",\"name\":\"Editor\",\"image\":{\"@type\":\"ImageObject\",\"inLanguage\":\"es\",\"@id\":\"https:\\\/\\\/secure.gravatar.com\\\/avatar\\\/d27fe9520667ca53441d36627a1d6b0fa4a813571ec4803687a7a3a7744685ac?s=96&d=mm&r=g\",\"url\":\"https:\\\/\\\/secure.gravatar.com\\\/avatar\\\/d27fe9520667ca53441d36627a1d6b0fa4a813571ec4803687a7a3a7744685ac?s=96&d=mm&r=g\",\"contentUrl\":\"https:\\\/\\\/secure.gravatar.com\\\/avatar\\\/d27fe9520667ca53441d36627a1d6b0fa4a813571ec4803687a7a3a7744685ac?s=96&d=mm&r=g\",\"caption\":\"Editor\"},\"url\":\"https:\\\/\\\/infopba247.com.ar\\\/index.php\\\/author\\\/editor\\\/\"}]}<\/script>\n<!-- \/ Yoast SEO plugin. -->","yoast_head_json":{"title":"Declararon Ciudadano Ilustre de La Plata a Pablo D\u00edaz en el marco del D\u00eda de la Memoria Verdad y Justicia - InfoPBA247","robots":{"index":"index","follow":"follow","max-snippet":"max-snippet:-1","max-image-preview":"max-image-preview:large","max-video-preview":"max-video-preview:-1"},"canonical":"https:\/\/infopba247.com.ar\/index.php\/2024\/03\/26\/declararon-ciudadano-ilustre-de-la-plata-a-pablo-diaz-en-el-marco-del-dia-de-la-memoria-verdad-y-justicia\/","og_locale":"es_ES","og_type":"article","og_title":"Declararon Ciudadano Ilustre de La Plata a Pablo D\u00edaz en el marco del D\u00eda de la Memoria Verdad y Justicia - InfoPBA247","og_description":"El proyecto fue presentado por el concejal Juan Granillo Fern\u00e1ndez quien expres\u00f3 \u00abes un honor para nosotros poder distinguir a","og_url":"https:\/\/infopba247.com.ar\/index.php\/2024\/03\/26\/declararon-ciudadano-ilustre-de-la-plata-a-pablo-diaz-en-el-marco-del-dia-de-la-memoria-verdad-y-justicia\/","og_site_name":"InfoPBA247","article_publisher":"https:\/\/www.facebook.com\/InfoPBA","article_published_time":"2024-03-26T14:28:33+00:00","og_image":[{"width":1280,"height":852,"url":"https:\/\/infopba247.com.ar\/wp-content\/uploads\/2024\/03\/Pablo-Diaz-1.jpeg","type":"image\/jpeg"}],"author":"Editor","twitter_card":"summary_large_image","twitter_misc":{"Escrito por":"Editor","Tiempo de lectura":"2 minutos"},"schema":{"@context":"https:\/\/schema.org","@graph":[{"@type":"Article","@id":"https:\/\/infopba247.com.ar\/index.php\/2024\/03\/26\/declararon-ciudadano-ilustre-de-la-plata-a-pablo-diaz-en-el-marco-del-dia-de-la-memoria-verdad-y-justicia\/#article","isPartOf":{"@id":"https:\/\/infopba247.com.ar\/index.php\/2024\/03\/26\/declararon-ciudadano-ilustre-de-la-plata-a-pablo-diaz-en-el-marco-del-dia-de-la-memoria-verdad-y-justicia\/"},"author":{"name":"Editor","@id":"https:\/\/infopba247.com.ar\/#\/schema\/person\/4975f1343a413e57bf839b3eed0099f2"},"headline":"Declararon Ciudadano Ilustre de La Plata a Pablo D\u00edaz en el marco del D\u00eda de la Memoria Verdad y Justicia","datePublished":"2024-03-26T14:28:33+00:00","mainEntityOfPage":{"@id":"https:\/\/infopba247.com.ar\/index.php\/2024\/03\/26\/declararon-ciudadano-ilustre-de-la-plata-a-pablo-diaz-en-el-marco-del-dia-de-la-memoria-verdad-y-justicia\/"},"wordCount":320,"publisher":{"@id":"https:\/\/infopba247.com.ar\/#organization"},"image":{"@id":"https:\/\/infopba247.com.ar\/index.php\/2024\/03\/26\/declararon-ciudadano-ilustre-de-la-plata-a-pablo-diaz-en-el-marco-del-dia-de-la-memoria-verdad-y-justicia\/#primaryimage"},"thumbnailUrl":"https:\/\/infopba247.com.ar\/wp-content\/uploads\/2024\/03\/Pablo-Diaz-1.jpeg","articleSection":["8va Secci\u00f3n","Destacadas","Pol\u00edtica"],"inLanguage":"es"},{"@type":"WebPage","@id":"https:\/\/infopba247.com.ar\/index.php\/2024\/03\/26\/declararon-ciudadano-ilustre-de-la-plata-a-pablo-diaz-en-el-marco-del-dia-de-la-memoria-verdad-y-justicia\/","url":"https:\/\/infopba247.com.ar\/index.php\/2024\/03\/26\/declararon-ciudadano-ilustre-de-la-plata-a-pablo-diaz-en-el-marco-del-dia-de-la-memoria-verdad-y-justicia\/","name":"Declararon Ciudadano Ilustre de La Plata a Pablo D\u00edaz en el marco del D\u00eda de la Memoria Verdad y Justicia - InfoPBA247","isPartOf":{"@id":"https:\/\/infopba247.com.ar\/#website"},"primaryImageOfPage":{"@id":"https:\/\/infopba247.com.ar\/index.php\/2024\/03\/26\/declararon-ciudadano-ilustre-de-la-plata-a-pablo-diaz-en-el-marco-del-dia-de-la-memoria-verdad-y-justicia\/#primaryimage"},"image":{"@id":"https:\/\/infopba247.com.ar\/index.php\/2024\/03\/26\/declararon-ciudadano-ilustre-de-la-plata-a-pablo-diaz-en-el-marco-del-dia-de-la-memoria-verdad-y-justicia\/#primaryimage"},"thumbnailUrl":"https:\/\/infopba247.com.ar\/wp-content\/uploads\/2024\/03\/Pablo-Diaz-1.jpeg","datePublished":"2024-03-26T14:28:33+00:00","breadcrumb":{"@id":"https:\/\/infopba247.com.ar\/index.php\/2024\/03\/26\/declararon-ciudadano-ilustre-de-la-plata-a-pablo-diaz-en-el-marco-del-dia-de-la-memoria-verdad-y-justicia\/#breadcrumb"},"inLanguage":"es","potentialAction":[{"@type":"ReadAction","target":["https:\/\/infopba247.com.ar\/index.php\/2024\/03\/26\/declararon-ciudadano-ilustre-de-la-plata-a-pablo-diaz-en-el-marco-del-dia-de-la-memoria-verdad-y-justicia\/"]}]},{"@type":"ImageObject","inLanguage":"es","@id":"https:\/\/infopba247.com.ar\/index.php\/2024\/03\/26\/declararon-ciudadano-ilustre-de-la-plata-a-pablo-diaz-en-el-marco-del-dia-de-la-memoria-verdad-y-justicia\/#primaryimage","url":"https:\/\/infopba247.com.ar\/wp-content\/uploads\/2024\/03\/Pablo-Diaz-1.jpeg","contentUrl":"https:\/\/infopba247.com.ar\/wp-content\/uploads\/2024\/03\/Pablo-Diaz-1.jpeg","width":1280,"height":852},{"@type":"BreadcrumbList","@id":"https:\/\/infopba247.com.ar\/index.php\/2024\/03\/26\/declararon-ciudadano-ilustre-de-la-plata-a-pablo-diaz-en-el-marco-del-dia-de-la-memoria-verdad-y-justicia\/#breadcrumb","itemListElement":[{"@type":"ListItem","position":1,"name":"Portada","item":"https:\/\/infopba247.com.ar\/"},{"@type":"ListItem","position":2,"name":"Declararon Ciudadano Ilustre de La Plata a Pablo D\u00edaz en el marco del D\u00eda de la Memoria Verdad y Justicia"}]},{"@type":"WebSite","@id":"https:\/\/infopba247.com.ar\/#website","url":"https:\/\/infopba247.com.ar\/","name":"InfoPBA247","description":"Toda la actualidad bonaerense","publisher":{"@id":"https:\/\/infopba247.com.ar\/#organization"},"potentialAction":[{"@type":"SearchAction","target":{"@type":"EntryPoint","urlTemplate":"https:\/\/infopba247.com.ar\/?s={search_term_string}"},"query-input":{"@type":"PropertyValueSpecification","valueRequired":true,"valueName":"search_term_string"}}],"inLanguage":"es"},{"@type":"Organization","@id":"https:\/\/infopba247.com.ar\/#organization","name":"InfoPBA247","url":"https:\/\/infopba247.com.ar\/","logo":{"@type":"ImageObject","inLanguage":"es","@id":"https:\/\/infopba247.com.ar\/#\/schema\/logo\/image\/","url":"https:\/\/infopba247.com.ar\/wp-content\/uploads\/2022\/03\/cropped-InfoPBA247-1.png","contentUrl":"https:\/\/infopba247.com.ar\/wp-content\/uploads\/2022\/03\/cropped-InfoPBA247-1.png","width":500,"height":122,"caption":"InfoPBA247"},"image":{"@id":"https:\/\/infopba247.com.ar\/#\/schema\/logo\/image\/"},"sameAs":["https:\/\/www.facebook.com\/InfoPBA"]},{"@type":"Person","@id":"https:\/\/infopba247.com.ar\/#\/schema\/person\/4975f1343a413e57bf839b3eed0099f2","name":"Editor","image":{"@type":"ImageObject","inLanguage":"es","@id":"https:\/\/secure.gravatar.com\/avatar\/d27fe9520667ca53441d36627a1d6b0fa4a813571ec4803687a7a3a7744685ac?s=96&d=mm&r=g","url":"https:\/\/secure.gravatar.com\/avatar\/d27fe9520667ca53441d36627a1d6b0fa4a813571ec4803687a7a3a7744685ac?s=96&d=mm&r=g","contentUrl":"https:\/\/secure.gravatar.com\/avatar\/d27fe9520667ca53441d36627a1d6b0fa4a813571ec4803687a7a3a7744685ac?s=96&d=mm&r=g","caption":"Editor"},"url":"https:\/\/infopba247.com.ar\/index.php\/author\/editor\/"}]}},"_links":{"self":[{"href":"https:\/\/infopba247.com.ar\/index.php\/wp-json\/wp\/v2\/posts\/3767","targetHints":{"allow":["GET"]}}],"collection":[{"href":"https:\/\/infopba247.com.ar\/index.php\/wp-json\/wp\/v2\/posts"}],"about":[{"href":"https:\/\/infopba247.com.ar\/index.php\/wp-json\/wp\/v2\/types\/post"}],"author":[{"embeddable":true,"href":"https:\/\/infopba247.com.ar\/index.php\/wp-json\/wp\/v2\/users\/3"}],"replies":[{"embeddable":true,"href":"https:\/\/infopba247.com.ar\/index.php\/wp-json\/wp\/v2\/comments?post=3767"}],"version-history":[{"count":1,"href":"https:\/\/infopba247.com.ar\/index.php\/wp-json\/wp\/v2\/posts\/3767\/revisions"}],"predecessor-version":[{"id":3768,"href":"https:\/\/infopba247.com.ar\/index.php\/wp-json\/wp\/v2\/posts\/3767\/revisions\/3768"}],"wp:featuredmedia":[{"embeddable":true,"href":"https:\/\/infopba247.com.ar\/index.php\/wp-json\/wp\/v2\/media\/3762"}],"wp:attachment":[{"href":"https:\/\/infopba247.com.ar\/index.php\/wp-json\/wp\/v2\/media?parent=3767"}],"wp:term":[{"taxonomy":"category","embeddable":true,"href":"https:\/\/infopba247.com.ar\/index.php\/wp-json\/wp\/v2\/categories?post=3767"},{"taxonomy":"post_tag","embeddable":true,"href":"https:\/\/infopba247.com.ar\/index.php\/wp-json\/wp\/v2\/tags?post=3767"}],"curies":[{"name":"wp","href":"https:\/\/api.w.org\/{rel}","templated":true}]}}