{"id":3758,"date":"2024-03-26T11:26:20","date_gmt":"2024-03-26T14:26:20","guid":{"rendered":"https:\/\/infopba247.com.ar\/?p=3758"},"modified":"2024-03-26T11:26:20","modified_gmt":"2024-03-26T14:26:20","slug":"en-el-consejo-de-turismo-alak-llamo-a-trabajar-con-la-provincia-para-desarrollar-el-potencial-de-la-plata","status":"publish","type":"post","link":"https:\/\/infopba247.com.ar\/index.php\/2024\/03\/26\/en-el-consejo-de-turismo-alak-llamo-a-trabajar-con-la-provincia-para-desarrollar-el-potencial-de-la-plata\/","title":{"rendered":"En el Consejo de Turismo, Alak llam\u00f3 a \u00abtrabajar con la Provincia para desarrollar el potencial de La Plata\u00bb"},"content":{"rendered":"\n<p>El intendente de La Plata, Julio Alak, y el ministro de Producci\u00f3n, Ciencia e Innovaci\u00f3n Tecnol\u00f3gica de la provincia de Buenos Aires, Augusto Costa, encabezaron la apertura del primer encuentro del Consejo Provincial de Turismo (COPROTUR) para estrechar el v\u00ednculo p\u00fablico-privado y potenciar la actividad tur\u00edstica bonaerense.<\/p>\n\n\n\n<p>\u201cAunar los esfuerzos, mantener el di\u00e1logo constructivo y provechoso, intercambiar experiencias, compartir oportunidades y poner sobre la mesa las dificultades y los desaf\u00edos comunes son la manera de avanzar en la consolidaci\u00f3n del turismo bonaerense\u201d, expres\u00f3 el mandatario en el marco del evento que tuvo lugar en el Estadio Diego Armando Maradona de avenida 25 y 528.<\/p>\n\n\n\n<p>\u201cLa Provincia y la Ciudad tienen un gran potencial tur\u00edstico y tenemos que desarrollarlo juntos. Desde nuestra gesti\u00f3n trabajamos naturalmente para fortalecer ese perfil porque s\u00e9 que La Plata tiene mucho para ofrecer en materia de patrimonio arquitect\u00f3nico y cultural\u201d, continu\u00f3 el jefe comunal.<\/p>\n\n\n\n<p>Por su parte, Costa sostuvo: \u00abLa propuesta del primer mandato de Axel Kicillof y que sigue si\u00e9ndolo en este segundo per\u00edodo de gesti\u00f3n, m\u00e1s all\u00e1 de aciertos y errores, es tener una pol\u00edtica p\u00fablica al servicio del desarrollo tur\u00edstico en la Provincia de Buenos Aires\u00bb.<\/p>\n\n\n\n<p>Cabe mencionar que el COPROTUR es un organismo asesor y consultivo que tiene como principal objetivo consolidar un espacio de concertaci\u00f3n entre el sector p\u00fablico y el privado para examinar y pronunciarse sobre cuestiones relacionadas con la organizaci\u00f3n y coordinaci\u00f3n de las pol\u00edticas de fomento a la actividad tur\u00edstica bonaerense.<\/p>\n\n\n\n<p>El consejo fue establecido por la Ley 14.209 y funciona bajo la \u00f3rbita de la Direcci\u00f3n Provincial de Promoci\u00f3n y Coordinaci\u00f3n Tur\u00edstica, dependiente de la Subsecretar\u00eda de Turismo bonaerense.<\/p>\n","protected":false},"excerpt":{"rendered":"<p>El intendente de La Plata, Julio Alak, y el ministro de Producci\u00f3n, Ciencia e Innovaci\u00f3n Tecnol\u00f3gica de la provincia de<\/p>\n","protected":false},"author":3,"featured_media":3763,"comment_status":"closed","ping_status":"closed","sticky":false,"template":"","format":"standard","meta":{"colormag_page_container_layout":"default_layout","colormag_page_sidebar_layout":"default_layout","footnotes":""},"categories":[15],"tags":[],"class_list":["post-3758","post","type-post","status-publish","format-standard","has-post-thumbnail","hentry","category-turismo-y-cultura"],"yoast_head":"<!-- This site is optimized with the Yoast SEO plugin v27.5 - https:\/\/yoast.com\/product\/yoast-seo-wordpress\/ -->\n<title>En el Consejo de Turismo, Alak llam\u00f3 a \u00abtrabajar con la Provincia para desarrollar el potencial de La Plata\u00bb - InfoPBA247<\/title>\n<meta name=\"robots\" content=\"index, follow, max-snippet:-1, max-image-preview:large, max-video-preview:-1\" \/>\n<link rel=\"canonical\" href=\"https:\/\/infopba247.com.ar\/index.php\/2024\/03\/26\/en-el-consejo-de-turismo-alak-llamo-a-trabajar-con-la-provincia-para-desarrollar-el-potencial-de-la-plata\/\" \/>\n<meta property=\"og:locale\" content=\"es_ES\" \/>\n<meta property=\"og:type\" content=\"article\" \/>\n<meta property=\"og:title\" content=\"En el Consejo de Turismo, Alak llam\u00f3 a \u00abtrabajar con la Provincia para desarrollar el potencial de La Plata\u00bb - InfoPBA247\" \/>\n<meta property=\"og:description\" content=\"El intendente de La Plata, Julio Alak, y el ministro de Producci\u00f3n, Ciencia e Innovaci\u00f3n Tecnol\u00f3gica de la provincia de\" \/>\n<meta property=\"og:url\" content=\"https:\/\/infopba247.com.ar\/index.php\/2024\/03\/26\/en-el-consejo-de-turismo-alak-llamo-a-trabajar-con-la-provincia-para-desarrollar-el-potencial-de-la-plata\/\" \/>\n<meta property=\"og:site_name\" content=\"InfoPBA247\" \/>\n<meta property=\"article:publisher\" content=\"https:\/\/www.facebook.com\/InfoPBA\" \/>\n<meta property=\"article:published_time\" content=\"2024-03-26T14:26:20+00:00\" \/>\n<meta property=\"og:image\" content=\"https:\/\/infopba247.com.ar\/wp-content\/uploads\/2024\/03\/unnamed-2024-03-26T110034.402.jpg\" \/>\n\t<meta property=\"og:image:width\" content=\"1620\" \/>\n\t<meta property=\"og:image:height\" content=\"1215\" \/>\n\t<meta property=\"og:image:type\" content=\"image\/jpeg\" \/>\n<meta name=\"author\" content=\"Editor\" \/>\n<meta name=\"twitter:card\" content=\"summary_large_image\" \/>\n<meta name=\"twitter:label1\" content=\"Escrito por\" \/>\n\t<meta name=\"twitter:data1\" content=\"Editor\" \/>\n\t<meta name=\"twitter:label2\" content=\"Tiempo de lectura\" \/>\n\t<meta name=\"twitter:data2\" content=\"2 minutos\" \/>\n<script type=\"application\/ld+json\" class=\"yoast-schema-graph\">{\"@context\":\"https:\\\/\\\/schema.org\",\"@graph\":[{\"@type\":\"Article\",\"@id\":\"https:\\\/\\\/infopba247.com.ar\\\/index.php\\\/2024\\\/03\\\/26\\\/en-el-consejo-de-turismo-alak-llamo-a-trabajar-con-la-provincia-para-desarrollar-el-potencial-de-la-plata\\\/#article\",\"isPartOf\":{\"@id\":\"https:\\\/\\\/infopba247.com.ar\\\/index.php\\\/2024\\\/03\\\/26\\\/en-el-consejo-de-turismo-alak-llamo-a-trabajar-con-la-provincia-para-desarrollar-el-potencial-de-la-plata\\\/\"},\"author\":{\"name\":\"Editor\",\"@id\":\"https:\\\/\\\/infopba247.com.ar\\\/#\\\/schema\\\/person\\\/4975f1343a413e57bf839b3eed0099f2\"},\"headline\":\"En el Consejo de Turismo, Alak llam\u00f3 a \u00abtrabajar con la Provincia para desarrollar el potencial de La Plata\u00bb\",\"datePublished\":\"2024-03-26T14:26:20+00:00\",\"mainEntityOfPage\":{\"@id\":\"https:\\\/\\\/infopba247.com.ar\\\/index.php\\\/2024\\\/03\\\/26\\\/en-el-consejo-de-turismo-alak-llamo-a-trabajar-con-la-provincia-para-desarrollar-el-potencial-de-la-plata\\\/\"},\"wordCount\":318,\"publisher\":{\"@id\":\"https:\\\/\\\/infopba247.com.ar\\\/#organization\"},\"image\":{\"@id\":\"https:\\\/\\\/infopba247.com.ar\\\/index.php\\\/2024\\\/03\\\/26\\\/en-el-consejo-de-turismo-alak-llamo-a-trabajar-con-la-provincia-para-desarrollar-el-potencial-de-la-plata\\\/#primaryimage\"},\"thumbnailUrl\":\"https:\\\/\\\/infopba247.com.ar\\\/wp-content\\\/uploads\\\/2024\\\/03\\\/unnamed-2024-03-26T110034.402.jpg\",\"articleSection\":[\"Turismo y Cultura\"],\"inLanguage\":\"es\"},{\"@type\":\"WebPage\",\"@id\":\"https:\\\/\\\/infopba247.com.ar\\\/index.php\\\/2024\\\/03\\\/26\\\/en-el-consejo-de-turismo-alak-llamo-a-trabajar-con-la-provincia-para-desarrollar-el-potencial-de-la-plata\\\/\",\"url\":\"https:\\\/\\\/infopba247.com.ar\\\/index.php\\\/2024\\\/03\\\/26\\\/en-el-consejo-de-turismo-alak-llamo-a-trabajar-con-la-provincia-para-desarrollar-el-potencial-de-la-plata\\\/\",\"name\":\"En el Consejo de Turismo, Alak llam\u00f3 a \u00abtrabajar con la Provincia para desarrollar el potencial de La Plata\u00bb - InfoPBA247\",\"isPartOf\":{\"@id\":\"https:\\\/\\\/infopba247.com.ar\\\/#website\"},\"primaryImageOfPage\":{\"@id\":\"https:\\\/\\\/infopba247.com.ar\\\/index.php\\\/2024\\\/03\\\/26\\\/en-el-consejo-de-turismo-alak-llamo-a-trabajar-con-la-provincia-para-desarrollar-el-potencial-de-la-plata\\\/#primaryimage\"},\"image\":{\"@id\":\"https:\\\/\\\/infopba247.com.ar\\\/index.php\\\/2024\\\/03\\\/26\\\/en-el-consejo-de-turismo-alak-llamo-a-trabajar-con-la-provincia-para-desarrollar-el-potencial-de-la-plata\\\/#primaryimage\"},\"thumbnailUrl\":\"https:\\\/\\\/infopba247.com.ar\\\/wp-content\\\/uploads\\\/2024\\\/03\\\/unnamed-2024-03-26T110034.402.jpg\",\"datePublished\":\"2024-03-26T14:26:20+00:00\",\"breadcrumb\":{\"@id\":\"https:\\\/\\\/infopba247.com.ar\\\/index.php\\\/2024\\\/03\\\/26\\\/en-el-consejo-de-turismo-alak-llamo-a-trabajar-con-la-provincia-para-desarrollar-el-potencial-de-la-plata\\\/#breadcrumb\"},\"inLanguage\":\"es\",\"potentialAction\":[{\"@type\":\"ReadAction\",\"target\":[\"https:\\\/\\\/infopba247.com.ar\\\/index.php\\\/2024\\\/03\\\/26\\\/en-el-consejo-de-turismo-alak-llamo-a-trabajar-con-la-provincia-para-desarrollar-el-potencial-de-la-plata\\\/\"]}]},{\"@type\":\"ImageObject\",\"inLanguage\":\"es\",\"@id\":\"https:\\\/\\\/infopba247.com.ar\\\/index.php\\\/2024\\\/03\\\/26\\\/en-el-consejo-de-turismo-alak-llamo-a-trabajar-con-la-provincia-para-desarrollar-el-potencial-de-la-plata\\\/#primaryimage\",\"url\":\"https:\\\/\\\/infopba247.com.ar\\\/wp-content\\\/uploads\\\/2024\\\/03\\\/unnamed-2024-03-26T110034.402.jpg\",\"contentUrl\":\"https:\\\/\\\/infopba247.com.ar\\\/wp-content\\\/uploads\\\/2024\\\/03\\\/unnamed-2024-03-26T110034.402.jpg\",\"width\":1620,\"height\":1215},{\"@type\":\"BreadcrumbList\",\"@id\":\"https:\\\/\\\/infopba247.com.ar\\\/index.php\\\/2024\\\/03\\\/26\\\/en-el-consejo-de-turismo-alak-llamo-a-trabajar-con-la-provincia-para-desarrollar-el-potencial-de-la-plata\\\/#breadcrumb\",\"itemListElement\":[{\"@type\":\"ListItem\",\"position\":1,\"name\":\"Portada\",\"item\":\"https:\\\/\\\/infopba247.com.ar\\\/\"},{\"@type\":\"ListItem\",\"position\":2,\"name\":\"En el Consejo de Turismo, Alak llam\u00f3 a \u00abtrabajar con la Provincia para desarrollar el potencial de La Plata\u00bb\"}]},{\"@type\":\"WebSite\",\"@id\":\"https:\\\/\\\/infopba247.com.ar\\\/#website\",\"url\":\"https:\\\/\\\/infopba247.com.ar\\\/\",\"name\":\"InfoPBA247\",\"description\":\"Toda la actualidad bonaerense\",\"publisher\":{\"@id\":\"https:\\\/\\\/infopba247.com.ar\\\/#organization\"},\"potentialAction\":[{\"@type\":\"SearchAction\",\"target\":{\"@type\":\"EntryPoint\",\"urlTemplate\":\"https:\\\/\\\/infopba247.com.ar\\\/?s={search_term_string}\"},\"query-input\":{\"@type\":\"PropertyValueSpecification\",\"valueRequired\":true,\"valueName\":\"search_term_string\"}}],\"inLanguage\":\"es\"},{\"@type\":\"Organization\",\"@id\":\"https:\\\/\\\/infopba247.com.ar\\\/#organization\",\"name\":\"InfoPBA247\",\"url\":\"https:\\\/\\\/infopba247.com.ar\\\/\",\"logo\":{\"@type\":\"ImageObject\",\"inLanguage\":\"es\",\"@id\":\"https:\\\/\\\/infopba247.com.ar\\\/#\\\/schema\\\/logo\\\/image\\\/\",\"url\":\"https:\\\/\\\/infopba247.com.ar\\\/wp-content\\\/uploads\\\/2022\\\/03\\\/cropped-InfoPBA247-1.png\",\"contentUrl\":\"https:\\\/\\\/infopba247.com.ar\\\/wp-content\\\/uploads\\\/2022\\\/03\\\/cropped-InfoPBA247-1.png\",\"width\":500,\"height\":122,\"caption\":\"InfoPBA247\"},\"image\":{\"@id\":\"https:\\\/\\\/infopba247.com.ar\\\/#\\\/schema\\\/logo\\\/image\\\/\"},\"sameAs\":[\"https:\\\/\\\/www.facebook.com\\\/InfoPBA\"]},{\"@type\":\"Person\",\"@id\":\"https:\\\/\\\/infopba247.com.ar\\\/#\\\/schema\\\/person\\\/4975f1343a413e57bf839b3eed0099f2\",\"name\":\"Editor\",\"image\":{\"@type\":\"ImageObject\",\"inLanguage\":\"es\",\"@id\":\"https:\\\/\\\/secure.gravatar.com\\\/avatar\\\/d27fe9520667ca53441d36627a1d6b0fa4a813571ec4803687a7a3a7744685ac?s=96&d=mm&r=g\",\"url\":\"https:\\\/\\\/secure.gravatar.com\\\/avatar\\\/d27fe9520667ca53441d36627a1d6b0fa4a813571ec4803687a7a3a7744685ac?s=96&d=mm&r=g\",\"contentUrl\":\"https:\\\/\\\/secure.gravatar.com\\\/avatar\\\/d27fe9520667ca53441d36627a1d6b0fa4a813571ec4803687a7a3a7744685ac?s=96&d=mm&r=g\",\"caption\":\"Editor\"},\"url\":\"https:\\\/\\\/infopba247.com.ar\\\/index.php\\\/author\\\/editor\\\/\"}]}<\/script>\n<!-- \/ Yoast SEO plugin. -->","yoast_head_json":{"title":"En el Consejo de Turismo, Alak llam\u00f3 a \u00abtrabajar con la Provincia para desarrollar el potencial de La Plata\u00bb - InfoPBA247","robots":{"index":"index","follow":"follow","max-snippet":"max-snippet:-1","max-image-preview":"max-image-preview:large","max-video-preview":"max-video-preview:-1"},"canonical":"https:\/\/infopba247.com.ar\/index.php\/2024\/03\/26\/en-el-consejo-de-turismo-alak-llamo-a-trabajar-con-la-provincia-para-desarrollar-el-potencial-de-la-plata\/","og_locale":"es_ES","og_type":"article","og_title":"En el Consejo de Turismo, Alak llam\u00f3 a \u00abtrabajar con la Provincia para desarrollar el potencial de La Plata\u00bb - InfoPBA247","og_description":"El intendente de La Plata, Julio Alak, y el ministro de Producci\u00f3n, Ciencia e Innovaci\u00f3n Tecnol\u00f3gica de la provincia de","og_url":"https:\/\/infopba247.com.ar\/index.php\/2024\/03\/26\/en-el-consejo-de-turismo-alak-llamo-a-trabajar-con-la-provincia-para-desarrollar-el-potencial-de-la-plata\/","og_site_name":"InfoPBA247","article_publisher":"https:\/\/www.facebook.com\/InfoPBA","article_published_time":"2024-03-26T14:26:20+00:00","og_image":[{"width":1620,"height":1215,"url":"https:\/\/infopba247.com.ar\/wp-content\/uploads\/2024\/03\/unnamed-2024-03-26T110034.402.jpg","type":"image\/jpeg"}],"author":"Editor","twitter_card":"summary_large_image","twitter_misc":{"Escrito por":"Editor","Tiempo de lectura":"2 minutos"},"schema":{"@context":"https:\/\/schema.org","@graph":[{"@type":"Article","@id":"https:\/\/infopba247.com.ar\/index.php\/2024\/03\/26\/en-el-consejo-de-turismo-alak-llamo-a-trabajar-con-la-provincia-para-desarrollar-el-potencial-de-la-plata\/#article","isPartOf":{"@id":"https:\/\/infopba247.com.ar\/index.php\/2024\/03\/26\/en-el-consejo-de-turismo-alak-llamo-a-trabajar-con-la-provincia-para-desarrollar-el-potencial-de-la-plata\/"},"author":{"name":"Editor","@id":"https:\/\/infopba247.com.ar\/#\/schema\/person\/4975f1343a413e57bf839b3eed0099f2"},"headline":"En el Consejo de Turismo, Alak llam\u00f3 a \u00abtrabajar con la Provincia para desarrollar el potencial de La Plata\u00bb","datePublished":"2024-03-26T14:26:20+00:00","mainEntityOfPage":{"@id":"https:\/\/infopba247.com.ar\/index.php\/2024\/03\/26\/en-el-consejo-de-turismo-alak-llamo-a-trabajar-con-la-provincia-para-desarrollar-el-potencial-de-la-plata\/"},"wordCount":318,"publisher":{"@id":"https:\/\/infopba247.com.ar\/#organization"},"image":{"@id":"https:\/\/infopba247.com.ar\/index.php\/2024\/03\/26\/en-el-consejo-de-turismo-alak-llamo-a-trabajar-con-la-provincia-para-desarrollar-el-potencial-de-la-plata\/#primaryimage"},"thumbnailUrl":"https:\/\/infopba247.com.ar\/wp-content\/uploads\/2024\/03\/unnamed-2024-03-26T110034.402.jpg","articleSection":["Turismo y Cultura"],"inLanguage":"es"},{"@type":"WebPage","@id":"https:\/\/infopba247.com.ar\/index.php\/2024\/03\/26\/en-el-consejo-de-turismo-alak-llamo-a-trabajar-con-la-provincia-para-desarrollar-el-potencial-de-la-plata\/","url":"https:\/\/infopba247.com.ar\/index.php\/2024\/03\/26\/en-el-consejo-de-turismo-alak-llamo-a-trabajar-con-la-provincia-para-desarrollar-el-potencial-de-la-plata\/","name":"En el Consejo de Turismo, Alak llam\u00f3 a \u00abtrabajar con la Provincia para desarrollar el potencial de La Plata\u00bb - InfoPBA247","isPartOf":{"@id":"https:\/\/infopba247.com.ar\/#website"},"primaryImageOfPage":{"@id":"https:\/\/infopba247.com.ar\/index.php\/2024\/03\/26\/en-el-consejo-de-turismo-alak-llamo-a-trabajar-con-la-provincia-para-desarrollar-el-potencial-de-la-plata\/#primaryimage"},"image":{"@id":"https:\/\/infopba247.com.ar\/index.php\/2024\/03\/26\/en-el-consejo-de-turismo-alak-llamo-a-trabajar-con-la-provincia-para-desarrollar-el-potencial-de-la-plata\/#primaryimage"},"thumbnailUrl":"https:\/\/infopba247.com.ar\/wp-content\/uploads\/2024\/03\/unnamed-2024-03-26T110034.402.jpg","datePublished":"2024-03-26T14:26:20+00:00","breadcrumb":{"@id":"https:\/\/infopba247.com.ar\/index.php\/2024\/03\/26\/en-el-consejo-de-turismo-alak-llamo-a-trabajar-con-la-provincia-para-desarrollar-el-potencial-de-la-plata\/#breadcrumb"},"inLanguage":"es","potentialAction":[{"@type":"ReadAction","target":["https:\/\/infopba247.com.ar\/index.php\/2024\/03\/26\/en-el-consejo-de-turismo-alak-llamo-a-trabajar-con-la-provincia-para-desarrollar-el-potencial-de-la-plata\/"]}]},{"@type":"ImageObject","inLanguage":"es","@id":"https:\/\/infopba247.com.ar\/index.php\/2024\/03\/26\/en-el-consejo-de-turismo-alak-llamo-a-trabajar-con-la-provincia-para-desarrollar-el-potencial-de-la-plata\/#primaryimage","url":"https:\/\/infopba247.com.ar\/wp-content\/uploads\/2024\/03\/unnamed-2024-03-26T110034.402.jpg","contentUrl":"https:\/\/infopba247.com.ar\/wp-content\/uploads\/2024\/03\/unnamed-2024-03-26T110034.402.jpg","width":1620,"height":1215},{"@type":"BreadcrumbList","@id":"https:\/\/infopba247.com.ar\/index.php\/2024\/03\/26\/en-el-consejo-de-turismo-alak-llamo-a-trabajar-con-la-provincia-para-desarrollar-el-potencial-de-la-plata\/#breadcrumb","itemListElement":[{"@type":"ListItem","position":1,"name":"Portada","item":"https:\/\/infopba247.com.ar\/"},{"@type":"ListItem","position":2,"name":"En el Consejo de Turismo, Alak llam\u00f3 a \u00abtrabajar con la Provincia para desarrollar el potencial de La Plata\u00bb"}]},{"@type":"WebSite","@id":"https:\/\/infopba247.com.ar\/#website","url":"https:\/\/infopba247.com.ar\/","name":"InfoPBA247","description":"Toda la actualidad bonaerense","publisher":{"@id":"https:\/\/infopba247.com.ar\/#organization"},"potentialAction":[{"@type":"SearchAction","target":{"@type":"EntryPoint","urlTemplate":"https:\/\/infopba247.com.ar\/?s={search_term_string}"},"query-input":{"@type":"PropertyValueSpecification","valueRequired":true,"valueName":"search_term_string"}}],"inLanguage":"es"},{"@type":"Organization","@id":"https:\/\/infopba247.com.ar\/#organization","name":"InfoPBA247","url":"https:\/\/infopba247.com.ar\/","logo":{"@type":"ImageObject","inLanguage":"es","@id":"https:\/\/infopba247.com.ar\/#\/schema\/logo\/image\/","url":"https:\/\/infopba247.com.ar\/wp-content\/uploads\/2022\/03\/cropped-InfoPBA247-1.png","contentUrl":"https:\/\/infopba247.com.ar\/wp-content\/uploads\/2022\/03\/cropped-InfoPBA247-1.png","width":500,"height":122,"caption":"InfoPBA247"},"image":{"@id":"https:\/\/infopba247.com.ar\/#\/schema\/logo\/image\/"},"sameAs":["https:\/\/www.facebook.com\/InfoPBA"]},{"@type":"Person","@id":"https:\/\/infopba247.com.ar\/#\/schema\/person\/4975f1343a413e57bf839b3eed0099f2","name":"Editor","image":{"@type":"ImageObject","inLanguage":"es","@id":"https:\/\/secure.gravatar.com\/avatar\/d27fe9520667ca53441d36627a1d6b0fa4a813571ec4803687a7a3a7744685ac?s=96&d=mm&r=g","url":"https:\/\/secure.gravatar.com\/avatar\/d27fe9520667ca53441d36627a1d6b0fa4a813571ec4803687a7a3a7744685ac?s=96&d=mm&r=g","contentUrl":"https:\/\/secure.gravatar.com\/avatar\/d27fe9520667ca53441d36627a1d6b0fa4a813571ec4803687a7a3a7744685ac?s=96&d=mm&r=g","caption":"Editor"},"url":"https:\/\/infopba247.com.ar\/index.php\/author\/editor\/"}]}},"_links":{"self":[{"href":"https:\/\/infopba247.com.ar\/index.php\/wp-json\/wp\/v2\/posts\/3758","targetHints":{"allow":["GET"]}}],"collection":[{"href":"https:\/\/infopba247.com.ar\/index.php\/wp-json\/wp\/v2\/posts"}],"about":[{"href":"https:\/\/infopba247.com.ar\/index.php\/wp-json\/wp\/v2\/types\/post"}],"author":[{"embeddable":true,"href":"https:\/\/infopba247.com.ar\/index.php\/wp-json\/wp\/v2\/users\/3"}],"replies":[{"embeddable":true,"href":"https:\/\/infopba247.com.ar\/index.php\/wp-json\/wp\/v2\/comments?post=3758"}],"version-history":[{"count":1,"href":"https:\/\/infopba247.com.ar\/index.php\/wp-json\/wp\/v2\/posts\/3758\/revisions"}],"predecessor-version":[{"id":3764,"href":"https:\/\/infopba247.com.ar\/index.php\/wp-json\/wp\/v2\/posts\/3758\/revisions\/3764"}],"wp:featuredmedia":[{"embeddable":true,"href":"https:\/\/infopba247.com.ar\/index.php\/wp-json\/wp\/v2\/media\/3763"}],"wp:attachment":[{"href":"https:\/\/infopba247.com.ar\/index.php\/wp-json\/wp\/v2\/media?parent=3758"}],"wp:term":[{"taxonomy":"category","embeddable":true,"href":"https:\/\/infopba247.com.ar\/index.php\/wp-json\/wp\/v2\/categories?post=3758"},{"taxonomy":"post_tag","embeddable":true,"href":"https:\/\/infopba247.com.ar\/index.php\/wp-json\/wp\/v2\/tags?post=3758"}],"curies":[{"name":"wp","href":"https:\/\/api.w.org\/{rel}","templated":true}]}}