{"id":3756,"date":"2024-03-25T12:03:52","date_gmt":"2024-03-25T15:03:52","guid":{"rendered":"https:\/\/infopba247.com.ar\/?p=3756"},"modified":"2024-03-25T12:07:21","modified_gmt":"2024-03-25T15:07:21","slug":"primera-reunion-de-intendentes-de-la-region-capital","status":"publish","type":"post","link":"https:\/\/infopba247.com.ar\/index.php\/2024\/03\/25\/primera-reunion-de-intendentes-de-la-region-capital\/","title":{"rendered":"Primera reuni\u00f3n de intendentes de la Regi\u00f3n Capital"},"content":{"rendered":"\n<p>En un encuentro realizado este viernes en la ciudad de Berisso, los intendentes de La Plata, Berisso, Ensenada, Magdalena y Punta Indio, abordaron cuestiones tendientes al desarrollo y al entramado productivo de la regi\u00f3n.<\/p>\n\n\n\n<p>Con el prop\u00f3sito de trabajar en una agenda conjunta, los intendentes Julio Alak, Fabi\u00e1n Cagliardi, Mario Secco, Lisandro Hourcade y David Angueira, repasaron los proyectos y obras en marcha que traen soluciones a la poblaci\u00f3n de los seis distritos que conforman la Regi\u00f3n Capital.<\/p>\n\n\n\n<p>Una de las cuestiones m\u00e1s importantes y que se abord\u00f3 en esta reuni\u00f3n, tiene que ver con la necesidad imperiosa del desarrollo de las obras para la concreci\u00f3n del Canal Magdalena, d\u00e1ndole a la Argentina mayor soberan\u00eda, optimizar los costos log\u00edsticos, disminuir los tiempos de navegaci\u00f3n y evitar que las cargas, tengan que pasar por puertos uruguayos.<\/p>\n\n\n\n<p>Asimismo, se repasaron los principales puntos cr\u00edticos en materia hidr\u00e1ulica y posibles soluciones a corto y mediano plazo, en donde se coordinar\u00e1n acciones para la limpieza de arroyos y canales de la regi\u00f3n.<\/p>\n\n\n\n<p>En tanto, tambi\u00e9n se hizo foco y an\u00e1lisis sobre la continuidad de las obras de la Autopista Buenos Aires-La Plata, en el tramo final hasta la proyecci\u00f3n a la ruta 11. Esta obra, que permite resolver la conectividad de la regi\u00f3n capital con todo el pa\u00eds, es la m\u00e1s importante de los pr\u00f3ximos 50 a\u00f1os.<\/p>\n\n\n\n<p>Pr\u00f3ximamente se desarrollar\u00e1 una nueva reuni\u00f3n para avanzar en estos y otros temas que promuevan el desarrollo Productivo de la Region Capital.<\/p>\n","protected":false},"excerpt":{"rendered":"<p>En un encuentro realizado este viernes en la ciudad de Berisso, los intendentes de La Plata, Berisso, Ensenada, Magdalena y<\/p>\n","protected":false},"author":3,"featured_media":3746,"comment_status":"closed","ping_status":"closed","sticky":false,"template":"","format":"standard","meta":{"colormag_page_container_layout":"default_layout","colormag_page_sidebar_layout":"default_layout","footnotes":""},"categories":[7,12,1,14],"tags":[],"class_list":["post-3756","post","type-post","status-publish","format-standard","has-post-thumbnail","hentry","category-3ra-seccion","category-8va-seccion","category-destacadas","category-politica"],"yoast_head":"<!-- This site is optimized with the Yoast SEO plugin v27.4 - https:\/\/yoast.com\/product\/yoast-seo-wordpress\/ -->\n<title>Primera reuni\u00f3n de intendentes de la Regi\u00f3n Capital - InfoPBA247<\/title>\n<meta name=\"robots\" content=\"index, follow, max-snippet:-1, max-image-preview:large, max-video-preview:-1\" \/>\n<link rel=\"canonical\" href=\"https:\/\/infopba247.com.ar\/index.php\/2024\/03\/25\/primera-reunion-de-intendentes-de-la-region-capital\/\" \/>\n<meta property=\"og:locale\" content=\"es_ES\" \/>\n<meta property=\"og:type\" content=\"article\" \/>\n<meta property=\"og:title\" content=\"Primera reuni\u00f3n de intendentes de la Regi\u00f3n Capital - InfoPBA247\" \/>\n<meta property=\"og:description\" content=\"En un encuentro realizado este viernes en la ciudad de Berisso, los intendentes de La Plata, Berisso, Ensenada, Magdalena y\" \/>\n<meta property=\"og:url\" content=\"https:\/\/infopba247.com.ar\/index.php\/2024\/03\/25\/primera-reunion-de-intendentes-de-la-region-capital\/\" \/>\n<meta property=\"og:site_name\" content=\"InfoPBA247\" \/>\n<meta property=\"article:publisher\" content=\"https:\/\/www.facebook.com\/InfoPBA\" \/>\n<meta property=\"article:published_time\" content=\"2024-03-25T15:03:52+00:00\" \/>\n<meta property=\"article:modified_time\" content=\"2024-03-25T15:07:21+00:00\" \/>\n<meta property=\"og:image\" content=\"https:\/\/infopba247.com.ar\/wp-content\/uploads\/2024\/03\/1ra-reunion-region-capital.jpg\" \/>\n\t<meta property=\"og:image:width\" content=\"800\" \/>\n\t<meta property=\"og:image:height\" content=\"600\" \/>\n\t<meta property=\"og:image:type\" content=\"image\/jpeg\" \/>\n<meta name=\"author\" content=\"Editor\" \/>\n<meta name=\"twitter:card\" content=\"summary_large_image\" \/>\n<meta name=\"twitter:label1\" content=\"Escrito por\" \/>\n\t<meta name=\"twitter:data1\" content=\"Editor\" \/>\n\t<meta name=\"twitter:label2\" content=\"Tiempo de lectura\" \/>\n\t<meta name=\"twitter:data2\" content=\"2 minutos\" \/>\n<script type=\"application\/ld+json\" class=\"yoast-schema-graph\">{\"@context\":\"https:\\\/\\\/schema.org\",\"@graph\":[{\"@type\":\"Article\",\"@id\":\"https:\\\/\\\/infopba247.com.ar\\\/index.php\\\/2024\\\/03\\\/25\\\/primera-reunion-de-intendentes-de-la-region-capital\\\/#article\",\"isPartOf\":{\"@id\":\"https:\\\/\\\/infopba247.com.ar\\\/index.php\\\/2024\\\/03\\\/25\\\/primera-reunion-de-intendentes-de-la-region-capital\\\/\"},\"author\":{\"name\":\"Editor\",\"@id\":\"https:\\\/\\\/infopba247.com.ar\\\/#\\\/schema\\\/person\\\/4975f1343a413e57bf839b3eed0099f2\"},\"headline\":\"Primera reuni\u00f3n de intendentes de la Regi\u00f3n Capital\",\"datePublished\":\"2024-03-25T15:03:52+00:00\",\"dateModified\":\"2024-03-25T15:07:21+00:00\",\"mainEntityOfPage\":{\"@id\":\"https:\\\/\\\/infopba247.com.ar\\\/index.php\\\/2024\\\/03\\\/25\\\/primera-reunion-de-intendentes-de-la-region-capital\\\/\"},\"wordCount\":279,\"publisher\":{\"@id\":\"https:\\\/\\\/infopba247.com.ar\\\/#organization\"},\"image\":{\"@id\":\"https:\\\/\\\/infopba247.com.ar\\\/index.php\\\/2024\\\/03\\\/25\\\/primera-reunion-de-intendentes-de-la-region-capital\\\/#primaryimage\"},\"thumbnailUrl\":\"https:\\\/\\\/infopba247.com.ar\\\/wp-content\\\/uploads\\\/2024\\\/03\\\/1ra-reunion-region-capital.jpg\",\"articleSection\":[\"3ra Secci\u00f3n\",\"8va Secci\u00f3n\",\"Destacadas\",\"Pol\u00edtica\"],\"inLanguage\":\"es\"},{\"@type\":\"WebPage\",\"@id\":\"https:\\\/\\\/infopba247.com.ar\\\/index.php\\\/2024\\\/03\\\/25\\\/primera-reunion-de-intendentes-de-la-region-capital\\\/\",\"url\":\"https:\\\/\\\/infopba247.com.ar\\\/index.php\\\/2024\\\/03\\\/25\\\/primera-reunion-de-intendentes-de-la-region-capital\\\/\",\"name\":\"Primera reuni\u00f3n de intendentes de la Regi\u00f3n Capital - InfoPBA247\",\"isPartOf\":{\"@id\":\"https:\\\/\\\/infopba247.com.ar\\\/#website\"},\"primaryImageOfPage\":{\"@id\":\"https:\\\/\\\/infopba247.com.ar\\\/index.php\\\/2024\\\/03\\\/25\\\/primera-reunion-de-intendentes-de-la-region-capital\\\/#primaryimage\"},\"image\":{\"@id\":\"https:\\\/\\\/infopba247.com.ar\\\/index.php\\\/2024\\\/03\\\/25\\\/primera-reunion-de-intendentes-de-la-region-capital\\\/#primaryimage\"},\"thumbnailUrl\":\"https:\\\/\\\/infopba247.com.ar\\\/wp-content\\\/uploads\\\/2024\\\/03\\\/1ra-reunion-region-capital.jpg\",\"datePublished\":\"2024-03-25T15:03:52+00:00\",\"dateModified\":\"2024-03-25T15:07:21+00:00\",\"breadcrumb\":{\"@id\":\"https:\\\/\\\/infopba247.com.ar\\\/index.php\\\/2024\\\/03\\\/25\\\/primera-reunion-de-intendentes-de-la-region-capital\\\/#breadcrumb\"},\"inLanguage\":\"es\",\"potentialAction\":[{\"@type\":\"ReadAction\",\"target\":[\"https:\\\/\\\/infopba247.com.ar\\\/index.php\\\/2024\\\/03\\\/25\\\/primera-reunion-de-intendentes-de-la-region-capital\\\/\"]}]},{\"@type\":\"ImageObject\",\"inLanguage\":\"es\",\"@id\":\"https:\\\/\\\/infopba247.com.ar\\\/index.php\\\/2024\\\/03\\\/25\\\/primera-reunion-de-intendentes-de-la-region-capital\\\/#primaryimage\",\"url\":\"https:\\\/\\\/infopba247.com.ar\\\/wp-content\\\/uploads\\\/2024\\\/03\\\/1ra-reunion-region-capital.jpg\",\"contentUrl\":\"https:\\\/\\\/infopba247.com.ar\\\/wp-content\\\/uploads\\\/2024\\\/03\\\/1ra-reunion-region-capital.jpg\",\"width\":800,\"height\":600},{\"@type\":\"BreadcrumbList\",\"@id\":\"https:\\\/\\\/infopba247.com.ar\\\/index.php\\\/2024\\\/03\\\/25\\\/primera-reunion-de-intendentes-de-la-region-capital\\\/#breadcrumb\",\"itemListElement\":[{\"@type\":\"ListItem\",\"position\":1,\"name\":\"Portada\",\"item\":\"https:\\\/\\\/infopba247.com.ar\\\/\"},{\"@type\":\"ListItem\",\"position\":2,\"name\":\"Primera reuni\u00f3n de intendentes de la Regi\u00f3n Capital\"}]},{\"@type\":\"WebSite\",\"@id\":\"https:\\\/\\\/infopba247.com.ar\\\/#website\",\"url\":\"https:\\\/\\\/infopba247.com.ar\\\/\",\"name\":\"InfoPBA247\",\"description\":\"Toda la actualidad bonaerense\",\"publisher\":{\"@id\":\"https:\\\/\\\/infopba247.com.ar\\\/#organization\"},\"potentialAction\":[{\"@type\":\"SearchAction\",\"target\":{\"@type\":\"EntryPoint\",\"urlTemplate\":\"https:\\\/\\\/infopba247.com.ar\\\/?s={search_term_string}\"},\"query-input\":{\"@type\":\"PropertyValueSpecification\",\"valueRequired\":true,\"valueName\":\"search_term_string\"}}],\"inLanguage\":\"es\"},{\"@type\":\"Organization\",\"@id\":\"https:\\\/\\\/infopba247.com.ar\\\/#organization\",\"name\":\"InfoPBA247\",\"url\":\"https:\\\/\\\/infopba247.com.ar\\\/\",\"logo\":{\"@type\":\"ImageObject\",\"inLanguage\":\"es\",\"@id\":\"https:\\\/\\\/infopba247.com.ar\\\/#\\\/schema\\\/logo\\\/image\\\/\",\"url\":\"https:\\\/\\\/infopba247.com.ar\\\/wp-content\\\/uploads\\\/2022\\\/03\\\/cropped-InfoPBA247-1.png\",\"contentUrl\":\"https:\\\/\\\/infopba247.com.ar\\\/wp-content\\\/uploads\\\/2022\\\/03\\\/cropped-InfoPBA247-1.png\",\"width\":500,\"height\":122,\"caption\":\"InfoPBA247\"},\"image\":{\"@id\":\"https:\\\/\\\/infopba247.com.ar\\\/#\\\/schema\\\/logo\\\/image\\\/\"},\"sameAs\":[\"https:\\\/\\\/www.facebook.com\\\/InfoPBA\"]},{\"@type\":\"Person\",\"@id\":\"https:\\\/\\\/infopba247.com.ar\\\/#\\\/schema\\\/person\\\/4975f1343a413e57bf839b3eed0099f2\",\"name\":\"Editor\",\"image\":{\"@type\":\"ImageObject\",\"inLanguage\":\"es\",\"@id\":\"https:\\\/\\\/secure.gravatar.com\\\/avatar\\\/d27fe9520667ca53441d36627a1d6b0fa4a813571ec4803687a7a3a7744685ac?s=96&d=mm&r=g\",\"url\":\"https:\\\/\\\/secure.gravatar.com\\\/avatar\\\/d27fe9520667ca53441d36627a1d6b0fa4a813571ec4803687a7a3a7744685ac?s=96&d=mm&r=g\",\"contentUrl\":\"https:\\\/\\\/secure.gravatar.com\\\/avatar\\\/d27fe9520667ca53441d36627a1d6b0fa4a813571ec4803687a7a3a7744685ac?s=96&d=mm&r=g\",\"caption\":\"Editor\"},\"url\":\"https:\\\/\\\/infopba247.com.ar\\\/index.php\\\/author\\\/editor\\\/\"}]}<\/script>\n<!-- \/ Yoast SEO plugin. -->","yoast_head_json":{"title":"Primera reuni\u00f3n de intendentes de la Regi\u00f3n Capital - InfoPBA247","robots":{"index":"index","follow":"follow","max-snippet":"max-snippet:-1","max-image-preview":"max-image-preview:large","max-video-preview":"max-video-preview:-1"},"canonical":"https:\/\/infopba247.com.ar\/index.php\/2024\/03\/25\/primera-reunion-de-intendentes-de-la-region-capital\/","og_locale":"es_ES","og_type":"article","og_title":"Primera reuni\u00f3n de intendentes de la Regi\u00f3n Capital - InfoPBA247","og_description":"En un encuentro realizado este viernes en la ciudad de Berisso, los intendentes de La Plata, Berisso, Ensenada, Magdalena y","og_url":"https:\/\/infopba247.com.ar\/index.php\/2024\/03\/25\/primera-reunion-de-intendentes-de-la-region-capital\/","og_site_name":"InfoPBA247","article_publisher":"https:\/\/www.facebook.com\/InfoPBA","article_published_time":"2024-03-25T15:03:52+00:00","article_modified_time":"2024-03-25T15:07:21+00:00","og_image":[{"width":800,"height":600,"url":"https:\/\/infopba247.com.ar\/wp-content\/uploads\/2024\/03\/1ra-reunion-region-capital.jpg","type":"image\/jpeg"}],"author":"Editor","twitter_card":"summary_large_image","twitter_misc":{"Escrito por":"Editor","Tiempo de lectura":"2 minutos"},"schema":{"@context":"https:\/\/schema.org","@graph":[{"@type":"Article","@id":"https:\/\/infopba247.com.ar\/index.php\/2024\/03\/25\/primera-reunion-de-intendentes-de-la-region-capital\/#article","isPartOf":{"@id":"https:\/\/infopba247.com.ar\/index.php\/2024\/03\/25\/primera-reunion-de-intendentes-de-la-region-capital\/"},"author":{"name":"Editor","@id":"https:\/\/infopba247.com.ar\/#\/schema\/person\/4975f1343a413e57bf839b3eed0099f2"},"headline":"Primera reuni\u00f3n de intendentes de la Regi\u00f3n Capital","datePublished":"2024-03-25T15:03:52+00:00","dateModified":"2024-03-25T15:07:21+00:00","mainEntityOfPage":{"@id":"https:\/\/infopba247.com.ar\/index.php\/2024\/03\/25\/primera-reunion-de-intendentes-de-la-region-capital\/"},"wordCount":279,"publisher":{"@id":"https:\/\/infopba247.com.ar\/#organization"},"image":{"@id":"https:\/\/infopba247.com.ar\/index.php\/2024\/03\/25\/primera-reunion-de-intendentes-de-la-region-capital\/#primaryimage"},"thumbnailUrl":"https:\/\/infopba247.com.ar\/wp-content\/uploads\/2024\/03\/1ra-reunion-region-capital.jpg","articleSection":["3ra Secci\u00f3n","8va Secci\u00f3n","Destacadas","Pol\u00edtica"],"inLanguage":"es"},{"@type":"WebPage","@id":"https:\/\/infopba247.com.ar\/index.php\/2024\/03\/25\/primera-reunion-de-intendentes-de-la-region-capital\/","url":"https:\/\/infopba247.com.ar\/index.php\/2024\/03\/25\/primera-reunion-de-intendentes-de-la-region-capital\/","name":"Primera reuni\u00f3n de intendentes de la Regi\u00f3n Capital - InfoPBA247","isPartOf":{"@id":"https:\/\/infopba247.com.ar\/#website"},"primaryImageOfPage":{"@id":"https:\/\/infopba247.com.ar\/index.php\/2024\/03\/25\/primera-reunion-de-intendentes-de-la-region-capital\/#primaryimage"},"image":{"@id":"https:\/\/infopba247.com.ar\/index.php\/2024\/03\/25\/primera-reunion-de-intendentes-de-la-region-capital\/#primaryimage"},"thumbnailUrl":"https:\/\/infopba247.com.ar\/wp-content\/uploads\/2024\/03\/1ra-reunion-region-capital.jpg","datePublished":"2024-03-25T15:03:52+00:00","dateModified":"2024-03-25T15:07:21+00:00","breadcrumb":{"@id":"https:\/\/infopba247.com.ar\/index.php\/2024\/03\/25\/primera-reunion-de-intendentes-de-la-region-capital\/#breadcrumb"},"inLanguage":"es","potentialAction":[{"@type":"ReadAction","target":["https:\/\/infopba247.com.ar\/index.php\/2024\/03\/25\/primera-reunion-de-intendentes-de-la-region-capital\/"]}]},{"@type":"ImageObject","inLanguage":"es","@id":"https:\/\/infopba247.com.ar\/index.php\/2024\/03\/25\/primera-reunion-de-intendentes-de-la-region-capital\/#primaryimage","url":"https:\/\/infopba247.com.ar\/wp-content\/uploads\/2024\/03\/1ra-reunion-region-capital.jpg","contentUrl":"https:\/\/infopba247.com.ar\/wp-content\/uploads\/2024\/03\/1ra-reunion-region-capital.jpg","width":800,"height":600},{"@type":"BreadcrumbList","@id":"https:\/\/infopba247.com.ar\/index.php\/2024\/03\/25\/primera-reunion-de-intendentes-de-la-region-capital\/#breadcrumb","itemListElement":[{"@type":"ListItem","position":1,"name":"Portada","item":"https:\/\/infopba247.com.ar\/"},{"@type":"ListItem","position":2,"name":"Primera reuni\u00f3n de intendentes de la Regi\u00f3n Capital"}]},{"@type":"WebSite","@id":"https:\/\/infopba247.com.ar\/#website","url":"https:\/\/infopba247.com.ar\/","name":"InfoPBA247","description":"Toda la actualidad bonaerense","publisher":{"@id":"https:\/\/infopba247.com.ar\/#organization"},"potentialAction":[{"@type":"SearchAction","target":{"@type":"EntryPoint","urlTemplate":"https:\/\/infopba247.com.ar\/?s={search_term_string}"},"query-input":{"@type":"PropertyValueSpecification","valueRequired":true,"valueName":"search_term_string"}}],"inLanguage":"es"},{"@type":"Organization","@id":"https:\/\/infopba247.com.ar\/#organization","name":"InfoPBA247","url":"https:\/\/infopba247.com.ar\/","logo":{"@type":"ImageObject","inLanguage":"es","@id":"https:\/\/infopba247.com.ar\/#\/schema\/logo\/image\/","url":"https:\/\/infopba247.com.ar\/wp-content\/uploads\/2022\/03\/cropped-InfoPBA247-1.png","contentUrl":"https:\/\/infopba247.com.ar\/wp-content\/uploads\/2022\/03\/cropped-InfoPBA247-1.png","width":500,"height":122,"caption":"InfoPBA247"},"image":{"@id":"https:\/\/infopba247.com.ar\/#\/schema\/logo\/image\/"},"sameAs":["https:\/\/www.facebook.com\/InfoPBA"]},{"@type":"Person","@id":"https:\/\/infopba247.com.ar\/#\/schema\/person\/4975f1343a413e57bf839b3eed0099f2","name":"Editor","image":{"@type":"ImageObject","inLanguage":"es","@id":"https:\/\/secure.gravatar.com\/avatar\/d27fe9520667ca53441d36627a1d6b0fa4a813571ec4803687a7a3a7744685ac?s=96&d=mm&r=g","url":"https:\/\/secure.gravatar.com\/avatar\/d27fe9520667ca53441d36627a1d6b0fa4a813571ec4803687a7a3a7744685ac?s=96&d=mm&r=g","contentUrl":"https:\/\/secure.gravatar.com\/avatar\/d27fe9520667ca53441d36627a1d6b0fa4a813571ec4803687a7a3a7744685ac?s=96&d=mm&r=g","caption":"Editor"},"url":"https:\/\/infopba247.com.ar\/index.php\/author\/editor\/"}]}},"_links":{"self":[{"href":"https:\/\/infopba247.com.ar\/index.php\/wp-json\/wp\/v2\/posts\/3756","targetHints":{"allow":["GET"]}}],"collection":[{"href":"https:\/\/infopba247.com.ar\/index.php\/wp-json\/wp\/v2\/posts"}],"about":[{"href":"https:\/\/infopba247.com.ar\/index.php\/wp-json\/wp\/v2\/types\/post"}],"author":[{"embeddable":true,"href":"https:\/\/infopba247.com.ar\/index.php\/wp-json\/wp\/v2\/users\/3"}],"replies":[{"embeddable":true,"href":"https:\/\/infopba247.com.ar\/index.php\/wp-json\/wp\/v2\/comments?post=3756"}],"version-history":[{"count":1,"href":"https:\/\/infopba247.com.ar\/index.php\/wp-json\/wp\/v2\/posts\/3756\/revisions"}],"predecessor-version":[{"id":3757,"href":"https:\/\/infopba247.com.ar\/index.php\/wp-json\/wp\/v2\/posts\/3756\/revisions\/3757"}],"wp:featuredmedia":[{"embeddable":true,"href":"https:\/\/infopba247.com.ar\/index.php\/wp-json\/wp\/v2\/media\/3746"}],"wp:attachment":[{"href":"https:\/\/infopba247.com.ar\/index.php\/wp-json\/wp\/v2\/media?parent=3756"}],"wp:term":[{"taxonomy":"category","embeddable":true,"href":"https:\/\/infopba247.com.ar\/index.php\/wp-json\/wp\/v2\/categories?post=3756"},{"taxonomy":"post_tag","embeddable":true,"href":"https:\/\/infopba247.com.ar\/index.php\/wp-json\/wp\/v2\/tags?post=3756"}],"curies":[{"name":"wp","href":"https:\/\/api.w.org\/{rel}","templated":true}]}}