{"id":3745,"date":"2024-03-25T09:10:00","date_gmt":"2024-03-25T12:10:00","guid":{"rendered":"https:\/\/infopba247.com.ar\/?p=3745"},"modified":"2024-03-25T11:56:26","modified_gmt":"2024-03-25T14:56:26","slug":"la-provincia-convoca-a-donar-sangre-en-la-previa-del-feriado","status":"publish","type":"post","link":"https:\/\/infopba247.com.ar\/index.php\/2024\/03\/25\/la-provincia-convoca-a-donar-sangre-en-la-previa-del-feriado\/","title":{"rendered":"La Provincia convoca a donar sangre en la previa del feriado"},"content":{"rendered":"\n<p>El Ministerio de Salud bonaerense, a trav\u00e9s del Instituto de Hemoterapia \u201cDra. Nora Etchenique\u201d, invita a la comunidad a acercarse a donar sangre en las colectas externas y los distintos centros de donaci\u00f3n en la previa al feriado largo que se dar\u00e1 entre el jueves 28 de marzo y el 2 de abril para garantizar el stock de hemocomponentes.<\/p>\n\n\n\n<p>El cronograma de colectas es:<\/p>\n\n\n\n<p>\u2022&nbsp;&nbsp;&nbsp; Lunes 25 de marzo en la Casa de Justicia de la Suprema Corte PBA- Av. 13 entre 47 y 48- La Plata. De 8.30 a 12.30 hs.<\/p>\n\n\n\n<p>\u2022&nbsp;&nbsp;&nbsp; Martes 26 de marzo en la Iglesia Universal- Lorenzo L\u00f3pez 554- Pilar. De 9 a 13 hs.<\/p>\n\n\n\n<p>\u2022&nbsp;&nbsp;&nbsp; Mi\u00e9rcoles 27 de marzo en el Club Talleres- Magallanes 3878- Mar del Plata. De 8 a 12 hs.<\/p>\n\n\n\n<p>\u2022&nbsp;&nbsp;&nbsp; Mi\u00e9rcoles 27 de marzo en el Colegio Crisol- 501 N\u00b0 3428 entre 29 y 30- Gonnet. De 8.30 a 12.30 hs.<\/p>\n\n\n\n<p>\u2022&nbsp;&nbsp;&nbsp; S\u00e1bado 30 de marzo en el Club Regatas- Arroyo Do\u00f1a Flora y R\u00edo Santiago- Ensenada. De 9 a 13 hs.<\/p>\n\n\n\n<p>Asimismo, desde el Instituto se informa los y las donantes podr\u00e1n concurrir de lunes a mi\u00e9rcoles a los Centros Regional de Hemoterapia de La Plata \u2013 calle 71 entre 26 y 27- de 7 a 15 hs.; al de Tres de Febrero \u2013Besares 4550- de 8.30 a 13 hs. y al de Mar del Plata \u2013Estado de Israel 3698, de 8 a 12 hs.<\/p>\n\n\n\n<p>Durante el fin de semana largo, el Centro Regional de Hemoterapia La Plata estar\u00e1 abierto los d\u00edas jueves 28 de 7 a 15 hs. y el s\u00e1bado 30 de marzo de 7 a 12 hs. El Centro Regional de Hemoterapia de Tres de Febrero atender\u00e1 el s\u00e1bado 30 de marzo de 8 a 13 hs. Mientras que el Centro Regional de Hemoterapia de Mar del Plata tambi\u00e9n estar\u00e1 abierto el s\u00e1bado 30 de marzo de 8 a 12 hs.<\/p>\n\n\n\n<p>Adem\u00e1s, se pueden acercar a donar en los centros y postas de donaci\u00f3n de toda la provincia de Buenos Aires: https:\/\/www.ms.gba.gov.ar\/sitios\/hemoterapia\/donde-donar\/<\/p>\n\n\n\n<p>Los requisitos para donar sangre son:<\/p>\n\n\n\n<p>\u2022&nbsp;&nbsp;&nbsp; Tener entre 16 y 65 a\u00f1os.<\/p>\n\n\n\n<p>\u2022&nbsp;&nbsp;&nbsp; Pesar m\u00e1s de 50 kilos.<\/p>\n\n\n\n<p>\u2022&nbsp;&nbsp;&nbsp; Sentirse en buen estado de salud.<\/p>\n\n\n\n<p>\u2022&nbsp;&nbsp;&nbsp; Llevar DNI o documento que acredite identidad.<\/p>\n\n\n\n<p>\u2022&nbsp;&nbsp;&nbsp; Desayunar normalmente.<\/p>\n","protected":false},"excerpt":{"rendered":"<p>El Ministerio de Salud bonaerense, a trav\u00e9s del Instituto de Hemoterapia \u201cDra. Nora Etchenique\u201d, invita a la comunidad a acercarse<\/p>\n","protected":false},"author":3,"featured_media":3747,"comment_status":"closed","ping_status":"closed","sticky":false,"template":"","format":"standard","meta":{"colormag_page_container_layout":"default_layout","colormag_page_sidebar_layout":"default_layout","footnotes":""},"categories":[14],"tags":[],"class_list":["post-3745","post","type-post","status-publish","format-standard","has-post-thumbnail","hentry","category-politica"],"yoast_head":"<!-- This site is optimized with the Yoast SEO plugin v27.4 - https:\/\/yoast.com\/product\/yoast-seo-wordpress\/ -->\n<title>La Provincia convoca a donar sangre en la previa del feriado - InfoPBA247<\/title>\n<meta name=\"robots\" content=\"index, follow, max-snippet:-1, max-image-preview:large, max-video-preview:-1\" \/>\n<link rel=\"canonical\" href=\"https:\/\/infopba247.com.ar\/index.php\/2024\/03\/25\/la-provincia-convoca-a-donar-sangre-en-la-previa-del-feriado\/\" \/>\n<meta property=\"og:locale\" content=\"es_ES\" \/>\n<meta property=\"og:type\" content=\"article\" \/>\n<meta property=\"og:title\" content=\"La Provincia convoca a donar sangre en la previa del feriado - InfoPBA247\" \/>\n<meta property=\"og:description\" content=\"El Ministerio de Salud bonaerense, a trav\u00e9s del Instituto de Hemoterapia \u201cDra. Nora Etchenique\u201d, invita a la comunidad a acercarse\" \/>\n<meta property=\"og:url\" content=\"https:\/\/infopba247.com.ar\/index.php\/2024\/03\/25\/la-provincia-convoca-a-donar-sangre-en-la-previa-del-feriado\/\" \/>\n<meta property=\"og:site_name\" content=\"InfoPBA247\" \/>\n<meta property=\"article:publisher\" content=\"https:\/\/www.facebook.com\/InfoPBA\" \/>\n<meta property=\"article:published_time\" content=\"2024-03-25T12:10:00+00:00\" \/>\n<meta property=\"article:modified_time\" content=\"2024-03-25T14:56:26+00:00\" \/>\n<meta property=\"og:image\" content=\"https:\/\/infopba247.com.ar\/wp-content\/uploads\/2024\/03\/unnamed-2024-03-25T113215.185.jpg\" \/>\n\t<meta property=\"og:image:width\" content=\"700\" \/>\n\t<meta property=\"og:image:height\" content=\"466\" \/>\n\t<meta property=\"og:image:type\" content=\"image\/jpeg\" \/>\n<meta name=\"author\" content=\"Editor\" \/>\n<meta name=\"twitter:card\" content=\"summary_large_image\" \/>\n<meta name=\"twitter:label1\" content=\"Escrito por\" \/>\n\t<meta name=\"twitter:data1\" content=\"Editor\" \/>\n\t<meta name=\"twitter:label2\" content=\"Tiempo de lectura\" \/>\n\t<meta name=\"twitter:data2\" content=\"2 minutos\" \/>\n<script type=\"application\/ld+json\" class=\"yoast-schema-graph\">{\"@context\":\"https:\\\/\\\/schema.org\",\"@graph\":[{\"@type\":\"Article\",\"@id\":\"https:\\\/\\\/infopba247.com.ar\\\/index.php\\\/2024\\\/03\\\/25\\\/la-provincia-convoca-a-donar-sangre-en-la-previa-del-feriado\\\/#article\",\"isPartOf\":{\"@id\":\"https:\\\/\\\/infopba247.com.ar\\\/index.php\\\/2024\\\/03\\\/25\\\/la-provincia-convoca-a-donar-sangre-en-la-previa-del-feriado\\\/\"},\"author\":{\"name\":\"Editor\",\"@id\":\"https:\\\/\\\/infopba247.com.ar\\\/#\\\/schema\\\/person\\\/4975f1343a413e57bf839b3eed0099f2\"},\"headline\":\"La Provincia convoca a donar sangre en la previa del feriado\",\"datePublished\":\"2024-03-25T12:10:00+00:00\",\"dateModified\":\"2024-03-25T14:56:26+00:00\",\"mainEntityOfPage\":{\"@id\":\"https:\\\/\\\/infopba247.com.ar\\\/index.php\\\/2024\\\/03\\\/25\\\/la-provincia-convoca-a-donar-sangre-en-la-previa-del-feriado\\\/\"},\"wordCount\":384,\"publisher\":{\"@id\":\"https:\\\/\\\/infopba247.com.ar\\\/#organization\"},\"image\":{\"@id\":\"https:\\\/\\\/infopba247.com.ar\\\/index.php\\\/2024\\\/03\\\/25\\\/la-provincia-convoca-a-donar-sangre-en-la-previa-del-feriado\\\/#primaryimage\"},\"thumbnailUrl\":\"https:\\\/\\\/infopba247.com.ar\\\/wp-content\\\/uploads\\\/2024\\\/03\\\/unnamed-2024-03-25T113215.185.jpg\",\"articleSection\":[\"Pol\u00edtica\"],\"inLanguage\":\"es\"},{\"@type\":\"WebPage\",\"@id\":\"https:\\\/\\\/infopba247.com.ar\\\/index.php\\\/2024\\\/03\\\/25\\\/la-provincia-convoca-a-donar-sangre-en-la-previa-del-feriado\\\/\",\"url\":\"https:\\\/\\\/infopba247.com.ar\\\/index.php\\\/2024\\\/03\\\/25\\\/la-provincia-convoca-a-donar-sangre-en-la-previa-del-feriado\\\/\",\"name\":\"La Provincia convoca a donar sangre en la previa del feriado - InfoPBA247\",\"isPartOf\":{\"@id\":\"https:\\\/\\\/infopba247.com.ar\\\/#website\"},\"primaryImageOfPage\":{\"@id\":\"https:\\\/\\\/infopba247.com.ar\\\/index.php\\\/2024\\\/03\\\/25\\\/la-provincia-convoca-a-donar-sangre-en-la-previa-del-feriado\\\/#primaryimage\"},\"image\":{\"@id\":\"https:\\\/\\\/infopba247.com.ar\\\/index.php\\\/2024\\\/03\\\/25\\\/la-provincia-convoca-a-donar-sangre-en-la-previa-del-feriado\\\/#primaryimage\"},\"thumbnailUrl\":\"https:\\\/\\\/infopba247.com.ar\\\/wp-content\\\/uploads\\\/2024\\\/03\\\/unnamed-2024-03-25T113215.185.jpg\",\"datePublished\":\"2024-03-25T12:10:00+00:00\",\"dateModified\":\"2024-03-25T14:56:26+00:00\",\"breadcrumb\":{\"@id\":\"https:\\\/\\\/infopba247.com.ar\\\/index.php\\\/2024\\\/03\\\/25\\\/la-provincia-convoca-a-donar-sangre-en-la-previa-del-feriado\\\/#breadcrumb\"},\"inLanguage\":\"es\",\"potentialAction\":[{\"@type\":\"ReadAction\",\"target\":[\"https:\\\/\\\/infopba247.com.ar\\\/index.php\\\/2024\\\/03\\\/25\\\/la-provincia-convoca-a-donar-sangre-en-la-previa-del-feriado\\\/\"]}]},{\"@type\":\"ImageObject\",\"inLanguage\":\"es\",\"@id\":\"https:\\\/\\\/infopba247.com.ar\\\/index.php\\\/2024\\\/03\\\/25\\\/la-provincia-convoca-a-donar-sangre-en-la-previa-del-feriado\\\/#primaryimage\",\"url\":\"https:\\\/\\\/infopba247.com.ar\\\/wp-content\\\/uploads\\\/2024\\\/03\\\/unnamed-2024-03-25T113215.185.jpg\",\"contentUrl\":\"https:\\\/\\\/infopba247.com.ar\\\/wp-content\\\/uploads\\\/2024\\\/03\\\/unnamed-2024-03-25T113215.185.jpg\",\"width\":700,\"height\":466},{\"@type\":\"BreadcrumbList\",\"@id\":\"https:\\\/\\\/infopba247.com.ar\\\/index.php\\\/2024\\\/03\\\/25\\\/la-provincia-convoca-a-donar-sangre-en-la-previa-del-feriado\\\/#breadcrumb\",\"itemListElement\":[{\"@type\":\"ListItem\",\"position\":1,\"name\":\"Portada\",\"item\":\"https:\\\/\\\/infopba247.com.ar\\\/\"},{\"@type\":\"ListItem\",\"position\":2,\"name\":\"La Provincia convoca a donar sangre en la previa del feriado\"}]},{\"@type\":\"WebSite\",\"@id\":\"https:\\\/\\\/infopba247.com.ar\\\/#website\",\"url\":\"https:\\\/\\\/infopba247.com.ar\\\/\",\"name\":\"InfoPBA247\",\"description\":\"Toda la actualidad bonaerense\",\"publisher\":{\"@id\":\"https:\\\/\\\/infopba247.com.ar\\\/#organization\"},\"potentialAction\":[{\"@type\":\"SearchAction\",\"target\":{\"@type\":\"EntryPoint\",\"urlTemplate\":\"https:\\\/\\\/infopba247.com.ar\\\/?s={search_term_string}\"},\"query-input\":{\"@type\":\"PropertyValueSpecification\",\"valueRequired\":true,\"valueName\":\"search_term_string\"}}],\"inLanguage\":\"es\"},{\"@type\":\"Organization\",\"@id\":\"https:\\\/\\\/infopba247.com.ar\\\/#organization\",\"name\":\"InfoPBA247\",\"url\":\"https:\\\/\\\/infopba247.com.ar\\\/\",\"logo\":{\"@type\":\"ImageObject\",\"inLanguage\":\"es\",\"@id\":\"https:\\\/\\\/infopba247.com.ar\\\/#\\\/schema\\\/logo\\\/image\\\/\",\"url\":\"https:\\\/\\\/infopba247.com.ar\\\/wp-content\\\/uploads\\\/2022\\\/03\\\/cropped-InfoPBA247-1.png\",\"contentUrl\":\"https:\\\/\\\/infopba247.com.ar\\\/wp-content\\\/uploads\\\/2022\\\/03\\\/cropped-InfoPBA247-1.png\",\"width\":500,\"height\":122,\"caption\":\"InfoPBA247\"},\"image\":{\"@id\":\"https:\\\/\\\/infopba247.com.ar\\\/#\\\/schema\\\/logo\\\/image\\\/\"},\"sameAs\":[\"https:\\\/\\\/www.facebook.com\\\/InfoPBA\"]},{\"@type\":\"Person\",\"@id\":\"https:\\\/\\\/infopba247.com.ar\\\/#\\\/schema\\\/person\\\/4975f1343a413e57bf839b3eed0099f2\",\"name\":\"Editor\",\"image\":{\"@type\":\"ImageObject\",\"inLanguage\":\"es\",\"@id\":\"https:\\\/\\\/secure.gravatar.com\\\/avatar\\\/d27fe9520667ca53441d36627a1d6b0fa4a813571ec4803687a7a3a7744685ac?s=96&d=mm&r=g\",\"url\":\"https:\\\/\\\/secure.gravatar.com\\\/avatar\\\/d27fe9520667ca53441d36627a1d6b0fa4a813571ec4803687a7a3a7744685ac?s=96&d=mm&r=g\",\"contentUrl\":\"https:\\\/\\\/secure.gravatar.com\\\/avatar\\\/d27fe9520667ca53441d36627a1d6b0fa4a813571ec4803687a7a3a7744685ac?s=96&d=mm&r=g\",\"caption\":\"Editor\"},\"url\":\"https:\\\/\\\/infopba247.com.ar\\\/index.php\\\/author\\\/editor\\\/\"}]}<\/script>\n<!-- \/ Yoast SEO plugin. -->","yoast_head_json":{"title":"La Provincia convoca a donar sangre en la previa del feriado - InfoPBA247","robots":{"index":"index","follow":"follow","max-snippet":"max-snippet:-1","max-image-preview":"max-image-preview:large","max-video-preview":"max-video-preview:-1"},"canonical":"https:\/\/infopba247.com.ar\/index.php\/2024\/03\/25\/la-provincia-convoca-a-donar-sangre-en-la-previa-del-feriado\/","og_locale":"es_ES","og_type":"article","og_title":"La Provincia convoca a donar sangre en la previa del feriado - InfoPBA247","og_description":"El Ministerio de Salud bonaerense, a trav\u00e9s del Instituto de Hemoterapia \u201cDra. Nora Etchenique\u201d, invita a la comunidad a acercarse","og_url":"https:\/\/infopba247.com.ar\/index.php\/2024\/03\/25\/la-provincia-convoca-a-donar-sangre-en-la-previa-del-feriado\/","og_site_name":"InfoPBA247","article_publisher":"https:\/\/www.facebook.com\/InfoPBA","article_published_time":"2024-03-25T12:10:00+00:00","article_modified_time":"2024-03-25T14:56:26+00:00","og_image":[{"width":700,"height":466,"url":"https:\/\/infopba247.com.ar\/wp-content\/uploads\/2024\/03\/unnamed-2024-03-25T113215.185.jpg","type":"image\/jpeg"}],"author":"Editor","twitter_card":"summary_large_image","twitter_misc":{"Escrito por":"Editor","Tiempo de lectura":"2 minutos"},"schema":{"@context":"https:\/\/schema.org","@graph":[{"@type":"Article","@id":"https:\/\/infopba247.com.ar\/index.php\/2024\/03\/25\/la-provincia-convoca-a-donar-sangre-en-la-previa-del-feriado\/#article","isPartOf":{"@id":"https:\/\/infopba247.com.ar\/index.php\/2024\/03\/25\/la-provincia-convoca-a-donar-sangre-en-la-previa-del-feriado\/"},"author":{"name":"Editor","@id":"https:\/\/infopba247.com.ar\/#\/schema\/person\/4975f1343a413e57bf839b3eed0099f2"},"headline":"La Provincia convoca a donar sangre en la previa del feriado","datePublished":"2024-03-25T12:10:00+00:00","dateModified":"2024-03-25T14:56:26+00:00","mainEntityOfPage":{"@id":"https:\/\/infopba247.com.ar\/index.php\/2024\/03\/25\/la-provincia-convoca-a-donar-sangre-en-la-previa-del-feriado\/"},"wordCount":384,"publisher":{"@id":"https:\/\/infopba247.com.ar\/#organization"},"image":{"@id":"https:\/\/infopba247.com.ar\/index.php\/2024\/03\/25\/la-provincia-convoca-a-donar-sangre-en-la-previa-del-feriado\/#primaryimage"},"thumbnailUrl":"https:\/\/infopba247.com.ar\/wp-content\/uploads\/2024\/03\/unnamed-2024-03-25T113215.185.jpg","articleSection":["Pol\u00edtica"],"inLanguage":"es"},{"@type":"WebPage","@id":"https:\/\/infopba247.com.ar\/index.php\/2024\/03\/25\/la-provincia-convoca-a-donar-sangre-en-la-previa-del-feriado\/","url":"https:\/\/infopba247.com.ar\/index.php\/2024\/03\/25\/la-provincia-convoca-a-donar-sangre-en-la-previa-del-feriado\/","name":"La Provincia convoca a donar sangre en la previa del feriado - InfoPBA247","isPartOf":{"@id":"https:\/\/infopba247.com.ar\/#website"},"primaryImageOfPage":{"@id":"https:\/\/infopba247.com.ar\/index.php\/2024\/03\/25\/la-provincia-convoca-a-donar-sangre-en-la-previa-del-feriado\/#primaryimage"},"image":{"@id":"https:\/\/infopba247.com.ar\/index.php\/2024\/03\/25\/la-provincia-convoca-a-donar-sangre-en-la-previa-del-feriado\/#primaryimage"},"thumbnailUrl":"https:\/\/infopba247.com.ar\/wp-content\/uploads\/2024\/03\/unnamed-2024-03-25T113215.185.jpg","datePublished":"2024-03-25T12:10:00+00:00","dateModified":"2024-03-25T14:56:26+00:00","breadcrumb":{"@id":"https:\/\/infopba247.com.ar\/index.php\/2024\/03\/25\/la-provincia-convoca-a-donar-sangre-en-la-previa-del-feriado\/#breadcrumb"},"inLanguage":"es","potentialAction":[{"@type":"ReadAction","target":["https:\/\/infopba247.com.ar\/index.php\/2024\/03\/25\/la-provincia-convoca-a-donar-sangre-en-la-previa-del-feriado\/"]}]},{"@type":"ImageObject","inLanguage":"es","@id":"https:\/\/infopba247.com.ar\/index.php\/2024\/03\/25\/la-provincia-convoca-a-donar-sangre-en-la-previa-del-feriado\/#primaryimage","url":"https:\/\/infopba247.com.ar\/wp-content\/uploads\/2024\/03\/unnamed-2024-03-25T113215.185.jpg","contentUrl":"https:\/\/infopba247.com.ar\/wp-content\/uploads\/2024\/03\/unnamed-2024-03-25T113215.185.jpg","width":700,"height":466},{"@type":"BreadcrumbList","@id":"https:\/\/infopba247.com.ar\/index.php\/2024\/03\/25\/la-provincia-convoca-a-donar-sangre-en-la-previa-del-feriado\/#breadcrumb","itemListElement":[{"@type":"ListItem","position":1,"name":"Portada","item":"https:\/\/infopba247.com.ar\/"},{"@type":"ListItem","position":2,"name":"La Provincia convoca a donar sangre en la previa del feriado"}]},{"@type":"WebSite","@id":"https:\/\/infopba247.com.ar\/#website","url":"https:\/\/infopba247.com.ar\/","name":"InfoPBA247","description":"Toda la actualidad bonaerense","publisher":{"@id":"https:\/\/infopba247.com.ar\/#organization"},"potentialAction":[{"@type":"SearchAction","target":{"@type":"EntryPoint","urlTemplate":"https:\/\/infopba247.com.ar\/?s={search_term_string}"},"query-input":{"@type":"PropertyValueSpecification","valueRequired":true,"valueName":"search_term_string"}}],"inLanguage":"es"},{"@type":"Organization","@id":"https:\/\/infopba247.com.ar\/#organization","name":"InfoPBA247","url":"https:\/\/infopba247.com.ar\/","logo":{"@type":"ImageObject","inLanguage":"es","@id":"https:\/\/infopba247.com.ar\/#\/schema\/logo\/image\/","url":"https:\/\/infopba247.com.ar\/wp-content\/uploads\/2022\/03\/cropped-InfoPBA247-1.png","contentUrl":"https:\/\/infopba247.com.ar\/wp-content\/uploads\/2022\/03\/cropped-InfoPBA247-1.png","width":500,"height":122,"caption":"InfoPBA247"},"image":{"@id":"https:\/\/infopba247.com.ar\/#\/schema\/logo\/image\/"},"sameAs":["https:\/\/www.facebook.com\/InfoPBA"]},{"@type":"Person","@id":"https:\/\/infopba247.com.ar\/#\/schema\/person\/4975f1343a413e57bf839b3eed0099f2","name":"Editor","image":{"@type":"ImageObject","inLanguage":"es","@id":"https:\/\/secure.gravatar.com\/avatar\/d27fe9520667ca53441d36627a1d6b0fa4a813571ec4803687a7a3a7744685ac?s=96&d=mm&r=g","url":"https:\/\/secure.gravatar.com\/avatar\/d27fe9520667ca53441d36627a1d6b0fa4a813571ec4803687a7a3a7744685ac?s=96&d=mm&r=g","contentUrl":"https:\/\/secure.gravatar.com\/avatar\/d27fe9520667ca53441d36627a1d6b0fa4a813571ec4803687a7a3a7744685ac?s=96&d=mm&r=g","caption":"Editor"},"url":"https:\/\/infopba247.com.ar\/index.php\/author\/editor\/"}]}},"_links":{"self":[{"href":"https:\/\/infopba247.com.ar\/index.php\/wp-json\/wp\/v2\/posts\/3745","targetHints":{"allow":["GET"]}}],"collection":[{"href":"https:\/\/infopba247.com.ar\/index.php\/wp-json\/wp\/v2\/posts"}],"about":[{"href":"https:\/\/infopba247.com.ar\/index.php\/wp-json\/wp\/v2\/types\/post"}],"author":[{"embeddable":true,"href":"https:\/\/infopba247.com.ar\/index.php\/wp-json\/wp\/v2\/users\/3"}],"replies":[{"embeddable":true,"href":"https:\/\/infopba247.com.ar\/index.php\/wp-json\/wp\/v2\/comments?post=3745"}],"version-history":[{"count":1,"href":"https:\/\/infopba247.com.ar\/index.php\/wp-json\/wp\/v2\/posts\/3745\/revisions"}],"predecessor-version":[{"id":3751,"href":"https:\/\/infopba247.com.ar\/index.php\/wp-json\/wp\/v2\/posts\/3745\/revisions\/3751"}],"wp:featuredmedia":[{"embeddable":true,"href":"https:\/\/infopba247.com.ar\/index.php\/wp-json\/wp\/v2\/media\/3747"}],"wp:attachment":[{"href":"https:\/\/infopba247.com.ar\/index.php\/wp-json\/wp\/v2\/media?parent=3745"}],"wp:term":[{"taxonomy":"category","embeddable":true,"href":"https:\/\/infopba247.com.ar\/index.php\/wp-json\/wp\/v2\/categories?post=3745"},{"taxonomy":"post_tag","embeddable":true,"href":"https:\/\/infopba247.com.ar\/index.php\/wp-json\/wp\/v2\/tags?post=3745"}],"curies":[{"name":"wp","href":"https:\/\/api.w.org\/{rel}","templated":true}]}}