{"id":3731,"date":"2024-03-22T14:14:20","date_gmt":"2024-03-22T17:14:20","guid":{"rendered":"https:\/\/infopba247.com.ar\/?p=3731"},"modified":"2024-03-22T14:14:21","modified_gmt":"2024-03-22T17:14:21","slug":"con-la-proyeccion-de-abuelas-y-la-casa-de-los-conejos-el-cine-select-conmemora-el-24m","status":"publish","type":"post","link":"https:\/\/infopba247.com.ar\/index.php\/2024\/03\/22\/con-la-proyeccion-de-abuelas-y-la-casa-de-los-conejos-el-cine-select-conmemora-el-24m\/","title":{"rendered":"Con la proyecci\u00f3n de \u201cAbuelas\u201d y \u201cLa casa de los conejos\u201d, el Cine Select conmemora el 24M"},"content":{"rendered":"\n<p>Como parte de las actividades que se desarrollar\u00e1n por el D\u00eda Nacional de la Memoria por la Verdad y la Justicia, la Municipalidad de La Plata dispondr\u00e1 de una cartelera especial con productores invitados y charlas que buscar\u00e1n rememorar y rendir homenaje.<\/p>\n\n\n\n<p>La selecci\u00f3n de films estar\u00e1 disponible hasta el mi\u00e9rcoles 3 de abril en los cines Select y EcoSelect y en su cronograma se ofrecer\u00e1n dos reconocidas funciones de forma libre y gratuita.<\/p>\n\n\n\n<p>Por un lado, este viernes 22 de marzo a las 20:30 en el cine Select del Pasaje Dardo Rocha se proyectar\u00e1 \u201cAbuelas\u201d, una obra que relata la incansable lucha de las Abuelas de Plaza de Mayo por encontrar a sus nietos desaparecidos durante la \u00faltima dictadura c\u00edvico militar.<\/p>\n\n\n\n<p>Tambi\u00e9n desde las 20:30 pero del mi\u00e9rcoles 27, el cine Select ofrecer\u00e1 la pel\u00edcula \u00abLa casa de los conejos\u00bb, una adaptaci\u00f3n de la novela escrita por Laura Alcoba. Esta historia transcurre en la casa Mariani-Teruggi, que fue objeto de ataques por fuerzas de la dictadura c\u00edvico militar y hoy es un espacio de memoria.<\/p>\n\n\n\n<p>A su vez, se brindar\u00e1n otras funciones especiales por el 24 de marzo, continuar\u00e1 el ciclo \u201cMujeres Protagonistas\u201d, se realizar\u00e1n charlas y habr\u00e1 productores invitados en las salas.<\/p>\n\n\n\n<p>En ese sentido, el s\u00e1bado 23 a las 20:30, el cine local contar\u00e1 con la visita de la cineasta Daniela Guerisoli, directora de \u00abPachakuti, viaje a Bolivia\u00bb; mientras que el martes 26 a las 18:00 en el Espacio INCAA disertar\u00e1 el director Lisandro Alonso, responsable de la pel\u00edcula \u00abEureka\u00bb.<\/p>\n\n\n\n<p>Adem\u00e1s, entre otras propuestas, estar\u00e1n vigentes los filmes \u00abLos impactados\u00bb, de Luc\u00eda Puenzo; \u00abOfrenda\u00bb, bajo la direcci\u00f3n de la Asociaci\u00f3n La Mujer; \u00abVen a mi casa esta Navidad\u00bb, de Sabrina Camp; \u00abMujer perseverante\u00bb, de Soledad San Juli\u00e1n; y \u00abM\u00e9xico 71\u00bb, dirigida por Carolina Gil Solari y Carolina M. Fern\u00e1ndez.<\/p>\n","protected":false},"excerpt":{"rendered":"<p>Como parte de las actividades que se desarrollar\u00e1n por el D\u00eda Nacional de la Memoria por la Verdad y la<\/p>\n","protected":false},"author":3,"featured_media":3733,"comment_status":"closed","ping_status":"closed","sticky":false,"template":"","format":"standard","meta":{"colormag_page_container_layout":"default_layout","colormag_page_sidebar_layout":"default_layout","footnotes":""},"categories":[12,1,14],"tags":[],"class_list":["post-3731","post","type-post","status-publish","format-standard","has-post-thumbnail","hentry","category-8va-seccion","category-destacadas","category-politica"],"yoast_head":"<!-- This site is optimized with the Yoast SEO plugin v27.4 - https:\/\/yoast.com\/product\/yoast-seo-wordpress\/ -->\n<title>Con la proyecci\u00f3n de \u201cAbuelas\u201d y \u201cLa casa de los conejos\u201d, el Cine Select conmemora el 24M - InfoPBA247<\/title>\n<meta name=\"robots\" content=\"index, follow, max-snippet:-1, max-image-preview:large, max-video-preview:-1\" \/>\n<link rel=\"canonical\" href=\"https:\/\/infopba247.com.ar\/index.php\/2024\/03\/22\/con-la-proyeccion-de-abuelas-y-la-casa-de-los-conejos-el-cine-select-conmemora-el-24m\/\" \/>\n<meta property=\"og:locale\" content=\"es_ES\" \/>\n<meta property=\"og:type\" content=\"article\" \/>\n<meta property=\"og:title\" content=\"Con la proyecci\u00f3n de \u201cAbuelas\u201d y \u201cLa casa de los conejos\u201d, el Cine Select conmemora el 24M - InfoPBA247\" \/>\n<meta property=\"og:description\" content=\"Como parte de las actividades que se desarrollar\u00e1n por el D\u00eda Nacional de la Memoria por la Verdad y la\" \/>\n<meta property=\"og:url\" content=\"https:\/\/infopba247.com.ar\/index.php\/2024\/03\/22\/con-la-proyeccion-de-abuelas-y-la-casa-de-los-conejos-el-cine-select-conmemora-el-24m\/\" \/>\n<meta property=\"og:site_name\" content=\"InfoPBA247\" \/>\n<meta property=\"article:publisher\" content=\"https:\/\/www.facebook.com\/InfoPBA\" \/>\n<meta property=\"article:published_time\" content=\"2024-03-22T17:14:20+00:00\" \/>\n<meta property=\"article:modified_time\" content=\"2024-03-22T17:14:21+00:00\" \/>\n<meta property=\"og:image\" content=\"https:\/\/infopba247.com.ar\/wp-content\/uploads\/2024\/03\/unnamed-2024-03-22T140202.098-scaled.jpg\" \/>\n\t<meta property=\"og:image:width\" content=\"2560\" \/>\n\t<meta property=\"og:image:height\" content=\"1440\" \/>\n\t<meta property=\"og:image:type\" content=\"image\/jpeg\" \/>\n<meta name=\"author\" content=\"Editor\" \/>\n<meta name=\"twitter:card\" content=\"summary_large_image\" \/>\n<meta name=\"twitter:label1\" content=\"Escrito por\" \/>\n\t<meta name=\"twitter:data1\" content=\"Editor\" \/>\n\t<meta name=\"twitter:label2\" content=\"Tiempo de lectura\" \/>\n\t<meta name=\"twitter:data2\" content=\"2 minutos\" \/>\n<script type=\"application\/ld+json\" class=\"yoast-schema-graph\">{\"@context\":\"https:\\\/\\\/schema.org\",\"@graph\":[{\"@type\":\"Article\",\"@id\":\"https:\\\/\\\/infopba247.com.ar\\\/index.php\\\/2024\\\/03\\\/22\\\/con-la-proyeccion-de-abuelas-y-la-casa-de-los-conejos-el-cine-select-conmemora-el-24m\\\/#article\",\"isPartOf\":{\"@id\":\"https:\\\/\\\/infopba247.com.ar\\\/index.php\\\/2024\\\/03\\\/22\\\/con-la-proyeccion-de-abuelas-y-la-casa-de-los-conejos-el-cine-select-conmemora-el-24m\\\/\"},\"author\":{\"name\":\"Editor\",\"@id\":\"https:\\\/\\\/infopba247.com.ar\\\/#\\\/schema\\\/person\\\/4975f1343a413e57bf839b3eed0099f2\"},\"headline\":\"Con la proyecci\u00f3n de \u201cAbuelas\u201d y \u201cLa casa de los conejos\u201d, el Cine Select conmemora el 24M\",\"datePublished\":\"2024-03-22T17:14:20+00:00\",\"dateModified\":\"2024-03-22T17:14:21+00:00\",\"mainEntityOfPage\":{\"@id\":\"https:\\\/\\\/infopba247.com.ar\\\/index.php\\\/2024\\\/03\\\/22\\\/con-la-proyeccion-de-abuelas-y-la-casa-de-los-conejos-el-cine-select-conmemora-el-24m\\\/\"},\"wordCount\":333,\"publisher\":{\"@id\":\"https:\\\/\\\/infopba247.com.ar\\\/#organization\"},\"image\":{\"@id\":\"https:\\\/\\\/infopba247.com.ar\\\/index.php\\\/2024\\\/03\\\/22\\\/con-la-proyeccion-de-abuelas-y-la-casa-de-los-conejos-el-cine-select-conmemora-el-24m\\\/#primaryimage\"},\"thumbnailUrl\":\"https:\\\/\\\/infopba247.com.ar\\\/wp-content\\\/uploads\\\/2024\\\/03\\\/unnamed-2024-03-22T140202.098-scaled.jpg\",\"articleSection\":[\"8va Secci\u00f3n\",\"Destacadas\",\"Pol\u00edtica\"],\"inLanguage\":\"es\"},{\"@type\":\"WebPage\",\"@id\":\"https:\\\/\\\/infopba247.com.ar\\\/index.php\\\/2024\\\/03\\\/22\\\/con-la-proyeccion-de-abuelas-y-la-casa-de-los-conejos-el-cine-select-conmemora-el-24m\\\/\",\"url\":\"https:\\\/\\\/infopba247.com.ar\\\/index.php\\\/2024\\\/03\\\/22\\\/con-la-proyeccion-de-abuelas-y-la-casa-de-los-conejos-el-cine-select-conmemora-el-24m\\\/\",\"name\":\"Con la proyecci\u00f3n de \u201cAbuelas\u201d y \u201cLa casa de los conejos\u201d, el Cine Select conmemora el 24M - InfoPBA247\",\"isPartOf\":{\"@id\":\"https:\\\/\\\/infopba247.com.ar\\\/#website\"},\"primaryImageOfPage\":{\"@id\":\"https:\\\/\\\/infopba247.com.ar\\\/index.php\\\/2024\\\/03\\\/22\\\/con-la-proyeccion-de-abuelas-y-la-casa-de-los-conejos-el-cine-select-conmemora-el-24m\\\/#primaryimage\"},\"image\":{\"@id\":\"https:\\\/\\\/infopba247.com.ar\\\/index.php\\\/2024\\\/03\\\/22\\\/con-la-proyeccion-de-abuelas-y-la-casa-de-los-conejos-el-cine-select-conmemora-el-24m\\\/#primaryimage\"},\"thumbnailUrl\":\"https:\\\/\\\/infopba247.com.ar\\\/wp-content\\\/uploads\\\/2024\\\/03\\\/unnamed-2024-03-22T140202.098-scaled.jpg\",\"datePublished\":\"2024-03-22T17:14:20+00:00\",\"dateModified\":\"2024-03-22T17:14:21+00:00\",\"breadcrumb\":{\"@id\":\"https:\\\/\\\/infopba247.com.ar\\\/index.php\\\/2024\\\/03\\\/22\\\/con-la-proyeccion-de-abuelas-y-la-casa-de-los-conejos-el-cine-select-conmemora-el-24m\\\/#breadcrumb\"},\"inLanguage\":\"es\",\"potentialAction\":[{\"@type\":\"ReadAction\",\"target\":[\"https:\\\/\\\/infopba247.com.ar\\\/index.php\\\/2024\\\/03\\\/22\\\/con-la-proyeccion-de-abuelas-y-la-casa-de-los-conejos-el-cine-select-conmemora-el-24m\\\/\"]}]},{\"@type\":\"ImageObject\",\"inLanguage\":\"es\",\"@id\":\"https:\\\/\\\/infopba247.com.ar\\\/index.php\\\/2024\\\/03\\\/22\\\/con-la-proyeccion-de-abuelas-y-la-casa-de-los-conejos-el-cine-select-conmemora-el-24m\\\/#primaryimage\",\"url\":\"https:\\\/\\\/infopba247.com.ar\\\/wp-content\\\/uploads\\\/2024\\\/03\\\/unnamed-2024-03-22T140202.098-scaled.jpg\",\"contentUrl\":\"https:\\\/\\\/infopba247.com.ar\\\/wp-content\\\/uploads\\\/2024\\\/03\\\/unnamed-2024-03-22T140202.098-scaled.jpg\",\"width\":2560,\"height\":1440},{\"@type\":\"BreadcrumbList\",\"@id\":\"https:\\\/\\\/infopba247.com.ar\\\/index.php\\\/2024\\\/03\\\/22\\\/con-la-proyeccion-de-abuelas-y-la-casa-de-los-conejos-el-cine-select-conmemora-el-24m\\\/#breadcrumb\",\"itemListElement\":[{\"@type\":\"ListItem\",\"position\":1,\"name\":\"Portada\",\"item\":\"https:\\\/\\\/infopba247.com.ar\\\/\"},{\"@type\":\"ListItem\",\"position\":2,\"name\":\"Con la proyecci\u00f3n de \u201cAbuelas\u201d y \u201cLa casa de los conejos\u201d, el Cine Select conmemora el 24M\"}]},{\"@type\":\"WebSite\",\"@id\":\"https:\\\/\\\/infopba247.com.ar\\\/#website\",\"url\":\"https:\\\/\\\/infopba247.com.ar\\\/\",\"name\":\"InfoPBA247\",\"description\":\"Toda la actualidad bonaerense\",\"publisher\":{\"@id\":\"https:\\\/\\\/infopba247.com.ar\\\/#organization\"},\"potentialAction\":[{\"@type\":\"SearchAction\",\"target\":{\"@type\":\"EntryPoint\",\"urlTemplate\":\"https:\\\/\\\/infopba247.com.ar\\\/?s={search_term_string}\"},\"query-input\":{\"@type\":\"PropertyValueSpecification\",\"valueRequired\":true,\"valueName\":\"search_term_string\"}}],\"inLanguage\":\"es\"},{\"@type\":\"Organization\",\"@id\":\"https:\\\/\\\/infopba247.com.ar\\\/#organization\",\"name\":\"InfoPBA247\",\"url\":\"https:\\\/\\\/infopba247.com.ar\\\/\",\"logo\":{\"@type\":\"ImageObject\",\"inLanguage\":\"es\",\"@id\":\"https:\\\/\\\/infopba247.com.ar\\\/#\\\/schema\\\/logo\\\/image\\\/\",\"url\":\"https:\\\/\\\/infopba247.com.ar\\\/wp-content\\\/uploads\\\/2022\\\/03\\\/cropped-InfoPBA247-1.png\",\"contentUrl\":\"https:\\\/\\\/infopba247.com.ar\\\/wp-content\\\/uploads\\\/2022\\\/03\\\/cropped-InfoPBA247-1.png\",\"width\":500,\"height\":122,\"caption\":\"InfoPBA247\"},\"image\":{\"@id\":\"https:\\\/\\\/infopba247.com.ar\\\/#\\\/schema\\\/logo\\\/image\\\/\"},\"sameAs\":[\"https:\\\/\\\/www.facebook.com\\\/InfoPBA\"]},{\"@type\":\"Person\",\"@id\":\"https:\\\/\\\/infopba247.com.ar\\\/#\\\/schema\\\/person\\\/4975f1343a413e57bf839b3eed0099f2\",\"name\":\"Editor\",\"image\":{\"@type\":\"ImageObject\",\"inLanguage\":\"es\",\"@id\":\"https:\\\/\\\/secure.gravatar.com\\\/avatar\\\/d27fe9520667ca53441d36627a1d6b0fa4a813571ec4803687a7a3a7744685ac?s=96&d=mm&r=g\",\"url\":\"https:\\\/\\\/secure.gravatar.com\\\/avatar\\\/d27fe9520667ca53441d36627a1d6b0fa4a813571ec4803687a7a3a7744685ac?s=96&d=mm&r=g\",\"contentUrl\":\"https:\\\/\\\/secure.gravatar.com\\\/avatar\\\/d27fe9520667ca53441d36627a1d6b0fa4a813571ec4803687a7a3a7744685ac?s=96&d=mm&r=g\",\"caption\":\"Editor\"},\"url\":\"https:\\\/\\\/infopba247.com.ar\\\/index.php\\\/author\\\/editor\\\/\"}]}<\/script>\n<!-- \/ Yoast SEO plugin. -->","yoast_head_json":{"title":"Con la proyecci\u00f3n de \u201cAbuelas\u201d y \u201cLa casa de los conejos\u201d, el Cine Select conmemora el 24M - InfoPBA247","robots":{"index":"index","follow":"follow","max-snippet":"max-snippet:-1","max-image-preview":"max-image-preview:large","max-video-preview":"max-video-preview:-1"},"canonical":"https:\/\/infopba247.com.ar\/index.php\/2024\/03\/22\/con-la-proyeccion-de-abuelas-y-la-casa-de-los-conejos-el-cine-select-conmemora-el-24m\/","og_locale":"es_ES","og_type":"article","og_title":"Con la proyecci\u00f3n de \u201cAbuelas\u201d y \u201cLa casa de los conejos\u201d, el Cine Select conmemora el 24M - InfoPBA247","og_description":"Como parte de las actividades que se desarrollar\u00e1n por el D\u00eda Nacional de la Memoria por la Verdad y la","og_url":"https:\/\/infopba247.com.ar\/index.php\/2024\/03\/22\/con-la-proyeccion-de-abuelas-y-la-casa-de-los-conejos-el-cine-select-conmemora-el-24m\/","og_site_name":"InfoPBA247","article_publisher":"https:\/\/www.facebook.com\/InfoPBA","article_published_time":"2024-03-22T17:14:20+00:00","article_modified_time":"2024-03-22T17:14:21+00:00","og_image":[{"width":2560,"height":1440,"url":"https:\/\/infopba247.com.ar\/wp-content\/uploads\/2024\/03\/unnamed-2024-03-22T140202.098-scaled.jpg","type":"image\/jpeg"}],"author":"Editor","twitter_card":"summary_large_image","twitter_misc":{"Escrito por":"Editor","Tiempo de lectura":"2 minutos"},"schema":{"@context":"https:\/\/schema.org","@graph":[{"@type":"Article","@id":"https:\/\/infopba247.com.ar\/index.php\/2024\/03\/22\/con-la-proyeccion-de-abuelas-y-la-casa-de-los-conejos-el-cine-select-conmemora-el-24m\/#article","isPartOf":{"@id":"https:\/\/infopba247.com.ar\/index.php\/2024\/03\/22\/con-la-proyeccion-de-abuelas-y-la-casa-de-los-conejos-el-cine-select-conmemora-el-24m\/"},"author":{"name":"Editor","@id":"https:\/\/infopba247.com.ar\/#\/schema\/person\/4975f1343a413e57bf839b3eed0099f2"},"headline":"Con la proyecci\u00f3n de \u201cAbuelas\u201d y \u201cLa casa de los conejos\u201d, el Cine Select conmemora el 24M","datePublished":"2024-03-22T17:14:20+00:00","dateModified":"2024-03-22T17:14:21+00:00","mainEntityOfPage":{"@id":"https:\/\/infopba247.com.ar\/index.php\/2024\/03\/22\/con-la-proyeccion-de-abuelas-y-la-casa-de-los-conejos-el-cine-select-conmemora-el-24m\/"},"wordCount":333,"publisher":{"@id":"https:\/\/infopba247.com.ar\/#organization"},"image":{"@id":"https:\/\/infopba247.com.ar\/index.php\/2024\/03\/22\/con-la-proyeccion-de-abuelas-y-la-casa-de-los-conejos-el-cine-select-conmemora-el-24m\/#primaryimage"},"thumbnailUrl":"https:\/\/infopba247.com.ar\/wp-content\/uploads\/2024\/03\/unnamed-2024-03-22T140202.098-scaled.jpg","articleSection":["8va Secci\u00f3n","Destacadas","Pol\u00edtica"],"inLanguage":"es"},{"@type":"WebPage","@id":"https:\/\/infopba247.com.ar\/index.php\/2024\/03\/22\/con-la-proyeccion-de-abuelas-y-la-casa-de-los-conejos-el-cine-select-conmemora-el-24m\/","url":"https:\/\/infopba247.com.ar\/index.php\/2024\/03\/22\/con-la-proyeccion-de-abuelas-y-la-casa-de-los-conejos-el-cine-select-conmemora-el-24m\/","name":"Con la proyecci\u00f3n de \u201cAbuelas\u201d y \u201cLa casa de los conejos\u201d, el Cine Select conmemora el 24M - InfoPBA247","isPartOf":{"@id":"https:\/\/infopba247.com.ar\/#website"},"primaryImageOfPage":{"@id":"https:\/\/infopba247.com.ar\/index.php\/2024\/03\/22\/con-la-proyeccion-de-abuelas-y-la-casa-de-los-conejos-el-cine-select-conmemora-el-24m\/#primaryimage"},"image":{"@id":"https:\/\/infopba247.com.ar\/index.php\/2024\/03\/22\/con-la-proyeccion-de-abuelas-y-la-casa-de-los-conejos-el-cine-select-conmemora-el-24m\/#primaryimage"},"thumbnailUrl":"https:\/\/infopba247.com.ar\/wp-content\/uploads\/2024\/03\/unnamed-2024-03-22T140202.098-scaled.jpg","datePublished":"2024-03-22T17:14:20+00:00","dateModified":"2024-03-22T17:14:21+00:00","breadcrumb":{"@id":"https:\/\/infopba247.com.ar\/index.php\/2024\/03\/22\/con-la-proyeccion-de-abuelas-y-la-casa-de-los-conejos-el-cine-select-conmemora-el-24m\/#breadcrumb"},"inLanguage":"es","potentialAction":[{"@type":"ReadAction","target":["https:\/\/infopba247.com.ar\/index.php\/2024\/03\/22\/con-la-proyeccion-de-abuelas-y-la-casa-de-los-conejos-el-cine-select-conmemora-el-24m\/"]}]},{"@type":"ImageObject","inLanguage":"es","@id":"https:\/\/infopba247.com.ar\/index.php\/2024\/03\/22\/con-la-proyeccion-de-abuelas-y-la-casa-de-los-conejos-el-cine-select-conmemora-el-24m\/#primaryimage","url":"https:\/\/infopba247.com.ar\/wp-content\/uploads\/2024\/03\/unnamed-2024-03-22T140202.098-scaled.jpg","contentUrl":"https:\/\/infopba247.com.ar\/wp-content\/uploads\/2024\/03\/unnamed-2024-03-22T140202.098-scaled.jpg","width":2560,"height":1440},{"@type":"BreadcrumbList","@id":"https:\/\/infopba247.com.ar\/index.php\/2024\/03\/22\/con-la-proyeccion-de-abuelas-y-la-casa-de-los-conejos-el-cine-select-conmemora-el-24m\/#breadcrumb","itemListElement":[{"@type":"ListItem","position":1,"name":"Portada","item":"https:\/\/infopba247.com.ar\/"},{"@type":"ListItem","position":2,"name":"Con la proyecci\u00f3n de \u201cAbuelas\u201d y \u201cLa casa de los conejos\u201d, el Cine Select conmemora el 24M"}]},{"@type":"WebSite","@id":"https:\/\/infopba247.com.ar\/#website","url":"https:\/\/infopba247.com.ar\/","name":"InfoPBA247","description":"Toda la actualidad bonaerense","publisher":{"@id":"https:\/\/infopba247.com.ar\/#organization"},"potentialAction":[{"@type":"SearchAction","target":{"@type":"EntryPoint","urlTemplate":"https:\/\/infopba247.com.ar\/?s={search_term_string}"},"query-input":{"@type":"PropertyValueSpecification","valueRequired":true,"valueName":"search_term_string"}}],"inLanguage":"es"},{"@type":"Organization","@id":"https:\/\/infopba247.com.ar\/#organization","name":"InfoPBA247","url":"https:\/\/infopba247.com.ar\/","logo":{"@type":"ImageObject","inLanguage":"es","@id":"https:\/\/infopba247.com.ar\/#\/schema\/logo\/image\/","url":"https:\/\/infopba247.com.ar\/wp-content\/uploads\/2022\/03\/cropped-InfoPBA247-1.png","contentUrl":"https:\/\/infopba247.com.ar\/wp-content\/uploads\/2022\/03\/cropped-InfoPBA247-1.png","width":500,"height":122,"caption":"InfoPBA247"},"image":{"@id":"https:\/\/infopba247.com.ar\/#\/schema\/logo\/image\/"},"sameAs":["https:\/\/www.facebook.com\/InfoPBA"]},{"@type":"Person","@id":"https:\/\/infopba247.com.ar\/#\/schema\/person\/4975f1343a413e57bf839b3eed0099f2","name":"Editor","image":{"@type":"ImageObject","inLanguage":"es","@id":"https:\/\/secure.gravatar.com\/avatar\/d27fe9520667ca53441d36627a1d6b0fa4a813571ec4803687a7a3a7744685ac?s=96&d=mm&r=g","url":"https:\/\/secure.gravatar.com\/avatar\/d27fe9520667ca53441d36627a1d6b0fa4a813571ec4803687a7a3a7744685ac?s=96&d=mm&r=g","contentUrl":"https:\/\/secure.gravatar.com\/avatar\/d27fe9520667ca53441d36627a1d6b0fa4a813571ec4803687a7a3a7744685ac?s=96&d=mm&r=g","caption":"Editor"},"url":"https:\/\/infopba247.com.ar\/index.php\/author\/editor\/"}]}},"_links":{"self":[{"href":"https:\/\/infopba247.com.ar\/index.php\/wp-json\/wp\/v2\/posts\/3731","targetHints":{"allow":["GET"]}}],"collection":[{"href":"https:\/\/infopba247.com.ar\/index.php\/wp-json\/wp\/v2\/posts"}],"about":[{"href":"https:\/\/infopba247.com.ar\/index.php\/wp-json\/wp\/v2\/types\/post"}],"author":[{"embeddable":true,"href":"https:\/\/infopba247.com.ar\/index.php\/wp-json\/wp\/v2\/users\/3"}],"replies":[{"embeddable":true,"href":"https:\/\/infopba247.com.ar\/index.php\/wp-json\/wp\/v2\/comments?post=3731"}],"version-history":[{"count":1,"href":"https:\/\/infopba247.com.ar\/index.php\/wp-json\/wp\/v2\/posts\/3731\/revisions"}],"predecessor-version":[{"id":3734,"href":"https:\/\/infopba247.com.ar\/index.php\/wp-json\/wp\/v2\/posts\/3731\/revisions\/3734"}],"wp:featuredmedia":[{"embeddable":true,"href":"https:\/\/infopba247.com.ar\/index.php\/wp-json\/wp\/v2\/media\/3733"}],"wp:attachment":[{"href":"https:\/\/infopba247.com.ar\/index.php\/wp-json\/wp\/v2\/media?parent=3731"}],"wp:term":[{"taxonomy":"category","embeddable":true,"href":"https:\/\/infopba247.com.ar\/index.php\/wp-json\/wp\/v2\/categories?post=3731"},{"taxonomy":"post_tag","embeddable":true,"href":"https:\/\/infopba247.com.ar\/index.php\/wp-json\/wp\/v2\/tags?post=3731"}],"curies":[{"name":"wp","href":"https:\/\/api.w.org\/{rel}","templated":true}]}}