{"id":3695,"date":"2024-03-18T13:04:02","date_gmt":"2024-03-18T16:04:02","guid":{"rendered":"https:\/\/infopba247.com.ar\/?p=3695"},"modified":"2024-03-18T13:04:02","modified_gmt":"2024-03-18T16:04:02","slug":"marchamos-por-los-30000-detenidos-desaparecidos-contra-el-negacionismo-y-el-plan-motosierra-de-milei","status":"publish","type":"post","link":"https:\/\/infopba247.com.ar\/index.php\/2024\/03\/18\/marchamos-por-los-30000-detenidos-desaparecidos-contra-el-negacionismo-y-el-plan-motosierra-de-milei\/","title":{"rendered":"\u201cMarchamos por los 30000 detenidos desaparecidos, contra el negacionismo y el plan motosierra de Milei\u201d"},"content":{"rendered":"\n<p>Este 24 de marzo se cumplen 48 a\u00f1os del golpe militar y desde la Multisectorial La Plata, Berisso y Ensenada llaman a marchar en la ciudad y a Plaza de Mayo por memoria, verdad y justicia y contra las pol\u00edticas de ajuste y pro represivas del gobierno nacional de Javier Milei.<\/p>\n\n\n\n<p>Uno de los referentes de dicho espacio es el dirigente del Nuevo MAS Eric \u201cTano\u201d Simonetti quien expres\u00f3 que \u201ceste a\u00f1o, m\u00e1s que nunca, nos encontramos en una situaci\u00f3n donde tenemos un gobierno que reivindica abiertamiente a la dictadura militar, niega el genocidio perpetrado por los militares y adem\u00e1s est\u00e1 llevando a cabo un plan de ataque contra los derechos hist\u00f3ricos conquistados por los trabajadores y el pueblo\u201d.<\/p>\n\n\n\n<p>Simonetti plante\u00f3 que \u201cpor eso es tan importante volver a ganar las calles, de la misma manera que fuimos miles durante el paro general del 24 de enero y el 8 de marzo con la fuerza del movimiento de mujeres, este 24 de marzo tenemos que ser cientos de miles en todo el pa\u00eds, tanto ac\u00e1 en La Plata como en Plaza de Mayo, para defender los derechos conquistados en estos 40 a\u00f1os, Desde que los trabajadores tiraron abajo la dictadura militar y luego con a\u00f1os de lucha de los organismos de derechos humanos se conquist\u00f3 avanzar en los juicios para encarcelar a los genocidas. Hay que mantener la memoria activa y esos derechos que conquistamos los vamos a defender moviliz\u00e1ndonos y organiz\u00e1ndonos activamente en las calles.\u201d<\/p>\n\n\n\n<p>El dirigente de izquierda remarc\u00f3 que \u201cmantenernos movilizados es muy importante porque el gobierno quiere atacar derechos de los trabajadores, ahora quiere impulsar una reforma laboral, quiere vaciar de presupuesto las universidades atacando la educaci\u00f3n p\u00fablica, pretende hacer de la Argentina un pa\u00eds donde las grandes mayor\u00edas sean totalmente pobres a costa de que los grandes empresarios se enriquezcan, que es lo que est\u00e1 sucediendo hoy en d\u00eda. Pero los trabajadores nos organizamos y damos pelea, y gracias a la presi\u00f3n popular ahora logramos que caiga el DNU en el Senado.\u201d<\/p>\n\n\n\n<p>Para finalizar, Simonetti puntualiz\u00f3 que \u201cpara este 23 de marzo ac\u00e1 en La Plata, junto a la Multisectorial La Plata, Berisso y Ensenada convocamos a movilizarnos con toda la fuerza en las calles y el 24 llamamos a marchar con todo a la Plaza de Mayo. Ser\u00e1n dos importantes jornadas de lucha en las que tambi\u00e9n vamos a reclamarle a la CGT y CTA un nuevo Paro General de 48hs para que los reclamos de los trabajadores, mujeres y diversidades se unifiquen y se expresen con m\u00e1s fuerza, hasta lograr la derrota total del DNU, el protocolo antiprotesta de Bullrich y el Plan Motosierra&nbsp;de&nbsp;Milei\u201d.<\/p>\n","protected":false},"excerpt":{"rendered":"<p>Este 24 de marzo se cumplen 48 a\u00f1os del golpe militar y desde la Multisectorial La Plata, Berisso y Ensenada<\/p>\n","protected":false},"author":3,"featured_media":3699,"comment_status":"closed","ping_status":"closed","sticky":false,"template":"","format":"standard","meta":{"colormag_page_container_layout":"default_layout","colormag_page_sidebar_layout":"default_layout","footnotes":""},"categories":[1,14],"tags":[],"class_list":["post-3695","post","type-post","status-publish","format-standard","has-post-thumbnail","hentry","category-destacadas","category-politica"],"yoast_head":"<!-- This site is optimized with the Yoast SEO plugin v27.4 - https:\/\/yoast.com\/product\/yoast-seo-wordpress\/ -->\n<title>\u201cMarchamos por los 30000 detenidos desaparecidos, contra el negacionismo y el plan motosierra de Milei\u201d - InfoPBA247<\/title>\n<meta name=\"robots\" content=\"index, follow, max-snippet:-1, max-image-preview:large, max-video-preview:-1\" \/>\n<link rel=\"canonical\" href=\"https:\/\/infopba247.com.ar\/index.php\/2024\/03\/18\/marchamos-por-los-30000-detenidos-desaparecidos-contra-el-negacionismo-y-el-plan-motosierra-de-milei\/\" \/>\n<meta property=\"og:locale\" content=\"es_ES\" \/>\n<meta property=\"og:type\" content=\"article\" \/>\n<meta property=\"og:title\" content=\"\u201cMarchamos por los 30000 detenidos desaparecidos, contra el negacionismo y el plan motosierra de Milei\u201d - InfoPBA247\" \/>\n<meta property=\"og:description\" content=\"Este 24 de marzo se cumplen 48 a\u00f1os del golpe militar y desde la Multisectorial La Plata, Berisso y Ensenada\" \/>\n<meta property=\"og:url\" content=\"https:\/\/infopba247.com.ar\/index.php\/2024\/03\/18\/marchamos-por-los-30000-detenidos-desaparecidos-contra-el-negacionismo-y-el-plan-motosierra-de-milei\/\" \/>\n<meta property=\"og:site_name\" content=\"InfoPBA247\" \/>\n<meta property=\"article:publisher\" content=\"https:\/\/www.facebook.com\/InfoPBA\" \/>\n<meta property=\"article:published_time\" content=\"2024-03-18T16:04:02+00:00\" \/>\n<meta property=\"og:image\" content=\"https:\/\/infopba247.com.ar\/wp-content\/uploads\/2024\/03\/Simonetti-23M-archivo.jpg\" \/>\n\t<meta property=\"og:image:width\" content=\"1064\" \/>\n\t<meta property=\"og:image:height\" content=\"685\" \/>\n\t<meta property=\"og:image:type\" content=\"image\/jpeg\" \/>\n<meta name=\"author\" content=\"Editor\" \/>\n<meta name=\"twitter:card\" content=\"summary_large_image\" \/>\n<meta name=\"twitter:label1\" content=\"Escrito por\" \/>\n\t<meta name=\"twitter:data1\" content=\"Editor\" \/>\n\t<meta name=\"twitter:label2\" content=\"Tiempo de lectura\" \/>\n\t<meta name=\"twitter:data2\" content=\"3 minutos\" \/>\n<script type=\"application\/ld+json\" class=\"yoast-schema-graph\">{\"@context\":\"https:\\\/\\\/schema.org\",\"@graph\":[{\"@type\":\"Article\",\"@id\":\"https:\\\/\\\/infopba247.com.ar\\\/index.php\\\/2024\\\/03\\\/18\\\/marchamos-por-los-30000-detenidos-desaparecidos-contra-el-negacionismo-y-el-plan-motosierra-de-milei\\\/#article\",\"isPartOf\":{\"@id\":\"https:\\\/\\\/infopba247.com.ar\\\/index.php\\\/2024\\\/03\\\/18\\\/marchamos-por-los-30000-detenidos-desaparecidos-contra-el-negacionismo-y-el-plan-motosierra-de-milei\\\/\"},\"author\":{\"name\":\"Editor\",\"@id\":\"https:\\\/\\\/infopba247.com.ar\\\/#\\\/schema\\\/person\\\/4975f1343a413e57bf839b3eed0099f2\"},\"headline\":\"\u201cMarchamos por los 30000 detenidos desaparecidos, contra el negacionismo y el plan motosierra de Milei\u201d\",\"datePublished\":\"2024-03-18T16:04:02+00:00\",\"mainEntityOfPage\":{\"@id\":\"https:\\\/\\\/infopba247.com.ar\\\/index.php\\\/2024\\\/03\\\/18\\\/marchamos-por-los-30000-detenidos-desaparecidos-contra-el-negacionismo-y-el-plan-motosierra-de-milei\\\/\"},\"wordCount\":472,\"publisher\":{\"@id\":\"https:\\\/\\\/infopba247.com.ar\\\/#organization\"},\"image\":{\"@id\":\"https:\\\/\\\/infopba247.com.ar\\\/index.php\\\/2024\\\/03\\\/18\\\/marchamos-por-los-30000-detenidos-desaparecidos-contra-el-negacionismo-y-el-plan-motosierra-de-milei\\\/#primaryimage\"},\"thumbnailUrl\":\"https:\\\/\\\/infopba247.com.ar\\\/wp-content\\\/uploads\\\/2024\\\/03\\\/Simonetti-23M-archivo.jpg\",\"articleSection\":[\"Destacadas\",\"Pol\u00edtica\"],\"inLanguage\":\"es\"},{\"@type\":\"WebPage\",\"@id\":\"https:\\\/\\\/infopba247.com.ar\\\/index.php\\\/2024\\\/03\\\/18\\\/marchamos-por-los-30000-detenidos-desaparecidos-contra-el-negacionismo-y-el-plan-motosierra-de-milei\\\/\",\"url\":\"https:\\\/\\\/infopba247.com.ar\\\/index.php\\\/2024\\\/03\\\/18\\\/marchamos-por-los-30000-detenidos-desaparecidos-contra-el-negacionismo-y-el-plan-motosierra-de-milei\\\/\",\"name\":\"\u201cMarchamos por los 30000 detenidos desaparecidos, contra el negacionismo y el plan motosierra de Milei\u201d - InfoPBA247\",\"isPartOf\":{\"@id\":\"https:\\\/\\\/infopba247.com.ar\\\/#website\"},\"primaryImageOfPage\":{\"@id\":\"https:\\\/\\\/infopba247.com.ar\\\/index.php\\\/2024\\\/03\\\/18\\\/marchamos-por-los-30000-detenidos-desaparecidos-contra-el-negacionismo-y-el-plan-motosierra-de-milei\\\/#primaryimage\"},\"image\":{\"@id\":\"https:\\\/\\\/infopba247.com.ar\\\/index.php\\\/2024\\\/03\\\/18\\\/marchamos-por-los-30000-detenidos-desaparecidos-contra-el-negacionismo-y-el-plan-motosierra-de-milei\\\/#primaryimage\"},\"thumbnailUrl\":\"https:\\\/\\\/infopba247.com.ar\\\/wp-content\\\/uploads\\\/2024\\\/03\\\/Simonetti-23M-archivo.jpg\",\"datePublished\":\"2024-03-18T16:04:02+00:00\",\"breadcrumb\":{\"@id\":\"https:\\\/\\\/infopba247.com.ar\\\/index.php\\\/2024\\\/03\\\/18\\\/marchamos-por-los-30000-detenidos-desaparecidos-contra-el-negacionismo-y-el-plan-motosierra-de-milei\\\/#breadcrumb\"},\"inLanguage\":\"es\",\"potentialAction\":[{\"@type\":\"ReadAction\",\"target\":[\"https:\\\/\\\/infopba247.com.ar\\\/index.php\\\/2024\\\/03\\\/18\\\/marchamos-por-los-30000-detenidos-desaparecidos-contra-el-negacionismo-y-el-plan-motosierra-de-milei\\\/\"]}]},{\"@type\":\"ImageObject\",\"inLanguage\":\"es\",\"@id\":\"https:\\\/\\\/infopba247.com.ar\\\/index.php\\\/2024\\\/03\\\/18\\\/marchamos-por-los-30000-detenidos-desaparecidos-contra-el-negacionismo-y-el-plan-motosierra-de-milei\\\/#primaryimage\",\"url\":\"https:\\\/\\\/infopba247.com.ar\\\/wp-content\\\/uploads\\\/2024\\\/03\\\/Simonetti-23M-archivo.jpg\",\"contentUrl\":\"https:\\\/\\\/infopba247.com.ar\\\/wp-content\\\/uploads\\\/2024\\\/03\\\/Simonetti-23M-archivo.jpg\",\"width\":1064,\"height\":685},{\"@type\":\"BreadcrumbList\",\"@id\":\"https:\\\/\\\/infopba247.com.ar\\\/index.php\\\/2024\\\/03\\\/18\\\/marchamos-por-los-30000-detenidos-desaparecidos-contra-el-negacionismo-y-el-plan-motosierra-de-milei\\\/#breadcrumb\",\"itemListElement\":[{\"@type\":\"ListItem\",\"position\":1,\"name\":\"Portada\",\"item\":\"https:\\\/\\\/infopba247.com.ar\\\/\"},{\"@type\":\"ListItem\",\"position\":2,\"name\":\"\u201cMarchamos por los 30000 detenidos desaparecidos, contra el negacionismo y el plan motosierra de Milei\u201d\"}]},{\"@type\":\"WebSite\",\"@id\":\"https:\\\/\\\/infopba247.com.ar\\\/#website\",\"url\":\"https:\\\/\\\/infopba247.com.ar\\\/\",\"name\":\"InfoPBA247\",\"description\":\"Toda la actualidad bonaerense\",\"publisher\":{\"@id\":\"https:\\\/\\\/infopba247.com.ar\\\/#organization\"},\"potentialAction\":[{\"@type\":\"SearchAction\",\"target\":{\"@type\":\"EntryPoint\",\"urlTemplate\":\"https:\\\/\\\/infopba247.com.ar\\\/?s={search_term_string}\"},\"query-input\":{\"@type\":\"PropertyValueSpecification\",\"valueRequired\":true,\"valueName\":\"search_term_string\"}}],\"inLanguage\":\"es\"},{\"@type\":\"Organization\",\"@id\":\"https:\\\/\\\/infopba247.com.ar\\\/#organization\",\"name\":\"InfoPBA247\",\"url\":\"https:\\\/\\\/infopba247.com.ar\\\/\",\"logo\":{\"@type\":\"ImageObject\",\"inLanguage\":\"es\",\"@id\":\"https:\\\/\\\/infopba247.com.ar\\\/#\\\/schema\\\/logo\\\/image\\\/\",\"url\":\"https:\\\/\\\/infopba247.com.ar\\\/wp-content\\\/uploads\\\/2022\\\/03\\\/cropped-InfoPBA247-1.png\",\"contentUrl\":\"https:\\\/\\\/infopba247.com.ar\\\/wp-content\\\/uploads\\\/2022\\\/03\\\/cropped-InfoPBA247-1.png\",\"width\":500,\"height\":122,\"caption\":\"InfoPBA247\"},\"image\":{\"@id\":\"https:\\\/\\\/infopba247.com.ar\\\/#\\\/schema\\\/logo\\\/image\\\/\"},\"sameAs\":[\"https:\\\/\\\/www.facebook.com\\\/InfoPBA\"]},{\"@type\":\"Person\",\"@id\":\"https:\\\/\\\/infopba247.com.ar\\\/#\\\/schema\\\/person\\\/4975f1343a413e57bf839b3eed0099f2\",\"name\":\"Editor\",\"image\":{\"@type\":\"ImageObject\",\"inLanguage\":\"es\",\"@id\":\"https:\\\/\\\/secure.gravatar.com\\\/avatar\\\/d27fe9520667ca53441d36627a1d6b0fa4a813571ec4803687a7a3a7744685ac?s=96&d=mm&r=g\",\"url\":\"https:\\\/\\\/secure.gravatar.com\\\/avatar\\\/d27fe9520667ca53441d36627a1d6b0fa4a813571ec4803687a7a3a7744685ac?s=96&d=mm&r=g\",\"contentUrl\":\"https:\\\/\\\/secure.gravatar.com\\\/avatar\\\/d27fe9520667ca53441d36627a1d6b0fa4a813571ec4803687a7a3a7744685ac?s=96&d=mm&r=g\",\"caption\":\"Editor\"},\"url\":\"https:\\\/\\\/infopba247.com.ar\\\/index.php\\\/author\\\/editor\\\/\"}]}<\/script>\n<!-- \/ Yoast SEO plugin. -->","yoast_head_json":{"title":"\u201cMarchamos por los 30000 detenidos desaparecidos, contra el negacionismo y el plan motosierra de Milei\u201d - InfoPBA247","robots":{"index":"index","follow":"follow","max-snippet":"max-snippet:-1","max-image-preview":"max-image-preview:large","max-video-preview":"max-video-preview:-1"},"canonical":"https:\/\/infopba247.com.ar\/index.php\/2024\/03\/18\/marchamos-por-los-30000-detenidos-desaparecidos-contra-el-negacionismo-y-el-plan-motosierra-de-milei\/","og_locale":"es_ES","og_type":"article","og_title":"\u201cMarchamos por los 30000 detenidos desaparecidos, contra el negacionismo y el plan motosierra de Milei\u201d - InfoPBA247","og_description":"Este 24 de marzo se cumplen 48 a\u00f1os del golpe militar y desde la Multisectorial La Plata, Berisso y Ensenada","og_url":"https:\/\/infopba247.com.ar\/index.php\/2024\/03\/18\/marchamos-por-los-30000-detenidos-desaparecidos-contra-el-negacionismo-y-el-plan-motosierra-de-milei\/","og_site_name":"InfoPBA247","article_publisher":"https:\/\/www.facebook.com\/InfoPBA","article_published_time":"2024-03-18T16:04:02+00:00","og_image":[{"width":1064,"height":685,"url":"https:\/\/infopba247.com.ar\/wp-content\/uploads\/2024\/03\/Simonetti-23M-archivo.jpg","type":"image\/jpeg"}],"author":"Editor","twitter_card":"summary_large_image","twitter_misc":{"Escrito por":"Editor","Tiempo de lectura":"3 minutos"},"schema":{"@context":"https:\/\/schema.org","@graph":[{"@type":"Article","@id":"https:\/\/infopba247.com.ar\/index.php\/2024\/03\/18\/marchamos-por-los-30000-detenidos-desaparecidos-contra-el-negacionismo-y-el-plan-motosierra-de-milei\/#article","isPartOf":{"@id":"https:\/\/infopba247.com.ar\/index.php\/2024\/03\/18\/marchamos-por-los-30000-detenidos-desaparecidos-contra-el-negacionismo-y-el-plan-motosierra-de-milei\/"},"author":{"name":"Editor","@id":"https:\/\/infopba247.com.ar\/#\/schema\/person\/4975f1343a413e57bf839b3eed0099f2"},"headline":"\u201cMarchamos por los 30000 detenidos desaparecidos, contra el negacionismo y el plan motosierra de Milei\u201d","datePublished":"2024-03-18T16:04:02+00:00","mainEntityOfPage":{"@id":"https:\/\/infopba247.com.ar\/index.php\/2024\/03\/18\/marchamos-por-los-30000-detenidos-desaparecidos-contra-el-negacionismo-y-el-plan-motosierra-de-milei\/"},"wordCount":472,"publisher":{"@id":"https:\/\/infopba247.com.ar\/#organization"},"image":{"@id":"https:\/\/infopba247.com.ar\/index.php\/2024\/03\/18\/marchamos-por-los-30000-detenidos-desaparecidos-contra-el-negacionismo-y-el-plan-motosierra-de-milei\/#primaryimage"},"thumbnailUrl":"https:\/\/infopba247.com.ar\/wp-content\/uploads\/2024\/03\/Simonetti-23M-archivo.jpg","articleSection":["Destacadas","Pol\u00edtica"],"inLanguage":"es"},{"@type":"WebPage","@id":"https:\/\/infopba247.com.ar\/index.php\/2024\/03\/18\/marchamos-por-los-30000-detenidos-desaparecidos-contra-el-negacionismo-y-el-plan-motosierra-de-milei\/","url":"https:\/\/infopba247.com.ar\/index.php\/2024\/03\/18\/marchamos-por-los-30000-detenidos-desaparecidos-contra-el-negacionismo-y-el-plan-motosierra-de-milei\/","name":"\u201cMarchamos por los 30000 detenidos desaparecidos, contra el negacionismo y el plan motosierra de Milei\u201d - InfoPBA247","isPartOf":{"@id":"https:\/\/infopba247.com.ar\/#website"},"primaryImageOfPage":{"@id":"https:\/\/infopba247.com.ar\/index.php\/2024\/03\/18\/marchamos-por-los-30000-detenidos-desaparecidos-contra-el-negacionismo-y-el-plan-motosierra-de-milei\/#primaryimage"},"image":{"@id":"https:\/\/infopba247.com.ar\/index.php\/2024\/03\/18\/marchamos-por-los-30000-detenidos-desaparecidos-contra-el-negacionismo-y-el-plan-motosierra-de-milei\/#primaryimage"},"thumbnailUrl":"https:\/\/infopba247.com.ar\/wp-content\/uploads\/2024\/03\/Simonetti-23M-archivo.jpg","datePublished":"2024-03-18T16:04:02+00:00","breadcrumb":{"@id":"https:\/\/infopba247.com.ar\/index.php\/2024\/03\/18\/marchamos-por-los-30000-detenidos-desaparecidos-contra-el-negacionismo-y-el-plan-motosierra-de-milei\/#breadcrumb"},"inLanguage":"es","potentialAction":[{"@type":"ReadAction","target":["https:\/\/infopba247.com.ar\/index.php\/2024\/03\/18\/marchamos-por-los-30000-detenidos-desaparecidos-contra-el-negacionismo-y-el-plan-motosierra-de-milei\/"]}]},{"@type":"ImageObject","inLanguage":"es","@id":"https:\/\/infopba247.com.ar\/index.php\/2024\/03\/18\/marchamos-por-los-30000-detenidos-desaparecidos-contra-el-negacionismo-y-el-plan-motosierra-de-milei\/#primaryimage","url":"https:\/\/infopba247.com.ar\/wp-content\/uploads\/2024\/03\/Simonetti-23M-archivo.jpg","contentUrl":"https:\/\/infopba247.com.ar\/wp-content\/uploads\/2024\/03\/Simonetti-23M-archivo.jpg","width":1064,"height":685},{"@type":"BreadcrumbList","@id":"https:\/\/infopba247.com.ar\/index.php\/2024\/03\/18\/marchamos-por-los-30000-detenidos-desaparecidos-contra-el-negacionismo-y-el-plan-motosierra-de-milei\/#breadcrumb","itemListElement":[{"@type":"ListItem","position":1,"name":"Portada","item":"https:\/\/infopba247.com.ar\/"},{"@type":"ListItem","position":2,"name":"\u201cMarchamos por los 30000 detenidos desaparecidos, contra el negacionismo y el plan motosierra de Milei\u201d"}]},{"@type":"WebSite","@id":"https:\/\/infopba247.com.ar\/#website","url":"https:\/\/infopba247.com.ar\/","name":"InfoPBA247","description":"Toda la actualidad bonaerense","publisher":{"@id":"https:\/\/infopba247.com.ar\/#organization"},"potentialAction":[{"@type":"SearchAction","target":{"@type":"EntryPoint","urlTemplate":"https:\/\/infopba247.com.ar\/?s={search_term_string}"},"query-input":{"@type":"PropertyValueSpecification","valueRequired":true,"valueName":"search_term_string"}}],"inLanguage":"es"},{"@type":"Organization","@id":"https:\/\/infopba247.com.ar\/#organization","name":"InfoPBA247","url":"https:\/\/infopba247.com.ar\/","logo":{"@type":"ImageObject","inLanguage":"es","@id":"https:\/\/infopba247.com.ar\/#\/schema\/logo\/image\/","url":"https:\/\/infopba247.com.ar\/wp-content\/uploads\/2022\/03\/cropped-InfoPBA247-1.png","contentUrl":"https:\/\/infopba247.com.ar\/wp-content\/uploads\/2022\/03\/cropped-InfoPBA247-1.png","width":500,"height":122,"caption":"InfoPBA247"},"image":{"@id":"https:\/\/infopba247.com.ar\/#\/schema\/logo\/image\/"},"sameAs":["https:\/\/www.facebook.com\/InfoPBA"]},{"@type":"Person","@id":"https:\/\/infopba247.com.ar\/#\/schema\/person\/4975f1343a413e57bf839b3eed0099f2","name":"Editor","image":{"@type":"ImageObject","inLanguage":"es","@id":"https:\/\/secure.gravatar.com\/avatar\/d27fe9520667ca53441d36627a1d6b0fa4a813571ec4803687a7a3a7744685ac?s=96&d=mm&r=g","url":"https:\/\/secure.gravatar.com\/avatar\/d27fe9520667ca53441d36627a1d6b0fa4a813571ec4803687a7a3a7744685ac?s=96&d=mm&r=g","contentUrl":"https:\/\/secure.gravatar.com\/avatar\/d27fe9520667ca53441d36627a1d6b0fa4a813571ec4803687a7a3a7744685ac?s=96&d=mm&r=g","caption":"Editor"},"url":"https:\/\/infopba247.com.ar\/index.php\/author\/editor\/"}]}},"_links":{"self":[{"href":"https:\/\/infopba247.com.ar\/index.php\/wp-json\/wp\/v2\/posts\/3695","targetHints":{"allow":["GET"]}}],"collection":[{"href":"https:\/\/infopba247.com.ar\/index.php\/wp-json\/wp\/v2\/posts"}],"about":[{"href":"https:\/\/infopba247.com.ar\/index.php\/wp-json\/wp\/v2\/types\/post"}],"author":[{"embeddable":true,"href":"https:\/\/infopba247.com.ar\/index.php\/wp-json\/wp\/v2\/users\/3"}],"replies":[{"embeddable":true,"href":"https:\/\/infopba247.com.ar\/index.php\/wp-json\/wp\/v2\/comments?post=3695"}],"version-history":[{"count":1,"href":"https:\/\/infopba247.com.ar\/index.php\/wp-json\/wp\/v2\/posts\/3695\/revisions"}],"predecessor-version":[{"id":3700,"href":"https:\/\/infopba247.com.ar\/index.php\/wp-json\/wp\/v2\/posts\/3695\/revisions\/3700"}],"wp:featuredmedia":[{"embeddable":true,"href":"https:\/\/infopba247.com.ar\/index.php\/wp-json\/wp\/v2\/media\/3699"}],"wp:attachment":[{"href":"https:\/\/infopba247.com.ar\/index.php\/wp-json\/wp\/v2\/media?parent=3695"}],"wp:term":[{"taxonomy":"category","embeddable":true,"href":"https:\/\/infopba247.com.ar\/index.php\/wp-json\/wp\/v2\/categories?post=3695"},{"taxonomy":"post_tag","embeddable":true,"href":"https:\/\/infopba247.com.ar\/index.php\/wp-json\/wp\/v2\/tags?post=3695"}],"curies":[{"name":"wp","href":"https:\/\/api.w.org\/{rel}","templated":true}]}}