{"id":3688,"date":"2024-03-15T17:49:07","date_gmt":"2024-03-15T20:49:07","guid":{"rendered":"https:\/\/infopba247.com.ar\/?p=3688"},"modified":"2024-03-15T17:49:30","modified_gmt":"2024-03-15T20:49:30","slug":"hernan-arranz-presente-en-la-visita-del-gobernador-axel-kicillof-a-bahia-blanca","status":"publish","type":"post","link":"https:\/\/infopba247.com.ar\/index.php\/2024\/03\/15\/hernan-arranz-presente-en-la-visita-del-gobernador-axel-kicillof-a-bahia-blanca\/","title":{"rendered":"Hern\u00e1n Arranz presente en la visita del Gobernador Axel Kicillof a Bah\u00eda Blanca"},"content":{"rendered":"\n<p>El intendente de Monte Hermoso, Hern\u00e1n Arranz, estuvo presente en el acto que encabez\u00f3 el gobernador de la provincia de Buenos Aires, Axel Kicillof, en la localidad vecina de Bah\u00eda Blanca, donde recorri\u00f3 los avances de las obras de construcci\u00f3n de 145 viviendas.<\/p>\n\n\n\n<p>El jefe comunal tambi\u00e9n suscribi\u00f3 un convenio para destinar US$10 millones para infraestructura social b\u00e1sica y mejoras en barrios populares. \u201cEn este momento tan dif\u00edcil para nuestro pa\u00eds, en el que se habla todo el tiempo de ajustes, en la provincia de Buenos Ares son muy claras las prioridades\u201d, destac\u00f3 Arranz.<\/p>\n\n\n\n<p>En el encuentro tambi\u00e9n estuvo presente el intendente de Bah\u00eda Blanca, Federico Susbielles; la ministra de H\u00e1bitat y Desarrollo Urbano, Silvina Batakis; y la directora ejecutiva del Organismo Provincial de Integraci\u00f3n Social y Urbana (OPISU), Romina Barrios.<\/p>\n\n\n\n<p>\u201cEn un momento tan dif\u00edcil para nuestro pa\u00eds, en el que se habla todo el tiempo de ajustes y de que no hay plata mientras unos pocos se ven beneficiados, en la provincia de Buenos Aires tenemos muy claras cu\u00e1les son nuestras prioridades\u201d, sostuvo Kicillof y a\u00f1adi\u00f3: \u201cAunque nos quieran dejar sin recursos, no podemos ser indiferentes ante las necesidades de los y las bonaerenses: requiere de un esfuerzo muy grande y de mucho trabajo, pero para urbanizar y hacer viviendas, nosotros decimos que s\u00ed hay plata\u201d.<\/p>\n\n\n\n<p>El convenio con el OPISU determin\u00f3 la adhesi\u00f3n de Bah\u00eda Blanca a los Proyectos de Planes Integrales que, con financiamiento del Banco Interamericano de Desarrollo (BID), prev\u00e9 la construcci\u00f3n de escuelas, espacios p\u00fablicos y obras pluviales, de agua y cloaca en barrios populares del partido.<\/p>\n\n\n\n<p>Adem\u00e1s, con la participaci\u00f3n del ministro de Justicia y Derechos Humanos, Juan Mart\u00edn Mena, se entregaron 384 t\u00edtulos de propiedad gratuitos, en el marco del programa Mi Escritura, Mi Casa. En ese sentido, el Gobernador se\u00f1al\u00f3 que \u201cahora que se habla mucho desde la teor\u00eda, hoy estamos refutando en la pr\u00e1ctica las ideas de la escuela austriaca: aqu\u00ed donde el mercado no soluciona los problemas de la mayor\u00eda, est\u00e1 el Estado para construir viviendas y entregar escrituras gratuitas a familias que ya estuvieron esperando durante mucho tiempo\u201d.<\/p>\n\n\n\n<p>Por su parte, Mena sostuvo: \u201cEsta entrega de escrituras es un paso muy importante porque representa la verdadera seguridad jur\u00eddica. Este documento tiene mucho valor y es otro avance para seguir concretando y proyectando sue\u00f1os\u201d. \u201cDesde la Provincia vamos a continuar trabajando para llevar dignidad e igualdad a cada uno de los y las bonaerenses\u201d, agreg\u00f3.<\/p>\n\n\n\n<p>\u201cGracias a un Estado provincial que est\u00e1 comprometido con mejorar la calidad de vida de nuestros vecinos y vecinas, hoy firmamos el inicio de nuevas obras de infraestructura urbana para los barrios vulnerables del sur de nuestra ciudad\u201d, sostuvo Susbielles y a\u00f1adi\u00f3: \u201cAdem\u00e1s, realizamos la entrega de las escrituras para consolidar el derecho de las familias bahienses a tener seguridad jur\u00eddica sobre sus viviendas\u201d.<\/p>\n\n\n\n<p>Asimismo, Kicillof y la ministra de Ambiente, Daniela Vilar, firmaron dos convenios para destinar $60 millones para la puesta en valor del Parque Independencia y potenciar los&nbsp; planes de contingencia ante eventos clim\u00e1ticos mediante la adquisici\u00f3n de herramientas \u00fatiles para la prevenci\u00f3n y gesti\u00f3n de riesgos.<\/p>\n\n\n\n<p>Entrega de ambulancias, lancha y oficina para guardaparques<\/p>\n\n\n\n<p>Durante la jornada, el Gobernador entreg\u00f3 tres ambulancias de alta complejidad para fortalecer la gesti\u00f3n de emergencias en el municipio y las capacidades del Hospital Interzonal Dr. Jos\u00e9 Penna.<\/p>\n\n\n\n<p>Adem\u00e1s, visit\u00f3 el Puerto de Bah\u00eda Blanca donde, a trav\u00e9s de convenios de colaboraci\u00f3n con el consorcio de gesti\u00f3n, puso en funcionamiento una embarcaci\u00f3n que permite realizar recorridas de fiscalizaci\u00f3n en las islas y profundizar la investigaci\u00f3n cient\u00edfica en la zona. Por \u00faltimo, se entreg\u00f3 equipamiento y un m\u00f3dulo contenedor para establecer una oficina de guardaparques en la Reserva Islote de la Gaviota Cangrejera.<\/p>\n\n\n\n<p>\u201cEn este contexto de tanta incertidumbre, en los que el Gobierno nacional ha paralizado miles de obras en la provincia y en todo el pa\u00eds, estamos ratificando nuestra obligaci\u00f3n de estar presentes y nuestro compromiso de trabajar para dar respuestas a todos y todas las bonaerenses\u201d, concluy\u00f3 Kicillof.<\/p>\n\n\n\n<p>Estuvieron presentes tambi\u00e9n en las actividades la jefa de Asesores del Gobernador, Cristina \u00c1lvarez Rodr\u00edguez; el ministro de Gobierno, Carlos Bianco; la escribana General de Gobierno, Paula Sidoti; el administrador General del Instituto de la Vivienda, Diego Men\u00e9ndez; la senadora provincial, Ayel\u00e9n Dur\u00e1n; los intendentes de Benito Ju\u00e1rez, Julio Marini; de Salliquel\u00f3, Ariel Succurro; de Coronel Rosales, Rodrigo Aristimu\u00f1o; el presidente del Puerto de Bah\u00eda Blanca, Santiago Mandolesi Burgos; el exjefe comunal de Tres Lomas, Jorge Carrera; y el dirigente Gabriel Godoy.<\/p>\n","protected":false},"excerpt":{"rendered":"<p>El intendente de Monte Hermoso, Hern\u00e1n Arranz, estuvo presente en el acto que encabez\u00f3 el gobernador de la provincia de<\/p>\n","protected":false},"author":3,"featured_media":3689,"comment_status":"closed","ping_status":"closed","sticky":false,"template":"","format":"standard","meta":{"colormag_page_container_layout":"default_layout","colormag_page_sidebar_layout":"default_layout","footnotes":""},"categories":[10,1,14],"tags":[],"class_list":["post-3688","post","type-post","status-publish","format-standard","has-post-thumbnail","hentry","category-6ta-seccion","category-destacadas","category-politica"],"yoast_head":"<!-- This site is optimized with the Yoast SEO plugin v27.4 - https:\/\/yoast.com\/product\/yoast-seo-wordpress\/ -->\n<title>Hern\u00e1n Arranz presente en la visita del Gobernador Axel Kicillof a Bah\u00eda Blanca - InfoPBA247<\/title>\n<meta name=\"robots\" content=\"index, follow, max-snippet:-1, max-image-preview:large, max-video-preview:-1\" \/>\n<link rel=\"canonical\" href=\"https:\/\/infopba247.com.ar\/index.php\/2024\/03\/15\/hernan-arranz-presente-en-la-visita-del-gobernador-axel-kicillof-a-bahia-blanca\/\" \/>\n<meta property=\"og:locale\" content=\"es_ES\" \/>\n<meta property=\"og:type\" content=\"article\" \/>\n<meta property=\"og:title\" content=\"Hern\u00e1n Arranz presente en la visita del Gobernador Axel Kicillof a Bah\u00eda Blanca - InfoPBA247\" \/>\n<meta property=\"og:description\" content=\"El intendente de Monte Hermoso, Hern\u00e1n Arranz, estuvo presente en el acto que encabez\u00f3 el gobernador de la provincia de\" \/>\n<meta property=\"og:url\" content=\"https:\/\/infopba247.com.ar\/index.php\/2024\/03\/15\/hernan-arranz-presente-en-la-visita-del-gobernador-axel-kicillof-a-bahia-blanca\/\" \/>\n<meta property=\"og:site_name\" content=\"InfoPBA247\" \/>\n<meta property=\"article:publisher\" content=\"https:\/\/www.facebook.com\/InfoPBA\" \/>\n<meta property=\"article:published_time\" content=\"2024-03-15T20:49:07+00:00\" \/>\n<meta property=\"article:modified_time\" content=\"2024-03-15T20:49:30+00:00\" \/>\n<meta property=\"og:image\" content=\"https:\/\/infopba247.com.ar\/wp-content\/uploads\/2024\/03\/431918666_10228502823629210_3969501454706455541_n-800x445-1.jpg\" \/>\n\t<meta property=\"og:image:width\" content=\"800\" \/>\n\t<meta property=\"og:image:height\" content=\"445\" \/>\n\t<meta property=\"og:image:type\" content=\"image\/jpeg\" \/>\n<meta name=\"author\" content=\"Editor\" \/>\n<meta name=\"twitter:card\" content=\"summary_large_image\" \/>\n<meta name=\"twitter:label1\" content=\"Escrito por\" \/>\n\t<meta name=\"twitter:data1\" content=\"Editor\" \/>\n\t<meta name=\"twitter:label2\" content=\"Tiempo de lectura\" \/>\n\t<meta name=\"twitter:data2\" content=\"4 minutos\" \/>\n<script type=\"application\/ld+json\" class=\"yoast-schema-graph\">{\"@context\":\"https:\\\/\\\/schema.org\",\"@graph\":[{\"@type\":\"Article\",\"@id\":\"https:\\\/\\\/infopba247.com.ar\\\/index.php\\\/2024\\\/03\\\/15\\\/hernan-arranz-presente-en-la-visita-del-gobernador-axel-kicillof-a-bahia-blanca\\\/#article\",\"isPartOf\":{\"@id\":\"https:\\\/\\\/infopba247.com.ar\\\/index.php\\\/2024\\\/03\\\/15\\\/hernan-arranz-presente-en-la-visita-del-gobernador-axel-kicillof-a-bahia-blanca\\\/\"},\"author\":{\"name\":\"Editor\",\"@id\":\"https:\\\/\\\/infopba247.com.ar\\\/#\\\/schema\\\/person\\\/4975f1343a413e57bf839b3eed0099f2\"},\"headline\":\"Hern\u00e1n Arranz presente en la visita del Gobernador Axel Kicillof a Bah\u00eda Blanca\",\"datePublished\":\"2024-03-15T20:49:07+00:00\",\"dateModified\":\"2024-03-15T20:49:30+00:00\",\"mainEntityOfPage\":{\"@id\":\"https:\\\/\\\/infopba247.com.ar\\\/index.php\\\/2024\\\/03\\\/15\\\/hernan-arranz-presente-en-la-visita-del-gobernador-axel-kicillof-a-bahia-blanca\\\/\"},\"wordCount\":817,\"publisher\":{\"@id\":\"https:\\\/\\\/infopba247.com.ar\\\/#organization\"},\"image\":{\"@id\":\"https:\\\/\\\/infopba247.com.ar\\\/index.php\\\/2024\\\/03\\\/15\\\/hernan-arranz-presente-en-la-visita-del-gobernador-axel-kicillof-a-bahia-blanca\\\/#primaryimage\"},\"thumbnailUrl\":\"https:\\\/\\\/infopba247.com.ar\\\/wp-content\\\/uploads\\\/2024\\\/03\\\/431918666_10228502823629210_3969501454706455541_n-800x445-1.jpg\",\"articleSection\":[\"6ta Secci\u00f3n\",\"Destacadas\",\"Pol\u00edtica\"],\"inLanguage\":\"es\"},{\"@type\":\"WebPage\",\"@id\":\"https:\\\/\\\/infopba247.com.ar\\\/index.php\\\/2024\\\/03\\\/15\\\/hernan-arranz-presente-en-la-visita-del-gobernador-axel-kicillof-a-bahia-blanca\\\/\",\"url\":\"https:\\\/\\\/infopba247.com.ar\\\/index.php\\\/2024\\\/03\\\/15\\\/hernan-arranz-presente-en-la-visita-del-gobernador-axel-kicillof-a-bahia-blanca\\\/\",\"name\":\"Hern\u00e1n Arranz presente en la visita del Gobernador Axel Kicillof a Bah\u00eda Blanca - InfoPBA247\",\"isPartOf\":{\"@id\":\"https:\\\/\\\/infopba247.com.ar\\\/#website\"},\"primaryImageOfPage\":{\"@id\":\"https:\\\/\\\/infopba247.com.ar\\\/index.php\\\/2024\\\/03\\\/15\\\/hernan-arranz-presente-en-la-visita-del-gobernador-axel-kicillof-a-bahia-blanca\\\/#primaryimage\"},\"image\":{\"@id\":\"https:\\\/\\\/infopba247.com.ar\\\/index.php\\\/2024\\\/03\\\/15\\\/hernan-arranz-presente-en-la-visita-del-gobernador-axel-kicillof-a-bahia-blanca\\\/#primaryimage\"},\"thumbnailUrl\":\"https:\\\/\\\/infopba247.com.ar\\\/wp-content\\\/uploads\\\/2024\\\/03\\\/431918666_10228502823629210_3969501454706455541_n-800x445-1.jpg\",\"datePublished\":\"2024-03-15T20:49:07+00:00\",\"dateModified\":\"2024-03-15T20:49:30+00:00\",\"breadcrumb\":{\"@id\":\"https:\\\/\\\/infopba247.com.ar\\\/index.php\\\/2024\\\/03\\\/15\\\/hernan-arranz-presente-en-la-visita-del-gobernador-axel-kicillof-a-bahia-blanca\\\/#breadcrumb\"},\"inLanguage\":\"es\",\"potentialAction\":[{\"@type\":\"ReadAction\",\"target\":[\"https:\\\/\\\/infopba247.com.ar\\\/index.php\\\/2024\\\/03\\\/15\\\/hernan-arranz-presente-en-la-visita-del-gobernador-axel-kicillof-a-bahia-blanca\\\/\"]}]},{\"@type\":\"ImageObject\",\"inLanguage\":\"es\",\"@id\":\"https:\\\/\\\/infopba247.com.ar\\\/index.php\\\/2024\\\/03\\\/15\\\/hernan-arranz-presente-en-la-visita-del-gobernador-axel-kicillof-a-bahia-blanca\\\/#primaryimage\",\"url\":\"https:\\\/\\\/infopba247.com.ar\\\/wp-content\\\/uploads\\\/2024\\\/03\\\/431918666_10228502823629210_3969501454706455541_n-800x445-1.jpg\",\"contentUrl\":\"https:\\\/\\\/infopba247.com.ar\\\/wp-content\\\/uploads\\\/2024\\\/03\\\/431918666_10228502823629210_3969501454706455541_n-800x445-1.jpg\",\"width\":800,\"height\":445},{\"@type\":\"BreadcrumbList\",\"@id\":\"https:\\\/\\\/infopba247.com.ar\\\/index.php\\\/2024\\\/03\\\/15\\\/hernan-arranz-presente-en-la-visita-del-gobernador-axel-kicillof-a-bahia-blanca\\\/#breadcrumb\",\"itemListElement\":[{\"@type\":\"ListItem\",\"position\":1,\"name\":\"Portada\",\"item\":\"https:\\\/\\\/infopba247.com.ar\\\/\"},{\"@type\":\"ListItem\",\"position\":2,\"name\":\"Hern\u00e1n Arranz presente en la visita del Gobernador Axel Kicillof a Bah\u00eda Blanca\"}]},{\"@type\":\"WebSite\",\"@id\":\"https:\\\/\\\/infopba247.com.ar\\\/#website\",\"url\":\"https:\\\/\\\/infopba247.com.ar\\\/\",\"name\":\"InfoPBA247\",\"description\":\"Toda la actualidad bonaerense\",\"publisher\":{\"@id\":\"https:\\\/\\\/infopba247.com.ar\\\/#organization\"},\"potentialAction\":[{\"@type\":\"SearchAction\",\"target\":{\"@type\":\"EntryPoint\",\"urlTemplate\":\"https:\\\/\\\/infopba247.com.ar\\\/?s={search_term_string}\"},\"query-input\":{\"@type\":\"PropertyValueSpecification\",\"valueRequired\":true,\"valueName\":\"search_term_string\"}}],\"inLanguage\":\"es\"},{\"@type\":\"Organization\",\"@id\":\"https:\\\/\\\/infopba247.com.ar\\\/#organization\",\"name\":\"InfoPBA247\",\"url\":\"https:\\\/\\\/infopba247.com.ar\\\/\",\"logo\":{\"@type\":\"ImageObject\",\"inLanguage\":\"es\",\"@id\":\"https:\\\/\\\/infopba247.com.ar\\\/#\\\/schema\\\/logo\\\/image\\\/\",\"url\":\"https:\\\/\\\/infopba247.com.ar\\\/wp-content\\\/uploads\\\/2022\\\/03\\\/cropped-InfoPBA247-1.png\",\"contentUrl\":\"https:\\\/\\\/infopba247.com.ar\\\/wp-content\\\/uploads\\\/2022\\\/03\\\/cropped-InfoPBA247-1.png\",\"width\":500,\"height\":122,\"caption\":\"InfoPBA247\"},\"image\":{\"@id\":\"https:\\\/\\\/infopba247.com.ar\\\/#\\\/schema\\\/logo\\\/image\\\/\"},\"sameAs\":[\"https:\\\/\\\/www.facebook.com\\\/InfoPBA\"]},{\"@type\":\"Person\",\"@id\":\"https:\\\/\\\/infopba247.com.ar\\\/#\\\/schema\\\/person\\\/4975f1343a413e57bf839b3eed0099f2\",\"name\":\"Editor\",\"image\":{\"@type\":\"ImageObject\",\"inLanguage\":\"es\",\"@id\":\"https:\\\/\\\/secure.gravatar.com\\\/avatar\\\/d27fe9520667ca53441d36627a1d6b0fa4a813571ec4803687a7a3a7744685ac?s=96&d=mm&r=g\",\"url\":\"https:\\\/\\\/secure.gravatar.com\\\/avatar\\\/d27fe9520667ca53441d36627a1d6b0fa4a813571ec4803687a7a3a7744685ac?s=96&d=mm&r=g\",\"contentUrl\":\"https:\\\/\\\/secure.gravatar.com\\\/avatar\\\/d27fe9520667ca53441d36627a1d6b0fa4a813571ec4803687a7a3a7744685ac?s=96&d=mm&r=g\",\"caption\":\"Editor\"},\"url\":\"https:\\\/\\\/infopba247.com.ar\\\/index.php\\\/author\\\/editor\\\/\"}]}<\/script>\n<!-- \/ Yoast SEO plugin. -->","yoast_head_json":{"title":"Hern\u00e1n Arranz presente en la visita del Gobernador Axel Kicillof a Bah\u00eda Blanca - InfoPBA247","robots":{"index":"index","follow":"follow","max-snippet":"max-snippet:-1","max-image-preview":"max-image-preview:large","max-video-preview":"max-video-preview:-1"},"canonical":"https:\/\/infopba247.com.ar\/index.php\/2024\/03\/15\/hernan-arranz-presente-en-la-visita-del-gobernador-axel-kicillof-a-bahia-blanca\/","og_locale":"es_ES","og_type":"article","og_title":"Hern\u00e1n Arranz presente en la visita del Gobernador Axel Kicillof a Bah\u00eda Blanca - InfoPBA247","og_description":"El intendente de Monte Hermoso, Hern\u00e1n Arranz, estuvo presente en el acto que encabez\u00f3 el gobernador de la provincia de","og_url":"https:\/\/infopba247.com.ar\/index.php\/2024\/03\/15\/hernan-arranz-presente-en-la-visita-del-gobernador-axel-kicillof-a-bahia-blanca\/","og_site_name":"InfoPBA247","article_publisher":"https:\/\/www.facebook.com\/InfoPBA","article_published_time":"2024-03-15T20:49:07+00:00","article_modified_time":"2024-03-15T20:49:30+00:00","og_image":[{"width":800,"height":445,"url":"https:\/\/infopba247.com.ar\/wp-content\/uploads\/2024\/03\/431918666_10228502823629210_3969501454706455541_n-800x445-1.jpg","type":"image\/jpeg"}],"author":"Editor","twitter_card":"summary_large_image","twitter_misc":{"Escrito por":"Editor","Tiempo de lectura":"4 minutos"},"schema":{"@context":"https:\/\/schema.org","@graph":[{"@type":"Article","@id":"https:\/\/infopba247.com.ar\/index.php\/2024\/03\/15\/hernan-arranz-presente-en-la-visita-del-gobernador-axel-kicillof-a-bahia-blanca\/#article","isPartOf":{"@id":"https:\/\/infopba247.com.ar\/index.php\/2024\/03\/15\/hernan-arranz-presente-en-la-visita-del-gobernador-axel-kicillof-a-bahia-blanca\/"},"author":{"name":"Editor","@id":"https:\/\/infopba247.com.ar\/#\/schema\/person\/4975f1343a413e57bf839b3eed0099f2"},"headline":"Hern\u00e1n Arranz presente en la visita del Gobernador Axel Kicillof a Bah\u00eda Blanca","datePublished":"2024-03-15T20:49:07+00:00","dateModified":"2024-03-15T20:49:30+00:00","mainEntityOfPage":{"@id":"https:\/\/infopba247.com.ar\/index.php\/2024\/03\/15\/hernan-arranz-presente-en-la-visita-del-gobernador-axel-kicillof-a-bahia-blanca\/"},"wordCount":817,"publisher":{"@id":"https:\/\/infopba247.com.ar\/#organization"},"image":{"@id":"https:\/\/infopba247.com.ar\/index.php\/2024\/03\/15\/hernan-arranz-presente-en-la-visita-del-gobernador-axel-kicillof-a-bahia-blanca\/#primaryimage"},"thumbnailUrl":"https:\/\/infopba247.com.ar\/wp-content\/uploads\/2024\/03\/431918666_10228502823629210_3969501454706455541_n-800x445-1.jpg","articleSection":["6ta Secci\u00f3n","Destacadas","Pol\u00edtica"],"inLanguage":"es"},{"@type":"WebPage","@id":"https:\/\/infopba247.com.ar\/index.php\/2024\/03\/15\/hernan-arranz-presente-en-la-visita-del-gobernador-axel-kicillof-a-bahia-blanca\/","url":"https:\/\/infopba247.com.ar\/index.php\/2024\/03\/15\/hernan-arranz-presente-en-la-visita-del-gobernador-axel-kicillof-a-bahia-blanca\/","name":"Hern\u00e1n Arranz presente en la visita del Gobernador Axel Kicillof a Bah\u00eda Blanca - InfoPBA247","isPartOf":{"@id":"https:\/\/infopba247.com.ar\/#website"},"primaryImageOfPage":{"@id":"https:\/\/infopba247.com.ar\/index.php\/2024\/03\/15\/hernan-arranz-presente-en-la-visita-del-gobernador-axel-kicillof-a-bahia-blanca\/#primaryimage"},"image":{"@id":"https:\/\/infopba247.com.ar\/index.php\/2024\/03\/15\/hernan-arranz-presente-en-la-visita-del-gobernador-axel-kicillof-a-bahia-blanca\/#primaryimage"},"thumbnailUrl":"https:\/\/infopba247.com.ar\/wp-content\/uploads\/2024\/03\/431918666_10228502823629210_3969501454706455541_n-800x445-1.jpg","datePublished":"2024-03-15T20:49:07+00:00","dateModified":"2024-03-15T20:49:30+00:00","breadcrumb":{"@id":"https:\/\/infopba247.com.ar\/index.php\/2024\/03\/15\/hernan-arranz-presente-en-la-visita-del-gobernador-axel-kicillof-a-bahia-blanca\/#breadcrumb"},"inLanguage":"es","potentialAction":[{"@type":"ReadAction","target":["https:\/\/infopba247.com.ar\/index.php\/2024\/03\/15\/hernan-arranz-presente-en-la-visita-del-gobernador-axel-kicillof-a-bahia-blanca\/"]}]},{"@type":"ImageObject","inLanguage":"es","@id":"https:\/\/infopba247.com.ar\/index.php\/2024\/03\/15\/hernan-arranz-presente-en-la-visita-del-gobernador-axel-kicillof-a-bahia-blanca\/#primaryimage","url":"https:\/\/infopba247.com.ar\/wp-content\/uploads\/2024\/03\/431918666_10228502823629210_3969501454706455541_n-800x445-1.jpg","contentUrl":"https:\/\/infopba247.com.ar\/wp-content\/uploads\/2024\/03\/431918666_10228502823629210_3969501454706455541_n-800x445-1.jpg","width":800,"height":445},{"@type":"BreadcrumbList","@id":"https:\/\/infopba247.com.ar\/index.php\/2024\/03\/15\/hernan-arranz-presente-en-la-visita-del-gobernador-axel-kicillof-a-bahia-blanca\/#breadcrumb","itemListElement":[{"@type":"ListItem","position":1,"name":"Portada","item":"https:\/\/infopba247.com.ar\/"},{"@type":"ListItem","position":2,"name":"Hern\u00e1n Arranz presente en la visita del Gobernador Axel Kicillof a Bah\u00eda Blanca"}]},{"@type":"WebSite","@id":"https:\/\/infopba247.com.ar\/#website","url":"https:\/\/infopba247.com.ar\/","name":"InfoPBA247","description":"Toda la actualidad bonaerense","publisher":{"@id":"https:\/\/infopba247.com.ar\/#organization"},"potentialAction":[{"@type":"SearchAction","target":{"@type":"EntryPoint","urlTemplate":"https:\/\/infopba247.com.ar\/?s={search_term_string}"},"query-input":{"@type":"PropertyValueSpecification","valueRequired":true,"valueName":"search_term_string"}}],"inLanguage":"es"},{"@type":"Organization","@id":"https:\/\/infopba247.com.ar\/#organization","name":"InfoPBA247","url":"https:\/\/infopba247.com.ar\/","logo":{"@type":"ImageObject","inLanguage":"es","@id":"https:\/\/infopba247.com.ar\/#\/schema\/logo\/image\/","url":"https:\/\/infopba247.com.ar\/wp-content\/uploads\/2022\/03\/cropped-InfoPBA247-1.png","contentUrl":"https:\/\/infopba247.com.ar\/wp-content\/uploads\/2022\/03\/cropped-InfoPBA247-1.png","width":500,"height":122,"caption":"InfoPBA247"},"image":{"@id":"https:\/\/infopba247.com.ar\/#\/schema\/logo\/image\/"},"sameAs":["https:\/\/www.facebook.com\/InfoPBA"]},{"@type":"Person","@id":"https:\/\/infopba247.com.ar\/#\/schema\/person\/4975f1343a413e57bf839b3eed0099f2","name":"Editor","image":{"@type":"ImageObject","inLanguage":"es","@id":"https:\/\/secure.gravatar.com\/avatar\/d27fe9520667ca53441d36627a1d6b0fa4a813571ec4803687a7a3a7744685ac?s=96&d=mm&r=g","url":"https:\/\/secure.gravatar.com\/avatar\/d27fe9520667ca53441d36627a1d6b0fa4a813571ec4803687a7a3a7744685ac?s=96&d=mm&r=g","contentUrl":"https:\/\/secure.gravatar.com\/avatar\/d27fe9520667ca53441d36627a1d6b0fa4a813571ec4803687a7a3a7744685ac?s=96&d=mm&r=g","caption":"Editor"},"url":"https:\/\/infopba247.com.ar\/index.php\/author\/editor\/"}]}},"_links":{"self":[{"href":"https:\/\/infopba247.com.ar\/index.php\/wp-json\/wp\/v2\/posts\/3688","targetHints":{"allow":["GET"]}}],"collection":[{"href":"https:\/\/infopba247.com.ar\/index.php\/wp-json\/wp\/v2\/posts"}],"about":[{"href":"https:\/\/infopba247.com.ar\/index.php\/wp-json\/wp\/v2\/types\/post"}],"author":[{"embeddable":true,"href":"https:\/\/infopba247.com.ar\/index.php\/wp-json\/wp\/v2\/users\/3"}],"replies":[{"embeddable":true,"href":"https:\/\/infopba247.com.ar\/index.php\/wp-json\/wp\/v2\/comments?post=3688"}],"version-history":[{"count":1,"href":"https:\/\/infopba247.com.ar\/index.php\/wp-json\/wp\/v2\/posts\/3688\/revisions"}],"predecessor-version":[{"id":3690,"href":"https:\/\/infopba247.com.ar\/index.php\/wp-json\/wp\/v2\/posts\/3688\/revisions\/3690"}],"wp:featuredmedia":[{"embeddable":true,"href":"https:\/\/infopba247.com.ar\/index.php\/wp-json\/wp\/v2\/media\/3689"}],"wp:attachment":[{"href":"https:\/\/infopba247.com.ar\/index.php\/wp-json\/wp\/v2\/media?parent=3688"}],"wp:term":[{"taxonomy":"category","embeddable":true,"href":"https:\/\/infopba247.com.ar\/index.php\/wp-json\/wp\/v2\/categories?post=3688"},{"taxonomy":"post_tag","embeddable":true,"href":"https:\/\/infopba247.com.ar\/index.php\/wp-json\/wp\/v2\/tags?post=3688"}],"curies":[{"name":"wp","href":"https:\/\/api.w.org\/{rel}","templated":true}]}}