{"id":3676,"date":"2024-03-14T10:29:19","date_gmt":"2024-03-14T13:29:19","guid":{"rendered":"https:\/\/infopba247.com.ar\/?p=3676"},"modified":"2024-03-14T10:29:20","modified_gmt":"2024-03-14T13:29:20","slug":"provincia-aumenta-las-prestaciones-de-programas-sociales-y-las-becas-del-organismo-de-ninez","status":"publish","type":"post","link":"https:\/\/infopba247.com.ar\/index.php\/2024\/03\/14\/provincia-aumenta-las-prestaciones-de-programas-sociales-y-las-becas-del-organismo-de-ninez\/","title":{"rendered":"Provincia aumenta las prestaciones de programas sociales y las becas del organismo de ni\u00f1ez"},"content":{"rendered":"\n<p>El Gobierno de la Provincia de Buenos Aires anunci\u00f3 el aumento del 76 % en el monto de becas y prestaciones de programas sociales, y del 118,7 % en las becas del Organismo Provincial de Ni\u00f1ez y Adolescencia (OPNyA), \u00e1reas que se encuentran bajo la \u00f3rbita del Ministerio de Desarrollo de la Comunidad que conduce Andr\u00e9s Larroque.<\/p>\n\n\n\n<p>El ministro precis\u00f3 que con esta medida, el Estado provincial eleva la inversi\u00f3n de $ 5.500 millones a m\u00e1s de $ 10.700 millones mensuales, lo que representa a partir de ahora un incremento superior a los $ 5.000 millones destinados a fortalecer pol\u00edticas p\u00fablicas que tienen como protagonistas a las infancias, juventudes, personas con discapacidad y personas mayores.<\/p>\n\n\n\n<p>El aumento que alcanza a m\u00e1s de 550 mil destinatarios, tambi\u00e9n abarca las prestaciones vinculadas a espacios comunitarios e instituciones con fuertes roles de contenci\u00f3n en la comunidad bonaerense.<\/p>\n\n\n\n<p>En ese sentido, Larroque destac\u00f3 \u201cel esfuerzo del gobernador Axel Kicillof para llevar adelante un gobierno que protege y est\u00e1 presente para amortiguar el impacto de las pol\u00edticas de ajuste del gobierno nacional\u201d, y agreg\u00f3 que \u201cmientras Milei recorta fondos y ahoga a las provincias, el gobernador sigue sosteniendo los niveles de inversi\u00f3n social para el acompa\u00f1amiento e inclusi\u00f3n de los m\u00e1s vulnerables\u201d.<\/p>\n\n\n\n<p>\u2013 Pol\u00edticas Sociales<\/p>\n\n\n\n<p>La inversi\u00f3n mensual de las prestaciones se incrementa de $ 3.431 millones a $ 6.273 millones, llega a m\u00e1s de 300 mil destinatarios e impacta sobre un total de 15 programas, entre los que se encuentran las Unidades de Desarrollo Infantil (UDI) bajo la modalidad Jard\u00edn Maternal, Casa del Ni\u00f1o y Centro de Atenci\u00f3n Integral; el Programa Envi\u00f3n y los Centros Juveniles.<\/p>\n\n\n\n<p>Tambi\u00e9n comprende el programa Centro de Acompa\u00f1amiento Sociocomunitario en Adicciones (CASA), residencias estudiantiles y Casas de Encuentro Comunitario (CEC), el plan M\u00e1s Vida y los programas de Asistencia Alimentaria para personas con celiaqu\u00eda (PAAC) y de Asistencia Alimentaria para personas que viven con VIH (PAAI).<\/p>\n\n\n\n<p>En la misma l\u00ednea, el aumento contempla las prestaciones de los programas destinados a personas con discapacidad y a personas mayores, con sus talleres protegidos, hogares, centros y casa de d\u00eda, y actividades ecuestres.<\/p>\n\n\n\n<p>-Organizaci\u00f3n Comunitaria<\/p>\n\n\n\n<p>La inversi\u00f3n mensual para los Centros de Integraci\u00f3n Social (CIS), el programa de Fortalecimiento Alimentario a Espacios Comunitarios (FAEC) y Barrios Bonaerenses pasa de $ 866 millones a m\u00e1s de $ 1.578 millones.<\/p>\n\n\n\n<p>Los CIS actualmente son 29 y aumentan su cantidad de plazas a 640, mientras que el FAEC tiene 12.501 m\u00f3dulos y alcanza a 4.312 comedores y espacios comunitarios.<\/p>\n\n\n\n<p>Por \u00faltimo, Barrios Bonaerenses, el programa que busca promover la inserci\u00f3n laboral mediante un ingreso no remunerativo orientado a la formaci\u00f3n y capacitaci\u00f3n, alcanza a 12.466 personas.<\/p>\n\n\n\n<p>-Organismo Provincial de la Ni\u00f1ez y Adolescencia (OPNyA)<\/p>\n\n\n\n<p>En el caso del OPNyA el incremento es del 118,7 %, pasando de&nbsp; una inversi\u00f3n mensual de m\u00e1s de $ 1.253 millones a $ 2.928 millones. La medida impacta sobre las Becas Territoriales, otorgadas a trav\u00e9s de convenios con municipios y organizaciones que promueven los derechos de ni\u00f1os, ni\u00f1as y adolescentes en vinculaci\u00f3n con organizaciones de la sociedad civil y la comunidad en general.<\/p>\n\n\n\n<p>Tambi\u00e9n en los Dispositivos Conveniados, mediante la asignaci\u00f3n econ\u00f3mica a Hogares convivenciales y Casas de Abrigo, e instituciones convivenciales y Centros de D\u00eda tercerizados que abordan tem\u00e1ticas de salud mental, adicciones y discapacidad en ni\u00f1os, ni\u00f1as y adolescentes sin cuidados parentales, y programas de egreso y desinstitucionalizaci\u00f3n.<\/p>\n","protected":false},"excerpt":{"rendered":"<p>El Gobierno de la Provincia de Buenos Aires anunci\u00f3 el aumento del 76 % en el monto de becas y<\/p>\n","protected":false},"author":3,"featured_media":3674,"comment_status":"closed","ping_status":"closed","sticky":false,"template":"","format":"standard","meta":{"colormag_page_container_layout":"default_layout","colormag_page_sidebar_layout":"default_layout","footnotes":""},"categories":[1,14],"tags":[],"class_list":["post-3676","post","type-post","status-publish","format-standard","has-post-thumbnail","hentry","category-destacadas","category-politica"],"yoast_head":"<!-- This site is optimized with the Yoast SEO plugin v27.4 - https:\/\/yoast.com\/product\/yoast-seo-wordpress\/ -->\n<title>Provincia aumenta las prestaciones de programas sociales y las becas del organismo de ni\u00f1ez - InfoPBA247<\/title>\n<meta name=\"robots\" content=\"index, follow, max-snippet:-1, max-image-preview:large, max-video-preview:-1\" \/>\n<link rel=\"canonical\" href=\"https:\/\/infopba247.com.ar\/index.php\/2024\/03\/14\/provincia-aumenta-las-prestaciones-de-programas-sociales-y-las-becas-del-organismo-de-ninez\/\" \/>\n<meta property=\"og:locale\" content=\"es_ES\" \/>\n<meta property=\"og:type\" content=\"article\" \/>\n<meta property=\"og:title\" content=\"Provincia aumenta las prestaciones de programas sociales y las becas del organismo de ni\u00f1ez - InfoPBA247\" \/>\n<meta property=\"og:description\" content=\"El Gobierno de la Provincia de Buenos Aires anunci\u00f3 el aumento del 76 % en el monto de becas y\" \/>\n<meta property=\"og:url\" content=\"https:\/\/infopba247.com.ar\/index.php\/2024\/03\/14\/provincia-aumenta-las-prestaciones-de-programas-sociales-y-las-becas-del-organismo-de-ninez\/\" \/>\n<meta property=\"og:site_name\" content=\"InfoPBA247\" \/>\n<meta property=\"article:publisher\" content=\"https:\/\/www.facebook.com\/InfoPBA\" \/>\n<meta property=\"article:published_time\" content=\"2024-03-14T13:29:19+00:00\" \/>\n<meta property=\"article:modified_time\" content=\"2024-03-14T13:29:20+00:00\" \/>\n<meta property=\"og:image\" content=\"https:\/\/infopba247.com.ar\/wp-content\/uploads\/2024\/03\/unnamed-2024-03-14T093222.506.jpg\" \/>\n\t<meta property=\"og:image:width\" content=\"1280\" \/>\n\t<meta property=\"og:image:height\" content=\"853\" \/>\n\t<meta property=\"og:image:type\" content=\"image\/jpeg\" \/>\n<meta name=\"author\" content=\"Editor\" \/>\n<meta name=\"twitter:card\" content=\"summary_large_image\" \/>\n<meta name=\"twitter:label1\" content=\"Escrito por\" \/>\n\t<meta name=\"twitter:data1\" content=\"Editor\" \/>\n\t<meta name=\"twitter:label2\" content=\"Tiempo de lectura\" \/>\n\t<meta name=\"twitter:data2\" content=\"3 minutos\" \/>\n<script type=\"application\/ld+json\" class=\"yoast-schema-graph\">{\"@context\":\"https:\\\/\\\/schema.org\",\"@graph\":[{\"@type\":\"Article\",\"@id\":\"https:\\\/\\\/infopba247.com.ar\\\/index.php\\\/2024\\\/03\\\/14\\\/provincia-aumenta-las-prestaciones-de-programas-sociales-y-las-becas-del-organismo-de-ninez\\\/#article\",\"isPartOf\":{\"@id\":\"https:\\\/\\\/infopba247.com.ar\\\/index.php\\\/2024\\\/03\\\/14\\\/provincia-aumenta-las-prestaciones-de-programas-sociales-y-las-becas-del-organismo-de-ninez\\\/\"},\"author\":{\"name\":\"Editor\",\"@id\":\"https:\\\/\\\/infopba247.com.ar\\\/#\\\/schema\\\/person\\\/4975f1343a413e57bf839b3eed0099f2\"},\"headline\":\"Provincia aumenta las prestaciones de programas sociales y las becas del organismo de ni\u00f1ez\",\"datePublished\":\"2024-03-14T13:29:19+00:00\",\"dateModified\":\"2024-03-14T13:29:20+00:00\",\"mainEntityOfPage\":{\"@id\":\"https:\\\/\\\/infopba247.com.ar\\\/index.php\\\/2024\\\/03\\\/14\\\/provincia-aumenta-las-prestaciones-de-programas-sociales-y-las-becas-del-organismo-de-ninez\\\/\"},\"wordCount\":593,\"publisher\":{\"@id\":\"https:\\\/\\\/infopba247.com.ar\\\/#organization\"},\"image\":{\"@id\":\"https:\\\/\\\/infopba247.com.ar\\\/index.php\\\/2024\\\/03\\\/14\\\/provincia-aumenta-las-prestaciones-de-programas-sociales-y-las-becas-del-organismo-de-ninez\\\/#primaryimage\"},\"thumbnailUrl\":\"https:\\\/\\\/infopba247.com.ar\\\/wp-content\\\/uploads\\\/2024\\\/03\\\/unnamed-2024-03-14T093222.506.jpg\",\"articleSection\":[\"Destacadas\",\"Pol\u00edtica\"],\"inLanguage\":\"es\"},{\"@type\":\"WebPage\",\"@id\":\"https:\\\/\\\/infopba247.com.ar\\\/index.php\\\/2024\\\/03\\\/14\\\/provincia-aumenta-las-prestaciones-de-programas-sociales-y-las-becas-del-organismo-de-ninez\\\/\",\"url\":\"https:\\\/\\\/infopba247.com.ar\\\/index.php\\\/2024\\\/03\\\/14\\\/provincia-aumenta-las-prestaciones-de-programas-sociales-y-las-becas-del-organismo-de-ninez\\\/\",\"name\":\"Provincia aumenta las prestaciones de programas sociales y las becas del organismo de ni\u00f1ez - InfoPBA247\",\"isPartOf\":{\"@id\":\"https:\\\/\\\/infopba247.com.ar\\\/#website\"},\"primaryImageOfPage\":{\"@id\":\"https:\\\/\\\/infopba247.com.ar\\\/index.php\\\/2024\\\/03\\\/14\\\/provincia-aumenta-las-prestaciones-de-programas-sociales-y-las-becas-del-organismo-de-ninez\\\/#primaryimage\"},\"image\":{\"@id\":\"https:\\\/\\\/infopba247.com.ar\\\/index.php\\\/2024\\\/03\\\/14\\\/provincia-aumenta-las-prestaciones-de-programas-sociales-y-las-becas-del-organismo-de-ninez\\\/#primaryimage\"},\"thumbnailUrl\":\"https:\\\/\\\/infopba247.com.ar\\\/wp-content\\\/uploads\\\/2024\\\/03\\\/unnamed-2024-03-14T093222.506.jpg\",\"datePublished\":\"2024-03-14T13:29:19+00:00\",\"dateModified\":\"2024-03-14T13:29:20+00:00\",\"breadcrumb\":{\"@id\":\"https:\\\/\\\/infopba247.com.ar\\\/index.php\\\/2024\\\/03\\\/14\\\/provincia-aumenta-las-prestaciones-de-programas-sociales-y-las-becas-del-organismo-de-ninez\\\/#breadcrumb\"},\"inLanguage\":\"es\",\"potentialAction\":[{\"@type\":\"ReadAction\",\"target\":[\"https:\\\/\\\/infopba247.com.ar\\\/index.php\\\/2024\\\/03\\\/14\\\/provincia-aumenta-las-prestaciones-de-programas-sociales-y-las-becas-del-organismo-de-ninez\\\/\"]}]},{\"@type\":\"ImageObject\",\"inLanguage\":\"es\",\"@id\":\"https:\\\/\\\/infopba247.com.ar\\\/index.php\\\/2024\\\/03\\\/14\\\/provincia-aumenta-las-prestaciones-de-programas-sociales-y-las-becas-del-organismo-de-ninez\\\/#primaryimage\",\"url\":\"https:\\\/\\\/infopba247.com.ar\\\/wp-content\\\/uploads\\\/2024\\\/03\\\/unnamed-2024-03-14T093222.506.jpg\",\"contentUrl\":\"https:\\\/\\\/infopba247.com.ar\\\/wp-content\\\/uploads\\\/2024\\\/03\\\/unnamed-2024-03-14T093222.506.jpg\",\"width\":1280,\"height\":853},{\"@type\":\"BreadcrumbList\",\"@id\":\"https:\\\/\\\/infopba247.com.ar\\\/index.php\\\/2024\\\/03\\\/14\\\/provincia-aumenta-las-prestaciones-de-programas-sociales-y-las-becas-del-organismo-de-ninez\\\/#breadcrumb\",\"itemListElement\":[{\"@type\":\"ListItem\",\"position\":1,\"name\":\"Portada\",\"item\":\"https:\\\/\\\/infopba247.com.ar\\\/\"},{\"@type\":\"ListItem\",\"position\":2,\"name\":\"Provincia aumenta las prestaciones de programas sociales y las becas del organismo de ni\u00f1ez\"}]},{\"@type\":\"WebSite\",\"@id\":\"https:\\\/\\\/infopba247.com.ar\\\/#website\",\"url\":\"https:\\\/\\\/infopba247.com.ar\\\/\",\"name\":\"InfoPBA247\",\"description\":\"Toda la actualidad bonaerense\",\"publisher\":{\"@id\":\"https:\\\/\\\/infopba247.com.ar\\\/#organization\"},\"potentialAction\":[{\"@type\":\"SearchAction\",\"target\":{\"@type\":\"EntryPoint\",\"urlTemplate\":\"https:\\\/\\\/infopba247.com.ar\\\/?s={search_term_string}\"},\"query-input\":{\"@type\":\"PropertyValueSpecification\",\"valueRequired\":true,\"valueName\":\"search_term_string\"}}],\"inLanguage\":\"es\"},{\"@type\":\"Organization\",\"@id\":\"https:\\\/\\\/infopba247.com.ar\\\/#organization\",\"name\":\"InfoPBA247\",\"url\":\"https:\\\/\\\/infopba247.com.ar\\\/\",\"logo\":{\"@type\":\"ImageObject\",\"inLanguage\":\"es\",\"@id\":\"https:\\\/\\\/infopba247.com.ar\\\/#\\\/schema\\\/logo\\\/image\\\/\",\"url\":\"https:\\\/\\\/infopba247.com.ar\\\/wp-content\\\/uploads\\\/2022\\\/03\\\/cropped-InfoPBA247-1.png\",\"contentUrl\":\"https:\\\/\\\/infopba247.com.ar\\\/wp-content\\\/uploads\\\/2022\\\/03\\\/cropped-InfoPBA247-1.png\",\"width\":500,\"height\":122,\"caption\":\"InfoPBA247\"},\"image\":{\"@id\":\"https:\\\/\\\/infopba247.com.ar\\\/#\\\/schema\\\/logo\\\/image\\\/\"},\"sameAs\":[\"https:\\\/\\\/www.facebook.com\\\/InfoPBA\"]},{\"@type\":\"Person\",\"@id\":\"https:\\\/\\\/infopba247.com.ar\\\/#\\\/schema\\\/person\\\/4975f1343a413e57bf839b3eed0099f2\",\"name\":\"Editor\",\"image\":{\"@type\":\"ImageObject\",\"inLanguage\":\"es\",\"@id\":\"https:\\\/\\\/secure.gravatar.com\\\/avatar\\\/d27fe9520667ca53441d36627a1d6b0fa4a813571ec4803687a7a3a7744685ac?s=96&d=mm&r=g\",\"url\":\"https:\\\/\\\/secure.gravatar.com\\\/avatar\\\/d27fe9520667ca53441d36627a1d6b0fa4a813571ec4803687a7a3a7744685ac?s=96&d=mm&r=g\",\"contentUrl\":\"https:\\\/\\\/secure.gravatar.com\\\/avatar\\\/d27fe9520667ca53441d36627a1d6b0fa4a813571ec4803687a7a3a7744685ac?s=96&d=mm&r=g\",\"caption\":\"Editor\"},\"url\":\"https:\\\/\\\/infopba247.com.ar\\\/index.php\\\/author\\\/editor\\\/\"}]}<\/script>\n<!-- \/ Yoast SEO plugin. -->","yoast_head_json":{"title":"Provincia aumenta las prestaciones de programas sociales y las becas del organismo de ni\u00f1ez - InfoPBA247","robots":{"index":"index","follow":"follow","max-snippet":"max-snippet:-1","max-image-preview":"max-image-preview:large","max-video-preview":"max-video-preview:-1"},"canonical":"https:\/\/infopba247.com.ar\/index.php\/2024\/03\/14\/provincia-aumenta-las-prestaciones-de-programas-sociales-y-las-becas-del-organismo-de-ninez\/","og_locale":"es_ES","og_type":"article","og_title":"Provincia aumenta las prestaciones de programas sociales y las becas del organismo de ni\u00f1ez - InfoPBA247","og_description":"El Gobierno de la Provincia de Buenos Aires anunci\u00f3 el aumento del 76 % en el monto de becas y","og_url":"https:\/\/infopba247.com.ar\/index.php\/2024\/03\/14\/provincia-aumenta-las-prestaciones-de-programas-sociales-y-las-becas-del-organismo-de-ninez\/","og_site_name":"InfoPBA247","article_publisher":"https:\/\/www.facebook.com\/InfoPBA","article_published_time":"2024-03-14T13:29:19+00:00","article_modified_time":"2024-03-14T13:29:20+00:00","og_image":[{"width":1280,"height":853,"url":"https:\/\/infopba247.com.ar\/wp-content\/uploads\/2024\/03\/unnamed-2024-03-14T093222.506.jpg","type":"image\/jpeg"}],"author":"Editor","twitter_card":"summary_large_image","twitter_misc":{"Escrito por":"Editor","Tiempo de lectura":"3 minutos"},"schema":{"@context":"https:\/\/schema.org","@graph":[{"@type":"Article","@id":"https:\/\/infopba247.com.ar\/index.php\/2024\/03\/14\/provincia-aumenta-las-prestaciones-de-programas-sociales-y-las-becas-del-organismo-de-ninez\/#article","isPartOf":{"@id":"https:\/\/infopba247.com.ar\/index.php\/2024\/03\/14\/provincia-aumenta-las-prestaciones-de-programas-sociales-y-las-becas-del-organismo-de-ninez\/"},"author":{"name":"Editor","@id":"https:\/\/infopba247.com.ar\/#\/schema\/person\/4975f1343a413e57bf839b3eed0099f2"},"headline":"Provincia aumenta las prestaciones de programas sociales y las becas del organismo de ni\u00f1ez","datePublished":"2024-03-14T13:29:19+00:00","dateModified":"2024-03-14T13:29:20+00:00","mainEntityOfPage":{"@id":"https:\/\/infopba247.com.ar\/index.php\/2024\/03\/14\/provincia-aumenta-las-prestaciones-de-programas-sociales-y-las-becas-del-organismo-de-ninez\/"},"wordCount":593,"publisher":{"@id":"https:\/\/infopba247.com.ar\/#organization"},"image":{"@id":"https:\/\/infopba247.com.ar\/index.php\/2024\/03\/14\/provincia-aumenta-las-prestaciones-de-programas-sociales-y-las-becas-del-organismo-de-ninez\/#primaryimage"},"thumbnailUrl":"https:\/\/infopba247.com.ar\/wp-content\/uploads\/2024\/03\/unnamed-2024-03-14T093222.506.jpg","articleSection":["Destacadas","Pol\u00edtica"],"inLanguage":"es"},{"@type":"WebPage","@id":"https:\/\/infopba247.com.ar\/index.php\/2024\/03\/14\/provincia-aumenta-las-prestaciones-de-programas-sociales-y-las-becas-del-organismo-de-ninez\/","url":"https:\/\/infopba247.com.ar\/index.php\/2024\/03\/14\/provincia-aumenta-las-prestaciones-de-programas-sociales-y-las-becas-del-organismo-de-ninez\/","name":"Provincia aumenta las prestaciones de programas sociales y las becas del organismo de ni\u00f1ez - InfoPBA247","isPartOf":{"@id":"https:\/\/infopba247.com.ar\/#website"},"primaryImageOfPage":{"@id":"https:\/\/infopba247.com.ar\/index.php\/2024\/03\/14\/provincia-aumenta-las-prestaciones-de-programas-sociales-y-las-becas-del-organismo-de-ninez\/#primaryimage"},"image":{"@id":"https:\/\/infopba247.com.ar\/index.php\/2024\/03\/14\/provincia-aumenta-las-prestaciones-de-programas-sociales-y-las-becas-del-organismo-de-ninez\/#primaryimage"},"thumbnailUrl":"https:\/\/infopba247.com.ar\/wp-content\/uploads\/2024\/03\/unnamed-2024-03-14T093222.506.jpg","datePublished":"2024-03-14T13:29:19+00:00","dateModified":"2024-03-14T13:29:20+00:00","breadcrumb":{"@id":"https:\/\/infopba247.com.ar\/index.php\/2024\/03\/14\/provincia-aumenta-las-prestaciones-de-programas-sociales-y-las-becas-del-organismo-de-ninez\/#breadcrumb"},"inLanguage":"es","potentialAction":[{"@type":"ReadAction","target":["https:\/\/infopba247.com.ar\/index.php\/2024\/03\/14\/provincia-aumenta-las-prestaciones-de-programas-sociales-y-las-becas-del-organismo-de-ninez\/"]}]},{"@type":"ImageObject","inLanguage":"es","@id":"https:\/\/infopba247.com.ar\/index.php\/2024\/03\/14\/provincia-aumenta-las-prestaciones-de-programas-sociales-y-las-becas-del-organismo-de-ninez\/#primaryimage","url":"https:\/\/infopba247.com.ar\/wp-content\/uploads\/2024\/03\/unnamed-2024-03-14T093222.506.jpg","contentUrl":"https:\/\/infopba247.com.ar\/wp-content\/uploads\/2024\/03\/unnamed-2024-03-14T093222.506.jpg","width":1280,"height":853},{"@type":"BreadcrumbList","@id":"https:\/\/infopba247.com.ar\/index.php\/2024\/03\/14\/provincia-aumenta-las-prestaciones-de-programas-sociales-y-las-becas-del-organismo-de-ninez\/#breadcrumb","itemListElement":[{"@type":"ListItem","position":1,"name":"Portada","item":"https:\/\/infopba247.com.ar\/"},{"@type":"ListItem","position":2,"name":"Provincia aumenta las prestaciones de programas sociales y las becas del organismo de ni\u00f1ez"}]},{"@type":"WebSite","@id":"https:\/\/infopba247.com.ar\/#website","url":"https:\/\/infopba247.com.ar\/","name":"InfoPBA247","description":"Toda la actualidad bonaerense","publisher":{"@id":"https:\/\/infopba247.com.ar\/#organization"},"potentialAction":[{"@type":"SearchAction","target":{"@type":"EntryPoint","urlTemplate":"https:\/\/infopba247.com.ar\/?s={search_term_string}"},"query-input":{"@type":"PropertyValueSpecification","valueRequired":true,"valueName":"search_term_string"}}],"inLanguage":"es"},{"@type":"Organization","@id":"https:\/\/infopba247.com.ar\/#organization","name":"InfoPBA247","url":"https:\/\/infopba247.com.ar\/","logo":{"@type":"ImageObject","inLanguage":"es","@id":"https:\/\/infopba247.com.ar\/#\/schema\/logo\/image\/","url":"https:\/\/infopba247.com.ar\/wp-content\/uploads\/2022\/03\/cropped-InfoPBA247-1.png","contentUrl":"https:\/\/infopba247.com.ar\/wp-content\/uploads\/2022\/03\/cropped-InfoPBA247-1.png","width":500,"height":122,"caption":"InfoPBA247"},"image":{"@id":"https:\/\/infopba247.com.ar\/#\/schema\/logo\/image\/"},"sameAs":["https:\/\/www.facebook.com\/InfoPBA"]},{"@type":"Person","@id":"https:\/\/infopba247.com.ar\/#\/schema\/person\/4975f1343a413e57bf839b3eed0099f2","name":"Editor","image":{"@type":"ImageObject","inLanguage":"es","@id":"https:\/\/secure.gravatar.com\/avatar\/d27fe9520667ca53441d36627a1d6b0fa4a813571ec4803687a7a3a7744685ac?s=96&d=mm&r=g","url":"https:\/\/secure.gravatar.com\/avatar\/d27fe9520667ca53441d36627a1d6b0fa4a813571ec4803687a7a3a7744685ac?s=96&d=mm&r=g","contentUrl":"https:\/\/secure.gravatar.com\/avatar\/d27fe9520667ca53441d36627a1d6b0fa4a813571ec4803687a7a3a7744685ac?s=96&d=mm&r=g","caption":"Editor"},"url":"https:\/\/infopba247.com.ar\/index.php\/author\/editor\/"}]}},"_links":{"self":[{"href":"https:\/\/infopba247.com.ar\/index.php\/wp-json\/wp\/v2\/posts\/3676","targetHints":{"allow":["GET"]}}],"collection":[{"href":"https:\/\/infopba247.com.ar\/index.php\/wp-json\/wp\/v2\/posts"}],"about":[{"href":"https:\/\/infopba247.com.ar\/index.php\/wp-json\/wp\/v2\/types\/post"}],"author":[{"embeddable":true,"href":"https:\/\/infopba247.com.ar\/index.php\/wp-json\/wp\/v2\/users\/3"}],"replies":[{"embeddable":true,"href":"https:\/\/infopba247.com.ar\/index.php\/wp-json\/wp\/v2\/comments?post=3676"}],"version-history":[{"count":1,"href":"https:\/\/infopba247.com.ar\/index.php\/wp-json\/wp\/v2\/posts\/3676\/revisions"}],"predecessor-version":[{"id":3677,"href":"https:\/\/infopba247.com.ar\/index.php\/wp-json\/wp\/v2\/posts\/3676\/revisions\/3677"}],"wp:featuredmedia":[{"embeddable":true,"href":"https:\/\/infopba247.com.ar\/index.php\/wp-json\/wp\/v2\/media\/3674"}],"wp:attachment":[{"href":"https:\/\/infopba247.com.ar\/index.php\/wp-json\/wp\/v2\/media?parent=3676"}],"wp:term":[{"taxonomy":"category","embeddable":true,"href":"https:\/\/infopba247.com.ar\/index.php\/wp-json\/wp\/v2\/categories?post=3676"},{"taxonomy":"post_tag","embeddable":true,"href":"https:\/\/infopba247.com.ar\/index.php\/wp-json\/wp\/v2\/tags?post=3676"}],"curies":[{"name":"wp","href":"https:\/\/api.w.org\/{rel}","templated":true}]}}