{"id":3653,"date":"2024-03-12T11:12:21","date_gmt":"2024-03-12T14:12:21","guid":{"rendered":"https:\/\/infopba247.com.ar\/?p=3653"},"modified":"2024-03-12T11:12:22","modified_gmt":"2024-03-12T14:12:22","slug":"alak-sileoni-y-mena-entregaron-material-educativo-para-centros-comunitarios","status":"publish","type":"post","link":"https:\/\/infopba247.com.ar\/index.php\/2024\/03\/12\/alak-sileoni-y-mena-entregaron-material-educativo-para-centros-comunitarios\/","title":{"rendered":"Alak, Sileoni y Mena entregaron material educativo para centros comunitarios"},"content":{"rendered":"\n<p>El intendente de La Plata Julio Alak, el ministro de Justicia y Derechos Humanos provincial Juan Mart\u00edn Mena, y el director general de Cultura y Educaci\u00f3n bonaerense Alberto Sileoni, hicieron entrega de material educativo destinado a estudiantes de centros comunitarios de barrios populares en el marco de un programa impulsado por el Gobierno provincial.<\/p>\n\n\n\n<p>La actividad se realiz\u00f3 este lunes en el Centro de la Comunidad Rural Los Hornos y cont\u00f3 con la participaci\u00f3n de autoridades provinciales y locales, quienes estuvieron acompa\u00f1adas por m\u00e1s de 300 docentes que desarrollan el programa en 78 instituciones de La Plata, Berisso, Ensenada, Lomas de Zamora, Florencio Varela, Almirante Brown, San Vicente, Avellaneda, Quilmes, Lan\u00fas y Berazategui.<\/p>\n\n\n\n<p>\u201cCelebramos el programa de Centros Socioeducativos y Comunitarios que impulsa el ministro Alberto Sileoni en toda la Provincia, donde hay casi 200 centros socioeducativos\u201d, dijo Alak, y valor\u00f3: \u201cEste programa permite revincular chicos y chicas con trayectorias educativas vulneradas para que vuelvan a la escuela\u201d.<\/p>\n\n\n\n<p>\u201cEn La Plata tenemos siete centros socioeducativos que trabajan con 420 ni\u00f1os, ni\u00f1as y adolescentes y nos parece fundamental el trabajo articulado entre la Provincia, la Municipalidad y organizaciones sociales para abrazar a chicos y chicas en este tiempo dif\u00edcil\u201d, agreg\u00f3 el intendente, y asegur\u00f3: \u201cCreemos en un Estado que aloje y permita que cada chico y cada chica pueda tener un futuro mejor\u201d.<\/p>\n\n\n\n<p>A su turno, Sileoni expres\u00f3: \u201cTenemos casi 200 centros socioeducativos y comunitarios en 28 distritos de toda la Provincia. Hoy estamos distribuyendo kits escolares, mochilas y libros de dos grandes colecciones: Identidades Bonaerenses y de ESI; porque cuanto m\u00e1s se impugne la justicia, la igualdad y la Educaci\u00f3n Sexual, m\u00e1s vamos a exigir por ese camino, como nos lo marca nuestro gobernador. Estamos trabajando para revincular a las y los pibes con mucho respeto. No es el Estado llegando a las comunidades, ense\u00f1ando lo que tienen que hacer. Es&nbsp; el Estado poniendo a disposici\u00f3n algunas estructuras y una institucionalidad para que las barriadas sigan haciendo lo que vienen haciendo desde hace mucho tiempo. Es el Estado que aprende de las comunidades y del trabajo\u201d.<\/p>\n\n\n\n<p>Por su parte, Mena manifest\u00f3: \u201cEn tiempos en los que el Estado Nacional parece que nos invitan a convertir a la educaci\u00f3n en una especie de shopping, de supermercado, en la que hablan de la educaci\u00f3n como negocio y de compra de voucher, nosotros desde la Provincia de Buenos Aires vamos a seguir trabajando coordinadamente bajo los lineamientos de nuestro gobernador Axel Kicillof para construir una escuela m\u00e1s igualitaria, que sea p\u00fablica, gratuita y federal, y que pueda llegar a todos y cada uno de las y los bonaerenses\u00bb.<\/p>\n\n\n\n<p>La entrega consisti\u00f3 en 3.500 guardapolvos confeccionados por personas privadas de la libertad de la Unidad Penitenciaria N\u00b0 37 de Barker por iniciativa del Ministerio de Justicia y Derechos Humanos, 78 colecciones de libros de ESI e Identidades Bonaerenses, 78 kits escolares y deportivos y 4.580 mochilas escolares.<\/p>\n\n\n\n<p>Adem\u00e1s del intendente y los ministros, participaron del acto Patricia Beggeres, subdirectora de Experiencias Educativas en barrios populares de la&nbsp; Direcci\u00f3n de Pol\u00edticas Socioeducativas (DPS); Mirta Marina, directora de ESI; Paola Davico, coordinadora del plan de Lectura sobre las colecciones de ESI e Identidades Bonaerenses; y la secretaria de Educaci\u00f3n municipal, Paula Lambertini; entre otras autoridades.<\/p>\n","protected":false},"excerpt":{"rendered":"<p>El intendente de La Plata Julio Alak, el ministro de Justicia y Derechos Humanos provincial Juan Mart\u00edn Mena, y el<\/p>\n","protected":false},"author":3,"featured_media":3651,"comment_status":"closed","ping_status":"closed","sticky":false,"template":"","format":"standard","meta":{"colormag_page_container_layout":"default_layout","colormag_page_sidebar_layout":"default_layout","footnotes":""},"categories":[10,1,14],"tags":[],"class_list":["post-3653","post","type-post","status-publish","format-standard","has-post-thumbnail","hentry","category-6ta-seccion","category-destacadas","category-politica"],"yoast_head":"<!-- This site is optimized with the Yoast SEO plugin v27.4 - https:\/\/yoast.com\/product\/yoast-seo-wordpress\/ -->\n<title>Alak, Sileoni y Mena entregaron material educativo para centros comunitarios - InfoPBA247<\/title>\n<meta name=\"robots\" content=\"index, follow, max-snippet:-1, max-image-preview:large, max-video-preview:-1\" \/>\n<link rel=\"canonical\" href=\"https:\/\/infopba247.com.ar\/index.php\/2024\/03\/12\/alak-sileoni-y-mena-entregaron-material-educativo-para-centros-comunitarios\/\" \/>\n<meta property=\"og:locale\" content=\"es_ES\" \/>\n<meta property=\"og:type\" content=\"article\" \/>\n<meta property=\"og:title\" content=\"Alak, Sileoni y Mena entregaron material educativo para centros comunitarios - InfoPBA247\" \/>\n<meta property=\"og:description\" content=\"El intendente de La Plata Julio Alak, el ministro de Justicia y Derechos Humanos provincial Juan Mart\u00edn Mena, y el\" \/>\n<meta property=\"og:url\" content=\"https:\/\/infopba247.com.ar\/index.php\/2024\/03\/12\/alak-sileoni-y-mena-entregaron-material-educativo-para-centros-comunitarios\/\" \/>\n<meta property=\"og:site_name\" content=\"InfoPBA247\" \/>\n<meta property=\"article:publisher\" content=\"https:\/\/www.facebook.com\/InfoPBA\" \/>\n<meta property=\"article:published_time\" content=\"2024-03-12T14:12:21+00:00\" \/>\n<meta property=\"article:modified_time\" content=\"2024-03-12T14:12:22+00:00\" \/>\n<meta property=\"og:image\" content=\"https:\/\/infopba247.com.ar\/wp-content\/uploads\/2024\/03\/unnamed-2024-03-12T103218.035.jpg\" \/>\n\t<meta property=\"og:image:width\" content=\"1600\" \/>\n\t<meta property=\"og:image:height\" content=\"1066\" \/>\n\t<meta property=\"og:image:type\" content=\"image\/jpeg\" \/>\n<meta name=\"author\" content=\"Editor\" \/>\n<meta name=\"twitter:card\" content=\"summary_large_image\" \/>\n<meta name=\"twitter:label1\" content=\"Escrito por\" \/>\n\t<meta name=\"twitter:data1\" content=\"Editor\" \/>\n\t<meta name=\"twitter:label2\" content=\"Tiempo de lectura\" \/>\n\t<meta name=\"twitter:data2\" content=\"3 minutos\" \/>\n<script type=\"application\/ld+json\" class=\"yoast-schema-graph\">{\"@context\":\"https:\\\/\\\/schema.org\",\"@graph\":[{\"@type\":\"Article\",\"@id\":\"https:\\\/\\\/infopba247.com.ar\\\/index.php\\\/2024\\\/03\\\/12\\\/alak-sileoni-y-mena-entregaron-material-educativo-para-centros-comunitarios\\\/#article\",\"isPartOf\":{\"@id\":\"https:\\\/\\\/infopba247.com.ar\\\/index.php\\\/2024\\\/03\\\/12\\\/alak-sileoni-y-mena-entregaron-material-educativo-para-centros-comunitarios\\\/\"},\"author\":{\"name\":\"Editor\",\"@id\":\"https:\\\/\\\/infopba247.com.ar\\\/#\\\/schema\\\/person\\\/4975f1343a413e57bf839b3eed0099f2\"},\"headline\":\"Alak, Sileoni y Mena entregaron material educativo para centros comunitarios\",\"datePublished\":\"2024-03-12T14:12:21+00:00\",\"dateModified\":\"2024-03-12T14:12:22+00:00\",\"mainEntityOfPage\":{\"@id\":\"https:\\\/\\\/infopba247.com.ar\\\/index.php\\\/2024\\\/03\\\/12\\\/alak-sileoni-y-mena-entregaron-material-educativo-para-centros-comunitarios\\\/\"},\"wordCount\":562,\"publisher\":{\"@id\":\"https:\\\/\\\/infopba247.com.ar\\\/#organization\"},\"image\":{\"@id\":\"https:\\\/\\\/infopba247.com.ar\\\/index.php\\\/2024\\\/03\\\/12\\\/alak-sileoni-y-mena-entregaron-material-educativo-para-centros-comunitarios\\\/#primaryimage\"},\"thumbnailUrl\":\"https:\\\/\\\/infopba247.com.ar\\\/wp-content\\\/uploads\\\/2024\\\/03\\\/unnamed-2024-03-12T103218.035.jpg\",\"articleSection\":[\"6ta Secci\u00f3n\",\"Destacadas\",\"Pol\u00edtica\"],\"inLanguage\":\"es\"},{\"@type\":\"WebPage\",\"@id\":\"https:\\\/\\\/infopba247.com.ar\\\/index.php\\\/2024\\\/03\\\/12\\\/alak-sileoni-y-mena-entregaron-material-educativo-para-centros-comunitarios\\\/\",\"url\":\"https:\\\/\\\/infopba247.com.ar\\\/index.php\\\/2024\\\/03\\\/12\\\/alak-sileoni-y-mena-entregaron-material-educativo-para-centros-comunitarios\\\/\",\"name\":\"Alak, Sileoni y Mena entregaron material educativo para centros comunitarios - InfoPBA247\",\"isPartOf\":{\"@id\":\"https:\\\/\\\/infopba247.com.ar\\\/#website\"},\"primaryImageOfPage\":{\"@id\":\"https:\\\/\\\/infopba247.com.ar\\\/index.php\\\/2024\\\/03\\\/12\\\/alak-sileoni-y-mena-entregaron-material-educativo-para-centros-comunitarios\\\/#primaryimage\"},\"image\":{\"@id\":\"https:\\\/\\\/infopba247.com.ar\\\/index.php\\\/2024\\\/03\\\/12\\\/alak-sileoni-y-mena-entregaron-material-educativo-para-centros-comunitarios\\\/#primaryimage\"},\"thumbnailUrl\":\"https:\\\/\\\/infopba247.com.ar\\\/wp-content\\\/uploads\\\/2024\\\/03\\\/unnamed-2024-03-12T103218.035.jpg\",\"datePublished\":\"2024-03-12T14:12:21+00:00\",\"dateModified\":\"2024-03-12T14:12:22+00:00\",\"breadcrumb\":{\"@id\":\"https:\\\/\\\/infopba247.com.ar\\\/index.php\\\/2024\\\/03\\\/12\\\/alak-sileoni-y-mena-entregaron-material-educativo-para-centros-comunitarios\\\/#breadcrumb\"},\"inLanguage\":\"es\",\"potentialAction\":[{\"@type\":\"ReadAction\",\"target\":[\"https:\\\/\\\/infopba247.com.ar\\\/index.php\\\/2024\\\/03\\\/12\\\/alak-sileoni-y-mena-entregaron-material-educativo-para-centros-comunitarios\\\/\"]}]},{\"@type\":\"ImageObject\",\"inLanguage\":\"es\",\"@id\":\"https:\\\/\\\/infopba247.com.ar\\\/index.php\\\/2024\\\/03\\\/12\\\/alak-sileoni-y-mena-entregaron-material-educativo-para-centros-comunitarios\\\/#primaryimage\",\"url\":\"https:\\\/\\\/infopba247.com.ar\\\/wp-content\\\/uploads\\\/2024\\\/03\\\/unnamed-2024-03-12T103218.035.jpg\",\"contentUrl\":\"https:\\\/\\\/infopba247.com.ar\\\/wp-content\\\/uploads\\\/2024\\\/03\\\/unnamed-2024-03-12T103218.035.jpg\",\"width\":1600,\"height\":1066},{\"@type\":\"BreadcrumbList\",\"@id\":\"https:\\\/\\\/infopba247.com.ar\\\/index.php\\\/2024\\\/03\\\/12\\\/alak-sileoni-y-mena-entregaron-material-educativo-para-centros-comunitarios\\\/#breadcrumb\",\"itemListElement\":[{\"@type\":\"ListItem\",\"position\":1,\"name\":\"Portada\",\"item\":\"https:\\\/\\\/infopba247.com.ar\\\/\"},{\"@type\":\"ListItem\",\"position\":2,\"name\":\"Alak, Sileoni y Mena entregaron material educativo para centros comunitarios\"}]},{\"@type\":\"WebSite\",\"@id\":\"https:\\\/\\\/infopba247.com.ar\\\/#website\",\"url\":\"https:\\\/\\\/infopba247.com.ar\\\/\",\"name\":\"InfoPBA247\",\"description\":\"Toda la actualidad bonaerense\",\"publisher\":{\"@id\":\"https:\\\/\\\/infopba247.com.ar\\\/#organization\"},\"potentialAction\":[{\"@type\":\"SearchAction\",\"target\":{\"@type\":\"EntryPoint\",\"urlTemplate\":\"https:\\\/\\\/infopba247.com.ar\\\/?s={search_term_string}\"},\"query-input\":{\"@type\":\"PropertyValueSpecification\",\"valueRequired\":true,\"valueName\":\"search_term_string\"}}],\"inLanguage\":\"es\"},{\"@type\":\"Organization\",\"@id\":\"https:\\\/\\\/infopba247.com.ar\\\/#organization\",\"name\":\"InfoPBA247\",\"url\":\"https:\\\/\\\/infopba247.com.ar\\\/\",\"logo\":{\"@type\":\"ImageObject\",\"inLanguage\":\"es\",\"@id\":\"https:\\\/\\\/infopba247.com.ar\\\/#\\\/schema\\\/logo\\\/image\\\/\",\"url\":\"https:\\\/\\\/infopba247.com.ar\\\/wp-content\\\/uploads\\\/2022\\\/03\\\/cropped-InfoPBA247-1.png\",\"contentUrl\":\"https:\\\/\\\/infopba247.com.ar\\\/wp-content\\\/uploads\\\/2022\\\/03\\\/cropped-InfoPBA247-1.png\",\"width\":500,\"height\":122,\"caption\":\"InfoPBA247\"},\"image\":{\"@id\":\"https:\\\/\\\/infopba247.com.ar\\\/#\\\/schema\\\/logo\\\/image\\\/\"},\"sameAs\":[\"https:\\\/\\\/www.facebook.com\\\/InfoPBA\"]},{\"@type\":\"Person\",\"@id\":\"https:\\\/\\\/infopba247.com.ar\\\/#\\\/schema\\\/person\\\/4975f1343a413e57bf839b3eed0099f2\",\"name\":\"Editor\",\"image\":{\"@type\":\"ImageObject\",\"inLanguage\":\"es\",\"@id\":\"https:\\\/\\\/secure.gravatar.com\\\/avatar\\\/d27fe9520667ca53441d36627a1d6b0fa4a813571ec4803687a7a3a7744685ac?s=96&d=mm&r=g\",\"url\":\"https:\\\/\\\/secure.gravatar.com\\\/avatar\\\/d27fe9520667ca53441d36627a1d6b0fa4a813571ec4803687a7a3a7744685ac?s=96&d=mm&r=g\",\"contentUrl\":\"https:\\\/\\\/secure.gravatar.com\\\/avatar\\\/d27fe9520667ca53441d36627a1d6b0fa4a813571ec4803687a7a3a7744685ac?s=96&d=mm&r=g\",\"caption\":\"Editor\"},\"url\":\"https:\\\/\\\/infopba247.com.ar\\\/index.php\\\/author\\\/editor\\\/\"}]}<\/script>\n<!-- \/ Yoast SEO plugin. -->","yoast_head_json":{"title":"Alak, Sileoni y Mena entregaron material educativo para centros comunitarios - InfoPBA247","robots":{"index":"index","follow":"follow","max-snippet":"max-snippet:-1","max-image-preview":"max-image-preview:large","max-video-preview":"max-video-preview:-1"},"canonical":"https:\/\/infopba247.com.ar\/index.php\/2024\/03\/12\/alak-sileoni-y-mena-entregaron-material-educativo-para-centros-comunitarios\/","og_locale":"es_ES","og_type":"article","og_title":"Alak, Sileoni y Mena entregaron material educativo para centros comunitarios - InfoPBA247","og_description":"El intendente de La Plata Julio Alak, el ministro de Justicia y Derechos Humanos provincial Juan Mart\u00edn Mena, y el","og_url":"https:\/\/infopba247.com.ar\/index.php\/2024\/03\/12\/alak-sileoni-y-mena-entregaron-material-educativo-para-centros-comunitarios\/","og_site_name":"InfoPBA247","article_publisher":"https:\/\/www.facebook.com\/InfoPBA","article_published_time":"2024-03-12T14:12:21+00:00","article_modified_time":"2024-03-12T14:12:22+00:00","og_image":[{"width":1600,"height":1066,"url":"https:\/\/infopba247.com.ar\/wp-content\/uploads\/2024\/03\/unnamed-2024-03-12T103218.035.jpg","type":"image\/jpeg"}],"author":"Editor","twitter_card":"summary_large_image","twitter_misc":{"Escrito por":"Editor","Tiempo de lectura":"3 minutos"},"schema":{"@context":"https:\/\/schema.org","@graph":[{"@type":"Article","@id":"https:\/\/infopba247.com.ar\/index.php\/2024\/03\/12\/alak-sileoni-y-mena-entregaron-material-educativo-para-centros-comunitarios\/#article","isPartOf":{"@id":"https:\/\/infopba247.com.ar\/index.php\/2024\/03\/12\/alak-sileoni-y-mena-entregaron-material-educativo-para-centros-comunitarios\/"},"author":{"name":"Editor","@id":"https:\/\/infopba247.com.ar\/#\/schema\/person\/4975f1343a413e57bf839b3eed0099f2"},"headline":"Alak, Sileoni y Mena entregaron material educativo para centros comunitarios","datePublished":"2024-03-12T14:12:21+00:00","dateModified":"2024-03-12T14:12:22+00:00","mainEntityOfPage":{"@id":"https:\/\/infopba247.com.ar\/index.php\/2024\/03\/12\/alak-sileoni-y-mena-entregaron-material-educativo-para-centros-comunitarios\/"},"wordCount":562,"publisher":{"@id":"https:\/\/infopba247.com.ar\/#organization"},"image":{"@id":"https:\/\/infopba247.com.ar\/index.php\/2024\/03\/12\/alak-sileoni-y-mena-entregaron-material-educativo-para-centros-comunitarios\/#primaryimage"},"thumbnailUrl":"https:\/\/infopba247.com.ar\/wp-content\/uploads\/2024\/03\/unnamed-2024-03-12T103218.035.jpg","articleSection":["6ta Secci\u00f3n","Destacadas","Pol\u00edtica"],"inLanguage":"es"},{"@type":"WebPage","@id":"https:\/\/infopba247.com.ar\/index.php\/2024\/03\/12\/alak-sileoni-y-mena-entregaron-material-educativo-para-centros-comunitarios\/","url":"https:\/\/infopba247.com.ar\/index.php\/2024\/03\/12\/alak-sileoni-y-mena-entregaron-material-educativo-para-centros-comunitarios\/","name":"Alak, Sileoni y Mena entregaron material educativo para centros comunitarios - InfoPBA247","isPartOf":{"@id":"https:\/\/infopba247.com.ar\/#website"},"primaryImageOfPage":{"@id":"https:\/\/infopba247.com.ar\/index.php\/2024\/03\/12\/alak-sileoni-y-mena-entregaron-material-educativo-para-centros-comunitarios\/#primaryimage"},"image":{"@id":"https:\/\/infopba247.com.ar\/index.php\/2024\/03\/12\/alak-sileoni-y-mena-entregaron-material-educativo-para-centros-comunitarios\/#primaryimage"},"thumbnailUrl":"https:\/\/infopba247.com.ar\/wp-content\/uploads\/2024\/03\/unnamed-2024-03-12T103218.035.jpg","datePublished":"2024-03-12T14:12:21+00:00","dateModified":"2024-03-12T14:12:22+00:00","breadcrumb":{"@id":"https:\/\/infopba247.com.ar\/index.php\/2024\/03\/12\/alak-sileoni-y-mena-entregaron-material-educativo-para-centros-comunitarios\/#breadcrumb"},"inLanguage":"es","potentialAction":[{"@type":"ReadAction","target":["https:\/\/infopba247.com.ar\/index.php\/2024\/03\/12\/alak-sileoni-y-mena-entregaron-material-educativo-para-centros-comunitarios\/"]}]},{"@type":"ImageObject","inLanguage":"es","@id":"https:\/\/infopba247.com.ar\/index.php\/2024\/03\/12\/alak-sileoni-y-mena-entregaron-material-educativo-para-centros-comunitarios\/#primaryimage","url":"https:\/\/infopba247.com.ar\/wp-content\/uploads\/2024\/03\/unnamed-2024-03-12T103218.035.jpg","contentUrl":"https:\/\/infopba247.com.ar\/wp-content\/uploads\/2024\/03\/unnamed-2024-03-12T103218.035.jpg","width":1600,"height":1066},{"@type":"BreadcrumbList","@id":"https:\/\/infopba247.com.ar\/index.php\/2024\/03\/12\/alak-sileoni-y-mena-entregaron-material-educativo-para-centros-comunitarios\/#breadcrumb","itemListElement":[{"@type":"ListItem","position":1,"name":"Portada","item":"https:\/\/infopba247.com.ar\/"},{"@type":"ListItem","position":2,"name":"Alak, Sileoni y Mena entregaron material educativo para centros comunitarios"}]},{"@type":"WebSite","@id":"https:\/\/infopba247.com.ar\/#website","url":"https:\/\/infopba247.com.ar\/","name":"InfoPBA247","description":"Toda la actualidad bonaerense","publisher":{"@id":"https:\/\/infopba247.com.ar\/#organization"},"potentialAction":[{"@type":"SearchAction","target":{"@type":"EntryPoint","urlTemplate":"https:\/\/infopba247.com.ar\/?s={search_term_string}"},"query-input":{"@type":"PropertyValueSpecification","valueRequired":true,"valueName":"search_term_string"}}],"inLanguage":"es"},{"@type":"Organization","@id":"https:\/\/infopba247.com.ar\/#organization","name":"InfoPBA247","url":"https:\/\/infopba247.com.ar\/","logo":{"@type":"ImageObject","inLanguage":"es","@id":"https:\/\/infopba247.com.ar\/#\/schema\/logo\/image\/","url":"https:\/\/infopba247.com.ar\/wp-content\/uploads\/2022\/03\/cropped-InfoPBA247-1.png","contentUrl":"https:\/\/infopba247.com.ar\/wp-content\/uploads\/2022\/03\/cropped-InfoPBA247-1.png","width":500,"height":122,"caption":"InfoPBA247"},"image":{"@id":"https:\/\/infopba247.com.ar\/#\/schema\/logo\/image\/"},"sameAs":["https:\/\/www.facebook.com\/InfoPBA"]},{"@type":"Person","@id":"https:\/\/infopba247.com.ar\/#\/schema\/person\/4975f1343a413e57bf839b3eed0099f2","name":"Editor","image":{"@type":"ImageObject","inLanguage":"es","@id":"https:\/\/secure.gravatar.com\/avatar\/d27fe9520667ca53441d36627a1d6b0fa4a813571ec4803687a7a3a7744685ac?s=96&d=mm&r=g","url":"https:\/\/secure.gravatar.com\/avatar\/d27fe9520667ca53441d36627a1d6b0fa4a813571ec4803687a7a3a7744685ac?s=96&d=mm&r=g","contentUrl":"https:\/\/secure.gravatar.com\/avatar\/d27fe9520667ca53441d36627a1d6b0fa4a813571ec4803687a7a3a7744685ac?s=96&d=mm&r=g","caption":"Editor"},"url":"https:\/\/infopba247.com.ar\/index.php\/author\/editor\/"}]}},"_links":{"self":[{"href":"https:\/\/infopba247.com.ar\/index.php\/wp-json\/wp\/v2\/posts\/3653","targetHints":{"allow":["GET"]}}],"collection":[{"href":"https:\/\/infopba247.com.ar\/index.php\/wp-json\/wp\/v2\/posts"}],"about":[{"href":"https:\/\/infopba247.com.ar\/index.php\/wp-json\/wp\/v2\/types\/post"}],"author":[{"embeddable":true,"href":"https:\/\/infopba247.com.ar\/index.php\/wp-json\/wp\/v2\/users\/3"}],"replies":[{"embeddable":true,"href":"https:\/\/infopba247.com.ar\/index.php\/wp-json\/wp\/v2\/comments?post=3653"}],"version-history":[{"count":1,"href":"https:\/\/infopba247.com.ar\/index.php\/wp-json\/wp\/v2\/posts\/3653\/revisions"}],"predecessor-version":[{"id":3654,"href":"https:\/\/infopba247.com.ar\/index.php\/wp-json\/wp\/v2\/posts\/3653\/revisions\/3654"}],"wp:featuredmedia":[{"embeddable":true,"href":"https:\/\/infopba247.com.ar\/index.php\/wp-json\/wp\/v2\/media\/3651"}],"wp:attachment":[{"href":"https:\/\/infopba247.com.ar\/index.php\/wp-json\/wp\/v2\/media?parent=3653"}],"wp:term":[{"taxonomy":"category","embeddable":true,"href":"https:\/\/infopba247.com.ar\/index.php\/wp-json\/wp\/v2\/categories?post=3653"},{"taxonomy":"post_tag","embeddable":true,"href":"https:\/\/infopba247.com.ar\/index.php\/wp-json\/wp\/v2\/tags?post=3653"}],"curies":[{"name":"wp","href":"https:\/\/api.w.org\/{rel}","templated":true}]}}