{"id":365,"date":"2022-05-27T23:02:00","date_gmt":"2022-05-27T23:02:00","guid":{"rendered":"https:\/\/infopba247.com.ar\/?p=365"},"modified":"2022-05-31T23:04:11","modified_gmt":"2022-05-31T23:04:11","slug":"pedro-aznar-homenajea-a-atahualpa-yupanqui-con-un-recital-en-la-gobernacion-bonaerense","status":"publish","type":"post","link":"https:\/\/infopba247.com.ar\/index.php\/2022\/05\/27\/pedro-aznar-homenajea-a-atahualpa-yupanqui-con-un-recital-en-la-gobernacion-bonaerense\/","title":{"rendered":"Pedro Aznar homenajea a Atahualpa Yupanqui con un recital en la Gobernaci\u00f3n bonaerense"},"content":{"rendered":"\n<p>Este viernes 27 de mayo desde las 19 horas, Pedro Aznar e invitados especiales dar\u00e1n un concierto en homenaje a Atahualpa Yupanqui a 30 a\u00f1os de su fallecimiento. Ser\u00e1 en el Sal\u00f3n Dorado de Gobernaci\u00f3n bonaerense y se puede seguir en vivo por Youtube a trav\u00e9s del gobierno provincial.<\/p>\n\n\n\n<p>El recital homenaje de Pedro Aznar a Atahualpa Yupanqui forma parte del ciclo \u201cHechos de Canciones\u201d. Habr\u00e1 invitados especiales como Lidia Borda, Naci\u00f3n Ekeko, Luc\u00eda Ceresani y las artistas de C\u00f3digo Provincia, Antonella Restucci y La Fruti.<\/p>\n\n\n\n<p>Bajo el lema \u201cFlorezco en guitarras porque fui la madera\u201d y organizado por el Instituto Cultural, el evento tendr\u00e1 lugar el viernes 27 de mayo a las 19:00 en el Sal\u00f3n Dorado de Gobernaci\u00f3n (6 e\/ 51 y 53, La Plata).<\/p>\n\n\n\n<p>\u201cLas palabras y los sonidos de Atahualpa son herramientas para mirar y reconstruir los paisajes en los que vivimos, para conocerlos y amarlos. Observar nuestros territorios y reimaginarlos desde la voz de Atahualpa, pero tambi\u00e9n desde las miles de voces que se apropian de sus canciones y sus poemas\u201d, expresaron desde el organismo conducido por Florencia Saintout.<\/p>\n\n\n\n<p>\u201cEstas miradas habilitan un encuentro a trav\u00e9s del espacio en el que diferentes generaciones comparten los tesoros que encontraron habitando la provincia de Buenos Aires. As\u00ed se forma nuestra identidad, con los tesoros que encontramos y compartimos: lo que vuelve habitable el mundo\u201d, completaron.<\/p>\n\n\n\n<p>Pedro Aznar es un reconocido m\u00fasico, multiinstrumentista, compositor y cantante argentino. Form\u00f3 parte de grupos esenciales del rock nacional como Ser\u00fa Gir\u00e1n y Spinetta Jade, pero su versatilidad y pericia para abordar distintos g\u00e9neros como el jazz lo llevaron a integrar formaciones como Pat Metheny Group. Con m\u00e1s de veinte albumes y dedicado a su carrera solista desde 1993, edit\u00f3 el a\u00f1o pasado una producci\u00f3n orientada al folklore latinoamericano: \u201cFlor y ra\u00edz\u201d.<\/p>\n\n\n\n<p>Participar\u00e1n tambi\u00e9n la cantante de tangos Lidia Borda, Naci\u00f3n Ekeko y su fusi\u00f3n de electr\u00f3nica y sonidos latinoamericanos, el canto folkl\u00f3rico de Luc\u00eda Ceresani y dos artistas de C\u00f3digo Provincia: la cantautora quilme\u00f1a Antonella Restucci y el estilo urbano de La Fruti.<\/p>\n\n\n\n<p>Este concierto se enmarca en la agenda pensada por el Instituto Cultural por la Semana de Mayo y los 30 a\u00f1os de la partida de Atahualpa Yupanqui, que incluy\u00f3 el show de Peteco Carabajal y una Concierto Patrio con el Chango Spasiuk.<\/p>\n\n\n\n<p>En ese marco, cabe recordar, que en el Centro Provincial de las Artes Teatro Argentino de La Plata qued\u00f3 inaugurada la muestra itinerante \u201cTierra que anda\u201d, dedicada al autor de \u201cEl Arriero\u201d. Presentada por la Fundaci\u00f3n Atahualpa Yupanqui y la Asociaci\u00f3n Civil por la M\u00fasica, podr\u00e1 visitarse, con entrada libre y gratuita, hasta el 5 de junio de martes a domingos de 16:00 a 19:00.<\/p>\n","protected":false},"excerpt":{"rendered":"<p>Este viernes 27 de mayo desde las 19 horas, Pedro Aznar e invitados especiales dar\u00e1n un concierto en homenaje a<\/p>\n","protected":false},"author":2,"featured_media":366,"comment_status":"closed","ping_status":"closed","sticky":false,"template":"","format":"standard","meta":{"colormag_page_container_layout":"default_layout","colormag_page_sidebar_layout":"default_layout","footnotes":""},"categories":[15],"tags":[],"class_list":["post-365","post","type-post","status-publish","format-standard","has-post-thumbnail","hentry","category-turismo-y-cultura"],"yoast_head":"<!-- This site is optimized with the Yoast SEO plugin v27.4 - https:\/\/yoast.com\/product\/yoast-seo-wordpress\/ -->\n<title>Pedro Aznar homenajea a Atahualpa Yupanqui con un recital en la Gobernaci\u00f3n bonaerense - InfoPBA247<\/title>\n<meta name=\"robots\" content=\"index, follow, max-snippet:-1, max-image-preview:large, max-video-preview:-1\" \/>\n<link rel=\"canonical\" href=\"https:\/\/infopba247.com.ar\/index.php\/2022\/05\/27\/pedro-aznar-homenajea-a-atahualpa-yupanqui-con-un-recital-en-la-gobernacion-bonaerense\/\" \/>\n<meta property=\"og:locale\" content=\"es_ES\" \/>\n<meta property=\"og:type\" content=\"article\" \/>\n<meta property=\"og:title\" content=\"Pedro Aznar homenajea a Atahualpa Yupanqui con un recital en la Gobernaci\u00f3n bonaerense - InfoPBA247\" \/>\n<meta property=\"og:description\" content=\"Este viernes 27 de mayo desde las 19 horas, Pedro Aznar e invitados especiales dar\u00e1n un concierto en homenaje a\" \/>\n<meta property=\"og:url\" content=\"https:\/\/infopba247.com.ar\/index.php\/2022\/05\/27\/pedro-aznar-homenajea-a-atahualpa-yupanqui-con-un-recital-en-la-gobernacion-bonaerense\/\" \/>\n<meta property=\"og:site_name\" content=\"InfoPBA247\" \/>\n<meta property=\"article:publisher\" content=\"https:\/\/www.facebook.com\/InfoPBA\" \/>\n<meta property=\"article:published_time\" content=\"2022-05-27T23:02:00+00:00\" \/>\n<meta property=\"article:modified_time\" content=\"2022-05-31T23:04:11+00:00\" \/>\n<meta property=\"og:image\" content=\"https:\/\/infopba247.com.ar\/wp-content\/uploads\/2022\/05\/Pedro-Azna-2048x1365-1.jpg\" \/>\n\t<meta property=\"og:image:width\" content=\"2048\" \/>\n\t<meta property=\"og:image:height\" content=\"1365\" \/>\n\t<meta property=\"og:image:type\" content=\"image\/jpeg\" \/>\n<meta name=\"twitter:card\" content=\"summary_large_image\" \/>\n<meta name=\"twitter:label1\" content=\"Escrito por\" \/>\n\t<meta name=\"twitter:data1\" content=\"\" \/>\n\t<meta name=\"twitter:label2\" content=\"Tiempo de lectura\" \/>\n\t<meta name=\"twitter:data2\" content=\"2 minutos\" \/>\n<script type=\"application\/ld+json\" class=\"yoast-schema-graph\">{\"@context\":\"https:\\\/\\\/schema.org\",\"@graph\":[{\"@type\":\"Article\",\"@id\":\"https:\\\/\\\/infopba247.com.ar\\\/index.php\\\/2022\\\/05\\\/27\\\/pedro-aznar-homenajea-a-atahualpa-yupanqui-con-un-recital-en-la-gobernacion-bonaerense\\\/#article\",\"isPartOf\":{\"@id\":\"https:\\\/\\\/infopba247.com.ar\\\/index.php\\\/2022\\\/05\\\/27\\\/pedro-aznar-homenajea-a-atahualpa-yupanqui-con-un-recital-en-la-gobernacion-bonaerense\\\/\"},\"author\":{\"name\":\"\",\"@id\":\"\"},\"headline\":\"Pedro Aznar homenajea a Atahualpa Yupanqui con un recital en la Gobernaci\u00f3n bonaerense\",\"datePublished\":\"2022-05-27T23:02:00+00:00\",\"dateModified\":\"2022-05-31T23:04:11+00:00\",\"mainEntityOfPage\":{\"@id\":\"https:\\\/\\\/infopba247.com.ar\\\/index.php\\\/2022\\\/05\\\/27\\\/pedro-aznar-homenajea-a-atahualpa-yupanqui-con-un-recital-en-la-gobernacion-bonaerense\\\/\"},\"wordCount\":482,\"publisher\":{\"@id\":\"https:\\\/\\\/infopba247.com.ar\\\/#organization\"},\"image\":{\"@id\":\"https:\\\/\\\/infopba247.com.ar\\\/index.php\\\/2022\\\/05\\\/27\\\/pedro-aznar-homenajea-a-atahualpa-yupanqui-con-un-recital-en-la-gobernacion-bonaerense\\\/#primaryimage\"},\"thumbnailUrl\":\"https:\\\/\\\/infopba247.com.ar\\\/wp-content\\\/uploads\\\/2022\\\/05\\\/Pedro-Azna-2048x1365-1.jpg\",\"articleSection\":[\"Turismo y Cultura\"],\"inLanguage\":\"es\"},{\"@type\":\"WebPage\",\"@id\":\"https:\\\/\\\/infopba247.com.ar\\\/index.php\\\/2022\\\/05\\\/27\\\/pedro-aznar-homenajea-a-atahualpa-yupanqui-con-un-recital-en-la-gobernacion-bonaerense\\\/\",\"url\":\"https:\\\/\\\/infopba247.com.ar\\\/index.php\\\/2022\\\/05\\\/27\\\/pedro-aznar-homenajea-a-atahualpa-yupanqui-con-un-recital-en-la-gobernacion-bonaerense\\\/\",\"name\":\"Pedro Aznar homenajea a Atahualpa Yupanqui con un recital en la Gobernaci\u00f3n bonaerense - InfoPBA247\",\"isPartOf\":{\"@id\":\"https:\\\/\\\/infopba247.com.ar\\\/#website\"},\"primaryImageOfPage\":{\"@id\":\"https:\\\/\\\/infopba247.com.ar\\\/index.php\\\/2022\\\/05\\\/27\\\/pedro-aznar-homenajea-a-atahualpa-yupanqui-con-un-recital-en-la-gobernacion-bonaerense\\\/#primaryimage\"},\"image\":{\"@id\":\"https:\\\/\\\/infopba247.com.ar\\\/index.php\\\/2022\\\/05\\\/27\\\/pedro-aznar-homenajea-a-atahualpa-yupanqui-con-un-recital-en-la-gobernacion-bonaerense\\\/#primaryimage\"},\"thumbnailUrl\":\"https:\\\/\\\/infopba247.com.ar\\\/wp-content\\\/uploads\\\/2022\\\/05\\\/Pedro-Azna-2048x1365-1.jpg\",\"datePublished\":\"2022-05-27T23:02:00+00:00\",\"dateModified\":\"2022-05-31T23:04:11+00:00\",\"breadcrumb\":{\"@id\":\"https:\\\/\\\/infopba247.com.ar\\\/index.php\\\/2022\\\/05\\\/27\\\/pedro-aznar-homenajea-a-atahualpa-yupanqui-con-un-recital-en-la-gobernacion-bonaerense\\\/#breadcrumb\"},\"inLanguage\":\"es\",\"potentialAction\":[{\"@type\":\"ReadAction\",\"target\":[\"https:\\\/\\\/infopba247.com.ar\\\/index.php\\\/2022\\\/05\\\/27\\\/pedro-aznar-homenajea-a-atahualpa-yupanqui-con-un-recital-en-la-gobernacion-bonaerense\\\/\"]}]},{\"@type\":\"ImageObject\",\"inLanguage\":\"es\",\"@id\":\"https:\\\/\\\/infopba247.com.ar\\\/index.php\\\/2022\\\/05\\\/27\\\/pedro-aznar-homenajea-a-atahualpa-yupanqui-con-un-recital-en-la-gobernacion-bonaerense\\\/#primaryimage\",\"url\":\"https:\\\/\\\/infopba247.com.ar\\\/wp-content\\\/uploads\\\/2022\\\/05\\\/Pedro-Azna-2048x1365-1.jpg\",\"contentUrl\":\"https:\\\/\\\/infopba247.com.ar\\\/wp-content\\\/uploads\\\/2022\\\/05\\\/Pedro-Azna-2048x1365-1.jpg\",\"width\":2048,\"height\":1365},{\"@type\":\"BreadcrumbList\",\"@id\":\"https:\\\/\\\/infopba247.com.ar\\\/index.php\\\/2022\\\/05\\\/27\\\/pedro-aznar-homenajea-a-atahualpa-yupanqui-con-un-recital-en-la-gobernacion-bonaerense\\\/#breadcrumb\",\"itemListElement\":[{\"@type\":\"ListItem\",\"position\":1,\"name\":\"Portada\",\"item\":\"https:\\\/\\\/infopba247.com.ar\\\/\"},{\"@type\":\"ListItem\",\"position\":2,\"name\":\"Pedro Aznar homenajea a Atahualpa Yupanqui con un recital en la Gobernaci\u00f3n bonaerense\"}]},{\"@type\":\"WebSite\",\"@id\":\"https:\\\/\\\/infopba247.com.ar\\\/#website\",\"url\":\"https:\\\/\\\/infopba247.com.ar\\\/\",\"name\":\"InfoPBA247\",\"description\":\"Toda la actualidad bonaerense\",\"publisher\":{\"@id\":\"https:\\\/\\\/infopba247.com.ar\\\/#organization\"},\"potentialAction\":[{\"@type\":\"SearchAction\",\"target\":{\"@type\":\"EntryPoint\",\"urlTemplate\":\"https:\\\/\\\/infopba247.com.ar\\\/?s={search_term_string}\"},\"query-input\":{\"@type\":\"PropertyValueSpecification\",\"valueRequired\":true,\"valueName\":\"search_term_string\"}}],\"inLanguage\":\"es\"},{\"@type\":\"Organization\",\"@id\":\"https:\\\/\\\/infopba247.com.ar\\\/#organization\",\"name\":\"InfoPBA247\",\"url\":\"https:\\\/\\\/infopba247.com.ar\\\/\",\"logo\":{\"@type\":\"ImageObject\",\"inLanguage\":\"es\",\"@id\":\"https:\\\/\\\/infopba247.com.ar\\\/#\\\/schema\\\/logo\\\/image\\\/\",\"url\":\"https:\\\/\\\/infopba247.com.ar\\\/wp-content\\\/uploads\\\/2022\\\/03\\\/cropped-InfoPBA247-1.png\",\"contentUrl\":\"https:\\\/\\\/infopba247.com.ar\\\/wp-content\\\/uploads\\\/2022\\\/03\\\/cropped-InfoPBA247-1.png\",\"width\":500,\"height\":122,\"caption\":\"InfoPBA247\"},\"image\":{\"@id\":\"https:\\\/\\\/infopba247.com.ar\\\/#\\\/schema\\\/logo\\\/image\\\/\"},\"sameAs\":[\"https:\\\/\\\/www.facebook.com\\\/InfoPBA\"]},{\"@type\":\"Person\",\"@id\":\"\",\"url\":\"https:\\\/\\\/infopba247.com.ar\\\/index.php\\\/author\\\/\"}]}<\/script>\n<!-- \/ Yoast SEO plugin. -->","yoast_head_json":{"title":"Pedro Aznar homenajea a Atahualpa Yupanqui con un recital en la Gobernaci\u00f3n bonaerense - InfoPBA247","robots":{"index":"index","follow":"follow","max-snippet":"max-snippet:-1","max-image-preview":"max-image-preview:large","max-video-preview":"max-video-preview:-1"},"canonical":"https:\/\/infopba247.com.ar\/index.php\/2022\/05\/27\/pedro-aznar-homenajea-a-atahualpa-yupanqui-con-un-recital-en-la-gobernacion-bonaerense\/","og_locale":"es_ES","og_type":"article","og_title":"Pedro Aznar homenajea a Atahualpa Yupanqui con un recital en la Gobernaci\u00f3n bonaerense - InfoPBA247","og_description":"Este viernes 27 de mayo desde las 19 horas, Pedro Aznar e invitados especiales dar\u00e1n un concierto en homenaje a","og_url":"https:\/\/infopba247.com.ar\/index.php\/2022\/05\/27\/pedro-aznar-homenajea-a-atahualpa-yupanqui-con-un-recital-en-la-gobernacion-bonaerense\/","og_site_name":"InfoPBA247","article_publisher":"https:\/\/www.facebook.com\/InfoPBA","article_published_time":"2022-05-27T23:02:00+00:00","article_modified_time":"2022-05-31T23:04:11+00:00","og_image":[{"width":2048,"height":1365,"url":"https:\/\/infopba247.com.ar\/wp-content\/uploads\/2022\/05\/Pedro-Azna-2048x1365-1.jpg","type":"image\/jpeg"}],"twitter_card":"summary_large_image","twitter_misc":{"Escrito por":"","Tiempo de lectura":"2 minutos"},"schema":{"@context":"https:\/\/schema.org","@graph":[{"@type":"Article","@id":"https:\/\/infopba247.com.ar\/index.php\/2022\/05\/27\/pedro-aznar-homenajea-a-atahualpa-yupanqui-con-un-recital-en-la-gobernacion-bonaerense\/#article","isPartOf":{"@id":"https:\/\/infopba247.com.ar\/index.php\/2022\/05\/27\/pedro-aznar-homenajea-a-atahualpa-yupanqui-con-un-recital-en-la-gobernacion-bonaerense\/"},"author":{"name":"","@id":""},"headline":"Pedro Aznar homenajea a Atahualpa Yupanqui con un recital en la Gobernaci\u00f3n bonaerense","datePublished":"2022-05-27T23:02:00+00:00","dateModified":"2022-05-31T23:04:11+00:00","mainEntityOfPage":{"@id":"https:\/\/infopba247.com.ar\/index.php\/2022\/05\/27\/pedro-aznar-homenajea-a-atahualpa-yupanqui-con-un-recital-en-la-gobernacion-bonaerense\/"},"wordCount":482,"publisher":{"@id":"https:\/\/infopba247.com.ar\/#organization"},"image":{"@id":"https:\/\/infopba247.com.ar\/index.php\/2022\/05\/27\/pedro-aznar-homenajea-a-atahualpa-yupanqui-con-un-recital-en-la-gobernacion-bonaerense\/#primaryimage"},"thumbnailUrl":"https:\/\/infopba247.com.ar\/wp-content\/uploads\/2022\/05\/Pedro-Azna-2048x1365-1.jpg","articleSection":["Turismo y Cultura"],"inLanguage":"es"},{"@type":"WebPage","@id":"https:\/\/infopba247.com.ar\/index.php\/2022\/05\/27\/pedro-aznar-homenajea-a-atahualpa-yupanqui-con-un-recital-en-la-gobernacion-bonaerense\/","url":"https:\/\/infopba247.com.ar\/index.php\/2022\/05\/27\/pedro-aznar-homenajea-a-atahualpa-yupanqui-con-un-recital-en-la-gobernacion-bonaerense\/","name":"Pedro Aznar homenajea a Atahualpa Yupanqui con un recital en la Gobernaci\u00f3n bonaerense - InfoPBA247","isPartOf":{"@id":"https:\/\/infopba247.com.ar\/#website"},"primaryImageOfPage":{"@id":"https:\/\/infopba247.com.ar\/index.php\/2022\/05\/27\/pedro-aznar-homenajea-a-atahualpa-yupanqui-con-un-recital-en-la-gobernacion-bonaerense\/#primaryimage"},"image":{"@id":"https:\/\/infopba247.com.ar\/index.php\/2022\/05\/27\/pedro-aznar-homenajea-a-atahualpa-yupanqui-con-un-recital-en-la-gobernacion-bonaerense\/#primaryimage"},"thumbnailUrl":"https:\/\/infopba247.com.ar\/wp-content\/uploads\/2022\/05\/Pedro-Azna-2048x1365-1.jpg","datePublished":"2022-05-27T23:02:00+00:00","dateModified":"2022-05-31T23:04:11+00:00","breadcrumb":{"@id":"https:\/\/infopba247.com.ar\/index.php\/2022\/05\/27\/pedro-aznar-homenajea-a-atahualpa-yupanqui-con-un-recital-en-la-gobernacion-bonaerense\/#breadcrumb"},"inLanguage":"es","potentialAction":[{"@type":"ReadAction","target":["https:\/\/infopba247.com.ar\/index.php\/2022\/05\/27\/pedro-aznar-homenajea-a-atahualpa-yupanqui-con-un-recital-en-la-gobernacion-bonaerense\/"]}]},{"@type":"ImageObject","inLanguage":"es","@id":"https:\/\/infopba247.com.ar\/index.php\/2022\/05\/27\/pedro-aznar-homenajea-a-atahualpa-yupanqui-con-un-recital-en-la-gobernacion-bonaerense\/#primaryimage","url":"https:\/\/infopba247.com.ar\/wp-content\/uploads\/2022\/05\/Pedro-Azna-2048x1365-1.jpg","contentUrl":"https:\/\/infopba247.com.ar\/wp-content\/uploads\/2022\/05\/Pedro-Azna-2048x1365-1.jpg","width":2048,"height":1365},{"@type":"BreadcrumbList","@id":"https:\/\/infopba247.com.ar\/index.php\/2022\/05\/27\/pedro-aznar-homenajea-a-atahualpa-yupanqui-con-un-recital-en-la-gobernacion-bonaerense\/#breadcrumb","itemListElement":[{"@type":"ListItem","position":1,"name":"Portada","item":"https:\/\/infopba247.com.ar\/"},{"@type":"ListItem","position":2,"name":"Pedro Aznar homenajea a Atahualpa Yupanqui con un recital en la Gobernaci\u00f3n bonaerense"}]},{"@type":"WebSite","@id":"https:\/\/infopba247.com.ar\/#website","url":"https:\/\/infopba247.com.ar\/","name":"InfoPBA247","description":"Toda la actualidad bonaerense","publisher":{"@id":"https:\/\/infopba247.com.ar\/#organization"},"potentialAction":[{"@type":"SearchAction","target":{"@type":"EntryPoint","urlTemplate":"https:\/\/infopba247.com.ar\/?s={search_term_string}"},"query-input":{"@type":"PropertyValueSpecification","valueRequired":true,"valueName":"search_term_string"}}],"inLanguage":"es"},{"@type":"Organization","@id":"https:\/\/infopba247.com.ar\/#organization","name":"InfoPBA247","url":"https:\/\/infopba247.com.ar\/","logo":{"@type":"ImageObject","inLanguage":"es","@id":"https:\/\/infopba247.com.ar\/#\/schema\/logo\/image\/","url":"https:\/\/infopba247.com.ar\/wp-content\/uploads\/2022\/03\/cropped-InfoPBA247-1.png","contentUrl":"https:\/\/infopba247.com.ar\/wp-content\/uploads\/2022\/03\/cropped-InfoPBA247-1.png","width":500,"height":122,"caption":"InfoPBA247"},"image":{"@id":"https:\/\/infopba247.com.ar\/#\/schema\/logo\/image\/"},"sameAs":["https:\/\/www.facebook.com\/InfoPBA"]},{"@type":"Person","@id":"","url":"https:\/\/infopba247.com.ar\/index.php\/author\/"}]}},"_links":{"self":[{"href":"https:\/\/infopba247.com.ar\/index.php\/wp-json\/wp\/v2\/posts\/365","targetHints":{"allow":["GET"]}}],"collection":[{"href":"https:\/\/infopba247.com.ar\/index.php\/wp-json\/wp\/v2\/posts"}],"about":[{"href":"https:\/\/infopba247.com.ar\/index.php\/wp-json\/wp\/v2\/types\/post"}],"author":[{"embeddable":true,"href":"https:\/\/infopba247.com.ar\/index.php\/wp-json\/wp\/v2\/users\/2"}],"replies":[{"embeddable":true,"href":"https:\/\/infopba247.com.ar\/index.php\/wp-json\/wp\/v2\/comments?post=365"}],"version-history":[{"count":1,"href":"https:\/\/infopba247.com.ar\/index.php\/wp-json\/wp\/v2\/posts\/365\/revisions"}],"predecessor-version":[{"id":367,"href":"https:\/\/infopba247.com.ar\/index.php\/wp-json\/wp\/v2\/posts\/365\/revisions\/367"}],"wp:featuredmedia":[{"embeddable":true,"href":"https:\/\/infopba247.com.ar\/index.php\/wp-json\/wp\/v2\/media\/366"}],"wp:attachment":[{"href":"https:\/\/infopba247.com.ar\/index.php\/wp-json\/wp\/v2\/media?parent=365"}],"wp:term":[{"taxonomy":"category","embeddable":true,"href":"https:\/\/infopba247.com.ar\/index.php\/wp-json\/wp\/v2\/categories?post=365"},{"taxonomy":"post_tag","embeddable":true,"href":"https:\/\/infopba247.com.ar\/index.php\/wp-json\/wp\/v2\/tags?post=365"}],"curies":[{"name":"wp","href":"https:\/\/api.w.org\/{rel}","templated":true}]}}