{"id":3635,"date":"2024-03-08T08:14:35","date_gmt":"2024-03-08T11:14:35","guid":{"rendered":"https:\/\/infopba247.com.ar\/?p=3635"},"modified":"2024-03-08T08:14:35","modified_gmt":"2024-03-08T11:14:35","slug":"mariel-fernandez-vamos-hacer-todo-lo-que-tengamos-que-hacer-para-defender-nuestra-patria","status":"publish","type":"post","link":"https:\/\/infopba247.com.ar\/index.php\/2024\/03\/08\/mariel-fernandez-vamos-hacer-todo-lo-que-tengamos-que-hacer-para-defender-nuestra-patria\/","title":{"rendered":"Mariel Fern\u00e1ndez: \u201cVamos hacer todo lo que tengamos que hacer para defender nuestra patria\u201d"},"content":{"rendered":"\n<p>La intendenta, Mariel Fern\u00e1ndez, encabez\u00f3 la apertura de sesiones ordinarias para el presente per\u00edodo legislativo del Honorable Concejo Deliberante (HCD) de Moreno, que se desarroll\u00f3 este jueves en el recinto del HCD.<\/p>\n\n\n\n<p>En primer lugar, agradeci\u00f3 el trabajo y el compromiso de las y los concejales de Uni\u00f3n por la Patria, del gabinete municipal, de las trabajadoras y los trabajadores municipales, y de toda la militancia de Moreno. Tambi\u00e9n se dirigi\u00f3 a las personas que integraban Potenciar Trabajo, un programa nacional que fue dado de baja en los \u00faltimos d\u00edas. \u201cLos vamos a cuidar, as\u00ed como estuvieron para el pueblo de Moreno, esta intendenta y este municipio no les va a soltar la mano\u201d, afirm\u00f3.<\/p>\n\n\n\n<p>En su discurso, destac\u00f3 la inversi\u00f3n que realiz\u00f3 el gobierno municipal durante el 2023. \u201cCon fondos municipales hemos hecho una inversi\u00f3n de 3.700 millones, entre Naci\u00f3n y Provincia se invirtieron 2.881 millones, pero esa cifra junta no supera a la inversi\u00f3n en obra que hizo el Municipio, porque el Municipio invirti\u00f3 a\u00fan m\u00e1s\u201d, se\u00f1al\u00f3 y resalt\u00f3 que \u201cfue muy acertado haberle dado tanta celeridad a la cuesti\u00f3n en el 2023 porque una de las cosas que se dec\u00eda en el gobierno de Milei es que no iba a haber m\u00e1s obra p\u00fablica y eso lo cumpli\u00f3.\u201d<\/p>\n\n\n\n<p>En esta l\u00ednea, la intendenta enumer\u00f3 distintas obras que comenzaron con financiamiento nacional del gobierno anterior y afirm\u00f3 que se finalizar\u00e1n con fondos municipales, tales como la obra del Polideportivo Diego Armando Maradona en Cuartel V, el Parque Las Flores, las obras hidr\u00e1ulicas y de pavimentaci\u00f3n en las calles Moctezuma y Rub\u00e9n Dar\u00edo, y las obras complementarias del Arroyo Los Perros. Asimismo, confirm\u00f3 la reactivaci\u00f3n de las obras en las Rutas N\u00b024 y N\u00b025 que se realizan con el gobierno provincial, como as\u00ed tambi\u00e9n recalc\u00f3 que en Moreno las clases comenzaron en todas las escuelas.<\/p>\n\n\n\n<p>Adem\u00e1s, asegur\u00f3 que en el pa\u00eds se van a transitar momentos muy duros por la falta de trabajo, el encarecimiento de los servicios y de los medicamentos. \u201cMilei es un ap\u00e1trida, una persona que no quiere a su patria y no defiende los intereses de la naci\u00f3n\u201d, sentenci\u00f3.<\/p>\n\n\n\n<p>En este marco, Fern\u00e1ndez asever\u00f3 que \u201cEsta situaci\u00f3n social tan dif\u00edcil no va a hacer corrernos del rumbo que hemos emprendido ya hace un tiempo que es la de cambiar la matriz econ\u00f3mica de este municipio y seguir trabajando para el desarrollo industrial de este municipio\u201d, como tambi\u00e9n afirm\u00f3 que seguir\u00e1 trabajando por garantizar el derecho a la urbanidad en todos los barrios y la dignificaci\u00f3n de los edificios escolares.<\/p>\n\n\n\n<p>Por otro lado, agradeci\u00f3 el acompa\u00f1amiento del gobernador Axel Kicillof, el diputado M\u00e1ximo Kirchner, y de todos los ministros provinciales, principalmente del ministro Gabriel Katopodis.<\/p>\n\n\n\n<p>\u201cQuiero decirle al pueblo de Moreno que nosotros vamos a defender los derechos conquistados en nuestro Municipio, vamos a defender al pueblo de Moreno y vamos a hacer todo lo que tengamos que hacer para defender a nuestra patria\u201d, concluy\u00f3 la jefa comunal.<\/p>\n","protected":false},"excerpt":{"rendered":"<p>La intendenta, Mariel Fern\u00e1ndez, encabez\u00f3 la apertura de sesiones ordinarias para el presente per\u00edodo legislativo del Honorable Concejo Deliberante (HCD)<\/p>\n","protected":false},"author":3,"featured_media":3630,"comment_status":"closed","ping_status":"closed","sticky":false,"template":"","format":"standard","meta":{"colormag_page_container_layout":"default_layout","colormag_page_sidebar_layout":"default_layout","footnotes":""},"categories":[5,1,14],"tags":[],"class_list":["post-3635","post","type-post","status-publish","format-standard","has-post-thumbnail","hentry","category-1ra-seccion","category-destacadas","category-politica"],"yoast_head":"<!-- This site is optimized with the Yoast SEO plugin v27.4 - https:\/\/yoast.com\/product\/yoast-seo-wordpress\/ -->\n<title>Mariel Fern\u00e1ndez: \u201cVamos hacer todo lo que tengamos que hacer para defender nuestra patria\u201d - InfoPBA247<\/title>\n<meta name=\"robots\" content=\"index, follow, max-snippet:-1, max-image-preview:large, max-video-preview:-1\" \/>\n<link rel=\"canonical\" href=\"https:\/\/infopba247.com.ar\/index.php\/2024\/03\/08\/mariel-fernandez-vamos-hacer-todo-lo-que-tengamos-que-hacer-para-defender-nuestra-patria\/\" \/>\n<meta property=\"og:locale\" content=\"es_ES\" \/>\n<meta property=\"og:type\" content=\"article\" \/>\n<meta property=\"og:title\" content=\"Mariel Fern\u00e1ndez: \u201cVamos hacer todo lo que tengamos que hacer para defender nuestra patria\u201d - InfoPBA247\" \/>\n<meta property=\"og:description\" content=\"La intendenta, Mariel Fern\u00e1ndez, encabez\u00f3 la apertura de sesiones ordinarias para el presente per\u00edodo legislativo del Honorable Concejo Deliberante (HCD)\" \/>\n<meta property=\"og:url\" content=\"https:\/\/infopba247.com.ar\/index.php\/2024\/03\/08\/mariel-fernandez-vamos-hacer-todo-lo-que-tengamos-que-hacer-para-defender-nuestra-patria\/\" \/>\n<meta property=\"og:site_name\" content=\"InfoPBA247\" \/>\n<meta property=\"article:publisher\" content=\"https:\/\/www.facebook.com\/InfoPBA\" \/>\n<meta property=\"article:published_time\" content=\"2024-03-08T11:14:35+00:00\" \/>\n<meta property=\"og:image\" content=\"https:\/\/infopba247.com.ar\/wp-content\/uploads\/2024\/03\/APERTURA-DE-SESIONES-042-scaled.jpg\" \/>\n\t<meta property=\"og:image:width\" content=\"2560\" \/>\n\t<meta property=\"og:image:height\" content=\"1708\" \/>\n\t<meta property=\"og:image:type\" content=\"image\/jpeg\" \/>\n<meta name=\"author\" content=\"Editor\" \/>\n<meta name=\"twitter:card\" content=\"summary_large_image\" \/>\n<meta name=\"twitter:label1\" content=\"Escrito por\" \/>\n\t<meta name=\"twitter:data1\" content=\"Editor\" \/>\n\t<meta name=\"twitter:label2\" content=\"Tiempo de lectura\" \/>\n\t<meta name=\"twitter:data2\" content=\"3 minutos\" \/>\n<script type=\"application\/ld+json\" class=\"yoast-schema-graph\">{\"@context\":\"https:\\\/\\\/schema.org\",\"@graph\":[{\"@type\":\"Article\",\"@id\":\"https:\\\/\\\/infopba247.com.ar\\\/index.php\\\/2024\\\/03\\\/08\\\/mariel-fernandez-vamos-hacer-todo-lo-que-tengamos-que-hacer-para-defender-nuestra-patria\\\/#article\",\"isPartOf\":{\"@id\":\"https:\\\/\\\/infopba247.com.ar\\\/index.php\\\/2024\\\/03\\\/08\\\/mariel-fernandez-vamos-hacer-todo-lo-que-tengamos-que-hacer-para-defender-nuestra-patria\\\/\"},\"author\":{\"name\":\"Editor\",\"@id\":\"https:\\\/\\\/infopba247.com.ar\\\/#\\\/schema\\\/person\\\/4975f1343a413e57bf839b3eed0099f2\"},\"headline\":\"Mariel Fern\u00e1ndez: \u201cVamos hacer todo lo que tengamos que hacer para defender nuestra patria\u201d\",\"datePublished\":\"2024-03-08T11:14:35+00:00\",\"mainEntityOfPage\":{\"@id\":\"https:\\\/\\\/infopba247.com.ar\\\/index.php\\\/2024\\\/03\\\/08\\\/mariel-fernandez-vamos-hacer-todo-lo-que-tengamos-que-hacer-para-defender-nuestra-patria\\\/\"},\"wordCount\":539,\"publisher\":{\"@id\":\"https:\\\/\\\/infopba247.com.ar\\\/#organization\"},\"image\":{\"@id\":\"https:\\\/\\\/infopba247.com.ar\\\/index.php\\\/2024\\\/03\\\/08\\\/mariel-fernandez-vamos-hacer-todo-lo-que-tengamos-que-hacer-para-defender-nuestra-patria\\\/#primaryimage\"},\"thumbnailUrl\":\"https:\\\/\\\/infopba247.com.ar\\\/wp-content\\\/uploads\\\/2024\\\/03\\\/APERTURA-DE-SESIONES-042-scaled.jpg\",\"articleSection\":[\"1ra Secci\u00f3n\",\"Destacadas\",\"Pol\u00edtica\"],\"inLanguage\":\"es\"},{\"@type\":\"WebPage\",\"@id\":\"https:\\\/\\\/infopba247.com.ar\\\/index.php\\\/2024\\\/03\\\/08\\\/mariel-fernandez-vamos-hacer-todo-lo-que-tengamos-que-hacer-para-defender-nuestra-patria\\\/\",\"url\":\"https:\\\/\\\/infopba247.com.ar\\\/index.php\\\/2024\\\/03\\\/08\\\/mariel-fernandez-vamos-hacer-todo-lo-que-tengamos-que-hacer-para-defender-nuestra-patria\\\/\",\"name\":\"Mariel Fern\u00e1ndez: \u201cVamos hacer todo lo que tengamos que hacer para defender nuestra patria\u201d - InfoPBA247\",\"isPartOf\":{\"@id\":\"https:\\\/\\\/infopba247.com.ar\\\/#website\"},\"primaryImageOfPage\":{\"@id\":\"https:\\\/\\\/infopba247.com.ar\\\/index.php\\\/2024\\\/03\\\/08\\\/mariel-fernandez-vamos-hacer-todo-lo-que-tengamos-que-hacer-para-defender-nuestra-patria\\\/#primaryimage\"},\"image\":{\"@id\":\"https:\\\/\\\/infopba247.com.ar\\\/index.php\\\/2024\\\/03\\\/08\\\/mariel-fernandez-vamos-hacer-todo-lo-que-tengamos-que-hacer-para-defender-nuestra-patria\\\/#primaryimage\"},\"thumbnailUrl\":\"https:\\\/\\\/infopba247.com.ar\\\/wp-content\\\/uploads\\\/2024\\\/03\\\/APERTURA-DE-SESIONES-042-scaled.jpg\",\"datePublished\":\"2024-03-08T11:14:35+00:00\",\"breadcrumb\":{\"@id\":\"https:\\\/\\\/infopba247.com.ar\\\/index.php\\\/2024\\\/03\\\/08\\\/mariel-fernandez-vamos-hacer-todo-lo-que-tengamos-que-hacer-para-defender-nuestra-patria\\\/#breadcrumb\"},\"inLanguage\":\"es\",\"potentialAction\":[{\"@type\":\"ReadAction\",\"target\":[\"https:\\\/\\\/infopba247.com.ar\\\/index.php\\\/2024\\\/03\\\/08\\\/mariel-fernandez-vamos-hacer-todo-lo-que-tengamos-que-hacer-para-defender-nuestra-patria\\\/\"]}]},{\"@type\":\"ImageObject\",\"inLanguage\":\"es\",\"@id\":\"https:\\\/\\\/infopba247.com.ar\\\/index.php\\\/2024\\\/03\\\/08\\\/mariel-fernandez-vamos-hacer-todo-lo-que-tengamos-que-hacer-para-defender-nuestra-patria\\\/#primaryimage\",\"url\":\"https:\\\/\\\/infopba247.com.ar\\\/wp-content\\\/uploads\\\/2024\\\/03\\\/APERTURA-DE-SESIONES-042-scaled.jpg\",\"contentUrl\":\"https:\\\/\\\/infopba247.com.ar\\\/wp-content\\\/uploads\\\/2024\\\/03\\\/APERTURA-DE-SESIONES-042-scaled.jpg\",\"width\":2560,\"height\":1708},{\"@type\":\"BreadcrumbList\",\"@id\":\"https:\\\/\\\/infopba247.com.ar\\\/index.php\\\/2024\\\/03\\\/08\\\/mariel-fernandez-vamos-hacer-todo-lo-que-tengamos-que-hacer-para-defender-nuestra-patria\\\/#breadcrumb\",\"itemListElement\":[{\"@type\":\"ListItem\",\"position\":1,\"name\":\"Portada\",\"item\":\"https:\\\/\\\/infopba247.com.ar\\\/\"},{\"@type\":\"ListItem\",\"position\":2,\"name\":\"Mariel Fern\u00e1ndez: \u201cVamos hacer todo lo que tengamos que hacer para defender nuestra patria\u201d\"}]},{\"@type\":\"WebSite\",\"@id\":\"https:\\\/\\\/infopba247.com.ar\\\/#website\",\"url\":\"https:\\\/\\\/infopba247.com.ar\\\/\",\"name\":\"InfoPBA247\",\"description\":\"Toda la actualidad bonaerense\",\"publisher\":{\"@id\":\"https:\\\/\\\/infopba247.com.ar\\\/#organization\"},\"potentialAction\":[{\"@type\":\"SearchAction\",\"target\":{\"@type\":\"EntryPoint\",\"urlTemplate\":\"https:\\\/\\\/infopba247.com.ar\\\/?s={search_term_string}\"},\"query-input\":{\"@type\":\"PropertyValueSpecification\",\"valueRequired\":true,\"valueName\":\"search_term_string\"}}],\"inLanguage\":\"es\"},{\"@type\":\"Organization\",\"@id\":\"https:\\\/\\\/infopba247.com.ar\\\/#organization\",\"name\":\"InfoPBA247\",\"url\":\"https:\\\/\\\/infopba247.com.ar\\\/\",\"logo\":{\"@type\":\"ImageObject\",\"inLanguage\":\"es\",\"@id\":\"https:\\\/\\\/infopba247.com.ar\\\/#\\\/schema\\\/logo\\\/image\\\/\",\"url\":\"https:\\\/\\\/infopba247.com.ar\\\/wp-content\\\/uploads\\\/2022\\\/03\\\/cropped-InfoPBA247-1.png\",\"contentUrl\":\"https:\\\/\\\/infopba247.com.ar\\\/wp-content\\\/uploads\\\/2022\\\/03\\\/cropped-InfoPBA247-1.png\",\"width\":500,\"height\":122,\"caption\":\"InfoPBA247\"},\"image\":{\"@id\":\"https:\\\/\\\/infopba247.com.ar\\\/#\\\/schema\\\/logo\\\/image\\\/\"},\"sameAs\":[\"https:\\\/\\\/www.facebook.com\\\/InfoPBA\"]},{\"@type\":\"Person\",\"@id\":\"https:\\\/\\\/infopba247.com.ar\\\/#\\\/schema\\\/person\\\/4975f1343a413e57bf839b3eed0099f2\",\"name\":\"Editor\",\"image\":{\"@type\":\"ImageObject\",\"inLanguage\":\"es\",\"@id\":\"https:\\\/\\\/secure.gravatar.com\\\/avatar\\\/d27fe9520667ca53441d36627a1d6b0fa4a813571ec4803687a7a3a7744685ac?s=96&d=mm&r=g\",\"url\":\"https:\\\/\\\/secure.gravatar.com\\\/avatar\\\/d27fe9520667ca53441d36627a1d6b0fa4a813571ec4803687a7a3a7744685ac?s=96&d=mm&r=g\",\"contentUrl\":\"https:\\\/\\\/secure.gravatar.com\\\/avatar\\\/d27fe9520667ca53441d36627a1d6b0fa4a813571ec4803687a7a3a7744685ac?s=96&d=mm&r=g\",\"caption\":\"Editor\"},\"url\":\"https:\\\/\\\/infopba247.com.ar\\\/index.php\\\/author\\\/editor\\\/\"}]}<\/script>\n<!-- \/ Yoast SEO plugin. -->","yoast_head_json":{"title":"Mariel Fern\u00e1ndez: \u201cVamos hacer todo lo que tengamos que hacer para defender nuestra patria\u201d - InfoPBA247","robots":{"index":"index","follow":"follow","max-snippet":"max-snippet:-1","max-image-preview":"max-image-preview:large","max-video-preview":"max-video-preview:-1"},"canonical":"https:\/\/infopba247.com.ar\/index.php\/2024\/03\/08\/mariel-fernandez-vamos-hacer-todo-lo-que-tengamos-que-hacer-para-defender-nuestra-patria\/","og_locale":"es_ES","og_type":"article","og_title":"Mariel Fern\u00e1ndez: \u201cVamos hacer todo lo que tengamos que hacer para defender nuestra patria\u201d - InfoPBA247","og_description":"La intendenta, Mariel Fern\u00e1ndez, encabez\u00f3 la apertura de sesiones ordinarias para el presente per\u00edodo legislativo del Honorable Concejo Deliberante (HCD)","og_url":"https:\/\/infopba247.com.ar\/index.php\/2024\/03\/08\/mariel-fernandez-vamos-hacer-todo-lo-que-tengamos-que-hacer-para-defender-nuestra-patria\/","og_site_name":"InfoPBA247","article_publisher":"https:\/\/www.facebook.com\/InfoPBA","article_published_time":"2024-03-08T11:14:35+00:00","og_image":[{"width":2560,"height":1708,"url":"https:\/\/infopba247.com.ar\/wp-content\/uploads\/2024\/03\/APERTURA-DE-SESIONES-042-scaled.jpg","type":"image\/jpeg"}],"author":"Editor","twitter_card":"summary_large_image","twitter_misc":{"Escrito por":"Editor","Tiempo de lectura":"3 minutos"},"schema":{"@context":"https:\/\/schema.org","@graph":[{"@type":"Article","@id":"https:\/\/infopba247.com.ar\/index.php\/2024\/03\/08\/mariel-fernandez-vamos-hacer-todo-lo-que-tengamos-que-hacer-para-defender-nuestra-patria\/#article","isPartOf":{"@id":"https:\/\/infopba247.com.ar\/index.php\/2024\/03\/08\/mariel-fernandez-vamos-hacer-todo-lo-que-tengamos-que-hacer-para-defender-nuestra-patria\/"},"author":{"name":"Editor","@id":"https:\/\/infopba247.com.ar\/#\/schema\/person\/4975f1343a413e57bf839b3eed0099f2"},"headline":"Mariel Fern\u00e1ndez: \u201cVamos hacer todo lo que tengamos que hacer para defender nuestra patria\u201d","datePublished":"2024-03-08T11:14:35+00:00","mainEntityOfPage":{"@id":"https:\/\/infopba247.com.ar\/index.php\/2024\/03\/08\/mariel-fernandez-vamos-hacer-todo-lo-que-tengamos-que-hacer-para-defender-nuestra-patria\/"},"wordCount":539,"publisher":{"@id":"https:\/\/infopba247.com.ar\/#organization"},"image":{"@id":"https:\/\/infopba247.com.ar\/index.php\/2024\/03\/08\/mariel-fernandez-vamos-hacer-todo-lo-que-tengamos-que-hacer-para-defender-nuestra-patria\/#primaryimage"},"thumbnailUrl":"https:\/\/infopba247.com.ar\/wp-content\/uploads\/2024\/03\/APERTURA-DE-SESIONES-042-scaled.jpg","articleSection":["1ra Secci\u00f3n","Destacadas","Pol\u00edtica"],"inLanguage":"es"},{"@type":"WebPage","@id":"https:\/\/infopba247.com.ar\/index.php\/2024\/03\/08\/mariel-fernandez-vamos-hacer-todo-lo-que-tengamos-que-hacer-para-defender-nuestra-patria\/","url":"https:\/\/infopba247.com.ar\/index.php\/2024\/03\/08\/mariel-fernandez-vamos-hacer-todo-lo-que-tengamos-que-hacer-para-defender-nuestra-patria\/","name":"Mariel Fern\u00e1ndez: \u201cVamos hacer todo lo que tengamos que hacer para defender nuestra patria\u201d - InfoPBA247","isPartOf":{"@id":"https:\/\/infopba247.com.ar\/#website"},"primaryImageOfPage":{"@id":"https:\/\/infopba247.com.ar\/index.php\/2024\/03\/08\/mariel-fernandez-vamos-hacer-todo-lo-que-tengamos-que-hacer-para-defender-nuestra-patria\/#primaryimage"},"image":{"@id":"https:\/\/infopba247.com.ar\/index.php\/2024\/03\/08\/mariel-fernandez-vamos-hacer-todo-lo-que-tengamos-que-hacer-para-defender-nuestra-patria\/#primaryimage"},"thumbnailUrl":"https:\/\/infopba247.com.ar\/wp-content\/uploads\/2024\/03\/APERTURA-DE-SESIONES-042-scaled.jpg","datePublished":"2024-03-08T11:14:35+00:00","breadcrumb":{"@id":"https:\/\/infopba247.com.ar\/index.php\/2024\/03\/08\/mariel-fernandez-vamos-hacer-todo-lo-que-tengamos-que-hacer-para-defender-nuestra-patria\/#breadcrumb"},"inLanguage":"es","potentialAction":[{"@type":"ReadAction","target":["https:\/\/infopba247.com.ar\/index.php\/2024\/03\/08\/mariel-fernandez-vamos-hacer-todo-lo-que-tengamos-que-hacer-para-defender-nuestra-patria\/"]}]},{"@type":"ImageObject","inLanguage":"es","@id":"https:\/\/infopba247.com.ar\/index.php\/2024\/03\/08\/mariel-fernandez-vamos-hacer-todo-lo-que-tengamos-que-hacer-para-defender-nuestra-patria\/#primaryimage","url":"https:\/\/infopba247.com.ar\/wp-content\/uploads\/2024\/03\/APERTURA-DE-SESIONES-042-scaled.jpg","contentUrl":"https:\/\/infopba247.com.ar\/wp-content\/uploads\/2024\/03\/APERTURA-DE-SESIONES-042-scaled.jpg","width":2560,"height":1708},{"@type":"BreadcrumbList","@id":"https:\/\/infopba247.com.ar\/index.php\/2024\/03\/08\/mariel-fernandez-vamos-hacer-todo-lo-que-tengamos-que-hacer-para-defender-nuestra-patria\/#breadcrumb","itemListElement":[{"@type":"ListItem","position":1,"name":"Portada","item":"https:\/\/infopba247.com.ar\/"},{"@type":"ListItem","position":2,"name":"Mariel Fern\u00e1ndez: \u201cVamos hacer todo lo que tengamos que hacer para defender nuestra patria\u201d"}]},{"@type":"WebSite","@id":"https:\/\/infopba247.com.ar\/#website","url":"https:\/\/infopba247.com.ar\/","name":"InfoPBA247","description":"Toda la actualidad bonaerense","publisher":{"@id":"https:\/\/infopba247.com.ar\/#organization"},"potentialAction":[{"@type":"SearchAction","target":{"@type":"EntryPoint","urlTemplate":"https:\/\/infopba247.com.ar\/?s={search_term_string}"},"query-input":{"@type":"PropertyValueSpecification","valueRequired":true,"valueName":"search_term_string"}}],"inLanguage":"es"},{"@type":"Organization","@id":"https:\/\/infopba247.com.ar\/#organization","name":"InfoPBA247","url":"https:\/\/infopba247.com.ar\/","logo":{"@type":"ImageObject","inLanguage":"es","@id":"https:\/\/infopba247.com.ar\/#\/schema\/logo\/image\/","url":"https:\/\/infopba247.com.ar\/wp-content\/uploads\/2022\/03\/cropped-InfoPBA247-1.png","contentUrl":"https:\/\/infopba247.com.ar\/wp-content\/uploads\/2022\/03\/cropped-InfoPBA247-1.png","width":500,"height":122,"caption":"InfoPBA247"},"image":{"@id":"https:\/\/infopba247.com.ar\/#\/schema\/logo\/image\/"},"sameAs":["https:\/\/www.facebook.com\/InfoPBA"]},{"@type":"Person","@id":"https:\/\/infopba247.com.ar\/#\/schema\/person\/4975f1343a413e57bf839b3eed0099f2","name":"Editor","image":{"@type":"ImageObject","inLanguage":"es","@id":"https:\/\/secure.gravatar.com\/avatar\/d27fe9520667ca53441d36627a1d6b0fa4a813571ec4803687a7a3a7744685ac?s=96&d=mm&r=g","url":"https:\/\/secure.gravatar.com\/avatar\/d27fe9520667ca53441d36627a1d6b0fa4a813571ec4803687a7a3a7744685ac?s=96&d=mm&r=g","contentUrl":"https:\/\/secure.gravatar.com\/avatar\/d27fe9520667ca53441d36627a1d6b0fa4a813571ec4803687a7a3a7744685ac?s=96&d=mm&r=g","caption":"Editor"},"url":"https:\/\/infopba247.com.ar\/index.php\/author\/editor\/"}]}},"_links":{"self":[{"href":"https:\/\/infopba247.com.ar\/index.php\/wp-json\/wp\/v2\/posts\/3635","targetHints":{"allow":["GET"]}}],"collection":[{"href":"https:\/\/infopba247.com.ar\/index.php\/wp-json\/wp\/v2\/posts"}],"about":[{"href":"https:\/\/infopba247.com.ar\/index.php\/wp-json\/wp\/v2\/types\/post"}],"author":[{"embeddable":true,"href":"https:\/\/infopba247.com.ar\/index.php\/wp-json\/wp\/v2\/users\/3"}],"replies":[{"embeddable":true,"href":"https:\/\/infopba247.com.ar\/index.php\/wp-json\/wp\/v2\/comments?post=3635"}],"version-history":[{"count":1,"href":"https:\/\/infopba247.com.ar\/index.php\/wp-json\/wp\/v2\/posts\/3635\/revisions"}],"predecessor-version":[{"id":3636,"href":"https:\/\/infopba247.com.ar\/index.php\/wp-json\/wp\/v2\/posts\/3635\/revisions\/3636"}],"wp:featuredmedia":[{"embeddable":true,"href":"https:\/\/infopba247.com.ar\/index.php\/wp-json\/wp\/v2\/media\/3630"}],"wp:attachment":[{"href":"https:\/\/infopba247.com.ar\/index.php\/wp-json\/wp\/v2\/media?parent=3635"}],"wp:term":[{"taxonomy":"category","embeddable":true,"href":"https:\/\/infopba247.com.ar\/index.php\/wp-json\/wp\/v2\/categories?post=3635"},{"taxonomy":"post_tag","embeddable":true,"href":"https:\/\/infopba247.com.ar\/index.php\/wp-json\/wp\/v2\/tags?post=3635"}],"curies":[{"name":"wp","href":"https:\/\/api.w.org\/{rel}","templated":true}]}}