{"id":3627,"date":"2024-03-08T08:13:15","date_gmt":"2024-03-08T11:13:15","guid":{"rendered":"https:\/\/infopba247.com.ar\/?p=3627"},"modified":"2024-03-08T08:13:16","modified_gmt":"2024-03-08T11:13:16","slug":"acto-en-casa-de-gobierno-en-el-marco-del-8m-dia-internacional-de-las-mujeres-trabajadoras","status":"publish","type":"post","link":"https:\/\/infopba247.com.ar\/index.php\/2024\/03\/08\/acto-en-casa-de-gobierno-en-el-marco-del-8m-dia-internacional-de-las-mujeres-trabajadoras\/","title":{"rendered":"Acto en Casa de Gobierno en el marco del 8M, D\u00eda Internacional de las Mujeres Trabajadoras"},"content":{"rendered":"\n<p>El gobernador Axel Kicillof junto a la vicegobernadora Ver\u00f3nica Magario y la ministra Estela D\u00edaz, encabezar\u00e1n el acto que se realizar\u00e1 el viernes 8 de marzo, en el marco del D\u00eda Internacional de las Mujeres Trabajadoras, a las 10 hs. en el Sal\u00f3n Dorado de Casa de Gobierno, ubicada en calle 6 entre 51 y 53.<\/p>\n\n\n\n<p>La jornada comenzar\u00e1 a las 9.30, cuando la ministra Estela D\u00edaz estar\u00e1 presente para recibir a los medios de comunicaci\u00f3n. Quienes est\u00e9n interesados en cubrir las actividades, podr\u00e1n anotarse a trav\u00e9s del siguiente formulario: https:\/\/forms.gle\/CuyEV7onsEQawCci8<\/p>\n\n\n\n<p>Bajo el lema \u201c8M Trabajamos para la Igualdad\u201d, las autoridades compartir\u00e1n los principales n\u00fameros de gesti\u00f3n que dan cuenta del alcance territorial de las pol\u00edticas de g\u00e9nero implementadas por el Estado provincial, a trav\u00e9s de las que se jerarquizaron las \u00e1reas de g\u00e9nero de los municipios bonaerenses, se construy\u00f3 el presupuesto con perspectiva de g\u00e9nero y se profundiz\u00f3 en el abordaje de las violencias por razones de g\u00e9nero.&nbsp;<\/p>\n\n\n\n<p>Luego del acto, a las 12 hs, el Gobernador y la Ministra, junto al intendente Federico Ach\u00e1val, realizar\u00e1n la Inauguraci\u00f3n de la Casa de la Mujer en Pilar.<\/p>\n\n\n\n<p>Por la tarde, la ministra Estela D\u00edaz participar\u00e1 de la marcha organizada en el marco de este 8M, en la columna de Mujeres Bonaerenses, que concentrar\u00e1 a las 16 hs. en la esquina de Hip\u00f3lito Yrigoyen y Virrey Cevallos (CABA) y marchar\u00e1 en defensa de los derechos conquistados.<\/p>\n\n\n\n<p>En la ciudad de La Plata, las mujeres y diversidades se congregan a las 14 hs. en la Estaci\u00f3n de Trenes de La Plata para movilizarse hacia la Ciudad de Buenos Aires.<\/p>\n","protected":false},"excerpt":{"rendered":"<p>El gobernador Axel Kicillof junto a la vicegobernadora Ver\u00f3nica Magario y la ministra Estela D\u00edaz, encabezar\u00e1n el acto que se<\/p>\n","protected":false},"author":3,"featured_media":3631,"comment_status":"closed","ping_status":"closed","sticky":false,"template":"","format":"standard","meta":{"colormag_page_container_layout":"default_layout","colormag_page_sidebar_layout":"default_layout","footnotes":""},"categories":[1,14],"tags":[],"class_list":["post-3627","post","type-post","status-publish","format-standard","has-post-thumbnail","hentry","category-destacadas","category-politica"],"yoast_head":"<!-- This site is optimized with the Yoast SEO plugin v27.4 - https:\/\/yoast.com\/product\/yoast-seo-wordpress\/ -->\n<title>Acto en Casa de Gobierno en el marco del 8M, D\u00eda Internacional de las Mujeres Trabajadoras - InfoPBA247<\/title>\n<meta name=\"robots\" content=\"index, follow, max-snippet:-1, max-image-preview:large, max-video-preview:-1\" \/>\n<link rel=\"canonical\" href=\"https:\/\/infopba247.com.ar\/index.php\/2024\/03\/08\/acto-en-casa-de-gobierno-en-el-marco-del-8m-dia-internacional-de-las-mujeres-trabajadoras\/\" \/>\n<meta property=\"og:locale\" content=\"es_ES\" \/>\n<meta property=\"og:type\" content=\"article\" \/>\n<meta property=\"og:title\" content=\"Acto en Casa de Gobierno en el marco del 8M, D\u00eda Internacional de las Mujeres Trabajadoras - InfoPBA247\" \/>\n<meta property=\"og:description\" content=\"El gobernador Axel Kicillof junto a la vicegobernadora Ver\u00f3nica Magario y la ministra Estela D\u00edaz, encabezar\u00e1n el acto que se\" \/>\n<meta property=\"og:url\" content=\"https:\/\/infopba247.com.ar\/index.php\/2024\/03\/08\/acto-en-casa-de-gobierno-en-el-marco-del-8m-dia-internacional-de-las-mujeres-trabajadoras\/\" \/>\n<meta property=\"og:site_name\" content=\"InfoPBA247\" \/>\n<meta property=\"article:publisher\" content=\"https:\/\/www.facebook.com\/InfoPBA\" \/>\n<meta property=\"article:published_time\" content=\"2024-03-08T11:13:15+00:00\" \/>\n<meta property=\"article:modified_time\" content=\"2024-03-08T11:13:16+00:00\" \/>\n<meta property=\"og:image\" content=\"https:\/\/infopba247.com.ar\/wp-content\/uploads\/2024\/03\/Ciudad-de-Buenos-Aires.jpeg\" \/>\n\t<meta property=\"og:image:width\" content=\"1080\" \/>\n\t<meta property=\"og:image:height\" content=\"1080\" \/>\n\t<meta property=\"og:image:type\" content=\"image\/jpeg\" \/>\n<meta name=\"author\" content=\"Editor\" \/>\n<meta name=\"twitter:card\" content=\"summary_large_image\" \/>\n<meta name=\"twitter:label1\" content=\"Escrito por\" \/>\n\t<meta name=\"twitter:data1\" content=\"Editor\" \/>\n\t<meta name=\"twitter:label2\" content=\"Tiempo de lectura\" \/>\n\t<meta name=\"twitter:data2\" content=\"2 minutos\" \/>\n<script type=\"application\/ld+json\" class=\"yoast-schema-graph\">{\"@context\":\"https:\\\/\\\/schema.org\",\"@graph\":[{\"@type\":\"Article\",\"@id\":\"https:\\\/\\\/infopba247.com.ar\\\/index.php\\\/2024\\\/03\\\/08\\\/acto-en-casa-de-gobierno-en-el-marco-del-8m-dia-internacional-de-las-mujeres-trabajadoras\\\/#article\",\"isPartOf\":{\"@id\":\"https:\\\/\\\/infopba247.com.ar\\\/index.php\\\/2024\\\/03\\\/08\\\/acto-en-casa-de-gobierno-en-el-marco-del-8m-dia-internacional-de-las-mujeres-trabajadoras\\\/\"},\"author\":{\"name\":\"Editor\",\"@id\":\"https:\\\/\\\/infopba247.com.ar\\\/#\\\/schema\\\/person\\\/4975f1343a413e57bf839b3eed0099f2\"},\"headline\":\"Acto en Casa de Gobierno en el marco del 8M, D\u00eda Internacional de las Mujeres Trabajadoras\",\"datePublished\":\"2024-03-08T11:13:15+00:00\",\"dateModified\":\"2024-03-08T11:13:16+00:00\",\"mainEntityOfPage\":{\"@id\":\"https:\\\/\\\/infopba247.com.ar\\\/index.php\\\/2024\\\/03\\\/08\\\/acto-en-casa-de-gobierno-en-el-marco-del-8m-dia-internacional-de-las-mujeres-trabajadoras\\\/\"},\"wordCount\":305,\"publisher\":{\"@id\":\"https:\\\/\\\/infopba247.com.ar\\\/#organization\"},\"image\":{\"@id\":\"https:\\\/\\\/infopba247.com.ar\\\/index.php\\\/2024\\\/03\\\/08\\\/acto-en-casa-de-gobierno-en-el-marco-del-8m-dia-internacional-de-las-mujeres-trabajadoras\\\/#primaryimage\"},\"thumbnailUrl\":\"https:\\\/\\\/infopba247.com.ar\\\/wp-content\\\/uploads\\\/2024\\\/03\\\/Ciudad-de-Buenos-Aires.jpeg\",\"articleSection\":[\"Destacadas\",\"Pol\u00edtica\"],\"inLanguage\":\"es\"},{\"@type\":\"WebPage\",\"@id\":\"https:\\\/\\\/infopba247.com.ar\\\/index.php\\\/2024\\\/03\\\/08\\\/acto-en-casa-de-gobierno-en-el-marco-del-8m-dia-internacional-de-las-mujeres-trabajadoras\\\/\",\"url\":\"https:\\\/\\\/infopba247.com.ar\\\/index.php\\\/2024\\\/03\\\/08\\\/acto-en-casa-de-gobierno-en-el-marco-del-8m-dia-internacional-de-las-mujeres-trabajadoras\\\/\",\"name\":\"Acto en Casa de Gobierno en el marco del 8M, D\u00eda Internacional de las Mujeres Trabajadoras - InfoPBA247\",\"isPartOf\":{\"@id\":\"https:\\\/\\\/infopba247.com.ar\\\/#website\"},\"primaryImageOfPage\":{\"@id\":\"https:\\\/\\\/infopba247.com.ar\\\/index.php\\\/2024\\\/03\\\/08\\\/acto-en-casa-de-gobierno-en-el-marco-del-8m-dia-internacional-de-las-mujeres-trabajadoras\\\/#primaryimage\"},\"image\":{\"@id\":\"https:\\\/\\\/infopba247.com.ar\\\/index.php\\\/2024\\\/03\\\/08\\\/acto-en-casa-de-gobierno-en-el-marco-del-8m-dia-internacional-de-las-mujeres-trabajadoras\\\/#primaryimage\"},\"thumbnailUrl\":\"https:\\\/\\\/infopba247.com.ar\\\/wp-content\\\/uploads\\\/2024\\\/03\\\/Ciudad-de-Buenos-Aires.jpeg\",\"datePublished\":\"2024-03-08T11:13:15+00:00\",\"dateModified\":\"2024-03-08T11:13:16+00:00\",\"breadcrumb\":{\"@id\":\"https:\\\/\\\/infopba247.com.ar\\\/index.php\\\/2024\\\/03\\\/08\\\/acto-en-casa-de-gobierno-en-el-marco-del-8m-dia-internacional-de-las-mujeres-trabajadoras\\\/#breadcrumb\"},\"inLanguage\":\"es\",\"potentialAction\":[{\"@type\":\"ReadAction\",\"target\":[\"https:\\\/\\\/infopba247.com.ar\\\/index.php\\\/2024\\\/03\\\/08\\\/acto-en-casa-de-gobierno-en-el-marco-del-8m-dia-internacional-de-las-mujeres-trabajadoras\\\/\"]}]},{\"@type\":\"ImageObject\",\"inLanguage\":\"es\",\"@id\":\"https:\\\/\\\/infopba247.com.ar\\\/index.php\\\/2024\\\/03\\\/08\\\/acto-en-casa-de-gobierno-en-el-marco-del-8m-dia-internacional-de-las-mujeres-trabajadoras\\\/#primaryimage\",\"url\":\"https:\\\/\\\/infopba247.com.ar\\\/wp-content\\\/uploads\\\/2024\\\/03\\\/Ciudad-de-Buenos-Aires.jpeg\",\"contentUrl\":\"https:\\\/\\\/infopba247.com.ar\\\/wp-content\\\/uploads\\\/2024\\\/03\\\/Ciudad-de-Buenos-Aires.jpeg\",\"width\":1080,\"height\":1080},{\"@type\":\"BreadcrumbList\",\"@id\":\"https:\\\/\\\/infopba247.com.ar\\\/index.php\\\/2024\\\/03\\\/08\\\/acto-en-casa-de-gobierno-en-el-marco-del-8m-dia-internacional-de-las-mujeres-trabajadoras\\\/#breadcrumb\",\"itemListElement\":[{\"@type\":\"ListItem\",\"position\":1,\"name\":\"Portada\",\"item\":\"https:\\\/\\\/infopba247.com.ar\\\/\"},{\"@type\":\"ListItem\",\"position\":2,\"name\":\"Acto en Casa de Gobierno en el marco del 8M, D\u00eda Internacional de las Mujeres Trabajadoras\"}]},{\"@type\":\"WebSite\",\"@id\":\"https:\\\/\\\/infopba247.com.ar\\\/#website\",\"url\":\"https:\\\/\\\/infopba247.com.ar\\\/\",\"name\":\"InfoPBA247\",\"description\":\"Toda la actualidad bonaerense\",\"publisher\":{\"@id\":\"https:\\\/\\\/infopba247.com.ar\\\/#organization\"},\"potentialAction\":[{\"@type\":\"SearchAction\",\"target\":{\"@type\":\"EntryPoint\",\"urlTemplate\":\"https:\\\/\\\/infopba247.com.ar\\\/?s={search_term_string}\"},\"query-input\":{\"@type\":\"PropertyValueSpecification\",\"valueRequired\":true,\"valueName\":\"search_term_string\"}}],\"inLanguage\":\"es\"},{\"@type\":\"Organization\",\"@id\":\"https:\\\/\\\/infopba247.com.ar\\\/#organization\",\"name\":\"InfoPBA247\",\"url\":\"https:\\\/\\\/infopba247.com.ar\\\/\",\"logo\":{\"@type\":\"ImageObject\",\"inLanguage\":\"es\",\"@id\":\"https:\\\/\\\/infopba247.com.ar\\\/#\\\/schema\\\/logo\\\/image\\\/\",\"url\":\"https:\\\/\\\/infopba247.com.ar\\\/wp-content\\\/uploads\\\/2022\\\/03\\\/cropped-InfoPBA247-1.png\",\"contentUrl\":\"https:\\\/\\\/infopba247.com.ar\\\/wp-content\\\/uploads\\\/2022\\\/03\\\/cropped-InfoPBA247-1.png\",\"width\":500,\"height\":122,\"caption\":\"InfoPBA247\"},\"image\":{\"@id\":\"https:\\\/\\\/infopba247.com.ar\\\/#\\\/schema\\\/logo\\\/image\\\/\"},\"sameAs\":[\"https:\\\/\\\/www.facebook.com\\\/InfoPBA\"]},{\"@type\":\"Person\",\"@id\":\"https:\\\/\\\/infopba247.com.ar\\\/#\\\/schema\\\/person\\\/4975f1343a413e57bf839b3eed0099f2\",\"name\":\"Editor\",\"image\":{\"@type\":\"ImageObject\",\"inLanguage\":\"es\",\"@id\":\"https:\\\/\\\/secure.gravatar.com\\\/avatar\\\/d27fe9520667ca53441d36627a1d6b0fa4a813571ec4803687a7a3a7744685ac?s=96&d=mm&r=g\",\"url\":\"https:\\\/\\\/secure.gravatar.com\\\/avatar\\\/d27fe9520667ca53441d36627a1d6b0fa4a813571ec4803687a7a3a7744685ac?s=96&d=mm&r=g\",\"contentUrl\":\"https:\\\/\\\/secure.gravatar.com\\\/avatar\\\/d27fe9520667ca53441d36627a1d6b0fa4a813571ec4803687a7a3a7744685ac?s=96&d=mm&r=g\",\"caption\":\"Editor\"},\"url\":\"https:\\\/\\\/infopba247.com.ar\\\/index.php\\\/author\\\/editor\\\/\"}]}<\/script>\n<!-- \/ Yoast SEO plugin. -->","yoast_head_json":{"title":"Acto en Casa de Gobierno en el marco del 8M, D\u00eda Internacional de las Mujeres Trabajadoras - InfoPBA247","robots":{"index":"index","follow":"follow","max-snippet":"max-snippet:-1","max-image-preview":"max-image-preview:large","max-video-preview":"max-video-preview:-1"},"canonical":"https:\/\/infopba247.com.ar\/index.php\/2024\/03\/08\/acto-en-casa-de-gobierno-en-el-marco-del-8m-dia-internacional-de-las-mujeres-trabajadoras\/","og_locale":"es_ES","og_type":"article","og_title":"Acto en Casa de Gobierno en el marco del 8M, D\u00eda Internacional de las Mujeres Trabajadoras - InfoPBA247","og_description":"El gobernador Axel Kicillof junto a la vicegobernadora Ver\u00f3nica Magario y la ministra Estela D\u00edaz, encabezar\u00e1n el acto que se","og_url":"https:\/\/infopba247.com.ar\/index.php\/2024\/03\/08\/acto-en-casa-de-gobierno-en-el-marco-del-8m-dia-internacional-de-las-mujeres-trabajadoras\/","og_site_name":"InfoPBA247","article_publisher":"https:\/\/www.facebook.com\/InfoPBA","article_published_time":"2024-03-08T11:13:15+00:00","article_modified_time":"2024-03-08T11:13:16+00:00","og_image":[{"width":1080,"height":1080,"url":"https:\/\/infopba247.com.ar\/wp-content\/uploads\/2024\/03\/Ciudad-de-Buenos-Aires.jpeg","type":"image\/jpeg"}],"author":"Editor","twitter_card":"summary_large_image","twitter_misc":{"Escrito por":"Editor","Tiempo de lectura":"2 minutos"},"schema":{"@context":"https:\/\/schema.org","@graph":[{"@type":"Article","@id":"https:\/\/infopba247.com.ar\/index.php\/2024\/03\/08\/acto-en-casa-de-gobierno-en-el-marco-del-8m-dia-internacional-de-las-mujeres-trabajadoras\/#article","isPartOf":{"@id":"https:\/\/infopba247.com.ar\/index.php\/2024\/03\/08\/acto-en-casa-de-gobierno-en-el-marco-del-8m-dia-internacional-de-las-mujeres-trabajadoras\/"},"author":{"name":"Editor","@id":"https:\/\/infopba247.com.ar\/#\/schema\/person\/4975f1343a413e57bf839b3eed0099f2"},"headline":"Acto en Casa de Gobierno en el marco del 8M, D\u00eda Internacional de las Mujeres Trabajadoras","datePublished":"2024-03-08T11:13:15+00:00","dateModified":"2024-03-08T11:13:16+00:00","mainEntityOfPage":{"@id":"https:\/\/infopba247.com.ar\/index.php\/2024\/03\/08\/acto-en-casa-de-gobierno-en-el-marco-del-8m-dia-internacional-de-las-mujeres-trabajadoras\/"},"wordCount":305,"publisher":{"@id":"https:\/\/infopba247.com.ar\/#organization"},"image":{"@id":"https:\/\/infopba247.com.ar\/index.php\/2024\/03\/08\/acto-en-casa-de-gobierno-en-el-marco-del-8m-dia-internacional-de-las-mujeres-trabajadoras\/#primaryimage"},"thumbnailUrl":"https:\/\/infopba247.com.ar\/wp-content\/uploads\/2024\/03\/Ciudad-de-Buenos-Aires.jpeg","articleSection":["Destacadas","Pol\u00edtica"],"inLanguage":"es"},{"@type":"WebPage","@id":"https:\/\/infopba247.com.ar\/index.php\/2024\/03\/08\/acto-en-casa-de-gobierno-en-el-marco-del-8m-dia-internacional-de-las-mujeres-trabajadoras\/","url":"https:\/\/infopba247.com.ar\/index.php\/2024\/03\/08\/acto-en-casa-de-gobierno-en-el-marco-del-8m-dia-internacional-de-las-mujeres-trabajadoras\/","name":"Acto en Casa de Gobierno en el marco del 8M, D\u00eda Internacional de las Mujeres Trabajadoras - InfoPBA247","isPartOf":{"@id":"https:\/\/infopba247.com.ar\/#website"},"primaryImageOfPage":{"@id":"https:\/\/infopba247.com.ar\/index.php\/2024\/03\/08\/acto-en-casa-de-gobierno-en-el-marco-del-8m-dia-internacional-de-las-mujeres-trabajadoras\/#primaryimage"},"image":{"@id":"https:\/\/infopba247.com.ar\/index.php\/2024\/03\/08\/acto-en-casa-de-gobierno-en-el-marco-del-8m-dia-internacional-de-las-mujeres-trabajadoras\/#primaryimage"},"thumbnailUrl":"https:\/\/infopba247.com.ar\/wp-content\/uploads\/2024\/03\/Ciudad-de-Buenos-Aires.jpeg","datePublished":"2024-03-08T11:13:15+00:00","dateModified":"2024-03-08T11:13:16+00:00","breadcrumb":{"@id":"https:\/\/infopba247.com.ar\/index.php\/2024\/03\/08\/acto-en-casa-de-gobierno-en-el-marco-del-8m-dia-internacional-de-las-mujeres-trabajadoras\/#breadcrumb"},"inLanguage":"es","potentialAction":[{"@type":"ReadAction","target":["https:\/\/infopba247.com.ar\/index.php\/2024\/03\/08\/acto-en-casa-de-gobierno-en-el-marco-del-8m-dia-internacional-de-las-mujeres-trabajadoras\/"]}]},{"@type":"ImageObject","inLanguage":"es","@id":"https:\/\/infopba247.com.ar\/index.php\/2024\/03\/08\/acto-en-casa-de-gobierno-en-el-marco-del-8m-dia-internacional-de-las-mujeres-trabajadoras\/#primaryimage","url":"https:\/\/infopba247.com.ar\/wp-content\/uploads\/2024\/03\/Ciudad-de-Buenos-Aires.jpeg","contentUrl":"https:\/\/infopba247.com.ar\/wp-content\/uploads\/2024\/03\/Ciudad-de-Buenos-Aires.jpeg","width":1080,"height":1080},{"@type":"BreadcrumbList","@id":"https:\/\/infopba247.com.ar\/index.php\/2024\/03\/08\/acto-en-casa-de-gobierno-en-el-marco-del-8m-dia-internacional-de-las-mujeres-trabajadoras\/#breadcrumb","itemListElement":[{"@type":"ListItem","position":1,"name":"Portada","item":"https:\/\/infopba247.com.ar\/"},{"@type":"ListItem","position":2,"name":"Acto en Casa de Gobierno en el marco del 8M, D\u00eda Internacional de las Mujeres Trabajadoras"}]},{"@type":"WebSite","@id":"https:\/\/infopba247.com.ar\/#website","url":"https:\/\/infopba247.com.ar\/","name":"InfoPBA247","description":"Toda la actualidad bonaerense","publisher":{"@id":"https:\/\/infopba247.com.ar\/#organization"},"potentialAction":[{"@type":"SearchAction","target":{"@type":"EntryPoint","urlTemplate":"https:\/\/infopba247.com.ar\/?s={search_term_string}"},"query-input":{"@type":"PropertyValueSpecification","valueRequired":true,"valueName":"search_term_string"}}],"inLanguage":"es"},{"@type":"Organization","@id":"https:\/\/infopba247.com.ar\/#organization","name":"InfoPBA247","url":"https:\/\/infopba247.com.ar\/","logo":{"@type":"ImageObject","inLanguage":"es","@id":"https:\/\/infopba247.com.ar\/#\/schema\/logo\/image\/","url":"https:\/\/infopba247.com.ar\/wp-content\/uploads\/2022\/03\/cropped-InfoPBA247-1.png","contentUrl":"https:\/\/infopba247.com.ar\/wp-content\/uploads\/2022\/03\/cropped-InfoPBA247-1.png","width":500,"height":122,"caption":"InfoPBA247"},"image":{"@id":"https:\/\/infopba247.com.ar\/#\/schema\/logo\/image\/"},"sameAs":["https:\/\/www.facebook.com\/InfoPBA"]},{"@type":"Person","@id":"https:\/\/infopba247.com.ar\/#\/schema\/person\/4975f1343a413e57bf839b3eed0099f2","name":"Editor","image":{"@type":"ImageObject","inLanguage":"es","@id":"https:\/\/secure.gravatar.com\/avatar\/d27fe9520667ca53441d36627a1d6b0fa4a813571ec4803687a7a3a7744685ac?s=96&d=mm&r=g","url":"https:\/\/secure.gravatar.com\/avatar\/d27fe9520667ca53441d36627a1d6b0fa4a813571ec4803687a7a3a7744685ac?s=96&d=mm&r=g","contentUrl":"https:\/\/secure.gravatar.com\/avatar\/d27fe9520667ca53441d36627a1d6b0fa4a813571ec4803687a7a3a7744685ac?s=96&d=mm&r=g","caption":"Editor"},"url":"https:\/\/infopba247.com.ar\/index.php\/author\/editor\/"}]}},"_links":{"self":[{"href":"https:\/\/infopba247.com.ar\/index.php\/wp-json\/wp\/v2\/posts\/3627","targetHints":{"allow":["GET"]}}],"collection":[{"href":"https:\/\/infopba247.com.ar\/index.php\/wp-json\/wp\/v2\/posts"}],"about":[{"href":"https:\/\/infopba247.com.ar\/index.php\/wp-json\/wp\/v2\/types\/post"}],"author":[{"embeddable":true,"href":"https:\/\/infopba247.com.ar\/index.php\/wp-json\/wp\/v2\/users\/3"}],"replies":[{"embeddable":true,"href":"https:\/\/infopba247.com.ar\/index.php\/wp-json\/wp\/v2\/comments?post=3627"}],"version-history":[{"count":1,"href":"https:\/\/infopba247.com.ar\/index.php\/wp-json\/wp\/v2\/posts\/3627\/revisions"}],"predecessor-version":[{"id":3632,"href":"https:\/\/infopba247.com.ar\/index.php\/wp-json\/wp\/v2\/posts\/3627\/revisions\/3632"}],"wp:featuredmedia":[{"embeddable":true,"href":"https:\/\/infopba247.com.ar\/index.php\/wp-json\/wp\/v2\/media\/3631"}],"wp:attachment":[{"href":"https:\/\/infopba247.com.ar\/index.php\/wp-json\/wp\/v2\/media?parent=3627"}],"wp:term":[{"taxonomy":"category","embeddable":true,"href":"https:\/\/infopba247.com.ar\/index.php\/wp-json\/wp\/v2\/categories?post=3627"},{"taxonomy":"post_tag","embeddable":true,"href":"https:\/\/infopba247.com.ar\/index.php\/wp-json\/wp\/v2\/tags?post=3627"}],"curies":[{"name":"wp","href":"https:\/\/api.w.org\/{rel}","templated":true}]}}