{"id":3609,"date":"2024-03-06T09:31:14","date_gmt":"2024-03-06T12:31:14","guid":{"rendered":"https:\/\/infopba247.com.ar\/?p=3609"},"modified":"2024-03-06T09:31:14","modified_gmt":"2024-03-06T12:31:14","slug":"mariel-fernandez-y-silvina-batakis-recorrieron-la-obra-de-116-viviendas-en-la-perla","status":"publish","type":"post","link":"https:\/\/infopba247.com.ar\/index.php\/2024\/03\/06\/mariel-fernandez-y-silvina-batakis-recorrieron-la-obra-de-116-viviendas-en-la-perla\/","title":{"rendered":"Mariel Fern\u00e1ndez y Silvina Batakis recorrieron la obra de 116 viviendas en La Perla"},"content":{"rendered":"\n<p>La intendenta de Moreno, Mariel Fern\u00e1ndez, y la ministra de H\u00e1bitat y Desarrollo Urbano, Silvina Batakis, recorrieron la obra de 116 viviendas en el barrio La Perla de la localidad de Moreno Norte.<\/p>\n\n\n\n<p>En esta etapa se lleva adelante el proceso de reparo de las viviendas y mejoramiento del predio, para completar el proyecto original de 1.194 viviendas que fue postergado durante a\u00f1os. La \u00faltima obra hab\u00eda sido paralizada en el 2018 y luego de retomar el proyecto, Mariel Fern\u00e1ndez y el gobernador Axel Kicillof, en el 2020 entregaron 364 casas pertenecientes a este complejo.<\/p>\n\n\n\n<p>Al d\u00eda de hoy el proceso de terminaci\u00f3n de las viviendas tiene un avance del 90%. Adem\u00e1s, a trav\u00e9s del trabajo en conjunto y financiamiento del Instituto de la Vivienda Provincial, por primera vez se ejecutan condiciones de adaptabilidad para personas con movilidad reducida en 5 viviendas.<\/p>\n\n\n\n<p>\u201cLas viviendas est\u00e1n pr\u00e1cticamente terminadas y con el gobierno de la provincia estamos ultimando cosas como la conexi\u00f3n de los servicios. Falta poco para la mejor parte de este proyecto que es entregar las viviendas a las familias, y con la alegr\u00eda de que cada una de las personas que trabaj\u00f3 en este lugar son de Moreno\u201d, se\u00f1al\u00f3 la intendenta y destac\u00f3: \u201cSiempre estamos pensando en el cuidado de la casa com\u00fan, en el cuidado de cada uno de los habitantes de Moreno, y ac\u00e1 principalmente en las familias que tienen que habitar estas casas que tanto las necesitan y que hace tiempo las esperan.\u201d<\/p>\n\n\n\n<p>Por su parte, la ministra Batakis resalt\u00f3 que \u00abEstas obras tienen un gran avance gracias al trabajo y al empuje de una gesti\u00f3n provincial y municipal que articulan acciones para dar respuestas a las demandas de la gente. Hay un enorme compromiso de Axel Kicillof para poder continuar con obras que garanticen el acceso a m\u00e1s derechos.\u00bb<\/p>\n\n\n\n<p>Con una inversi\u00f3n de m\u00e1s de $444 millones, y gracias a la articulaci\u00f3n del trabajo entre el gobierno municipal y el gobierno provincial, familias morenenses acceder\u00e1n a su derecho a la vivienda.<\/p>\n\n\n\n<p>De la recorrida tambi\u00e9n participaron el administrador del Instituto de la Vivienda de la Provincia de Buenos Aires, Diego Men\u00e9ndez, y el administrador del Instituto de Desarrollo Urbano, Ambiental y Regional (IDUAR), Leonardo Grosso.<\/p>\n","protected":false},"excerpt":{"rendered":"<p>La intendenta de Moreno, Mariel Fern\u00e1ndez, y la ministra de H\u00e1bitat y Desarrollo Urbano, Silvina Batakis, recorrieron la obra de<\/p>\n","protected":false},"author":3,"featured_media":3612,"comment_status":"closed","ping_status":"closed","sticky":false,"template":"","format":"standard","meta":{"colormag_page_container_layout":"default_layout","colormag_page_sidebar_layout":"default_layout","footnotes":""},"categories":[5,1,14],"tags":[],"class_list":["post-3609","post","type-post","status-publish","format-standard","has-post-thumbnail","hentry","category-1ra-seccion","category-destacadas","category-politica"],"yoast_head":"<!-- This site is optimized with the Yoast SEO plugin v27.4 - https:\/\/yoast.com\/product\/yoast-seo-wordpress\/ -->\n<title>Mariel Fern\u00e1ndez y Silvina Batakis recorrieron la obra de 116 viviendas en La Perla - InfoPBA247<\/title>\n<meta name=\"robots\" content=\"index, follow, max-snippet:-1, max-image-preview:large, max-video-preview:-1\" \/>\n<link rel=\"canonical\" href=\"https:\/\/infopba247.com.ar\/index.php\/2024\/03\/06\/mariel-fernandez-y-silvina-batakis-recorrieron-la-obra-de-116-viviendas-en-la-perla\/\" \/>\n<meta property=\"og:locale\" content=\"es_ES\" \/>\n<meta property=\"og:type\" content=\"article\" \/>\n<meta property=\"og:title\" content=\"Mariel Fern\u00e1ndez y Silvina Batakis recorrieron la obra de 116 viviendas en La Perla - InfoPBA247\" \/>\n<meta property=\"og:description\" content=\"La intendenta de Moreno, Mariel Fern\u00e1ndez, y la ministra de H\u00e1bitat y Desarrollo Urbano, Silvina Batakis, recorrieron la obra de\" \/>\n<meta property=\"og:url\" content=\"https:\/\/infopba247.com.ar\/index.php\/2024\/03\/06\/mariel-fernandez-y-silvina-batakis-recorrieron-la-obra-de-116-viviendas-en-la-perla\/\" \/>\n<meta property=\"og:site_name\" content=\"InfoPBA247\" \/>\n<meta property=\"article:publisher\" content=\"https:\/\/www.facebook.com\/InfoPBA\" \/>\n<meta property=\"article:published_time\" content=\"2024-03-06T12:31:14+00:00\" \/>\n<meta property=\"og:image\" content=\"https:\/\/infopba247.com.ar\/wp-content\/uploads\/2024\/03\/RECORRIDA-OBRA-BARRIO-LA-PERLA-SILVINA-BATAKIS-056-scaled.jpg\" \/>\n\t<meta property=\"og:image:width\" content=\"2560\" \/>\n\t<meta property=\"og:image:height\" content=\"1707\" \/>\n\t<meta property=\"og:image:type\" content=\"image\/jpeg\" \/>\n<meta name=\"author\" content=\"Editor\" \/>\n<meta name=\"twitter:card\" content=\"summary_large_image\" \/>\n<meta name=\"twitter:label1\" content=\"Escrito por\" \/>\n\t<meta name=\"twitter:data1\" content=\"Editor\" \/>\n\t<meta name=\"twitter:label2\" content=\"Tiempo de lectura\" \/>\n\t<meta name=\"twitter:data2\" content=\"2 minutos\" \/>\n<script type=\"application\/ld+json\" class=\"yoast-schema-graph\">{\"@context\":\"https:\\\/\\\/schema.org\",\"@graph\":[{\"@type\":\"Article\",\"@id\":\"https:\\\/\\\/infopba247.com.ar\\\/index.php\\\/2024\\\/03\\\/06\\\/mariel-fernandez-y-silvina-batakis-recorrieron-la-obra-de-116-viviendas-en-la-perla\\\/#article\",\"isPartOf\":{\"@id\":\"https:\\\/\\\/infopba247.com.ar\\\/index.php\\\/2024\\\/03\\\/06\\\/mariel-fernandez-y-silvina-batakis-recorrieron-la-obra-de-116-viviendas-en-la-perla\\\/\"},\"author\":{\"name\":\"Editor\",\"@id\":\"https:\\\/\\\/infopba247.com.ar\\\/#\\\/schema\\\/person\\\/4975f1343a413e57bf839b3eed0099f2\"},\"headline\":\"Mariel Fern\u00e1ndez y Silvina Batakis recorrieron la obra de 116 viviendas en La Perla\",\"datePublished\":\"2024-03-06T12:31:14+00:00\",\"mainEntityOfPage\":{\"@id\":\"https:\\\/\\\/infopba247.com.ar\\\/index.php\\\/2024\\\/03\\\/06\\\/mariel-fernandez-y-silvina-batakis-recorrieron-la-obra-de-116-viviendas-en-la-perla\\\/\"},\"wordCount\":399,\"publisher\":{\"@id\":\"https:\\\/\\\/infopba247.com.ar\\\/#organization\"},\"image\":{\"@id\":\"https:\\\/\\\/infopba247.com.ar\\\/index.php\\\/2024\\\/03\\\/06\\\/mariel-fernandez-y-silvina-batakis-recorrieron-la-obra-de-116-viviendas-en-la-perla\\\/#primaryimage\"},\"thumbnailUrl\":\"https:\\\/\\\/infopba247.com.ar\\\/wp-content\\\/uploads\\\/2024\\\/03\\\/RECORRIDA-OBRA-BARRIO-LA-PERLA-SILVINA-BATAKIS-056-scaled.jpg\",\"articleSection\":[\"1ra Secci\u00f3n\",\"Destacadas\",\"Pol\u00edtica\"],\"inLanguage\":\"es\"},{\"@type\":\"WebPage\",\"@id\":\"https:\\\/\\\/infopba247.com.ar\\\/index.php\\\/2024\\\/03\\\/06\\\/mariel-fernandez-y-silvina-batakis-recorrieron-la-obra-de-116-viviendas-en-la-perla\\\/\",\"url\":\"https:\\\/\\\/infopba247.com.ar\\\/index.php\\\/2024\\\/03\\\/06\\\/mariel-fernandez-y-silvina-batakis-recorrieron-la-obra-de-116-viviendas-en-la-perla\\\/\",\"name\":\"Mariel Fern\u00e1ndez y Silvina Batakis recorrieron la obra de 116 viviendas en La Perla - InfoPBA247\",\"isPartOf\":{\"@id\":\"https:\\\/\\\/infopba247.com.ar\\\/#website\"},\"primaryImageOfPage\":{\"@id\":\"https:\\\/\\\/infopba247.com.ar\\\/index.php\\\/2024\\\/03\\\/06\\\/mariel-fernandez-y-silvina-batakis-recorrieron-la-obra-de-116-viviendas-en-la-perla\\\/#primaryimage\"},\"image\":{\"@id\":\"https:\\\/\\\/infopba247.com.ar\\\/index.php\\\/2024\\\/03\\\/06\\\/mariel-fernandez-y-silvina-batakis-recorrieron-la-obra-de-116-viviendas-en-la-perla\\\/#primaryimage\"},\"thumbnailUrl\":\"https:\\\/\\\/infopba247.com.ar\\\/wp-content\\\/uploads\\\/2024\\\/03\\\/RECORRIDA-OBRA-BARRIO-LA-PERLA-SILVINA-BATAKIS-056-scaled.jpg\",\"datePublished\":\"2024-03-06T12:31:14+00:00\",\"breadcrumb\":{\"@id\":\"https:\\\/\\\/infopba247.com.ar\\\/index.php\\\/2024\\\/03\\\/06\\\/mariel-fernandez-y-silvina-batakis-recorrieron-la-obra-de-116-viviendas-en-la-perla\\\/#breadcrumb\"},\"inLanguage\":\"es\",\"potentialAction\":[{\"@type\":\"ReadAction\",\"target\":[\"https:\\\/\\\/infopba247.com.ar\\\/index.php\\\/2024\\\/03\\\/06\\\/mariel-fernandez-y-silvina-batakis-recorrieron-la-obra-de-116-viviendas-en-la-perla\\\/\"]}]},{\"@type\":\"ImageObject\",\"inLanguage\":\"es\",\"@id\":\"https:\\\/\\\/infopba247.com.ar\\\/index.php\\\/2024\\\/03\\\/06\\\/mariel-fernandez-y-silvina-batakis-recorrieron-la-obra-de-116-viviendas-en-la-perla\\\/#primaryimage\",\"url\":\"https:\\\/\\\/infopba247.com.ar\\\/wp-content\\\/uploads\\\/2024\\\/03\\\/RECORRIDA-OBRA-BARRIO-LA-PERLA-SILVINA-BATAKIS-056-scaled.jpg\",\"contentUrl\":\"https:\\\/\\\/infopba247.com.ar\\\/wp-content\\\/uploads\\\/2024\\\/03\\\/RECORRIDA-OBRA-BARRIO-LA-PERLA-SILVINA-BATAKIS-056-scaled.jpg\",\"width\":2560,\"height\":1707},{\"@type\":\"BreadcrumbList\",\"@id\":\"https:\\\/\\\/infopba247.com.ar\\\/index.php\\\/2024\\\/03\\\/06\\\/mariel-fernandez-y-silvina-batakis-recorrieron-la-obra-de-116-viviendas-en-la-perla\\\/#breadcrumb\",\"itemListElement\":[{\"@type\":\"ListItem\",\"position\":1,\"name\":\"Portada\",\"item\":\"https:\\\/\\\/infopba247.com.ar\\\/\"},{\"@type\":\"ListItem\",\"position\":2,\"name\":\"Mariel Fern\u00e1ndez y Silvina Batakis recorrieron la obra de 116 viviendas en La Perla\"}]},{\"@type\":\"WebSite\",\"@id\":\"https:\\\/\\\/infopba247.com.ar\\\/#website\",\"url\":\"https:\\\/\\\/infopba247.com.ar\\\/\",\"name\":\"InfoPBA247\",\"description\":\"Toda la actualidad bonaerense\",\"publisher\":{\"@id\":\"https:\\\/\\\/infopba247.com.ar\\\/#organization\"},\"potentialAction\":[{\"@type\":\"SearchAction\",\"target\":{\"@type\":\"EntryPoint\",\"urlTemplate\":\"https:\\\/\\\/infopba247.com.ar\\\/?s={search_term_string}\"},\"query-input\":{\"@type\":\"PropertyValueSpecification\",\"valueRequired\":true,\"valueName\":\"search_term_string\"}}],\"inLanguage\":\"es\"},{\"@type\":\"Organization\",\"@id\":\"https:\\\/\\\/infopba247.com.ar\\\/#organization\",\"name\":\"InfoPBA247\",\"url\":\"https:\\\/\\\/infopba247.com.ar\\\/\",\"logo\":{\"@type\":\"ImageObject\",\"inLanguage\":\"es\",\"@id\":\"https:\\\/\\\/infopba247.com.ar\\\/#\\\/schema\\\/logo\\\/image\\\/\",\"url\":\"https:\\\/\\\/infopba247.com.ar\\\/wp-content\\\/uploads\\\/2022\\\/03\\\/cropped-InfoPBA247-1.png\",\"contentUrl\":\"https:\\\/\\\/infopba247.com.ar\\\/wp-content\\\/uploads\\\/2022\\\/03\\\/cropped-InfoPBA247-1.png\",\"width\":500,\"height\":122,\"caption\":\"InfoPBA247\"},\"image\":{\"@id\":\"https:\\\/\\\/infopba247.com.ar\\\/#\\\/schema\\\/logo\\\/image\\\/\"},\"sameAs\":[\"https:\\\/\\\/www.facebook.com\\\/InfoPBA\"]},{\"@type\":\"Person\",\"@id\":\"https:\\\/\\\/infopba247.com.ar\\\/#\\\/schema\\\/person\\\/4975f1343a413e57bf839b3eed0099f2\",\"name\":\"Editor\",\"image\":{\"@type\":\"ImageObject\",\"inLanguage\":\"es\",\"@id\":\"https:\\\/\\\/secure.gravatar.com\\\/avatar\\\/d27fe9520667ca53441d36627a1d6b0fa4a813571ec4803687a7a3a7744685ac?s=96&d=mm&r=g\",\"url\":\"https:\\\/\\\/secure.gravatar.com\\\/avatar\\\/d27fe9520667ca53441d36627a1d6b0fa4a813571ec4803687a7a3a7744685ac?s=96&d=mm&r=g\",\"contentUrl\":\"https:\\\/\\\/secure.gravatar.com\\\/avatar\\\/d27fe9520667ca53441d36627a1d6b0fa4a813571ec4803687a7a3a7744685ac?s=96&d=mm&r=g\",\"caption\":\"Editor\"},\"url\":\"https:\\\/\\\/infopba247.com.ar\\\/index.php\\\/author\\\/editor\\\/\"}]}<\/script>\n<!-- \/ Yoast SEO plugin. -->","yoast_head_json":{"title":"Mariel Fern\u00e1ndez y Silvina Batakis recorrieron la obra de 116 viviendas en La Perla - InfoPBA247","robots":{"index":"index","follow":"follow","max-snippet":"max-snippet:-1","max-image-preview":"max-image-preview:large","max-video-preview":"max-video-preview:-1"},"canonical":"https:\/\/infopba247.com.ar\/index.php\/2024\/03\/06\/mariel-fernandez-y-silvina-batakis-recorrieron-la-obra-de-116-viviendas-en-la-perla\/","og_locale":"es_ES","og_type":"article","og_title":"Mariel Fern\u00e1ndez y Silvina Batakis recorrieron la obra de 116 viviendas en La Perla - InfoPBA247","og_description":"La intendenta de Moreno, Mariel Fern\u00e1ndez, y la ministra de H\u00e1bitat y Desarrollo Urbano, Silvina Batakis, recorrieron la obra de","og_url":"https:\/\/infopba247.com.ar\/index.php\/2024\/03\/06\/mariel-fernandez-y-silvina-batakis-recorrieron-la-obra-de-116-viviendas-en-la-perla\/","og_site_name":"InfoPBA247","article_publisher":"https:\/\/www.facebook.com\/InfoPBA","article_published_time":"2024-03-06T12:31:14+00:00","og_image":[{"width":2560,"height":1707,"url":"https:\/\/infopba247.com.ar\/wp-content\/uploads\/2024\/03\/RECORRIDA-OBRA-BARRIO-LA-PERLA-SILVINA-BATAKIS-056-scaled.jpg","type":"image\/jpeg"}],"author":"Editor","twitter_card":"summary_large_image","twitter_misc":{"Escrito por":"Editor","Tiempo de lectura":"2 minutos"},"schema":{"@context":"https:\/\/schema.org","@graph":[{"@type":"Article","@id":"https:\/\/infopba247.com.ar\/index.php\/2024\/03\/06\/mariel-fernandez-y-silvina-batakis-recorrieron-la-obra-de-116-viviendas-en-la-perla\/#article","isPartOf":{"@id":"https:\/\/infopba247.com.ar\/index.php\/2024\/03\/06\/mariel-fernandez-y-silvina-batakis-recorrieron-la-obra-de-116-viviendas-en-la-perla\/"},"author":{"name":"Editor","@id":"https:\/\/infopba247.com.ar\/#\/schema\/person\/4975f1343a413e57bf839b3eed0099f2"},"headline":"Mariel Fern\u00e1ndez y Silvina Batakis recorrieron la obra de 116 viviendas en La Perla","datePublished":"2024-03-06T12:31:14+00:00","mainEntityOfPage":{"@id":"https:\/\/infopba247.com.ar\/index.php\/2024\/03\/06\/mariel-fernandez-y-silvina-batakis-recorrieron-la-obra-de-116-viviendas-en-la-perla\/"},"wordCount":399,"publisher":{"@id":"https:\/\/infopba247.com.ar\/#organization"},"image":{"@id":"https:\/\/infopba247.com.ar\/index.php\/2024\/03\/06\/mariel-fernandez-y-silvina-batakis-recorrieron-la-obra-de-116-viviendas-en-la-perla\/#primaryimage"},"thumbnailUrl":"https:\/\/infopba247.com.ar\/wp-content\/uploads\/2024\/03\/RECORRIDA-OBRA-BARRIO-LA-PERLA-SILVINA-BATAKIS-056-scaled.jpg","articleSection":["1ra Secci\u00f3n","Destacadas","Pol\u00edtica"],"inLanguage":"es"},{"@type":"WebPage","@id":"https:\/\/infopba247.com.ar\/index.php\/2024\/03\/06\/mariel-fernandez-y-silvina-batakis-recorrieron-la-obra-de-116-viviendas-en-la-perla\/","url":"https:\/\/infopba247.com.ar\/index.php\/2024\/03\/06\/mariel-fernandez-y-silvina-batakis-recorrieron-la-obra-de-116-viviendas-en-la-perla\/","name":"Mariel Fern\u00e1ndez y Silvina Batakis recorrieron la obra de 116 viviendas en La Perla - InfoPBA247","isPartOf":{"@id":"https:\/\/infopba247.com.ar\/#website"},"primaryImageOfPage":{"@id":"https:\/\/infopba247.com.ar\/index.php\/2024\/03\/06\/mariel-fernandez-y-silvina-batakis-recorrieron-la-obra-de-116-viviendas-en-la-perla\/#primaryimage"},"image":{"@id":"https:\/\/infopba247.com.ar\/index.php\/2024\/03\/06\/mariel-fernandez-y-silvina-batakis-recorrieron-la-obra-de-116-viviendas-en-la-perla\/#primaryimage"},"thumbnailUrl":"https:\/\/infopba247.com.ar\/wp-content\/uploads\/2024\/03\/RECORRIDA-OBRA-BARRIO-LA-PERLA-SILVINA-BATAKIS-056-scaled.jpg","datePublished":"2024-03-06T12:31:14+00:00","breadcrumb":{"@id":"https:\/\/infopba247.com.ar\/index.php\/2024\/03\/06\/mariel-fernandez-y-silvina-batakis-recorrieron-la-obra-de-116-viviendas-en-la-perla\/#breadcrumb"},"inLanguage":"es","potentialAction":[{"@type":"ReadAction","target":["https:\/\/infopba247.com.ar\/index.php\/2024\/03\/06\/mariel-fernandez-y-silvina-batakis-recorrieron-la-obra-de-116-viviendas-en-la-perla\/"]}]},{"@type":"ImageObject","inLanguage":"es","@id":"https:\/\/infopba247.com.ar\/index.php\/2024\/03\/06\/mariel-fernandez-y-silvina-batakis-recorrieron-la-obra-de-116-viviendas-en-la-perla\/#primaryimage","url":"https:\/\/infopba247.com.ar\/wp-content\/uploads\/2024\/03\/RECORRIDA-OBRA-BARRIO-LA-PERLA-SILVINA-BATAKIS-056-scaled.jpg","contentUrl":"https:\/\/infopba247.com.ar\/wp-content\/uploads\/2024\/03\/RECORRIDA-OBRA-BARRIO-LA-PERLA-SILVINA-BATAKIS-056-scaled.jpg","width":2560,"height":1707},{"@type":"BreadcrumbList","@id":"https:\/\/infopba247.com.ar\/index.php\/2024\/03\/06\/mariel-fernandez-y-silvina-batakis-recorrieron-la-obra-de-116-viviendas-en-la-perla\/#breadcrumb","itemListElement":[{"@type":"ListItem","position":1,"name":"Portada","item":"https:\/\/infopba247.com.ar\/"},{"@type":"ListItem","position":2,"name":"Mariel Fern\u00e1ndez y Silvina Batakis recorrieron la obra de 116 viviendas en La Perla"}]},{"@type":"WebSite","@id":"https:\/\/infopba247.com.ar\/#website","url":"https:\/\/infopba247.com.ar\/","name":"InfoPBA247","description":"Toda la actualidad bonaerense","publisher":{"@id":"https:\/\/infopba247.com.ar\/#organization"},"potentialAction":[{"@type":"SearchAction","target":{"@type":"EntryPoint","urlTemplate":"https:\/\/infopba247.com.ar\/?s={search_term_string}"},"query-input":{"@type":"PropertyValueSpecification","valueRequired":true,"valueName":"search_term_string"}}],"inLanguage":"es"},{"@type":"Organization","@id":"https:\/\/infopba247.com.ar\/#organization","name":"InfoPBA247","url":"https:\/\/infopba247.com.ar\/","logo":{"@type":"ImageObject","inLanguage":"es","@id":"https:\/\/infopba247.com.ar\/#\/schema\/logo\/image\/","url":"https:\/\/infopba247.com.ar\/wp-content\/uploads\/2022\/03\/cropped-InfoPBA247-1.png","contentUrl":"https:\/\/infopba247.com.ar\/wp-content\/uploads\/2022\/03\/cropped-InfoPBA247-1.png","width":500,"height":122,"caption":"InfoPBA247"},"image":{"@id":"https:\/\/infopba247.com.ar\/#\/schema\/logo\/image\/"},"sameAs":["https:\/\/www.facebook.com\/InfoPBA"]},{"@type":"Person","@id":"https:\/\/infopba247.com.ar\/#\/schema\/person\/4975f1343a413e57bf839b3eed0099f2","name":"Editor","image":{"@type":"ImageObject","inLanguage":"es","@id":"https:\/\/secure.gravatar.com\/avatar\/d27fe9520667ca53441d36627a1d6b0fa4a813571ec4803687a7a3a7744685ac?s=96&d=mm&r=g","url":"https:\/\/secure.gravatar.com\/avatar\/d27fe9520667ca53441d36627a1d6b0fa4a813571ec4803687a7a3a7744685ac?s=96&d=mm&r=g","contentUrl":"https:\/\/secure.gravatar.com\/avatar\/d27fe9520667ca53441d36627a1d6b0fa4a813571ec4803687a7a3a7744685ac?s=96&d=mm&r=g","caption":"Editor"},"url":"https:\/\/infopba247.com.ar\/index.php\/author\/editor\/"}]}},"_links":{"self":[{"href":"https:\/\/infopba247.com.ar\/index.php\/wp-json\/wp\/v2\/posts\/3609","targetHints":{"allow":["GET"]}}],"collection":[{"href":"https:\/\/infopba247.com.ar\/index.php\/wp-json\/wp\/v2\/posts"}],"about":[{"href":"https:\/\/infopba247.com.ar\/index.php\/wp-json\/wp\/v2\/types\/post"}],"author":[{"embeddable":true,"href":"https:\/\/infopba247.com.ar\/index.php\/wp-json\/wp\/v2\/users\/3"}],"replies":[{"embeddable":true,"href":"https:\/\/infopba247.com.ar\/index.php\/wp-json\/wp\/v2\/comments?post=3609"}],"version-history":[{"count":1,"href":"https:\/\/infopba247.com.ar\/index.php\/wp-json\/wp\/v2\/posts\/3609\/revisions"}],"predecessor-version":[{"id":3613,"href":"https:\/\/infopba247.com.ar\/index.php\/wp-json\/wp\/v2\/posts\/3609\/revisions\/3613"}],"wp:featuredmedia":[{"embeddable":true,"href":"https:\/\/infopba247.com.ar\/index.php\/wp-json\/wp\/v2\/media\/3612"}],"wp:attachment":[{"href":"https:\/\/infopba247.com.ar\/index.php\/wp-json\/wp\/v2\/media?parent=3609"}],"wp:term":[{"taxonomy":"category","embeddable":true,"href":"https:\/\/infopba247.com.ar\/index.php\/wp-json\/wp\/v2\/categories?post=3609"},{"taxonomy":"post_tag","embeddable":true,"href":"https:\/\/infopba247.com.ar\/index.php\/wp-json\/wp\/v2\/tags?post=3609"}],"curies":[{"name":"wp","href":"https:\/\/api.w.org\/{rel}","templated":true}]}}