{"id":3597,"date":"2024-03-04T11:18:35","date_gmt":"2024-03-04T14:18:35","guid":{"rendered":"https:\/\/infopba247.com.ar\/?p=3597"},"modified":"2024-03-04T11:18:35","modified_gmt":"2024-03-04T14:18:35","slug":"asamblea-interfacultades-voto-un-ruidazo-educativo-en-defensa-de-la-educacion-publica","status":"publish","type":"post","link":"https:\/\/infopba247.com.ar\/index.php\/2024\/03\/04\/asamblea-interfacultades-voto-un-ruidazo-educativo-en-defensa-de-la-educacion-publica\/","title":{"rendered":"Asamblea interfacultades vot\u00f3 un Ruidazo Educativo en defensa de la educaci\u00f3n p\u00fablica"},"content":{"rendered":"\n<p>Una asamblea estudiantil interfacultades realizada el 20 de febrero en el Ex-BIM 3 vot\u00f3 convocar a un Ruidazo Educativo en defensa de la educaci\u00f3n p\u00fablica este martes 5 de marzo a las 12 hs en las puertas del Rectorado (7 entre 47 y 48).<\/p>\n\n\n\n<p>All\u00ed reclamar\u00e1n un aumento de presupuesto para la universidad, la gratuidad del boleto y el comedor estudiantil para todos y la mejora del salario docente. Se trata de una convocatoria abierta al conjunto de la comunidad educativa.<\/p>\n\n\n\n<p>Al respecto, Ayel\u00e9n Carranza, dirigente de la Agrupaci\u00f3n Universitaria \u00a1Ya Basta! declar\u00f3 que \u201cen la asamblea interfacultades de la semana pasada, organizada por estudiantes autoconvocados y la izquierda, participaron m\u00e1s de 200 estudiantes y votamos salir a las calles para pelear por presupuesto universitario y contra el Plan Milei porque entendemos que hay que retomar las herramientas de lucha del movimiento estudiantil, y con esa fuerza, seguir adelante para defender lo que es nuestro.\u201d<\/p>\n\n\n\n<p>Carranza remarc\u00f3 que la situaci\u00f3n econ\u00f3mica de las universidades es muy cr\u00edtica y que ya fue denunciada por los propios rectores en todo el pa\u00eds. En ese sentido, plante\u00f3: \u201cvamos a reclamar al Rector que exponga cu\u00e1l es la situaci\u00f3n espec\u00edfica de la UNLP y qu\u00e9 plan de acci\u00f3n tiene porque ya hubo un esbozo de intentar arancelar la sede que la Facultad de Psicolog\u00eda tiene en la localidad de Chivilcoy y afortunadamente lo fren\u00f3 la movilizaci\u00f3n estudiantil\u201d.<\/p>\n\n\n\n<p>Por su parte, Florencia Franco, referente del Ya Basta de la Facultad de Artes agreg\u00f3: \u201cEstamos convencidos de que la \u00fanica forma de defender nuestros derechos y enfrentar el plan de Milei es en las calles, por eso le exigimos a nuestra Federaci\u00f3n Universitaria de La Plata (FULP), y a las conducciones de todos los centros de estudiantes de la UNLP, dirigidos por el peronismo y el radicalismo, que se pongan a la altura de las necesidades de nuestro tiempo y que convoquen al ruidazo del 5 de marzo\u201d.<\/p>\n\n\n\n<p>\u201cEsta iniciativa del ruidazo la tomamos del cacerolazo educativo del 21 de febrero convocado por la Facultad de Filosof\u00eda y Letras de la UBA y cont\u00f3 con apoyo masivo. Para esta acci\u00f3n queremos convocar a toda la comunidad educativa universitaria y de todos los niveles: jard\u00edn, primaria y secundaria, porque el ataque a la educaci\u00f3n es general y solo lo vamos frenar si nos organizamos y luchamos en conjunto\u201d, puntualiz\u00f3 Franco.<\/p>\n","protected":false},"excerpt":{"rendered":"<p>Una asamblea estudiantil interfacultades realizada el 20 de febrero en el Ex-BIM 3 vot\u00f3 convocar a un Ruidazo Educativo en<\/p>\n","protected":false},"author":3,"featured_media":3590,"comment_status":"closed","ping_status":"closed","sticky":false,"template":"","format":"standard","meta":{"colormag_page_container_layout":"default_layout","colormag_page_sidebar_layout":"default_layout","footnotes":""},"categories":[12,1,14],"tags":[],"class_list":["post-3597","post","type-post","status-publish","format-standard","has-post-thumbnail","hentry","category-8va-seccion","category-destacadas","category-politica"],"yoast_head":"<!-- This site is optimized with the Yoast SEO plugin v27.4 - https:\/\/yoast.com\/product\/yoast-seo-wordpress\/ -->\n<title>Asamblea interfacultades vot\u00f3 un Ruidazo Educativo en defensa de la educaci\u00f3n p\u00fablica - InfoPBA247<\/title>\n<meta name=\"robots\" content=\"index, follow, max-snippet:-1, max-image-preview:large, max-video-preview:-1\" \/>\n<link rel=\"canonical\" href=\"https:\/\/infopba247.com.ar\/index.php\/2024\/03\/04\/asamblea-interfacultades-voto-un-ruidazo-educativo-en-defensa-de-la-educacion-publica\/\" \/>\n<meta property=\"og:locale\" content=\"es_ES\" \/>\n<meta property=\"og:type\" content=\"article\" \/>\n<meta property=\"og:title\" content=\"Asamblea interfacultades vot\u00f3 un Ruidazo Educativo en defensa de la educaci\u00f3n p\u00fablica - InfoPBA247\" \/>\n<meta property=\"og:description\" content=\"Una asamblea estudiantil interfacultades realizada el 20 de febrero en el Ex-BIM 3 vot\u00f3 convocar a un Ruidazo Educativo en\" \/>\n<meta property=\"og:url\" content=\"https:\/\/infopba247.com.ar\/index.php\/2024\/03\/04\/asamblea-interfacultades-voto-un-ruidazo-educativo-en-defensa-de-la-educacion-publica\/\" \/>\n<meta property=\"og:site_name\" content=\"InfoPBA247\" \/>\n<meta property=\"article:publisher\" content=\"https:\/\/www.facebook.com\/InfoPBA\" \/>\n<meta property=\"article:published_time\" content=\"2024-03-04T14:18:35+00:00\" \/>\n<meta property=\"og:image\" content=\"https:\/\/infopba247.com.ar\/wp-content\/uploads\/2024\/03\/flyer-ruidazo.jpg\" \/>\n\t<meta property=\"og:image:width\" content=\"1080\" \/>\n\t<meta property=\"og:image:height\" content=\"1350\" \/>\n\t<meta property=\"og:image:type\" content=\"image\/jpeg\" \/>\n<meta name=\"author\" content=\"Editor\" \/>\n<meta name=\"twitter:card\" content=\"summary_large_image\" \/>\n<meta name=\"twitter:label1\" content=\"Escrito por\" \/>\n\t<meta name=\"twitter:data1\" content=\"Editor\" \/>\n\t<meta name=\"twitter:label2\" content=\"Tiempo de lectura\" \/>\n\t<meta name=\"twitter:data2\" content=\"2 minutos\" \/>\n<script type=\"application\/ld+json\" class=\"yoast-schema-graph\">{\"@context\":\"https:\\\/\\\/schema.org\",\"@graph\":[{\"@type\":\"Article\",\"@id\":\"https:\\\/\\\/infopba247.com.ar\\\/index.php\\\/2024\\\/03\\\/04\\\/asamblea-interfacultades-voto-un-ruidazo-educativo-en-defensa-de-la-educacion-publica\\\/#article\",\"isPartOf\":{\"@id\":\"https:\\\/\\\/infopba247.com.ar\\\/index.php\\\/2024\\\/03\\\/04\\\/asamblea-interfacultades-voto-un-ruidazo-educativo-en-defensa-de-la-educacion-publica\\\/\"},\"author\":{\"name\":\"Editor\",\"@id\":\"https:\\\/\\\/infopba247.com.ar\\\/#\\\/schema\\\/person\\\/4975f1343a413e57bf839b3eed0099f2\"},\"headline\":\"Asamblea interfacultades vot\u00f3 un Ruidazo Educativo en defensa de la educaci\u00f3n p\u00fablica\",\"datePublished\":\"2024-03-04T14:18:35+00:00\",\"mainEntityOfPage\":{\"@id\":\"https:\\\/\\\/infopba247.com.ar\\\/index.php\\\/2024\\\/03\\\/04\\\/asamblea-interfacultades-voto-un-ruidazo-educativo-en-defensa-de-la-educacion-publica\\\/\"},\"wordCount\":418,\"publisher\":{\"@id\":\"https:\\\/\\\/infopba247.com.ar\\\/#organization\"},\"image\":{\"@id\":\"https:\\\/\\\/infopba247.com.ar\\\/index.php\\\/2024\\\/03\\\/04\\\/asamblea-interfacultades-voto-un-ruidazo-educativo-en-defensa-de-la-educacion-publica\\\/#primaryimage\"},\"thumbnailUrl\":\"https:\\\/\\\/infopba247.com.ar\\\/wp-content\\\/uploads\\\/2024\\\/03\\\/flyer-ruidazo.jpg\",\"articleSection\":[\"8va Secci\u00f3n\",\"Destacadas\",\"Pol\u00edtica\"],\"inLanguage\":\"es\"},{\"@type\":\"WebPage\",\"@id\":\"https:\\\/\\\/infopba247.com.ar\\\/index.php\\\/2024\\\/03\\\/04\\\/asamblea-interfacultades-voto-un-ruidazo-educativo-en-defensa-de-la-educacion-publica\\\/\",\"url\":\"https:\\\/\\\/infopba247.com.ar\\\/index.php\\\/2024\\\/03\\\/04\\\/asamblea-interfacultades-voto-un-ruidazo-educativo-en-defensa-de-la-educacion-publica\\\/\",\"name\":\"Asamblea interfacultades vot\u00f3 un Ruidazo Educativo en defensa de la educaci\u00f3n p\u00fablica - InfoPBA247\",\"isPartOf\":{\"@id\":\"https:\\\/\\\/infopba247.com.ar\\\/#website\"},\"primaryImageOfPage\":{\"@id\":\"https:\\\/\\\/infopba247.com.ar\\\/index.php\\\/2024\\\/03\\\/04\\\/asamblea-interfacultades-voto-un-ruidazo-educativo-en-defensa-de-la-educacion-publica\\\/#primaryimage\"},\"image\":{\"@id\":\"https:\\\/\\\/infopba247.com.ar\\\/index.php\\\/2024\\\/03\\\/04\\\/asamblea-interfacultades-voto-un-ruidazo-educativo-en-defensa-de-la-educacion-publica\\\/#primaryimage\"},\"thumbnailUrl\":\"https:\\\/\\\/infopba247.com.ar\\\/wp-content\\\/uploads\\\/2024\\\/03\\\/flyer-ruidazo.jpg\",\"datePublished\":\"2024-03-04T14:18:35+00:00\",\"breadcrumb\":{\"@id\":\"https:\\\/\\\/infopba247.com.ar\\\/index.php\\\/2024\\\/03\\\/04\\\/asamblea-interfacultades-voto-un-ruidazo-educativo-en-defensa-de-la-educacion-publica\\\/#breadcrumb\"},\"inLanguage\":\"es\",\"potentialAction\":[{\"@type\":\"ReadAction\",\"target\":[\"https:\\\/\\\/infopba247.com.ar\\\/index.php\\\/2024\\\/03\\\/04\\\/asamblea-interfacultades-voto-un-ruidazo-educativo-en-defensa-de-la-educacion-publica\\\/\"]}]},{\"@type\":\"ImageObject\",\"inLanguage\":\"es\",\"@id\":\"https:\\\/\\\/infopba247.com.ar\\\/index.php\\\/2024\\\/03\\\/04\\\/asamblea-interfacultades-voto-un-ruidazo-educativo-en-defensa-de-la-educacion-publica\\\/#primaryimage\",\"url\":\"https:\\\/\\\/infopba247.com.ar\\\/wp-content\\\/uploads\\\/2024\\\/03\\\/flyer-ruidazo.jpg\",\"contentUrl\":\"https:\\\/\\\/infopba247.com.ar\\\/wp-content\\\/uploads\\\/2024\\\/03\\\/flyer-ruidazo.jpg\",\"width\":1080,\"height\":1350},{\"@type\":\"BreadcrumbList\",\"@id\":\"https:\\\/\\\/infopba247.com.ar\\\/index.php\\\/2024\\\/03\\\/04\\\/asamblea-interfacultades-voto-un-ruidazo-educativo-en-defensa-de-la-educacion-publica\\\/#breadcrumb\",\"itemListElement\":[{\"@type\":\"ListItem\",\"position\":1,\"name\":\"Portada\",\"item\":\"https:\\\/\\\/infopba247.com.ar\\\/\"},{\"@type\":\"ListItem\",\"position\":2,\"name\":\"Asamblea interfacultades vot\u00f3 un Ruidazo Educativo en defensa de la educaci\u00f3n p\u00fablica\"}]},{\"@type\":\"WebSite\",\"@id\":\"https:\\\/\\\/infopba247.com.ar\\\/#website\",\"url\":\"https:\\\/\\\/infopba247.com.ar\\\/\",\"name\":\"InfoPBA247\",\"description\":\"Toda la actualidad bonaerense\",\"publisher\":{\"@id\":\"https:\\\/\\\/infopba247.com.ar\\\/#organization\"},\"potentialAction\":[{\"@type\":\"SearchAction\",\"target\":{\"@type\":\"EntryPoint\",\"urlTemplate\":\"https:\\\/\\\/infopba247.com.ar\\\/?s={search_term_string}\"},\"query-input\":{\"@type\":\"PropertyValueSpecification\",\"valueRequired\":true,\"valueName\":\"search_term_string\"}}],\"inLanguage\":\"es\"},{\"@type\":\"Organization\",\"@id\":\"https:\\\/\\\/infopba247.com.ar\\\/#organization\",\"name\":\"InfoPBA247\",\"url\":\"https:\\\/\\\/infopba247.com.ar\\\/\",\"logo\":{\"@type\":\"ImageObject\",\"inLanguage\":\"es\",\"@id\":\"https:\\\/\\\/infopba247.com.ar\\\/#\\\/schema\\\/logo\\\/image\\\/\",\"url\":\"https:\\\/\\\/infopba247.com.ar\\\/wp-content\\\/uploads\\\/2022\\\/03\\\/cropped-InfoPBA247-1.png\",\"contentUrl\":\"https:\\\/\\\/infopba247.com.ar\\\/wp-content\\\/uploads\\\/2022\\\/03\\\/cropped-InfoPBA247-1.png\",\"width\":500,\"height\":122,\"caption\":\"InfoPBA247\"},\"image\":{\"@id\":\"https:\\\/\\\/infopba247.com.ar\\\/#\\\/schema\\\/logo\\\/image\\\/\"},\"sameAs\":[\"https:\\\/\\\/www.facebook.com\\\/InfoPBA\"]},{\"@type\":\"Person\",\"@id\":\"https:\\\/\\\/infopba247.com.ar\\\/#\\\/schema\\\/person\\\/4975f1343a413e57bf839b3eed0099f2\",\"name\":\"Editor\",\"image\":{\"@type\":\"ImageObject\",\"inLanguage\":\"es\",\"@id\":\"https:\\\/\\\/secure.gravatar.com\\\/avatar\\\/d27fe9520667ca53441d36627a1d6b0fa4a813571ec4803687a7a3a7744685ac?s=96&d=mm&r=g\",\"url\":\"https:\\\/\\\/secure.gravatar.com\\\/avatar\\\/d27fe9520667ca53441d36627a1d6b0fa4a813571ec4803687a7a3a7744685ac?s=96&d=mm&r=g\",\"contentUrl\":\"https:\\\/\\\/secure.gravatar.com\\\/avatar\\\/d27fe9520667ca53441d36627a1d6b0fa4a813571ec4803687a7a3a7744685ac?s=96&d=mm&r=g\",\"caption\":\"Editor\"},\"url\":\"https:\\\/\\\/infopba247.com.ar\\\/index.php\\\/author\\\/editor\\\/\"}]}<\/script>\n<!-- \/ Yoast SEO plugin. -->","yoast_head_json":{"title":"Asamblea interfacultades vot\u00f3 un Ruidazo Educativo en defensa de la educaci\u00f3n p\u00fablica - InfoPBA247","robots":{"index":"index","follow":"follow","max-snippet":"max-snippet:-1","max-image-preview":"max-image-preview:large","max-video-preview":"max-video-preview:-1"},"canonical":"https:\/\/infopba247.com.ar\/index.php\/2024\/03\/04\/asamblea-interfacultades-voto-un-ruidazo-educativo-en-defensa-de-la-educacion-publica\/","og_locale":"es_ES","og_type":"article","og_title":"Asamblea interfacultades vot\u00f3 un Ruidazo Educativo en defensa de la educaci\u00f3n p\u00fablica - InfoPBA247","og_description":"Una asamblea estudiantil interfacultades realizada el 20 de febrero en el Ex-BIM 3 vot\u00f3 convocar a un Ruidazo Educativo en","og_url":"https:\/\/infopba247.com.ar\/index.php\/2024\/03\/04\/asamblea-interfacultades-voto-un-ruidazo-educativo-en-defensa-de-la-educacion-publica\/","og_site_name":"InfoPBA247","article_publisher":"https:\/\/www.facebook.com\/InfoPBA","article_published_time":"2024-03-04T14:18:35+00:00","og_image":[{"width":1080,"height":1350,"url":"https:\/\/infopba247.com.ar\/wp-content\/uploads\/2024\/03\/flyer-ruidazo.jpg","type":"image\/jpeg"}],"author":"Editor","twitter_card":"summary_large_image","twitter_misc":{"Escrito por":"Editor","Tiempo de lectura":"2 minutos"},"schema":{"@context":"https:\/\/schema.org","@graph":[{"@type":"Article","@id":"https:\/\/infopba247.com.ar\/index.php\/2024\/03\/04\/asamblea-interfacultades-voto-un-ruidazo-educativo-en-defensa-de-la-educacion-publica\/#article","isPartOf":{"@id":"https:\/\/infopba247.com.ar\/index.php\/2024\/03\/04\/asamblea-interfacultades-voto-un-ruidazo-educativo-en-defensa-de-la-educacion-publica\/"},"author":{"name":"Editor","@id":"https:\/\/infopba247.com.ar\/#\/schema\/person\/4975f1343a413e57bf839b3eed0099f2"},"headline":"Asamblea interfacultades vot\u00f3 un Ruidazo Educativo en defensa de la educaci\u00f3n p\u00fablica","datePublished":"2024-03-04T14:18:35+00:00","mainEntityOfPage":{"@id":"https:\/\/infopba247.com.ar\/index.php\/2024\/03\/04\/asamblea-interfacultades-voto-un-ruidazo-educativo-en-defensa-de-la-educacion-publica\/"},"wordCount":418,"publisher":{"@id":"https:\/\/infopba247.com.ar\/#organization"},"image":{"@id":"https:\/\/infopba247.com.ar\/index.php\/2024\/03\/04\/asamblea-interfacultades-voto-un-ruidazo-educativo-en-defensa-de-la-educacion-publica\/#primaryimage"},"thumbnailUrl":"https:\/\/infopba247.com.ar\/wp-content\/uploads\/2024\/03\/flyer-ruidazo.jpg","articleSection":["8va Secci\u00f3n","Destacadas","Pol\u00edtica"],"inLanguage":"es"},{"@type":"WebPage","@id":"https:\/\/infopba247.com.ar\/index.php\/2024\/03\/04\/asamblea-interfacultades-voto-un-ruidazo-educativo-en-defensa-de-la-educacion-publica\/","url":"https:\/\/infopba247.com.ar\/index.php\/2024\/03\/04\/asamblea-interfacultades-voto-un-ruidazo-educativo-en-defensa-de-la-educacion-publica\/","name":"Asamblea interfacultades vot\u00f3 un Ruidazo Educativo en defensa de la educaci\u00f3n p\u00fablica - InfoPBA247","isPartOf":{"@id":"https:\/\/infopba247.com.ar\/#website"},"primaryImageOfPage":{"@id":"https:\/\/infopba247.com.ar\/index.php\/2024\/03\/04\/asamblea-interfacultades-voto-un-ruidazo-educativo-en-defensa-de-la-educacion-publica\/#primaryimage"},"image":{"@id":"https:\/\/infopba247.com.ar\/index.php\/2024\/03\/04\/asamblea-interfacultades-voto-un-ruidazo-educativo-en-defensa-de-la-educacion-publica\/#primaryimage"},"thumbnailUrl":"https:\/\/infopba247.com.ar\/wp-content\/uploads\/2024\/03\/flyer-ruidazo.jpg","datePublished":"2024-03-04T14:18:35+00:00","breadcrumb":{"@id":"https:\/\/infopba247.com.ar\/index.php\/2024\/03\/04\/asamblea-interfacultades-voto-un-ruidazo-educativo-en-defensa-de-la-educacion-publica\/#breadcrumb"},"inLanguage":"es","potentialAction":[{"@type":"ReadAction","target":["https:\/\/infopba247.com.ar\/index.php\/2024\/03\/04\/asamblea-interfacultades-voto-un-ruidazo-educativo-en-defensa-de-la-educacion-publica\/"]}]},{"@type":"ImageObject","inLanguage":"es","@id":"https:\/\/infopba247.com.ar\/index.php\/2024\/03\/04\/asamblea-interfacultades-voto-un-ruidazo-educativo-en-defensa-de-la-educacion-publica\/#primaryimage","url":"https:\/\/infopba247.com.ar\/wp-content\/uploads\/2024\/03\/flyer-ruidazo.jpg","contentUrl":"https:\/\/infopba247.com.ar\/wp-content\/uploads\/2024\/03\/flyer-ruidazo.jpg","width":1080,"height":1350},{"@type":"BreadcrumbList","@id":"https:\/\/infopba247.com.ar\/index.php\/2024\/03\/04\/asamblea-interfacultades-voto-un-ruidazo-educativo-en-defensa-de-la-educacion-publica\/#breadcrumb","itemListElement":[{"@type":"ListItem","position":1,"name":"Portada","item":"https:\/\/infopba247.com.ar\/"},{"@type":"ListItem","position":2,"name":"Asamblea interfacultades vot\u00f3 un Ruidazo Educativo en defensa de la educaci\u00f3n p\u00fablica"}]},{"@type":"WebSite","@id":"https:\/\/infopba247.com.ar\/#website","url":"https:\/\/infopba247.com.ar\/","name":"InfoPBA247","description":"Toda la actualidad bonaerense","publisher":{"@id":"https:\/\/infopba247.com.ar\/#organization"},"potentialAction":[{"@type":"SearchAction","target":{"@type":"EntryPoint","urlTemplate":"https:\/\/infopba247.com.ar\/?s={search_term_string}"},"query-input":{"@type":"PropertyValueSpecification","valueRequired":true,"valueName":"search_term_string"}}],"inLanguage":"es"},{"@type":"Organization","@id":"https:\/\/infopba247.com.ar\/#organization","name":"InfoPBA247","url":"https:\/\/infopba247.com.ar\/","logo":{"@type":"ImageObject","inLanguage":"es","@id":"https:\/\/infopba247.com.ar\/#\/schema\/logo\/image\/","url":"https:\/\/infopba247.com.ar\/wp-content\/uploads\/2022\/03\/cropped-InfoPBA247-1.png","contentUrl":"https:\/\/infopba247.com.ar\/wp-content\/uploads\/2022\/03\/cropped-InfoPBA247-1.png","width":500,"height":122,"caption":"InfoPBA247"},"image":{"@id":"https:\/\/infopba247.com.ar\/#\/schema\/logo\/image\/"},"sameAs":["https:\/\/www.facebook.com\/InfoPBA"]},{"@type":"Person","@id":"https:\/\/infopba247.com.ar\/#\/schema\/person\/4975f1343a413e57bf839b3eed0099f2","name":"Editor","image":{"@type":"ImageObject","inLanguage":"es","@id":"https:\/\/secure.gravatar.com\/avatar\/d27fe9520667ca53441d36627a1d6b0fa4a813571ec4803687a7a3a7744685ac?s=96&d=mm&r=g","url":"https:\/\/secure.gravatar.com\/avatar\/d27fe9520667ca53441d36627a1d6b0fa4a813571ec4803687a7a3a7744685ac?s=96&d=mm&r=g","contentUrl":"https:\/\/secure.gravatar.com\/avatar\/d27fe9520667ca53441d36627a1d6b0fa4a813571ec4803687a7a3a7744685ac?s=96&d=mm&r=g","caption":"Editor"},"url":"https:\/\/infopba247.com.ar\/index.php\/author\/editor\/"}]}},"_links":{"self":[{"href":"https:\/\/infopba247.com.ar\/index.php\/wp-json\/wp\/v2\/posts\/3597","targetHints":{"allow":["GET"]}}],"collection":[{"href":"https:\/\/infopba247.com.ar\/index.php\/wp-json\/wp\/v2\/posts"}],"about":[{"href":"https:\/\/infopba247.com.ar\/index.php\/wp-json\/wp\/v2\/types\/post"}],"author":[{"embeddable":true,"href":"https:\/\/infopba247.com.ar\/index.php\/wp-json\/wp\/v2\/users\/3"}],"replies":[{"embeddable":true,"href":"https:\/\/infopba247.com.ar\/index.php\/wp-json\/wp\/v2\/comments?post=3597"}],"version-history":[{"count":1,"href":"https:\/\/infopba247.com.ar\/index.php\/wp-json\/wp\/v2\/posts\/3597\/revisions"}],"predecessor-version":[{"id":3598,"href":"https:\/\/infopba247.com.ar\/index.php\/wp-json\/wp\/v2\/posts\/3597\/revisions\/3598"}],"wp:featuredmedia":[{"embeddable":true,"href":"https:\/\/infopba247.com.ar\/index.php\/wp-json\/wp\/v2\/media\/3590"}],"wp:attachment":[{"href":"https:\/\/infopba247.com.ar\/index.php\/wp-json\/wp\/v2\/media?parent=3597"}],"wp:term":[{"taxonomy":"category","embeddable":true,"href":"https:\/\/infopba247.com.ar\/index.php\/wp-json\/wp\/v2\/categories?post=3597"},{"taxonomy":"post_tag","embeddable":true,"href":"https:\/\/infopba247.com.ar\/index.php\/wp-json\/wp\/v2\/tags?post=3597"}],"curies":[{"name":"wp","href":"https:\/\/api.w.org\/{rel}","templated":true}]}}