{"id":356,"date":"2022-05-31T22:57:56","date_gmt":"2022-05-31T22:57:56","guid":{"rendered":"https:\/\/infopba247.com.ar\/?p=356"},"modified":"2022-05-31T22:57:57","modified_gmt":"2022-05-31T22:57:57","slug":"junin-micheli-critico-la-gestion-de-petrecca-y-acuso-de-subejecutar-el-presupuesto-en-vez-de-invertir-en-seguridad-o-viviendas","status":"publish","type":"post","link":"https:\/\/infopba247.com.ar\/index.php\/2022\/05\/31\/junin-micheli-critico-la-gestion-de-petrecca-y-acuso-de-subejecutar-el-presupuesto-en-vez-de-invertir-en-seguridad-o-viviendas\/","title":{"rendered":"Jun\u00edn: Micheli critic\u00f3 la gesti\u00f3n de Petrecca y acus\u00f3 de subejecutar el presupuesto en vez de invertir en seguridad o viviendas"},"content":{"rendered":"\n<p>De esta manera, el secretario general de la CTA y referente del movimiento Pol\u00edtico, Cultural y Ecol\u00f3gico para la Unidad, Pablo Micheli, se refiri\u00f3 en distintas declaraciones p\u00fablicas a la rendici\u00f3n de cuentas aprobada recientemente por el Concejo Deliberante local y expres\u00f3 que \u201chay necesidades en la gente, me consta, caminamos los barrios todas las semanas.<\/p>\n\n\n\n<p>Sin embargo, en ese contexto, el gobierno de Jun\u00edn ahorra 500 millones de pesos. Me pregunto, \u00bfpara qu\u00e9 es la plata que se recauda de los impuestos de los juninenses si no es para mejorarle la vida a la gente? Me parece una locura\u201d.<\/p>\n\n\n\n<p>En este sentido, Micheli lament\u00f3 la situaci\u00f3n en la que ve actualmente a Jun\u00edn. \u201cMe entristece verla tan descuidada\u201d.<\/p>\n\n\n\n<p>\u201cHoy en d\u00eda es una ciudad que no brinda oportunidades para los j\u00f3venes que no sea atender un negocio toda su vida o tener que migrar a otra ciudad, con problemas habitacionales, que tiene cada vez m\u00e1s comedores, donde la inseguridad ha terminado con la tranquilidad a la que est\u00e1bamos acostumbrados\u201d, remarca el hist\u00f3rico dirigente sindical.<\/p>\n\n\n\n<p>Adem\u00e1s, Micheli cuestion\u00f3 \u201cVeo una falta de pol\u00edticas concretas para resolver estos problemas. Mientras tanto, el intendente se jacta de haber subejecutado el presupuesto y tiene la plata guardada como si fuera un plazo fijo. algo inconcebible\u201d.<\/p>\n\n\n\n<p>Locro en el PJ juninense<br>Junto a agrupaciones peronistas locales, Micheli festej\u00f3 el 25 de Mayo con un locro que organiz\u00f3 el PJ juninense en el club Mariano Moreno. \u201cEs muy importante que por abajo mostremos unidad, y eso es lo que intentamos hacer en el acto. Recibimos un discurso de apertura por parte de las autoridades del PJ de Jun\u00edn bastante alentador, que da una esperanza. A esos discursos habr\u00e1 que darles continuidad y concreciones a futuro\u201d, asever\u00f3.<\/p>\n","protected":false},"excerpt":{"rendered":"<p>De esta manera, el secretario general de la CTA y referente del movimiento Pol\u00edtico, Cultural y Ecol\u00f3gico para la Unidad,<\/p>\n","protected":false},"author":2,"featured_media":357,"comment_status":"closed","ping_status":"closed","sticky":false,"template":"","format":"standard","meta":{"colormag_page_container_layout":"default_layout","colormag_page_sidebar_layout":"default_layout","footnotes":""},"categories":[8,1,14],"tags":[59],"class_list":["post-356","post","type-post","status-publish","format-standard","has-post-thumbnail","hentry","category-4ta-seccion","category-destacadas","category-politica","tag-municipalidad-de-junin"],"yoast_head":"<!-- This site is optimized with the Yoast SEO plugin v27.4 - https:\/\/yoast.com\/product\/yoast-seo-wordpress\/ -->\n<title>Jun\u00edn: Micheli critic\u00f3 la gesti\u00f3n de Petrecca y acus\u00f3 de subejecutar el presupuesto en vez de invertir en seguridad o viviendas - InfoPBA247<\/title>\n<meta name=\"robots\" content=\"index, follow, max-snippet:-1, max-image-preview:large, max-video-preview:-1\" \/>\n<link rel=\"canonical\" href=\"https:\/\/infopba247.com.ar\/index.php\/2022\/05\/31\/junin-micheli-critico-la-gestion-de-petrecca-y-acuso-de-subejecutar-el-presupuesto-en-vez-de-invertir-en-seguridad-o-viviendas\/\" \/>\n<meta property=\"og:locale\" content=\"es_ES\" \/>\n<meta property=\"og:type\" content=\"article\" \/>\n<meta property=\"og:title\" content=\"Jun\u00edn: Micheli critic\u00f3 la gesti\u00f3n de Petrecca y acus\u00f3 de subejecutar el presupuesto en vez de invertir en seguridad o viviendas - InfoPBA247\" \/>\n<meta property=\"og:description\" content=\"De esta manera, el secretario general de la CTA y referente del movimiento Pol\u00edtico, Cultural y Ecol\u00f3gico para la Unidad,\" \/>\n<meta property=\"og:url\" content=\"https:\/\/infopba247.com.ar\/index.php\/2022\/05\/31\/junin-micheli-critico-la-gestion-de-petrecca-y-acuso-de-subejecutar-el-presupuesto-en-vez-de-invertir-en-seguridad-o-viviendas\/\" \/>\n<meta property=\"og:site_name\" content=\"InfoPBA247\" \/>\n<meta property=\"article:publisher\" content=\"https:\/\/www.facebook.com\/InfoPBA\" \/>\n<meta property=\"article:published_time\" content=\"2022-05-31T22:57:56+00:00\" \/>\n<meta property=\"article:modified_time\" content=\"2022-05-31T22:57:57+00:00\" \/>\n<meta property=\"og:image\" content=\"https:\/\/infopba247.com.ar\/wp-content\/uploads\/2022\/05\/micheli.jpg\" \/>\n\t<meta property=\"og:image:width\" content=\"1200\" \/>\n\t<meta property=\"og:image:height\" content=\"799\" \/>\n\t<meta property=\"og:image:type\" content=\"image\/jpeg\" \/>\n<meta name=\"twitter:card\" content=\"summary_large_image\" \/>\n<meta name=\"twitter:label1\" content=\"Escrito por\" \/>\n\t<meta name=\"twitter:data1\" content=\"\" \/>\n\t<meta name=\"twitter:label2\" content=\"Tiempo de lectura\" \/>\n\t<meta name=\"twitter:data2\" content=\"2 minutos\" \/>\n<script type=\"application\/ld+json\" class=\"yoast-schema-graph\">{\"@context\":\"https:\\\/\\\/schema.org\",\"@graph\":[{\"@type\":\"Article\",\"@id\":\"https:\\\/\\\/infopba247.com.ar\\\/index.php\\\/2022\\\/05\\\/31\\\/junin-micheli-critico-la-gestion-de-petrecca-y-acuso-de-subejecutar-el-presupuesto-en-vez-de-invertir-en-seguridad-o-viviendas\\\/#article\",\"isPartOf\":{\"@id\":\"https:\\\/\\\/infopba247.com.ar\\\/index.php\\\/2022\\\/05\\\/31\\\/junin-micheli-critico-la-gestion-de-petrecca-y-acuso-de-subejecutar-el-presupuesto-en-vez-de-invertir-en-seguridad-o-viviendas\\\/\"},\"author\":{\"name\":\"\",\"@id\":\"\"},\"headline\":\"Jun\u00edn: Micheli critic\u00f3 la gesti\u00f3n de Petrecca y acus\u00f3 de subejecutar el presupuesto en vez de invertir en seguridad o viviendas\",\"datePublished\":\"2022-05-31T22:57:56+00:00\",\"dateModified\":\"2022-05-31T22:57:57+00:00\",\"mainEntityOfPage\":{\"@id\":\"https:\\\/\\\/infopba247.com.ar\\\/index.php\\\/2022\\\/05\\\/31\\\/junin-micheli-critico-la-gestion-de-petrecca-y-acuso-de-subejecutar-el-presupuesto-en-vez-de-invertir-en-seguridad-o-viviendas\\\/\"},\"wordCount\":326,\"publisher\":{\"@id\":\"https:\\\/\\\/infopba247.com.ar\\\/#organization\"},\"image\":{\"@id\":\"https:\\\/\\\/infopba247.com.ar\\\/index.php\\\/2022\\\/05\\\/31\\\/junin-micheli-critico-la-gestion-de-petrecca-y-acuso-de-subejecutar-el-presupuesto-en-vez-de-invertir-en-seguridad-o-viviendas\\\/#primaryimage\"},\"thumbnailUrl\":\"https:\\\/\\\/infopba247.com.ar\\\/wp-content\\\/uploads\\\/2022\\\/05\\\/micheli.jpg\",\"keywords\":[\"Municipalidad de Jun\u00edn\"],\"articleSection\":[\"4ta Secci\u00f3n\",\"Destacadas\",\"Pol\u00edtica\"],\"inLanguage\":\"es\"},{\"@type\":\"WebPage\",\"@id\":\"https:\\\/\\\/infopba247.com.ar\\\/index.php\\\/2022\\\/05\\\/31\\\/junin-micheli-critico-la-gestion-de-petrecca-y-acuso-de-subejecutar-el-presupuesto-en-vez-de-invertir-en-seguridad-o-viviendas\\\/\",\"url\":\"https:\\\/\\\/infopba247.com.ar\\\/index.php\\\/2022\\\/05\\\/31\\\/junin-micheli-critico-la-gestion-de-petrecca-y-acuso-de-subejecutar-el-presupuesto-en-vez-de-invertir-en-seguridad-o-viviendas\\\/\",\"name\":\"Jun\u00edn: Micheli critic\u00f3 la gesti\u00f3n de Petrecca y acus\u00f3 de subejecutar el presupuesto en vez de invertir en seguridad o viviendas - InfoPBA247\",\"isPartOf\":{\"@id\":\"https:\\\/\\\/infopba247.com.ar\\\/#website\"},\"primaryImageOfPage\":{\"@id\":\"https:\\\/\\\/infopba247.com.ar\\\/index.php\\\/2022\\\/05\\\/31\\\/junin-micheli-critico-la-gestion-de-petrecca-y-acuso-de-subejecutar-el-presupuesto-en-vez-de-invertir-en-seguridad-o-viviendas\\\/#primaryimage\"},\"image\":{\"@id\":\"https:\\\/\\\/infopba247.com.ar\\\/index.php\\\/2022\\\/05\\\/31\\\/junin-micheli-critico-la-gestion-de-petrecca-y-acuso-de-subejecutar-el-presupuesto-en-vez-de-invertir-en-seguridad-o-viviendas\\\/#primaryimage\"},\"thumbnailUrl\":\"https:\\\/\\\/infopba247.com.ar\\\/wp-content\\\/uploads\\\/2022\\\/05\\\/micheli.jpg\",\"datePublished\":\"2022-05-31T22:57:56+00:00\",\"dateModified\":\"2022-05-31T22:57:57+00:00\",\"breadcrumb\":{\"@id\":\"https:\\\/\\\/infopba247.com.ar\\\/index.php\\\/2022\\\/05\\\/31\\\/junin-micheli-critico-la-gestion-de-petrecca-y-acuso-de-subejecutar-el-presupuesto-en-vez-de-invertir-en-seguridad-o-viviendas\\\/#breadcrumb\"},\"inLanguage\":\"es\",\"potentialAction\":[{\"@type\":\"ReadAction\",\"target\":[\"https:\\\/\\\/infopba247.com.ar\\\/index.php\\\/2022\\\/05\\\/31\\\/junin-micheli-critico-la-gestion-de-petrecca-y-acuso-de-subejecutar-el-presupuesto-en-vez-de-invertir-en-seguridad-o-viviendas\\\/\"]}]},{\"@type\":\"ImageObject\",\"inLanguage\":\"es\",\"@id\":\"https:\\\/\\\/infopba247.com.ar\\\/index.php\\\/2022\\\/05\\\/31\\\/junin-micheli-critico-la-gestion-de-petrecca-y-acuso-de-subejecutar-el-presupuesto-en-vez-de-invertir-en-seguridad-o-viviendas\\\/#primaryimage\",\"url\":\"https:\\\/\\\/infopba247.com.ar\\\/wp-content\\\/uploads\\\/2022\\\/05\\\/micheli.jpg\",\"contentUrl\":\"https:\\\/\\\/infopba247.com.ar\\\/wp-content\\\/uploads\\\/2022\\\/05\\\/micheli.jpg\",\"width\":1200,\"height\":799},{\"@type\":\"BreadcrumbList\",\"@id\":\"https:\\\/\\\/infopba247.com.ar\\\/index.php\\\/2022\\\/05\\\/31\\\/junin-micheli-critico-la-gestion-de-petrecca-y-acuso-de-subejecutar-el-presupuesto-en-vez-de-invertir-en-seguridad-o-viviendas\\\/#breadcrumb\",\"itemListElement\":[{\"@type\":\"ListItem\",\"position\":1,\"name\":\"Portada\",\"item\":\"https:\\\/\\\/infopba247.com.ar\\\/\"},{\"@type\":\"ListItem\",\"position\":2,\"name\":\"Jun\u00edn: Micheli critic\u00f3 la gesti\u00f3n de Petrecca y acus\u00f3 de subejecutar el presupuesto en vez de invertir en seguridad o viviendas\"}]},{\"@type\":\"WebSite\",\"@id\":\"https:\\\/\\\/infopba247.com.ar\\\/#website\",\"url\":\"https:\\\/\\\/infopba247.com.ar\\\/\",\"name\":\"InfoPBA247\",\"description\":\"Toda la actualidad bonaerense\",\"publisher\":{\"@id\":\"https:\\\/\\\/infopba247.com.ar\\\/#organization\"},\"potentialAction\":[{\"@type\":\"SearchAction\",\"target\":{\"@type\":\"EntryPoint\",\"urlTemplate\":\"https:\\\/\\\/infopba247.com.ar\\\/?s={search_term_string}\"},\"query-input\":{\"@type\":\"PropertyValueSpecification\",\"valueRequired\":true,\"valueName\":\"search_term_string\"}}],\"inLanguage\":\"es\"},{\"@type\":\"Organization\",\"@id\":\"https:\\\/\\\/infopba247.com.ar\\\/#organization\",\"name\":\"InfoPBA247\",\"url\":\"https:\\\/\\\/infopba247.com.ar\\\/\",\"logo\":{\"@type\":\"ImageObject\",\"inLanguage\":\"es\",\"@id\":\"https:\\\/\\\/infopba247.com.ar\\\/#\\\/schema\\\/logo\\\/image\\\/\",\"url\":\"https:\\\/\\\/infopba247.com.ar\\\/wp-content\\\/uploads\\\/2022\\\/03\\\/cropped-InfoPBA247-1.png\",\"contentUrl\":\"https:\\\/\\\/infopba247.com.ar\\\/wp-content\\\/uploads\\\/2022\\\/03\\\/cropped-InfoPBA247-1.png\",\"width\":500,\"height\":122,\"caption\":\"InfoPBA247\"},\"image\":{\"@id\":\"https:\\\/\\\/infopba247.com.ar\\\/#\\\/schema\\\/logo\\\/image\\\/\"},\"sameAs\":[\"https:\\\/\\\/www.facebook.com\\\/InfoPBA\"]},{\"@type\":\"Person\",\"@id\":\"\",\"url\":\"https:\\\/\\\/infopba247.com.ar\\\/index.php\\\/author\\\/\"}]}<\/script>\n<!-- \/ Yoast SEO plugin. -->","yoast_head_json":{"title":"Jun\u00edn: Micheli critic\u00f3 la gesti\u00f3n de Petrecca y acus\u00f3 de subejecutar el presupuesto en vez de invertir en seguridad o viviendas - InfoPBA247","robots":{"index":"index","follow":"follow","max-snippet":"max-snippet:-1","max-image-preview":"max-image-preview:large","max-video-preview":"max-video-preview:-1"},"canonical":"https:\/\/infopba247.com.ar\/index.php\/2022\/05\/31\/junin-micheli-critico-la-gestion-de-petrecca-y-acuso-de-subejecutar-el-presupuesto-en-vez-de-invertir-en-seguridad-o-viviendas\/","og_locale":"es_ES","og_type":"article","og_title":"Jun\u00edn: Micheli critic\u00f3 la gesti\u00f3n de Petrecca y acus\u00f3 de subejecutar el presupuesto en vez de invertir en seguridad o viviendas - InfoPBA247","og_description":"De esta manera, el secretario general de la CTA y referente del movimiento Pol\u00edtico, Cultural y Ecol\u00f3gico para la Unidad,","og_url":"https:\/\/infopba247.com.ar\/index.php\/2022\/05\/31\/junin-micheli-critico-la-gestion-de-petrecca-y-acuso-de-subejecutar-el-presupuesto-en-vez-de-invertir-en-seguridad-o-viviendas\/","og_site_name":"InfoPBA247","article_publisher":"https:\/\/www.facebook.com\/InfoPBA","article_published_time":"2022-05-31T22:57:56+00:00","article_modified_time":"2022-05-31T22:57:57+00:00","og_image":[{"width":1200,"height":799,"url":"https:\/\/infopba247.com.ar\/wp-content\/uploads\/2022\/05\/micheli.jpg","type":"image\/jpeg"}],"twitter_card":"summary_large_image","twitter_misc":{"Escrito por":"","Tiempo de lectura":"2 minutos"},"schema":{"@context":"https:\/\/schema.org","@graph":[{"@type":"Article","@id":"https:\/\/infopba247.com.ar\/index.php\/2022\/05\/31\/junin-micheli-critico-la-gestion-de-petrecca-y-acuso-de-subejecutar-el-presupuesto-en-vez-de-invertir-en-seguridad-o-viviendas\/#article","isPartOf":{"@id":"https:\/\/infopba247.com.ar\/index.php\/2022\/05\/31\/junin-micheli-critico-la-gestion-de-petrecca-y-acuso-de-subejecutar-el-presupuesto-en-vez-de-invertir-en-seguridad-o-viviendas\/"},"author":{"name":"","@id":""},"headline":"Jun\u00edn: Micheli critic\u00f3 la gesti\u00f3n de Petrecca y acus\u00f3 de subejecutar el presupuesto en vez de invertir en seguridad o viviendas","datePublished":"2022-05-31T22:57:56+00:00","dateModified":"2022-05-31T22:57:57+00:00","mainEntityOfPage":{"@id":"https:\/\/infopba247.com.ar\/index.php\/2022\/05\/31\/junin-micheli-critico-la-gestion-de-petrecca-y-acuso-de-subejecutar-el-presupuesto-en-vez-de-invertir-en-seguridad-o-viviendas\/"},"wordCount":326,"publisher":{"@id":"https:\/\/infopba247.com.ar\/#organization"},"image":{"@id":"https:\/\/infopba247.com.ar\/index.php\/2022\/05\/31\/junin-micheli-critico-la-gestion-de-petrecca-y-acuso-de-subejecutar-el-presupuesto-en-vez-de-invertir-en-seguridad-o-viviendas\/#primaryimage"},"thumbnailUrl":"https:\/\/infopba247.com.ar\/wp-content\/uploads\/2022\/05\/micheli.jpg","keywords":["Municipalidad de Jun\u00edn"],"articleSection":["4ta Secci\u00f3n","Destacadas","Pol\u00edtica"],"inLanguage":"es"},{"@type":"WebPage","@id":"https:\/\/infopba247.com.ar\/index.php\/2022\/05\/31\/junin-micheli-critico-la-gestion-de-petrecca-y-acuso-de-subejecutar-el-presupuesto-en-vez-de-invertir-en-seguridad-o-viviendas\/","url":"https:\/\/infopba247.com.ar\/index.php\/2022\/05\/31\/junin-micheli-critico-la-gestion-de-petrecca-y-acuso-de-subejecutar-el-presupuesto-en-vez-de-invertir-en-seguridad-o-viviendas\/","name":"Jun\u00edn: Micheli critic\u00f3 la gesti\u00f3n de Petrecca y acus\u00f3 de subejecutar el presupuesto en vez de invertir en seguridad o viviendas - InfoPBA247","isPartOf":{"@id":"https:\/\/infopba247.com.ar\/#website"},"primaryImageOfPage":{"@id":"https:\/\/infopba247.com.ar\/index.php\/2022\/05\/31\/junin-micheli-critico-la-gestion-de-petrecca-y-acuso-de-subejecutar-el-presupuesto-en-vez-de-invertir-en-seguridad-o-viviendas\/#primaryimage"},"image":{"@id":"https:\/\/infopba247.com.ar\/index.php\/2022\/05\/31\/junin-micheli-critico-la-gestion-de-petrecca-y-acuso-de-subejecutar-el-presupuesto-en-vez-de-invertir-en-seguridad-o-viviendas\/#primaryimage"},"thumbnailUrl":"https:\/\/infopba247.com.ar\/wp-content\/uploads\/2022\/05\/micheli.jpg","datePublished":"2022-05-31T22:57:56+00:00","dateModified":"2022-05-31T22:57:57+00:00","breadcrumb":{"@id":"https:\/\/infopba247.com.ar\/index.php\/2022\/05\/31\/junin-micheli-critico-la-gestion-de-petrecca-y-acuso-de-subejecutar-el-presupuesto-en-vez-de-invertir-en-seguridad-o-viviendas\/#breadcrumb"},"inLanguage":"es","potentialAction":[{"@type":"ReadAction","target":["https:\/\/infopba247.com.ar\/index.php\/2022\/05\/31\/junin-micheli-critico-la-gestion-de-petrecca-y-acuso-de-subejecutar-el-presupuesto-en-vez-de-invertir-en-seguridad-o-viviendas\/"]}]},{"@type":"ImageObject","inLanguage":"es","@id":"https:\/\/infopba247.com.ar\/index.php\/2022\/05\/31\/junin-micheli-critico-la-gestion-de-petrecca-y-acuso-de-subejecutar-el-presupuesto-en-vez-de-invertir-en-seguridad-o-viviendas\/#primaryimage","url":"https:\/\/infopba247.com.ar\/wp-content\/uploads\/2022\/05\/micheli.jpg","contentUrl":"https:\/\/infopba247.com.ar\/wp-content\/uploads\/2022\/05\/micheli.jpg","width":1200,"height":799},{"@type":"BreadcrumbList","@id":"https:\/\/infopba247.com.ar\/index.php\/2022\/05\/31\/junin-micheli-critico-la-gestion-de-petrecca-y-acuso-de-subejecutar-el-presupuesto-en-vez-de-invertir-en-seguridad-o-viviendas\/#breadcrumb","itemListElement":[{"@type":"ListItem","position":1,"name":"Portada","item":"https:\/\/infopba247.com.ar\/"},{"@type":"ListItem","position":2,"name":"Jun\u00edn: Micheli critic\u00f3 la gesti\u00f3n de Petrecca y acus\u00f3 de subejecutar el presupuesto en vez de invertir en seguridad o viviendas"}]},{"@type":"WebSite","@id":"https:\/\/infopba247.com.ar\/#website","url":"https:\/\/infopba247.com.ar\/","name":"InfoPBA247","description":"Toda la actualidad bonaerense","publisher":{"@id":"https:\/\/infopba247.com.ar\/#organization"},"potentialAction":[{"@type":"SearchAction","target":{"@type":"EntryPoint","urlTemplate":"https:\/\/infopba247.com.ar\/?s={search_term_string}"},"query-input":{"@type":"PropertyValueSpecification","valueRequired":true,"valueName":"search_term_string"}}],"inLanguage":"es"},{"@type":"Organization","@id":"https:\/\/infopba247.com.ar\/#organization","name":"InfoPBA247","url":"https:\/\/infopba247.com.ar\/","logo":{"@type":"ImageObject","inLanguage":"es","@id":"https:\/\/infopba247.com.ar\/#\/schema\/logo\/image\/","url":"https:\/\/infopba247.com.ar\/wp-content\/uploads\/2022\/03\/cropped-InfoPBA247-1.png","contentUrl":"https:\/\/infopba247.com.ar\/wp-content\/uploads\/2022\/03\/cropped-InfoPBA247-1.png","width":500,"height":122,"caption":"InfoPBA247"},"image":{"@id":"https:\/\/infopba247.com.ar\/#\/schema\/logo\/image\/"},"sameAs":["https:\/\/www.facebook.com\/InfoPBA"]},{"@type":"Person","@id":"","url":"https:\/\/infopba247.com.ar\/index.php\/author\/"}]}},"_links":{"self":[{"href":"https:\/\/infopba247.com.ar\/index.php\/wp-json\/wp\/v2\/posts\/356","targetHints":{"allow":["GET"]}}],"collection":[{"href":"https:\/\/infopba247.com.ar\/index.php\/wp-json\/wp\/v2\/posts"}],"about":[{"href":"https:\/\/infopba247.com.ar\/index.php\/wp-json\/wp\/v2\/types\/post"}],"author":[{"embeddable":true,"href":"https:\/\/infopba247.com.ar\/index.php\/wp-json\/wp\/v2\/users\/2"}],"replies":[{"embeddable":true,"href":"https:\/\/infopba247.com.ar\/index.php\/wp-json\/wp\/v2\/comments?post=356"}],"version-history":[{"count":1,"href":"https:\/\/infopba247.com.ar\/index.php\/wp-json\/wp\/v2\/posts\/356\/revisions"}],"predecessor-version":[{"id":358,"href":"https:\/\/infopba247.com.ar\/index.php\/wp-json\/wp\/v2\/posts\/356\/revisions\/358"}],"wp:featuredmedia":[{"embeddable":true,"href":"https:\/\/infopba247.com.ar\/index.php\/wp-json\/wp\/v2\/media\/357"}],"wp:attachment":[{"href":"https:\/\/infopba247.com.ar\/index.php\/wp-json\/wp\/v2\/media?parent=356"}],"wp:term":[{"taxonomy":"category","embeddable":true,"href":"https:\/\/infopba247.com.ar\/index.php\/wp-json\/wp\/v2\/categories?post=356"},{"taxonomy":"post_tag","embeddable":true,"href":"https:\/\/infopba247.com.ar\/index.php\/wp-json\/wp\/v2\/tags?post=356"}],"curies":[{"name":"wp","href":"https:\/\/api.w.org\/{rel}","templated":true}]}}