{"id":3527,"date":"2024-02-22T11:15:41","date_gmt":"2024-02-22T14:15:41","guid":{"rendered":"https:\/\/infopba247.com.ar\/?p=3527"},"modified":"2024-02-22T11:15:41","modified_gmt":"2024-02-22T14:15:41","slug":"cagliardi-recibio-al-ministro-de-seguridad-provincial-javier-alonso","status":"publish","type":"post","link":"https:\/\/infopba247.com.ar\/index.php\/2024\/02\/22\/cagliardi-recibio-al-ministro-de-seguridad-provincial-javier-alonso\/","title":{"rendered":"Cagliardi recibi\u00f3 al Ministro de seguridad provincial Javier Alonso"},"content":{"rendered":"\n<p>El intendente de Berisso Fabi\u00e1n Cagliardi mantuvo, esta ma\u00f1ana, una reuni\u00f3n de trabajo con el ministro de Seguridad de la provincia de Buenos Aires, Javier Alonso con el fin de establecer l\u00edneas de acci\u00f3n de seguridad para la ciudad.<\/p>\n\n\n\n<p>El encuentro, que tuvo lugar en el Despacho de Intendencia, permiti\u00f3 trazar nuevas estrategias que ya se est\u00e1n llevando a cabo en distintas distritos de la provincia de Buenos Aires.<\/p>\n\n\n\n<p>En tal sentido, el intendente Cagliardi, afirmo: \u201cTuvimos una reuni\u00f3n muy importante con el ministro Alonso en donde abordamos la problem\u00e1tica de la seguridad en la ciudad, asumimos toda su complejidad y, sobre todo, avanzamos en acciones en conjunto con el gobierno provincial para llevar tranquilidad a las vecinas y los vecinos\u201d.<\/p>\n\n\n\n<p>Por su parte, el funcionario provincial asegur\u00f3 que \u201ces de gran importancia el contacto directo con los y las intendentas de cada ciudad porque son quienes conocen las particularidades de su poblaci\u00f3n y las zonas m\u00e1s complicadas\u201d.<\/p>\n\n\n\n<p>\u201cPara nosotros, y porque tambi\u00e9n lo estipula as\u00ed el gobernador Axel Kicillof, de esta manera las fuerzas de seguridad pueden brindar mejores respuestas y herramientas estrat\u00e9gicas para poder actuar con eficiencia\u201d, remarc\u00f3 el ministro.<\/p>\n\n\n\n<p>En la reuni\u00f3n estuvieron presentes la subsecretaria provincial de Participaci\u00f3n Ciudadana, Sol Marcos; el secretario municipal de Seguridad Ciudadana Federico Ruiz; el subsecretario de Acci\u00f3n Pol\u00edtica, Mart\u00edn Fern\u00e1ndez; y el coordinador del COM Andr\u00e9s Nicoloff.<\/p>\n","protected":false},"excerpt":{"rendered":"<p>El intendente de Berisso Fabi\u00e1n Cagliardi mantuvo, esta ma\u00f1ana, una reuni\u00f3n de trabajo con el ministro de Seguridad de la<\/p>\n","protected":false},"author":3,"featured_media":3530,"comment_status":"closed","ping_status":"closed","sticky":false,"template":"","format":"standard","meta":{"colormag_page_container_layout":"default_layout","colormag_page_sidebar_layout":"default_layout","footnotes":""},"categories":[7,1,14],"tags":[],"class_list":["post-3527","post","type-post","status-publish","format-standard","has-post-thumbnail","hentry","category-3ra-seccion","category-destacadas","category-politica"],"yoast_head":"<!-- This site is optimized with the Yoast SEO plugin v27.5 - https:\/\/yoast.com\/product\/yoast-seo-wordpress\/ -->\n<title>Cagliardi recibi\u00f3 al Ministro de seguridad provincial Javier Alonso - InfoPBA247<\/title>\n<meta name=\"robots\" content=\"index, follow, max-snippet:-1, max-image-preview:large, max-video-preview:-1\" \/>\n<link rel=\"canonical\" href=\"https:\/\/infopba247.com.ar\/index.php\/2024\/02\/22\/cagliardi-recibio-al-ministro-de-seguridad-provincial-javier-alonso\/\" \/>\n<meta property=\"og:locale\" content=\"es_ES\" \/>\n<meta property=\"og:type\" content=\"article\" \/>\n<meta property=\"og:title\" content=\"Cagliardi recibi\u00f3 al Ministro de seguridad provincial Javier Alonso - InfoPBA247\" \/>\n<meta property=\"og:description\" content=\"El intendente de Berisso Fabi\u00e1n Cagliardi mantuvo, esta ma\u00f1ana, una reuni\u00f3n de trabajo con el ministro de Seguridad de la\" \/>\n<meta property=\"og:url\" content=\"https:\/\/infopba247.com.ar\/index.php\/2024\/02\/22\/cagliardi-recibio-al-ministro-de-seguridad-provincial-javier-alonso\/\" \/>\n<meta property=\"og:site_name\" content=\"InfoPBA247\" \/>\n<meta property=\"article:publisher\" content=\"https:\/\/www.facebook.com\/InfoPBA\" \/>\n<meta property=\"article:published_time\" content=\"2024-02-22T14:15:41+00:00\" \/>\n<meta property=\"og:image\" content=\"https:\/\/infopba247.com.ar\/wp-content\/uploads\/2024\/02\/04-2.jpg\" \/>\n\t<meta property=\"og:image:width\" content=\"800\" \/>\n\t<meta property=\"og:image:height\" content=\"600\" \/>\n\t<meta property=\"og:image:type\" content=\"image\/jpeg\" \/>\n<meta name=\"author\" content=\"Editor\" \/>\n<meta name=\"twitter:card\" content=\"summary_large_image\" \/>\n<meta name=\"twitter:label1\" content=\"Escrito por\" \/>\n\t<meta name=\"twitter:data1\" content=\"Editor\" \/>\n\t<meta name=\"twitter:label2\" content=\"Tiempo de lectura\" \/>\n\t<meta name=\"twitter:data2\" content=\"2 minutos\" \/>\n<script type=\"application\/ld+json\" class=\"yoast-schema-graph\">{\"@context\":\"https:\\\/\\\/schema.org\",\"@graph\":[{\"@type\":\"Article\",\"@id\":\"https:\\\/\\\/infopba247.com.ar\\\/index.php\\\/2024\\\/02\\\/22\\\/cagliardi-recibio-al-ministro-de-seguridad-provincial-javier-alonso\\\/#article\",\"isPartOf\":{\"@id\":\"https:\\\/\\\/infopba247.com.ar\\\/index.php\\\/2024\\\/02\\\/22\\\/cagliardi-recibio-al-ministro-de-seguridad-provincial-javier-alonso\\\/\"},\"author\":{\"name\":\"Editor\",\"@id\":\"https:\\\/\\\/infopba247.com.ar\\\/#\\\/schema\\\/person\\\/4975f1343a413e57bf839b3eed0099f2\"},\"headline\":\"Cagliardi recibi\u00f3 al Ministro de seguridad provincial Javier Alonso\",\"datePublished\":\"2024-02-22T14:15:41+00:00\",\"mainEntityOfPage\":{\"@id\":\"https:\\\/\\\/infopba247.com.ar\\\/index.php\\\/2024\\\/02\\\/22\\\/cagliardi-recibio-al-ministro-de-seguridad-provincial-javier-alonso\\\/\"},\"wordCount\":255,\"publisher\":{\"@id\":\"https:\\\/\\\/infopba247.com.ar\\\/#organization\"},\"image\":{\"@id\":\"https:\\\/\\\/infopba247.com.ar\\\/index.php\\\/2024\\\/02\\\/22\\\/cagliardi-recibio-al-ministro-de-seguridad-provincial-javier-alonso\\\/#primaryimage\"},\"thumbnailUrl\":\"https:\\\/\\\/infopba247.com.ar\\\/wp-content\\\/uploads\\\/2024\\\/02\\\/04-2.jpg\",\"articleSection\":[\"3ra Secci\u00f3n\",\"Destacadas\",\"Pol\u00edtica\"],\"inLanguage\":\"es\"},{\"@type\":\"WebPage\",\"@id\":\"https:\\\/\\\/infopba247.com.ar\\\/index.php\\\/2024\\\/02\\\/22\\\/cagliardi-recibio-al-ministro-de-seguridad-provincial-javier-alonso\\\/\",\"url\":\"https:\\\/\\\/infopba247.com.ar\\\/index.php\\\/2024\\\/02\\\/22\\\/cagliardi-recibio-al-ministro-de-seguridad-provincial-javier-alonso\\\/\",\"name\":\"Cagliardi recibi\u00f3 al Ministro de seguridad provincial Javier Alonso - InfoPBA247\",\"isPartOf\":{\"@id\":\"https:\\\/\\\/infopba247.com.ar\\\/#website\"},\"primaryImageOfPage\":{\"@id\":\"https:\\\/\\\/infopba247.com.ar\\\/index.php\\\/2024\\\/02\\\/22\\\/cagliardi-recibio-al-ministro-de-seguridad-provincial-javier-alonso\\\/#primaryimage\"},\"image\":{\"@id\":\"https:\\\/\\\/infopba247.com.ar\\\/index.php\\\/2024\\\/02\\\/22\\\/cagliardi-recibio-al-ministro-de-seguridad-provincial-javier-alonso\\\/#primaryimage\"},\"thumbnailUrl\":\"https:\\\/\\\/infopba247.com.ar\\\/wp-content\\\/uploads\\\/2024\\\/02\\\/04-2.jpg\",\"datePublished\":\"2024-02-22T14:15:41+00:00\",\"breadcrumb\":{\"@id\":\"https:\\\/\\\/infopba247.com.ar\\\/index.php\\\/2024\\\/02\\\/22\\\/cagliardi-recibio-al-ministro-de-seguridad-provincial-javier-alonso\\\/#breadcrumb\"},\"inLanguage\":\"es\",\"potentialAction\":[{\"@type\":\"ReadAction\",\"target\":[\"https:\\\/\\\/infopba247.com.ar\\\/index.php\\\/2024\\\/02\\\/22\\\/cagliardi-recibio-al-ministro-de-seguridad-provincial-javier-alonso\\\/\"]}]},{\"@type\":\"ImageObject\",\"inLanguage\":\"es\",\"@id\":\"https:\\\/\\\/infopba247.com.ar\\\/index.php\\\/2024\\\/02\\\/22\\\/cagliardi-recibio-al-ministro-de-seguridad-provincial-javier-alonso\\\/#primaryimage\",\"url\":\"https:\\\/\\\/infopba247.com.ar\\\/wp-content\\\/uploads\\\/2024\\\/02\\\/04-2.jpg\",\"contentUrl\":\"https:\\\/\\\/infopba247.com.ar\\\/wp-content\\\/uploads\\\/2024\\\/02\\\/04-2.jpg\",\"width\":800,\"height\":600},{\"@type\":\"BreadcrumbList\",\"@id\":\"https:\\\/\\\/infopba247.com.ar\\\/index.php\\\/2024\\\/02\\\/22\\\/cagliardi-recibio-al-ministro-de-seguridad-provincial-javier-alonso\\\/#breadcrumb\",\"itemListElement\":[{\"@type\":\"ListItem\",\"position\":1,\"name\":\"Portada\",\"item\":\"https:\\\/\\\/infopba247.com.ar\\\/\"},{\"@type\":\"ListItem\",\"position\":2,\"name\":\"Cagliardi recibi\u00f3 al Ministro de seguridad provincial Javier Alonso\"}]},{\"@type\":\"WebSite\",\"@id\":\"https:\\\/\\\/infopba247.com.ar\\\/#website\",\"url\":\"https:\\\/\\\/infopba247.com.ar\\\/\",\"name\":\"InfoPBA247\",\"description\":\"Toda la actualidad bonaerense\",\"publisher\":{\"@id\":\"https:\\\/\\\/infopba247.com.ar\\\/#organization\"},\"potentialAction\":[{\"@type\":\"SearchAction\",\"target\":{\"@type\":\"EntryPoint\",\"urlTemplate\":\"https:\\\/\\\/infopba247.com.ar\\\/?s={search_term_string}\"},\"query-input\":{\"@type\":\"PropertyValueSpecification\",\"valueRequired\":true,\"valueName\":\"search_term_string\"}}],\"inLanguage\":\"es\"},{\"@type\":\"Organization\",\"@id\":\"https:\\\/\\\/infopba247.com.ar\\\/#organization\",\"name\":\"InfoPBA247\",\"url\":\"https:\\\/\\\/infopba247.com.ar\\\/\",\"logo\":{\"@type\":\"ImageObject\",\"inLanguage\":\"es\",\"@id\":\"https:\\\/\\\/infopba247.com.ar\\\/#\\\/schema\\\/logo\\\/image\\\/\",\"url\":\"https:\\\/\\\/infopba247.com.ar\\\/wp-content\\\/uploads\\\/2022\\\/03\\\/cropped-InfoPBA247-1.png\",\"contentUrl\":\"https:\\\/\\\/infopba247.com.ar\\\/wp-content\\\/uploads\\\/2022\\\/03\\\/cropped-InfoPBA247-1.png\",\"width\":500,\"height\":122,\"caption\":\"InfoPBA247\"},\"image\":{\"@id\":\"https:\\\/\\\/infopba247.com.ar\\\/#\\\/schema\\\/logo\\\/image\\\/\"},\"sameAs\":[\"https:\\\/\\\/www.facebook.com\\\/InfoPBA\"]},{\"@type\":\"Person\",\"@id\":\"https:\\\/\\\/infopba247.com.ar\\\/#\\\/schema\\\/person\\\/4975f1343a413e57bf839b3eed0099f2\",\"name\":\"Editor\",\"image\":{\"@type\":\"ImageObject\",\"inLanguage\":\"es\",\"@id\":\"https:\\\/\\\/secure.gravatar.com\\\/avatar\\\/d27fe9520667ca53441d36627a1d6b0fa4a813571ec4803687a7a3a7744685ac?s=96&d=mm&r=g\",\"url\":\"https:\\\/\\\/secure.gravatar.com\\\/avatar\\\/d27fe9520667ca53441d36627a1d6b0fa4a813571ec4803687a7a3a7744685ac?s=96&d=mm&r=g\",\"contentUrl\":\"https:\\\/\\\/secure.gravatar.com\\\/avatar\\\/d27fe9520667ca53441d36627a1d6b0fa4a813571ec4803687a7a3a7744685ac?s=96&d=mm&r=g\",\"caption\":\"Editor\"},\"url\":\"https:\\\/\\\/infopba247.com.ar\\\/index.php\\\/author\\\/editor\\\/\"}]}<\/script>\n<!-- \/ Yoast SEO plugin. -->","yoast_head_json":{"title":"Cagliardi recibi\u00f3 al Ministro de seguridad provincial Javier Alonso - InfoPBA247","robots":{"index":"index","follow":"follow","max-snippet":"max-snippet:-1","max-image-preview":"max-image-preview:large","max-video-preview":"max-video-preview:-1"},"canonical":"https:\/\/infopba247.com.ar\/index.php\/2024\/02\/22\/cagliardi-recibio-al-ministro-de-seguridad-provincial-javier-alonso\/","og_locale":"es_ES","og_type":"article","og_title":"Cagliardi recibi\u00f3 al Ministro de seguridad provincial Javier Alonso - InfoPBA247","og_description":"El intendente de Berisso Fabi\u00e1n Cagliardi mantuvo, esta ma\u00f1ana, una reuni\u00f3n de trabajo con el ministro de Seguridad de la","og_url":"https:\/\/infopba247.com.ar\/index.php\/2024\/02\/22\/cagliardi-recibio-al-ministro-de-seguridad-provincial-javier-alonso\/","og_site_name":"InfoPBA247","article_publisher":"https:\/\/www.facebook.com\/InfoPBA","article_published_time":"2024-02-22T14:15:41+00:00","og_image":[{"width":800,"height":600,"url":"https:\/\/infopba247.com.ar\/wp-content\/uploads\/2024\/02\/04-2.jpg","type":"image\/jpeg"}],"author":"Editor","twitter_card":"summary_large_image","twitter_misc":{"Escrito por":"Editor","Tiempo de lectura":"2 minutos"},"schema":{"@context":"https:\/\/schema.org","@graph":[{"@type":"Article","@id":"https:\/\/infopba247.com.ar\/index.php\/2024\/02\/22\/cagliardi-recibio-al-ministro-de-seguridad-provincial-javier-alonso\/#article","isPartOf":{"@id":"https:\/\/infopba247.com.ar\/index.php\/2024\/02\/22\/cagliardi-recibio-al-ministro-de-seguridad-provincial-javier-alonso\/"},"author":{"name":"Editor","@id":"https:\/\/infopba247.com.ar\/#\/schema\/person\/4975f1343a413e57bf839b3eed0099f2"},"headline":"Cagliardi recibi\u00f3 al Ministro de seguridad provincial Javier Alonso","datePublished":"2024-02-22T14:15:41+00:00","mainEntityOfPage":{"@id":"https:\/\/infopba247.com.ar\/index.php\/2024\/02\/22\/cagliardi-recibio-al-ministro-de-seguridad-provincial-javier-alonso\/"},"wordCount":255,"publisher":{"@id":"https:\/\/infopba247.com.ar\/#organization"},"image":{"@id":"https:\/\/infopba247.com.ar\/index.php\/2024\/02\/22\/cagliardi-recibio-al-ministro-de-seguridad-provincial-javier-alonso\/#primaryimage"},"thumbnailUrl":"https:\/\/infopba247.com.ar\/wp-content\/uploads\/2024\/02\/04-2.jpg","articleSection":["3ra Secci\u00f3n","Destacadas","Pol\u00edtica"],"inLanguage":"es"},{"@type":"WebPage","@id":"https:\/\/infopba247.com.ar\/index.php\/2024\/02\/22\/cagliardi-recibio-al-ministro-de-seguridad-provincial-javier-alonso\/","url":"https:\/\/infopba247.com.ar\/index.php\/2024\/02\/22\/cagliardi-recibio-al-ministro-de-seguridad-provincial-javier-alonso\/","name":"Cagliardi recibi\u00f3 al Ministro de seguridad provincial Javier Alonso - InfoPBA247","isPartOf":{"@id":"https:\/\/infopba247.com.ar\/#website"},"primaryImageOfPage":{"@id":"https:\/\/infopba247.com.ar\/index.php\/2024\/02\/22\/cagliardi-recibio-al-ministro-de-seguridad-provincial-javier-alonso\/#primaryimage"},"image":{"@id":"https:\/\/infopba247.com.ar\/index.php\/2024\/02\/22\/cagliardi-recibio-al-ministro-de-seguridad-provincial-javier-alonso\/#primaryimage"},"thumbnailUrl":"https:\/\/infopba247.com.ar\/wp-content\/uploads\/2024\/02\/04-2.jpg","datePublished":"2024-02-22T14:15:41+00:00","breadcrumb":{"@id":"https:\/\/infopba247.com.ar\/index.php\/2024\/02\/22\/cagliardi-recibio-al-ministro-de-seguridad-provincial-javier-alonso\/#breadcrumb"},"inLanguage":"es","potentialAction":[{"@type":"ReadAction","target":["https:\/\/infopba247.com.ar\/index.php\/2024\/02\/22\/cagliardi-recibio-al-ministro-de-seguridad-provincial-javier-alonso\/"]}]},{"@type":"ImageObject","inLanguage":"es","@id":"https:\/\/infopba247.com.ar\/index.php\/2024\/02\/22\/cagliardi-recibio-al-ministro-de-seguridad-provincial-javier-alonso\/#primaryimage","url":"https:\/\/infopba247.com.ar\/wp-content\/uploads\/2024\/02\/04-2.jpg","contentUrl":"https:\/\/infopba247.com.ar\/wp-content\/uploads\/2024\/02\/04-2.jpg","width":800,"height":600},{"@type":"BreadcrumbList","@id":"https:\/\/infopba247.com.ar\/index.php\/2024\/02\/22\/cagliardi-recibio-al-ministro-de-seguridad-provincial-javier-alonso\/#breadcrumb","itemListElement":[{"@type":"ListItem","position":1,"name":"Portada","item":"https:\/\/infopba247.com.ar\/"},{"@type":"ListItem","position":2,"name":"Cagliardi recibi\u00f3 al Ministro de seguridad provincial Javier Alonso"}]},{"@type":"WebSite","@id":"https:\/\/infopba247.com.ar\/#website","url":"https:\/\/infopba247.com.ar\/","name":"InfoPBA247","description":"Toda la actualidad bonaerense","publisher":{"@id":"https:\/\/infopba247.com.ar\/#organization"},"potentialAction":[{"@type":"SearchAction","target":{"@type":"EntryPoint","urlTemplate":"https:\/\/infopba247.com.ar\/?s={search_term_string}"},"query-input":{"@type":"PropertyValueSpecification","valueRequired":true,"valueName":"search_term_string"}}],"inLanguage":"es"},{"@type":"Organization","@id":"https:\/\/infopba247.com.ar\/#organization","name":"InfoPBA247","url":"https:\/\/infopba247.com.ar\/","logo":{"@type":"ImageObject","inLanguage":"es","@id":"https:\/\/infopba247.com.ar\/#\/schema\/logo\/image\/","url":"https:\/\/infopba247.com.ar\/wp-content\/uploads\/2022\/03\/cropped-InfoPBA247-1.png","contentUrl":"https:\/\/infopba247.com.ar\/wp-content\/uploads\/2022\/03\/cropped-InfoPBA247-1.png","width":500,"height":122,"caption":"InfoPBA247"},"image":{"@id":"https:\/\/infopba247.com.ar\/#\/schema\/logo\/image\/"},"sameAs":["https:\/\/www.facebook.com\/InfoPBA"]},{"@type":"Person","@id":"https:\/\/infopba247.com.ar\/#\/schema\/person\/4975f1343a413e57bf839b3eed0099f2","name":"Editor","image":{"@type":"ImageObject","inLanguage":"es","@id":"https:\/\/secure.gravatar.com\/avatar\/d27fe9520667ca53441d36627a1d6b0fa4a813571ec4803687a7a3a7744685ac?s=96&d=mm&r=g","url":"https:\/\/secure.gravatar.com\/avatar\/d27fe9520667ca53441d36627a1d6b0fa4a813571ec4803687a7a3a7744685ac?s=96&d=mm&r=g","contentUrl":"https:\/\/secure.gravatar.com\/avatar\/d27fe9520667ca53441d36627a1d6b0fa4a813571ec4803687a7a3a7744685ac?s=96&d=mm&r=g","caption":"Editor"},"url":"https:\/\/infopba247.com.ar\/index.php\/author\/editor\/"}]}},"_links":{"self":[{"href":"https:\/\/infopba247.com.ar\/index.php\/wp-json\/wp\/v2\/posts\/3527","targetHints":{"allow":["GET"]}}],"collection":[{"href":"https:\/\/infopba247.com.ar\/index.php\/wp-json\/wp\/v2\/posts"}],"about":[{"href":"https:\/\/infopba247.com.ar\/index.php\/wp-json\/wp\/v2\/types\/post"}],"author":[{"embeddable":true,"href":"https:\/\/infopba247.com.ar\/index.php\/wp-json\/wp\/v2\/users\/3"}],"replies":[{"embeddable":true,"href":"https:\/\/infopba247.com.ar\/index.php\/wp-json\/wp\/v2\/comments?post=3527"}],"version-history":[{"count":1,"href":"https:\/\/infopba247.com.ar\/index.php\/wp-json\/wp\/v2\/posts\/3527\/revisions"}],"predecessor-version":[{"id":3531,"href":"https:\/\/infopba247.com.ar\/index.php\/wp-json\/wp\/v2\/posts\/3527\/revisions\/3531"}],"wp:featuredmedia":[{"embeddable":true,"href":"https:\/\/infopba247.com.ar\/index.php\/wp-json\/wp\/v2\/media\/3530"}],"wp:attachment":[{"href":"https:\/\/infopba247.com.ar\/index.php\/wp-json\/wp\/v2\/media?parent=3527"}],"wp:term":[{"taxonomy":"category","embeddable":true,"href":"https:\/\/infopba247.com.ar\/index.php\/wp-json\/wp\/v2\/categories?post=3527"},{"taxonomy":"post_tag","embeddable":true,"href":"https:\/\/infopba247.com.ar\/index.php\/wp-json\/wp\/v2\/tags?post=3527"}],"curies":[{"name":"wp","href":"https:\/\/api.w.org\/{rel}","templated":true}]}}