{"id":3518,"date":"2024-02-21T06:31:19","date_gmt":"2024-02-21T09:31:19","guid":{"rendered":"https:\/\/infopba247.com.ar\/?p=3518"},"modified":"2024-02-21T06:31:20","modified_gmt":"2024-02-21T09:31:20","slug":"el-golpe-de-estado-a-evo-morales-en-un-documental-imperdible-llega-a-ensenada","status":"publish","type":"post","link":"https:\/\/infopba247.com.ar\/index.php\/2024\/02\/21\/el-golpe-de-estado-a-evo-morales-en-un-documental-imperdible-llega-a-ensenada\/","title":{"rendered":"El golpe de estado a Evo Morales en un documental imperdible llega a Ensenada"},"content":{"rendered":"\n<p>El jueves 22 de febrero a las 20 hs el Cine M\u00f3vil del Instituto Cultural de la provincia de Buenos Aires realizar\u00e1 en Ensenada una proyecci\u00f3n gratuita con invitados especiales; se exhibir\u00e1 el documental nacional \u201cSeremos millones\u201d dirigido por Diego Briata y Santiago Vivacqua, donde se analiza el lawfare y golpe de Estado en Bolivia.<\/p>\n\n\n\n<p>&nbsp; Luego habr\u00e1 debate con el p\u00fablico, entre quienes estar\u00e1 el director Briata e integrantes de la comunidad boliviana de la regi\u00f3n. La cita ser\u00e1 en el Parque Madres de Plaza de Mayo, calles Andrade y Echeverr\u00eda de Ensenada.<\/p>\n\n\n\n<p>El film narra un momento hist\u00f3rico \u00fanico en Am\u00e9rica Latina, en el que un l\u00edder ind\u00edgena llega a la presidencia para refundar Bolivia. Su nombre es Evo Morales Ayma, un hijo de campesinos que naci\u00f3 en medio de la pobreza del altiplano boliviano y durante toda su vida se enfrent\u00f3 con el poder que desde hac\u00eda siglos saqueaba y dominaba su pa\u00eds. En 2019, luego de su cuarto triunfo electoral, un golpe de Estado arremeti\u00f3 contra las esperanzas del proceso de cambio. Desde el exilio, Evo luch\u00f3 junto al pueblo boliviano para recuperar la democracia, la soberan\u00eda, y para que la wiphala (la bandera de los pueblos ind\u00edgenas), vuelva a flamear sobre su Patria. El film tiene m\u00fasica original de Le\u00f3n Gieco y Gustavo Santaolalla.<\/p>\n\n\n\n<p>Con la premisa de difundir la cultura como instrumento para la promoci\u00f3n de la diversidad el Instituto Cultural recorre durante este verano la provincia con diferentes actividades. Conoc\u00e9 toda la programaci\u00f3n desde la app Recreo o en https:\/\/institutocultural.gba.gob.ar\/agendaverano<\/p>\n","protected":false},"excerpt":{"rendered":"<p>El jueves 22 de febrero a las 20 hs el Cine M\u00f3vil del Instituto Cultural de la provincia de Buenos<\/p>\n","protected":false},"author":3,"featured_media":3519,"comment_status":"closed","ping_status":"closed","sticky":false,"template":"","format":"standard","meta":{"colormag_page_container_layout":"default_layout","colormag_page_sidebar_layout":"default_layout","footnotes":""},"categories":[7,1,14],"tags":[],"class_list":["post-3518","post","type-post","status-publish","format-standard","has-post-thumbnail","hentry","category-3ra-seccion","category-destacadas","category-politica"],"yoast_head":"<!-- This site is optimized with the Yoast SEO plugin v27.4 - https:\/\/yoast.com\/product\/yoast-seo-wordpress\/ -->\n<title>El golpe de estado a Evo Morales en un documental imperdible llega a Ensenada - InfoPBA247<\/title>\n<meta name=\"robots\" content=\"index, follow, max-snippet:-1, max-image-preview:large, max-video-preview:-1\" \/>\n<link rel=\"canonical\" href=\"https:\/\/infopba247.com.ar\/index.php\/2024\/02\/21\/el-golpe-de-estado-a-evo-morales-en-un-documental-imperdible-llega-a-ensenada\/\" \/>\n<meta property=\"og:locale\" content=\"es_ES\" \/>\n<meta property=\"og:type\" content=\"article\" \/>\n<meta property=\"og:title\" content=\"El golpe de estado a Evo Morales en un documental imperdible llega a Ensenada - InfoPBA247\" \/>\n<meta property=\"og:description\" content=\"El jueves 22 de febrero a las 20 hs el Cine M\u00f3vil del Instituto Cultural de la provincia de Buenos\" \/>\n<meta property=\"og:url\" content=\"https:\/\/infopba247.com.ar\/index.php\/2024\/02\/21\/el-golpe-de-estado-a-evo-morales-en-un-documental-imperdible-llega-a-ensenada\/\" \/>\n<meta property=\"og:site_name\" content=\"InfoPBA247\" \/>\n<meta property=\"article:publisher\" content=\"https:\/\/www.facebook.com\/InfoPBA\" \/>\n<meta property=\"article:published_time\" content=\"2024-02-21T09:31:19+00:00\" \/>\n<meta property=\"article:modified_time\" content=\"2024-02-21T09:31:20+00:00\" \/>\n<meta property=\"og:image\" content=\"https:\/\/infopba247.com.ar\/wp-content\/uploads\/2024\/02\/afiche.jpg\" \/>\n\t<meta property=\"og:image:width\" content=\"684\" \/>\n\t<meta property=\"og:image:height\" content=\"684\" \/>\n\t<meta property=\"og:image:type\" content=\"image\/jpeg\" \/>\n<meta name=\"author\" content=\"Editor\" \/>\n<meta name=\"twitter:card\" content=\"summary_large_image\" \/>\n<meta name=\"twitter:label1\" content=\"Escrito por\" \/>\n\t<meta name=\"twitter:data1\" content=\"Editor\" \/>\n\t<meta name=\"twitter:label2\" content=\"Tiempo de lectura\" \/>\n\t<meta name=\"twitter:data2\" content=\"2 minutos\" \/>\n<script type=\"application\/ld+json\" class=\"yoast-schema-graph\">{\"@context\":\"https:\\\/\\\/schema.org\",\"@graph\":[{\"@type\":\"Article\",\"@id\":\"https:\\\/\\\/infopba247.com.ar\\\/index.php\\\/2024\\\/02\\\/21\\\/el-golpe-de-estado-a-evo-morales-en-un-documental-imperdible-llega-a-ensenada\\\/#article\",\"isPartOf\":{\"@id\":\"https:\\\/\\\/infopba247.com.ar\\\/index.php\\\/2024\\\/02\\\/21\\\/el-golpe-de-estado-a-evo-morales-en-un-documental-imperdible-llega-a-ensenada\\\/\"},\"author\":{\"name\":\"Editor\",\"@id\":\"https:\\\/\\\/infopba247.com.ar\\\/#\\\/schema\\\/person\\\/4975f1343a413e57bf839b3eed0099f2\"},\"headline\":\"El golpe de estado a Evo Morales en un documental imperdible llega a Ensenada\",\"datePublished\":\"2024-02-21T09:31:19+00:00\",\"dateModified\":\"2024-02-21T09:31:20+00:00\",\"mainEntityOfPage\":{\"@id\":\"https:\\\/\\\/infopba247.com.ar\\\/index.php\\\/2024\\\/02\\\/21\\\/el-golpe-de-estado-a-evo-morales-en-un-documental-imperdible-llega-a-ensenada\\\/\"},\"wordCount\":290,\"publisher\":{\"@id\":\"https:\\\/\\\/infopba247.com.ar\\\/#organization\"},\"image\":{\"@id\":\"https:\\\/\\\/infopba247.com.ar\\\/index.php\\\/2024\\\/02\\\/21\\\/el-golpe-de-estado-a-evo-morales-en-un-documental-imperdible-llega-a-ensenada\\\/#primaryimage\"},\"thumbnailUrl\":\"https:\\\/\\\/infopba247.com.ar\\\/wp-content\\\/uploads\\\/2024\\\/02\\\/afiche.jpg\",\"articleSection\":[\"3ra Secci\u00f3n\",\"Destacadas\",\"Pol\u00edtica\"],\"inLanguage\":\"es\"},{\"@type\":\"WebPage\",\"@id\":\"https:\\\/\\\/infopba247.com.ar\\\/index.php\\\/2024\\\/02\\\/21\\\/el-golpe-de-estado-a-evo-morales-en-un-documental-imperdible-llega-a-ensenada\\\/\",\"url\":\"https:\\\/\\\/infopba247.com.ar\\\/index.php\\\/2024\\\/02\\\/21\\\/el-golpe-de-estado-a-evo-morales-en-un-documental-imperdible-llega-a-ensenada\\\/\",\"name\":\"El golpe de estado a Evo Morales en un documental imperdible llega a Ensenada - InfoPBA247\",\"isPartOf\":{\"@id\":\"https:\\\/\\\/infopba247.com.ar\\\/#website\"},\"primaryImageOfPage\":{\"@id\":\"https:\\\/\\\/infopba247.com.ar\\\/index.php\\\/2024\\\/02\\\/21\\\/el-golpe-de-estado-a-evo-morales-en-un-documental-imperdible-llega-a-ensenada\\\/#primaryimage\"},\"image\":{\"@id\":\"https:\\\/\\\/infopba247.com.ar\\\/index.php\\\/2024\\\/02\\\/21\\\/el-golpe-de-estado-a-evo-morales-en-un-documental-imperdible-llega-a-ensenada\\\/#primaryimage\"},\"thumbnailUrl\":\"https:\\\/\\\/infopba247.com.ar\\\/wp-content\\\/uploads\\\/2024\\\/02\\\/afiche.jpg\",\"datePublished\":\"2024-02-21T09:31:19+00:00\",\"dateModified\":\"2024-02-21T09:31:20+00:00\",\"breadcrumb\":{\"@id\":\"https:\\\/\\\/infopba247.com.ar\\\/index.php\\\/2024\\\/02\\\/21\\\/el-golpe-de-estado-a-evo-morales-en-un-documental-imperdible-llega-a-ensenada\\\/#breadcrumb\"},\"inLanguage\":\"es\",\"potentialAction\":[{\"@type\":\"ReadAction\",\"target\":[\"https:\\\/\\\/infopba247.com.ar\\\/index.php\\\/2024\\\/02\\\/21\\\/el-golpe-de-estado-a-evo-morales-en-un-documental-imperdible-llega-a-ensenada\\\/\"]}]},{\"@type\":\"ImageObject\",\"inLanguage\":\"es\",\"@id\":\"https:\\\/\\\/infopba247.com.ar\\\/index.php\\\/2024\\\/02\\\/21\\\/el-golpe-de-estado-a-evo-morales-en-un-documental-imperdible-llega-a-ensenada\\\/#primaryimage\",\"url\":\"https:\\\/\\\/infopba247.com.ar\\\/wp-content\\\/uploads\\\/2024\\\/02\\\/afiche.jpg\",\"contentUrl\":\"https:\\\/\\\/infopba247.com.ar\\\/wp-content\\\/uploads\\\/2024\\\/02\\\/afiche.jpg\",\"width\":684,\"height\":684},{\"@type\":\"BreadcrumbList\",\"@id\":\"https:\\\/\\\/infopba247.com.ar\\\/index.php\\\/2024\\\/02\\\/21\\\/el-golpe-de-estado-a-evo-morales-en-un-documental-imperdible-llega-a-ensenada\\\/#breadcrumb\",\"itemListElement\":[{\"@type\":\"ListItem\",\"position\":1,\"name\":\"Portada\",\"item\":\"https:\\\/\\\/infopba247.com.ar\\\/\"},{\"@type\":\"ListItem\",\"position\":2,\"name\":\"El golpe de estado a Evo Morales en un documental imperdible llega a Ensenada\"}]},{\"@type\":\"WebSite\",\"@id\":\"https:\\\/\\\/infopba247.com.ar\\\/#website\",\"url\":\"https:\\\/\\\/infopba247.com.ar\\\/\",\"name\":\"InfoPBA247\",\"description\":\"Toda la actualidad bonaerense\",\"publisher\":{\"@id\":\"https:\\\/\\\/infopba247.com.ar\\\/#organization\"},\"potentialAction\":[{\"@type\":\"SearchAction\",\"target\":{\"@type\":\"EntryPoint\",\"urlTemplate\":\"https:\\\/\\\/infopba247.com.ar\\\/?s={search_term_string}\"},\"query-input\":{\"@type\":\"PropertyValueSpecification\",\"valueRequired\":true,\"valueName\":\"search_term_string\"}}],\"inLanguage\":\"es\"},{\"@type\":\"Organization\",\"@id\":\"https:\\\/\\\/infopba247.com.ar\\\/#organization\",\"name\":\"InfoPBA247\",\"url\":\"https:\\\/\\\/infopba247.com.ar\\\/\",\"logo\":{\"@type\":\"ImageObject\",\"inLanguage\":\"es\",\"@id\":\"https:\\\/\\\/infopba247.com.ar\\\/#\\\/schema\\\/logo\\\/image\\\/\",\"url\":\"https:\\\/\\\/infopba247.com.ar\\\/wp-content\\\/uploads\\\/2022\\\/03\\\/cropped-InfoPBA247-1.png\",\"contentUrl\":\"https:\\\/\\\/infopba247.com.ar\\\/wp-content\\\/uploads\\\/2022\\\/03\\\/cropped-InfoPBA247-1.png\",\"width\":500,\"height\":122,\"caption\":\"InfoPBA247\"},\"image\":{\"@id\":\"https:\\\/\\\/infopba247.com.ar\\\/#\\\/schema\\\/logo\\\/image\\\/\"},\"sameAs\":[\"https:\\\/\\\/www.facebook.com\\\/InfoPBA\"]},{\"@type\":\"Person\",\"@id\":\"https:\\\/\\\/infopba247.com.ar\\\/#\\\/schema\\\/person\\\/4975f1343a413e57bf839b3eed0099f2\",\"name\":\"Editor\",\"image\":{\"@type\":\"ImageObject\",\"inLanguage\":\"es\",\"@id\":\"https:\\\/\\\/secure.gravatar.com\\\/avatar\\\/d27fe9520667ca53441d36627a1d6b0fa4a813571ec4803687a7a3a7744685ac?s=96&d=mm&r=g\",\"url\":\"https:\\\/\\\/secure.gravatar.com\\\/avatar\\\/d27fe9520667ca53441d36627a1d6b0fa4a813571ec4803687a7a3a7744685ac?s=96&d=mm&r=g\",\"contentUrl\":\"https:\\\/\\\/secure.gravatar.com\\\/avatar\\\/d27fe9520667ca53441d36627a1d6b0fa4a813571ec4803687a7a3a7744685ac?s=96&d=mm&r=g\",\"caption\":\"Editor\"},\"url\":\"https:\\\/\\\/infopba247.com.ar\\\/index.php\\\/author\\\/editor\\\/\"}]}<\/script>\n<!-- \/ Yoast SEO plugin. -->","yoast_head_json":{"title":"El golpe de estado a Evo Morales en un documental imperdible llega a Ensenada - InfoPBA247","robots":{"index":"index","follow":"follow","max-snippet":"max-snippet:-1","max-image-preview":"max-image-preview:large","max-video-preview":"max-video-preview:-1"},"canonical":"https:\/\/infopba247.com.ar\/index.php\/2024\/02\/21\/el-golpe-de-estado-a-evo-morales-en-un-documental-imperdible-llega-a-ensenada\/","og_locale":"es_ES","og_type":"article","og_title":"El golpe de estado a Evo Morales en un documental imperdible llega a Ensenada - InfoPBA247","og_description":"El jueves 22 de febrero a las 20 hs el Cine M\u00f3vil del Instituto Cultural de la provincia de Buenos","og_url":"https:\/\/infopba247.com.ar\/index.php\/2024\/02\/21\/el-golpe-de-estado-a-evo-morales-en-un-documental-imperdible-llega-a-ensenada\/","og_site_name":"InfoPBA247","article_publisher":"https:\/\/www.facebook.com\/InfoPBA","article_published_time":"2024-02-21T09:31:19+00:00","article_modified_time":"2024-02-21T09:31:20+00:00","og_image":[{"width":684,"height":684,"url":"https:\/\/infopba247.com.ar\/wp-content\/uploads\/2024\/02\/afiche.jpg","type":"image\/jpeg"}],"author":"Editor","twitter_card":"summary_large_image","twitter_misc":{"Escrito por":"Editor","Tiempo de lectura":"2 minutos"},"schema":{"@context":"https:\/\/schema.org","@graph":[{"@type":"Article","@id":"https:\/\/infopba247.com.ar\/index.php\/2024\/02\/21\/el-golpe-de-estado-a-evo-morales-en-un-documental-imperdible-llega-a-ensenada\/#article","isPartOf":{"@id":"https:\/\/infopba247.com.ar\/index.php\/2024\/02\/21\/el-golpe-de-estado-a-evo-morales-en-un-documental-imperdible-llega-a-ensenada\/"},"author":{"name":"Editor","@id":"https:\/\/infopba247.com.ar\/#\/schema\/person\/4975f1343a413e57bf839b3eed0099f2"},"headline":"El golpe de estado a Evo Morales en un documental imperdible llega a Ensenada","datePublished":"2024-02-21T09:31:19+00:00","dateModified":"2024-02-21T09:31:20+00:00","mainEntityOfPage":{"@id":"https:\/\/infopba247.com.ar\/index.php\/2024\/02\/21\/el-golpe-de-estado-a-evo-morales-en-un-documental-imperdible-llega-a-ensenada\/"},"wordCount":290,"publisher":{"@id":"https:\/\/infopba247.com.ar\/#organization"},"image":{"@id":"https:\/\/infopba247.com.ar\/index.php\/2024\/02\/21\/el-golpe-de-estado-a-evo-morales-en-un-documental-imperdible-llega-a-ensenada\/#primaryimage"},"thumbnailUrl":"https:\/\/infopba247.com.ar\/wp-content\/uploads\/2024\/02\/afiche.jpg","articleSection":["3ra Secci\u00f3n","Destacadas","Pol\u00edtica"],"inLanguage":"es"},{"@type":"WebPage","@id":"https:\/\/infopba247.com.ar\/index.php\/2024\/02\/21\/el-golpe-de-estado-a-evo-morales-en-un-documental-imperdible-llega-a-ensenada\/","url":"https:\/\/infopba247.com.ar\/index.php\/2024\/02\/21\/el-golpe-de-estado-a-evo-morales-en-un-documental-imperdible-llega-a-ensenada\/","name":"El golpe de estado a Evo Morales en un documental imperdible llega a Ensenada - InfoPBA247","isPartOf":{"@id":"https:\/\/infopba247.com.ar\/#website"},"primaryImageOfPage":{"@id":"https:\/\/infopba247.com.ar\/index.php\/2024\/02\/21\/el-golpe-de-estado-a-evo-morales-en-un-documental-imperdible-llega-a-ensenada\/#primaryimage"},"image":{"@id":"https:\/\/infopba247.com.ar\/index.php\/2024\/02\/21\/el-golpe-de-estado-a-evo-morales-en-un-documental-imperdible-llega-a-ensenada\/#primaryimage"},"thumbnailUrl":"https:\/\/infopba247.com.ar\/wp-content\/uploads\/2024\/02\/afiche.jpg","datePublished":"2024-02-21T09:31:19+00:00","dateModified":"2024-02-21T09:31:20+00:00","breadcrumb":{"@id":"https:\/\/infopba247.com.ar\/index.php\/2024\/02\/21\/el-golpe-de-estado-a-evo-morales-en-un-documental-imperdible-llega-a-ensenada\/#breadcrumb"},"inLanguage":"es","potentialAction":[{"@type":"ReadAction","target":["https:\/\/infopba247.com.ar\/index.php\/2024\/02\/21\/el-golpe-de-estado-a-evo-morales-en-un-documental-imperdible-llega-a-ensenada\/"]}]},{"@type":"ImageObject","inLanguage":"es","@id":"https:\/\/infopba247.com.ar\/index.php\/2024\/02\/21\/el-golpe-de-estado-a-evo-morales-en-un-documental-imperdible-llega-a-ensenada\/#primaryimage","url":"https:\/\/infopba247.com.ar\/wp-content\/uploads\/2024\/02\/afiche.jpg","contentUrl":"https:\/\/infopba247.com.ar\/wp-content\/uploads\/2024\/02\/afiche.jpg","width":684,"height":684},{"@type":"BreadcrumbList","@id":"https:\/\/infopba247.com.ar\/index.php\/2024\/02\/21\/el-golpe-de-estado-a-evo-morales-en-un-documental-imperdible-llega-a-ensenada\/#breadcrumb","itemListElement":[{"@type":"ListItem","position":1,"name":"Portada","item":"https:\/\/infopba247.com.ar\/"},{"@type":"ListItem","position":2,"name":"El golpe de estado a Evo Morales en un documental imperdible llega a Ensenada"}]},{"@type":"WebSite","@id":"https:\/\/infopba247.com.ar\/#website","url":"https:\/\/infopba247.com.ar\/","name":"InfoPBA247","description":"Toda la actualidad bonaerense","publisher":{"@id":"https:\/\/infopba247.com.ar\/#organization"},"potentialAction":[{"@type":"SearchAction","target":{"@type":"EntryPoint","urlTemplate":"https:\/\/infopba247.com.ar\/?s={search_term_string}"},"query-input":{"@type":"PropertyValueSpecification","valueRequired":true,"valueName":"search_term_string"}}],"inLanguage":"es"},{"@type":"Organization","@id":"https:\/\/infopba247.com.ar\/#organization","name":"InfoPBA247","url":"https:\/\/infopba247.com.ar\/","logo":{"@type":"ImageObject","inLanguage":"es","@id":"https:\/\/infopba247.com.ar\/#\/schema\/logo\/image\/","url":"https:\/\/infopba247.com.ar\/wp-content\/uploads\/2022\/03\/cropped-InfoPBA247-1.png","contentUrl":"https:\/\/infopba247.com.ar\/wp-content\/uploads\/2022\/03\/cropped-InfoPBA247-1.png","width":500,"height":122,"caption":"InfoPBA247"},"image":{"@id":"https:\/\/infopba247.com.ar\/#\/schema\/logo\/image\/"},"sameAs":["https:\/\/www.facebook.com\/InfoPBA"]},{"@type":"Person","@id":"https:\/\/infopba247.com.ar\/#\/schema\/person\/4975f1343a413e57bf839b3eed0099f2","name":"Editor","image":{"@type":"ImageObject","inLanguage":"es","@id":"https:\/\/secure.gravatar.com\/avatar\/d27fe9520667ca53441d36627a1d6b0fa4a813571ec4803687a7a3a7744685ac?s=96&d=mm&r=g","url":"https:\/\/secure.gravatar.com\/avatar\/d27fe9520667ca53441d36627a1d6b0fa4a813571ec4803687a7a3a7744685ac?s=96&d=mm&r=g","contentUrl":"https:\/\/secure.gravatar.com\/avatar\/d27fe9520667ca53441d36627a1d6b0fa4a813571ec4803687a7a3a7744685ac?s=96&d=mm&r=g","caption":"Editor"},"url":"https:\/\/infopba247.com.ar\/index.php\/author\/editor\/"}]}},"_links":{"self":[{"href":"https:\/\/infopba247.com.ar\/index.php\/wp-json\/wp\/v2\/posts\/3518","targetHints":{"allow":["GET"]}}],"collection":[{"href":"https:\/\/infopba247.com.ar\/index.php\/wp-json\/wp\/v2\/posts"}],"about":[{"href":"https:\/\/infopba247.com.ar\/index.php\/wp-json\/wp\/v2\/types\/post"}],"author":[{"embeddable":true,"href":"https:\/\/infopba247.com.ar\/index.php\/wp-json\/wp\/v2\/users\/3"}],"replies":[{"embeddable":true,"href":"https:\/\/infopba247.com.ar\/index.php\/wp-json\/wp\/v2\/comments?post=3518"}],"version-history":[{"count":1,"href":"https:\/\/infopba247.com.ar\/index.php\/wp-json\/wp\/v2\/posts\/3518\/revisions"}],"predecessor-version":[{"id":3520,"href":"https:\/\/infopba247.com.ar\/index.php\/wp-json\/wp\/v2\/posts\/3518\/revisions\/3520"}],"wp:featuredmedia":[{"embeddable":true,"href":"https:\/\/infopba247.com.ar\/index.php\/wp-json\/wp\/v2\/media\/3519"}],"wp:attachment":[{"href":"https:\/\/infopba247.com.ar\/index.php\/wp-json\/wp\/v2\/media?parent=3518"}],"wp:term":[{"taxonomy":"category","embeddable":true,"href":"https:\/\/infopba247.com.ar\/index.php\/wp-json\/wp\/v2\/categories?post=3518"},{"taxonomy":"post_tag","embeddable":true,"href":"https:\/\/infopba247.com.ar\/index.php\/wp-json\/wp\/v2\/tags?post=3518"}],"curies":[{"name":"wp","href":"https:\/\/api.w.org\/{rel}","templated":true}]}}