{"id":3460,"date":"2024-02-09T06:22:03","date_gmt":"2024-02-09T09:22:03","guid":{"rendered":"https:\/\/infopba247.com.ar\/?p=3460"},"modified":"2024-02-09T06:22:04","modified_gmt":"2024-02-09T09:22:04","slug":"acuerdo-para-el-traspaso-de-dependencias-comunales-a-espacios-del-poligono-industrial","status":"publish","type":"post","link":"https:\/\/infopba247.com.ar\/index.php\/2024\/02\/09\/acuerdo-para-el-traspaso-de-dependencias-comunales-a-espacios-del-poligono-industrial\/","title":{"rendered":"Acuerdo para el traspaso de dependencias comunales a espacios del Pol\u00edgono Industrial\u00a0"},"content":{"rendered":"\n<p>El Intendente Municipal de Berisso, Fabi\u00e1n Cagliardi, encabez\u00f3 una reuni\u00f3n con funcionarios provinciales, locales y empresarios, para definir el traspaso de dependencias comunales a la planta baja del edificio del Pol\u00edgono Industrial de Avenida Montevideo y calle 2 (Nueva York).\u00a0<\/p>\n\n\n\n<p>Del encuentro participaron Mariela Bembi, Subsecretaria de Industria, Cooperativas y PyMES del Ministerio de la Producci\u00f3n de la Provincia de Buenos Aires y Presidenta del Ente Administrador del Pol\u00edgono Industrial local y Emilio Canevassi, Consejero del mismo organismo; los secretarios comunales de Seguridad, Federico Ruiz y de Producci\u00f3n, Mar\u00eda Cecilia Par\u00eds; el Subsecretario de Acci\u00f3n Pol\u00edtica, Mart\u00edn Fern\u00e1ndez; la Directora Industria, Mar\u00eda Jos\u00e9 Mu\u00f1oz; el Coordinador del COM, Andr\u00e9s Nikoloff y el Presidente de la C\u00e1mara Empresaria del Pol\u00edgono Industrial Berisso, Nicol\u00e1s Bracciale.<\/p>\n\n\n\n<p>Durante la charla se acord\u00f3 que en el lugar pasar\u00e1n a funcionar las \u00e1reas de Seguridad Vial y Transporte, el Centro de Operaciones y Monitoreo (COM), la Secretar\u00eda de Seguridad con su parte Administrativa, junto al \u00e1rea de Guardavidas, y las oficinas de Licencias de conducir.<\/p>\n\n\n\n<p>Sobre el acuerdo alcanzado, la&nbsp; Subsecretaria de Industria, Cooperativas y PyMES, Mariela Bembi, resalt\u00f3 la importancia de estas acciones. \u201cTratamos la posibilidad de ceder las oficinas que posee la Provincia de Buenos Aires dentro de este Pol\u00edgono Industrial, para que el Municipio instale las oficinas de la Secretaria de Seguridad. Acordamos avanzar en eso y trabajar de manera conjunta\u201d.<\/p>\n\n\n\n<p>La misma funcionaria destac\u00f3 que de esta manera tambi\u00e9n da respuesta a una demanda hist\u00f3rica de los empresarios del Pol\u00edgono Industrial vinculada con dotar de seguridad a todo el predio. \u201cSe hace necesario dotar de seguridad el lugar para que la gente que esta apostando por producir y trabajar lo puedan hacer en mejores condiciones. Con estos paso estamos garantizando estas cuestiones\u201d.<\/p>\n\n\n\n<p>Por su parte, el Intendente Fabi\u00e1n Cagliardi destac\u00f3 la labor conjunto entre el gobierno provincial, empresarios locales y Municipio. \u201cEstos cambios permitir\u00e1n centralizar y optimizar el trabajo del \u00e1rea de Seguridad y se agrega como un servicio al Pol\u00edgono Industrial, un espacio que lo venimos sacando adelante junto con la Provincia. El funcionamiento de este predio fue un tema que en su momento se lo planteamos al Gobernador Axel Kicillof y al ministro Augusto Costa, a quienes le contamos los problemas que hab\u00eda en este lugar con muchos espacios que estaban desocupados y hoy estamos instalando empresas nuevas para tener m\u00e1s producci\u00f3n y trabajo en Berisso\u201d.<\/p>\n\n\n\n<p>Desde la C\u00e1mara Empresaria del Pol\u00edgono Industrial se mostr\u00f3 satisfacci\u00f3n por las medidas adoptadas, tal cual lo reflej\u00f3 el presidente del grupo Nicol\u00e1s Bracciale. \u201cEl de la seguridad es un reclamo hist\u00f3rico de esta C\u00e1mara, ahora con la ayuda de la Municipalidad y la Provincia se est\u00e1 a punto de resolver. Nos beneficia a todos porque nosotros tendremos seguridad, se pondr\u00e1 en valor el edificio y nos cierra a todos, tambi\u00e9n a la comunidad\u201d.<\/p>\n","protected":false},"excerpt":{"rendered":"<p>El Intendente Municipal de Berisso, Fabi\u00e1n Cagliardi, encabez\u00f3 una reuni\u00f3n con funcionarios provinciales, locales y empresarios, para definir el traspaso<\/p>\n","protected":false},"author":3,"featured_media":3462,"comment_status":"closed","ping_status":"closed","sticky":false,"template":"","format":"standard","meta":{"colormag_page_container_layout":"default_layout","colormag_page_sidebar_layout":"default_layout","footnotes":""},"categories":[7,1,14],"tags":[],"class_list":["post-3460","post","type-post","status-publish","format-standard","has-post-thumbnail","hentry","category-3ra-seccion","category-destacadas","category-politica"],"yoast_head":"<!-- This site is optimized with the Yoast SEO plugin v27.4 - https:\/\/yoast.com\/product\/yoast-seo-wordpress\/ -->\n<title>Acuerdo para el traspaso de dependencias comunales a espacios del Pol\u00edgono Industrial\u00a0 - InfoPBA247<\/title>\n<meta name=\"robots\" content=\"index, follow, max-snippet:-1, max-image-preview:large, max-video-preview:-1\" \/>\n<link rel=\"canonical\" href=\"https:\/\/infopba247.com.ar\/index.php\/2024\/02\/09\/acuerdo-para-el-traspaso-de-dependencias-comunales-a-espacios-del-poligono-industrial\/\" \/>\n<meta property=\"og:locale\" content=\"es_ES\" \/>\n<meta property=\"og:type\" content=\"article\" \/>\n<meta property=\"og:title\" content=\"Acuerdo para el traspaso de dependencias comunales a espacios del Pol\u00edgono Industrial\u00a0 - InfoPBA247\" \/>\n<meta property=\"og:description\" content=\"El Intendente Municipal de Berisso, Fabi\u00e1n Cagliardi, encabez\u00f3 una reuni\u00f3n con funcionarios provinciales, locales y empresarios, para definir el traspaso\" \/>\n<meta property=\"og:url\" content=\"https:\/\/infopba247.com.ar\/index.php\/2024\/02\/09\/acuerdo-para-el-traspaso-de-dependencias-comunales-a-espacios-del-poligono-industrial\/\" \/>\n<meta property=\"og:site_name\" content=\"InfoPBA247\" \/>\n<meta property=\"article:publisher\" content=\"https:\/\/www.facebook.com\/InfoPBA\" \/>\n<meta property=\"article:published_time\" content=\"2024-02-09T09:22:03+00:00\" \/>\n<meta property=\"article:modified_time\" content=\"2024-02-09T09:22:04+00:00\" \/>\n<meta property=\"og:image\" content=\"https:\/\/infopba247.com.ar\/wp-content\/uploads\/2024\/02\/FOTO-1-prod.jpg\" \/>\n\t<meta property=\"og:image:width\" content=\"800\" \/>\n\t<meta property=\"og:image:height\" content=\"600\" \/>\n\t<meta property=\"og:image:type\" content=\"image\/jpeg\" \/>\n<meta name=\"author\" content=\"Editor\" \/>\n<meta name=\"twitter:card\" content=\"summary_large_image\" \/>\n<meta name=\"twitter:label1\" content=\"Escrito por\" \/>\n\t<meta name=\"twitter:data1\" content=\"Editor\" \/>\n\t<meta name=\"twitter:label2\" content=\"Tiempo de lectura\" \/>\n\t<meta name=\"twitter:data2\" content=\"3 minutos\" \/>\n<script type=\"application\/ld+json\" class=\"yoast-schema-graph\">{\"@context\":\"https:\\\/\\\/schema.org\",\"@graph\":[{\"@type\":\"Article\",\"@id\":\"https:\\\/\\\/infopba247.com.ar\\\/index.php\\\/2024\\\/02\\\/09\\\/acuerdo-para-el-traspaso-de-dependencias-comunales-a-espacios-del-poligono-industrial\\\/#article\",\"isPartOf\":{\"@id\":\"https:\\\/\\\/infopba247.com.ar\\\/index.php\\\/2024\\\/02\\\/09\\\/acuerdo-para-el-traspaso-de-dependencias-comunales-a-espacios-del-poligono-industrial\\\/\"},\"author\":{\"name\":\"Editor\",\"@id\":\"https:\\\/\\\/infopba247.com.ar\\\/#\\\/schema\\\/person\\\/4975f1343a413e57bf839b3eed0099f2\"},\"headline\":\"Acuerdo para el traspaso de dependencias comunales a espacios del Pol\u00edgono Industrial\u00a0\",\"datePublished\":\"2024-02-09T09:22:03+00:00\",\"dateModified\":\"2024-02-09T09:22:04+00:00\",\"mainEntityOfPage\":{\"@id\":\"https:\\\/\\\/infopba247.com.ar\\\/index.php\\\/2024\\\/02\\\/09\\\/acuerdo-para-el-traspaso-de-dependencias-comunales-a-espacios-del-poligono-industrial\\\/\"},\"wordCount\":520,\"publisher\":{\"@id\":\"https:\\\/\\\/infopba247.com.ar\\\/#organization\"},\"image\":{\"@id\":\"https:\\\/\\\/infopba247.com.ar\\\/index.php\\\/2024\\\/02\\\/09\\\/acuerdo-para-el-traspaso-de-dependencias-comunales-a-espacios-del-poligono-industrial\\\/#primaryimage\"},\"thumbnailUrl\":\"https:\\\/\\\/infopba247.com.ar\\\/wp-content\\\/uploads\\\/2024\\\/02\\\/FOTO-1-prod.jpg\",\"articleSection\":[\"3ra Secci\u00f3n\",\"Destacadas\",\"Pol\u00edtica\"],\"inLanguage\":\"es\"},{\"@type\":\"WebPage\",\"@id\":\"https:\\\/\\\/infopba247.com.ar\\\/index.php\\\/2024\\\/02\\\/09\\\/acuerdo-para-el-traspaso-de-dependencias-comunales-a-espacios-del-poligono-industrial\\\/\",\"url\":\"https:\\\/\\\/infopba247.com.ar\\\/index.php\\\/2024\\\/02\\\/09\\\/acuerdo-para-el-traspaso-de-dependencias-comunales-a-espacios-del-poligono-industrial\\\/\",\"name\":\"Acuerdo para el traspaso de dependencias comunales a espacios del Pol\u00edgono Industrial\u00a0 - InfoPBA247\",\"isPartOf\":{\"@id\":\"https:\\\/\\\/infopba247.com.ar\\\/#website\"},\"primaryImageOfPage\":{\"@id\":\"https:\\\/\\\/infopba247.com.ar\\\/index.php\\\/2024\\\/02\\\/09\\\/acuerdo-para-el-traspaso-de-dependencias-comunales-a-espacios-del-poligono-industrial\\\/#primaryimage\"},\"image\":{\"@id\":\"https:\\\/\\\/infopba247.com.ar\\\/index.php\\\/2024\\\/02\\\/09\\\/acuerdo-para-el-traspaso-de-dependencias-comunales-a-espacios-del-poligono-industrial\\\/#primaryimage\"},\"thumbnailUrl\":\"https:\\\/\\\/infopba247.com.ar\\\/wp-content\\\/uploads\\\/2024\\\/02\\\/FOTO-1-prod.jpg\",\"datePublished\":\"2024-02-09T09:22:03+00:00\",\"dateModified\":\"2024-02-09T09:22:04+00:00\",\"breadcrumb\":{\"@id\":\"https:\\\/\\\/infopba247.com.ar\\\/index.php\\\/2024\\\/02\\\/09\\\/acuerdo-para-el-traspaso-de-dependencias-comunales-a-espacios-del-poligono-industrial\\\/#breadcrumb\"},\"inLanguage\":\"es\",\"potentialAction\":[{\"@type\":\"ReadAction\",\"target\":[\"https:\\\/\\\/infopba247.com.ar\\\/index.php\\\/2024\\\/02\\\/09\\\/acuerdo-para-el-traspaso-de-dependencias-comunales-a-espacios-del-poligono-industrial\\\/\"]}]},{\"@type\":\"ImageObject\",\"inLanguage\":\"es\",\"@id\":\"https:\\\/\\\/infopba247.com.ar\\\/index.php\\\/2024\\\/02\\\/09\\\/acuerdo-para-el-traspaso-de-dependencias-comunales-a-espacios-del-poligono-industrial\\\/#primaryimage\",\"url\":\"https:\\\/\\\/infopba247.com.ar\\\/wp-content\\\/uploads\\\/2024\\\/02\\\/FOTO-1-prod.jpg\",\"contentUrl\":\"https:\\\/\\\/infopba247.com.ar\\\/wp-content\\\/uploads\\\/2024\\\/02\\\/FOTO-1-prod.jpg\",\"width\":800,\"height\":600},{\"@type\":\"BreadcrumbList\",\"@id\":\"https:\\\/\\\/infopba247.com.ar\\\/index.php\\\/2024\\\/02\\\/09\\\/acuerdo-para-el-traspaso-de-dependencias-comunales-a-espacios-del-poligono-industrial\\\/#breadcrumb\",\"itemListElement\":[{\"@type\":\"ListItem\",\"position\":1,\"name\":\"Portada\",\"item\":\"https:\\\/\\\/infopba247.com.ar\\\/\"},{\"@type\":\"ListItem\",\"position\":2,\"name\":\"Acuerdo para el traspaso de dependencias comunales a espacios del Pol\u00edgono Industrial\u00a0\"}]},{\"@type\":\"WebSite\",\"@id\":\"https:\\\/\\\/infopba247.com.ar\\\/#website\",\"url\":\"https:\\\/\\\/infopba247.com.ar\\\/\",\"name\":\"InfoPBA247\",\"description\":\"Toda la actualidad bonaerense\",\"publisher\":{\"@id\":\"https:\\\/\\\/infopba247.com.ar\\\/#organization\"},\"potentialAction\":[{\"@type\":\"SearchAction\",\"target\":{\"@type\":\"EntryPoint\",\"urlTemplate\":\"https:\\\/\\\/infopba247.com.ar\\\/?s={search_term_string}\"},\"query-input\":{\"@type\":\"PropertyValueSpecification\",\"valueRequired\":true,\"valueName\":\"search_term_string\"}}],\"inLanguage\":\"es\"},{\"@type\":\"Organization\",\"@id\":\"https:\\\/\\\/infopba247.com.ar\\\/#organization\",\"name\":\"InfoPBA247\",\"url\":\"https:\\\/\\\/infopba247.com.ar\\\/\",\"logo\":{\"@type\":\"ImageObject\",\"inLanguage\":\"es\",\"@id\":\"https:\\\/\\\/infopba247.com.ar\\\/#\\\/schema\\\/logo\\\/image\\\/\",\"url\":\"https:\\\/\\\/infopba247.com.ar\\\/wp-content\\\/uploads\\\/2022\\\/03\\\/cropped-InfoPBA247-1.png\",\"contentUrl\":\"https:\\\/\\\/infopba247.com.ar\\\/wp-content\\\/uploads\\\/2022\\\/03\\\/cropped-InfoPBA247-1.png\",\"width\":500,\"height\":122,\"caption\":\"InfoPBA247\"},\"image\":{\"@id\":\"https:\\\/\\\/infopba247.com.ar\\\/#\\\/schema\\\/logo\\\/image\\\/\"},\"sameAs\":[\"https:\\\/\\\/www.facebook.com\\\/InfoPBA\"]},{\"@type\":\"Person\",\"@id\":\"https:\\\/\\\/infopba247.com.ar\\\/#\\\/schema\\\/person\\\/4975f1343a413e57bf839b3eed0099f2\",\"name\":\"Editor\",\"image\":{\"@type\":\"ImageObject\",\"inLanguage\":\"es\",\"@id\":\"https:\\\/\\\/secure.gravatar.com\\\/avatar\\\/d27fe9520667ca53441d36627a1d6b0fa4a813571ec4803687a7a3a7744685ac?s=96&d=mm&r=g\",\"url\":\"https:\\\/\\\/secure.gravatar.com\\\/avatar\\\/d27fe9520667ca53441d36627a1d6b0fa4a813571ec4803687a7a3a7744685ac?s=96&d=mm&r=g\",\"contentUrl\":\"https:\\\/\\\/secure.gravatar.com\\\/avatar\\\/d27fe9520667ca53441d36627a1d6b0fa4a813571ec4803687a7a3a7744685ac?s=96&d=mm&r=g\",\"caption\":\"Editor\"},\"url\":\"https:\\\/\\\/infopba247.com.ar\\\/index.php\\\/author\\\/editor\\\/\"}]}<\/script>\n<!-- \/ Yoast SEO plugin. -->","yoast_head_json":{"title":"Acuerdo para el traspaso de dependencias comunales a espacios del Pol\u00edgono Industrial\u00a0 - InfoPBA247","robots":{"index":"index","follow":"follow","max-snippet":"max-snippet:-1","max-image-preview":"max-image-preview:large","max-video-preview":"max-video-preview:-1"},"canonical":"https:\/\/infopba247.com.ar\/index.php\/2024\/02\/09\/acuerdo-para-el-traspaso-de-dependencias-comunales-a-espacios-del-poligono-industrial\/","og_locale":"es_ES","og_type":"article","og_title":"Acuerdo para el traspaso de dependencias comunales a espacios del Pol\u00edgono Industrial\u00a0 - InfoPBA247","og_description":"El Intendente Municipal de Berisso, Fabi\u00e1n Cagliardi, encabez\u00f3 una reuni\u00f3n con funcionarios provinciales, locales y empresarios, para definir el traspaso","og_url":"https:\/\/infopba247.com.ar\/index.php\/2024\/02\/09\/acuerdo-para-el-traspaso-de-dependencias-comunales-a-espacios-del-poligono-industrial\/","og_site_name":"InfoPBA247","article_publisher":"https:\/\/www.facebook.com\/InfoPBA","article_published_time":"2024-02-09T09:22:03+00:00","article_modified_time":"2024-02-09T09:22:04+00:00","og_image":[{"width":800,"height":600,"url":"https:\/\/infopba247.com.ar\/wp-content\/uploads\/2024\/02\/FOTO-1-prod.jpg","type":"image\/jpeg"}],"author":"Editor","twitter_card":"summary_large_image","twitter_misc":{"Escrito por":"Editor","Tiempo de lectura":"3 minutos"},"schema":{"@context":"https:\/\/schema.org","@graph":[{"@type":"Article","@id":"https:\/\/infopba247.com.ar\/index.php\/2024\/02\/09\/acuerdo-para-el-traspaso-de-dependencias-comunales-a-espacios-del-poligono-industrial\/#article","isPartOf":{"@id":"https:\/\/infopba247.com.ar\/index.php\/2024\/02\/09\/acuerdo-para-el-traspaso-de-dependencias-comunales-a-espacios-del-poligono-industrial\/"},"author":{"name":"Editor","@id":"https:\/\/infopba247.com.ar\/#\/schema\/person\/4975f1343a413e57bf839b3eed0099f2"},"headline":"Acuerdo para el traspaso de dependencias comunales a espacios del Pol\u00edgono Industrial\u00a0","datePublished":"2024-02-09T09:22:03+00:00","dateModified":"2024-02-09T09:22:04+00:00","mainEntityOfPage":{"@id":"https:\/\/infopba247.com.ar\/index.php\/2024\/02\/09\/acuerdo-para-el-traspaso-de-dependencias-comunales-a-espacios-del-poligono-industrial\/"},"wordCount":520,"publisher":{"@id":"https:\/\/infopba247.com.ar\/#organization"},"image":{"@id":"https:\/\/infopba247.com.ar\/index.php\/2024\/02\/09\/acuerdo-para-el-traspaso-de-dependencias-comunales-a-espacios-del-poligono-industrial\/#primaryimage"},"thumbnailUrl":"https:\/\/infopba247.com.ar\/wp-content\/uploads\/2024\/02\/FOTO-1-prod.jpg","articleSection":["3ra Secci\u00f3n","Destacadas","Pol\u00edtica"],"inLanguage":"es"},{"@type":"WebPage","@id":"https:\/\/infopba247.com.ar\/index.php\/2024\/02\/09\/acuerdo-para-el-traspaso-de-dependencias-comunales-a-espacios-del-poligono-industrial\/","url":"https:\/\/infopba247.com.ar\/index.php\/2024\/02\/09\/acuerdo-para-el-traspaso-de-dependencias-comunales-a-espacios-del-poligono-industrial\/","name":"Acuerdo para el traspaso de dependencias comunales a espacios del Pol\u00edgono Industrial\u00a0 - InfoPBA247","isPartOf":{"@id":"https:\/\/infopba247.com.ar\/#website"},"primaryImageOfPage":{"@id":"https:\/\/infopba247.com.ar\/index.php\/2024\/02\/09\/acuerdo-para-el-traspaso-de-dependencias-comunales-a-espacios-del-poligono-industrial\/#primaryimage"},"image":{"@id":"https:\/\/infopba247.com.ar\/index.php\/2024\/02\/09\/acuerdo-para-el-traspaso-de-dependencias-comunales-a-espacios-del-poligono-industrial\/#primaryimage"},"thumbnailUrl":"https:\/\/infopba247.com.ar\/wp-content\/uploads\/2024\/02\/FOTO-1-prod.jpg","datePublished":"2024-02-09T09:22:03+00:00","dateModified":"2024-02-09T09:22:04+00:00","breadcrumb":{"@id":"https:\/\/infopba247.com.ar\/index.php\/2024\/02\/09\/acuerdo-para-el-traspaso-de-dependencias-comunales-a-espacios-del-poligono-industrial\/#breadcrumb"},"inLanguage":"es","potentialAction":[{"@type":"ReadAction","target":["https:\/\/infopba247.com.ar\/index.php\/2024\/02\/09\/acuerdo-para-el-traspaso-de-dependencias-comunales-a-espacios-del-poligono-industrial\/"]}]},{"@type":"ImageObject","inLanguage":"es","@id":"https:\/\/infopba247.com.ar\/index.php\/2024\/02\/09\/acuerdo-para-el-traspaso-de-dependencias-comunales-a-espacios-del-poligono-industrial\/#primaryimage","url":"https:\/\/infopba247.com.ar\/wp-content\/uploads\/2024\/02\/FOTO-1-prod.jpg","contentUrl":"https:\/\/infopba247.com.ar\/wp-content\/uploads\/2024\/02\/FOTO-1-prod.jpg","width":800,"height":600},{"@type":"BreadcrumbList","@id":"https:\/\/infopba247.com.ar\/index.php\/2024\/02\/09\/acuerdo-para-el-traspaso-de-dependencias-comunales-a-espacios-del-poligono-industrial\/#breadcrumb","itemListElement":[{"@type":"ListItem","position":1,"name":"Portada","item":"https:\/\/infopba247.com.ar\/"},{"@type":"ListItem","position":2,"name":"Acuerdo para el traspaso de dependencias comunales a espacios del Pol\u00edgono Industrial\u00a0"}]},{"@type":"WebSite","@id":"https:\/\/infopba247.com.ar\/#website","url":"https:\/\/infopba247.com.ar\/","name":"InfoPBA247","description":"Toda la actualidad bonaerense","publisher":{"@id":"https:\/\/infopba247.com.ar\/#organization"},"potentialAction":[{"@type":"SearchAction","target":{"@type":"EntryPoint","urlTemplate":"https:\/\/infopba247.com.ar\/?s={search_term_string}"},"query-input":{"@type":"PropertyValueSpecification","valueRequired":true,"valueName":"search_term_string"}}],"inLanguage":"es"},{"@type":"Organization","@id":"https:\/\/infopba247.com.ar\/#organization","name":"InfoPBA247","url":"https:\/\/infopba247.com.ar\/","logo":{"@type":"ImageObject","inLanguage":"es","@id":"https:\/\/infopba247.com.ar\/#\/schema\/logo\/image\/","url":"https:\/\/infopba247.com.ar\/wp-content\/uploads\/2022\/03\/cropped-InfoPBA247-1.png","contentUrl":"https:\/\/infopba247.com.ar\/wp-content\/uploads\/2022\/03\/cropped-InfoPBA247-1.png","width":500,"height":122,"caption":"InfoPBA247"},"image":{"@id":"https:\/\/infopba247.com.ar\/#\/schema\/logo\/image\/"},"sameAs":["https:\/\/www.facebook.com\/InfoPBA"]},{"@type":"Person","@id":"https:\/\/infopba247.com.ar\/#\/schema\/person\/4975f1343a413e57bf839b3eed0099f2","name":"Editor","image":{"@type":"ImageObject","inLanguage":"es","@id":"https:\/\/secure.gravatar.com\/avatar\/d27fe9520667ca53441d36627a1d6b0fa4a813571ec4803687a7a3a7744685ac?s=96&d=mm&r=g","url":"https:\/\/secure.gravatar.com\/avatar\/d27fe9520667ca53441d36627a1d6b0fa4a813571ec4803687a7a3a7744685ac?s=96&d=mm&r=g","contentUrl":"https:\/\/secure.gravatar.com\/avatar\/d27fe9520667ca53441d36627a1d6b0fa4a813571ec4803687a7a3a7744685ac?s=96&d=mm&r=g","caption":"Editor"},"url":"https:\/\/infopba247.com.ar\/index.php\/author\/editor\/"}]}},"_links":{"self":[{"href":"https:\/\/infopba247.com.ar\/index.php\/wp-json\/wp\/v2\/posts\/3460","targetHints":{"allow":["GET"]}}],"collection":[{"href":"https:\/\/infopba247.com.ar\/index.php\/wp-json\/wp\/v2\/posts"}],"about":[{"href":"https:\/\/infopba247.com.ar\/index.php\/wp-json\/wp\/v2\/types\/post"}],"author":[{"embeddable":true,"href":"https:\/\/infopba247.com.ar\/index.php\/wp-json\/wp\/v2\/users\/3"}],"replies":[{"embeddable":true,"href":"https:\/\/infopba247.com.ar\/index.php\/wp-json\/wp\/v2\/comments?post=3460"}],"version-history":[{"count":1,"href":"https:\/\/infopba247.com.ar\/index.php\/wp-json\/wp\/v2\/posts\/3460\/revisions"}],"predecessor-version":[{"id":3464,"href":"https:\/\/infopba247.com.ar\/index.php\/wp-json\/wp\/v2\/posts\/3460\/revisions\/3464"}],"wp:featuredmedia":[{"embeddable":true,"href":"https:\/\/infopba247.com.ar\/index.php\/wp-json\/wp\/v2\/media\/3462"}],"wp:attachment":[{"href":"https:\/\/infopba247.com.ar\/index.php\/wp-json\/wp\/v2\/media?parent=3460"}],"wp:term":[{"taxonomy":"category","embeddable":true,"href":"https:\/\/infopba247.com.ar\/index.php\/wp-json\/wp\/v2\/categories?post=3460"},{"taxonomy":"post_tag","embeddable":true,"href":"https:\/\/infopba247.com.ar\/index.php\/wp-json\/wp\/v2\/tags?post=3460"}],"curies":[{"name":"wp","href":"https:\/\/api.w.org\/{rel}","templated":true}]}}