{"id":3454,"date":"2024-02-08T05:50:47","date_gmt":"2024-02-08T08:50:47","guid":{"rendered":"https:\/\/infopba247.com.ar\/?p=3454"},"modified":"2024-02-08T05:50:47","modified_gmt":"2024-02-08T08:50:47","slug":"alak-y-costa-van-por-la-regularizacion-del-parque-industrial-ii","status":"publish","type":"post","link":"https:\/\/infopba247.com.ar\/index.php\/2024\/02\/08\/alak-y-costa-van-por-la-regularizacion-del-parque-industrial-ii\/","title":{"rendered":"Alak y Costa van por la regularizaci\u00f3n del Parque Industrial II"},"content":{"rendered":"\n<p>El jefe comunal platense y el ministro provincial delinearon medidas para potenciar la producci\u00f3n local en una reuni\u00f3n de trabajo. El Parque Industrial II, el turismo y ronda de negocios, los ejes principales.<\/p>\n\n\n\n<p>El intendente de La Plata, Julio Alak, y el ministro de Producci\u00f3n, Ciencia e Innovaci\u00f3n Tecnol\u00f3gica de la Provincia de Buenos Aires, Augusto Costa, mantuvieron hoy un encuentro para desarrollar un plan de acci\u00f3n centrado en el desarrollo productivo local.<\/p>\n\n\n\n<p>\u201cTenemos como una de nuestras prioridades trabajar fuertemente en la reactivaci\u00f3n de la producci\u00f3n y en la generaci\u00f3n de empleo de calidad en la ciudad. Para eso estamos acordando estrategias y estableciendo una agenda de acciones conjuntas\u201d, dijo el intendente platense, quien estuvo acompa\u00f1ado por la secretaria de Producci\u00f3n Mercedes La Gioiosa.<\/p>\n\n\n\n<p>Durante la mesa de trabajo, el jefe comunal y el titular de la cartera bonaerense acordaron trabajar fuertemente en la regularizaci\u00f3n del Parque Industrial II para que diversas empresas puedan acceder a las escrituras de sus lotes y se radiquen en el predio cada vez m\u00e1s firmas.<\/p>\n\n\n\n<p>Adem\u00e1s, acordaron el desarrollo de un plan enfocado en el turismo de convenciones y la revalorizaci\u00f3n del patrimonio cultural e hist\u00f3rico de la ciudad para atraer visitantes durante todo el a\u00f1o y estipularon que la primera ronda provincial de negocios del a\u00f1o se llevar\u00e1 adelante en marzo.<\/p>\n\n\n\n<p>\u201cQueremos que La Plata se destaque como centro provincial del turismo de convenciones\u201d, enfatiz\u00f3 Costa luego de la reuni\u00f3n en el Sal\u00f3n de los Acuerdos, y asegur\u00f3: \u201cTiene todo para serlo: conectividad, gastronom\u00eda, alojamiento\u201d.<\/p>\n\n\n\n<p>Finalmente, Alak concluy\u00f3: \u201cLa Plata es una ciudad con un enorme potencial para desarrollar. Hay oportunidades para crecer en lo comercial, en lo que hace a la producci\u00f3n rural, sobre todo en nuestro cintur\u00f3n frutihort\u00edcola, en lo industrial, con nuestros dos parques industriales, y en lo tur\u00edstico, con todo el patrimonio arquitect\u00f3nico y cultural\u201d.<\/p>\n","protected":false},"excerpt":{"rendered":"<p>El jefe comunal platense y el ministro provincial delinearon medidas para potenciar la producci\u00f3n local en una reuni\u00f3n de trabajo.<\/p>\n","protected":false},"author":3,"featured_media":3452,"comment_status":"closed","ping_status":"closed","sticky":false,"template":"","format":"standard","meta":{"colormag_page_container_layout":"default_layout","colormag_page_sidebar_layout":"default_layout","footnotes":""},"categories":[12,1,14],"tags":[],"class_list":["post-3454","post","type-post","status-publish","format-standard","has-post-thumbnail","hentry","category-8va-seccion","category-destacadas","category-politica"],"yoast_head":"<!-- This site is optimized with the Yoast SEO plugin v27.4 - https:\/\/yoast.com\/product\/yoast-seo-wordpress\/ -->\n<title>Alak y Costa van por la regularizaci\u00f3n del Parque Industrial II - InfoPBA247<\/title>\n<meta name=\"robots\" content=\"index, follow, max-snippet:-1, max-image-preview:large, max-video-preview:-1\" \/>\n<link rel=\"canonical\" href=\"https:\/\/infopba247.com.ar\/index.php\/2024\/02\/08\/alak-y-costa-van-por-la-regularizacion-del-parque-industrial-ii\/\" \/>\n<meta property=\"og:locale\" content=\"es_ES\" \/>\n<meta property=\"og:type\" content=\"article\" \/>\n<meta property=\"og:title\" content=\"Alak y Costa van por la regularizaci\u00f3n del Parque Industrial II - InfoPBA247\" \/>\n<meta property=\"og:description\" content=\"El jefe comunal platense y el ministro provincial delinearon medidas para potenciar la producci\u00f3n local en una reuni\u00f3n de trabajo.\" \/>\n<meta property=\"og:url\" content=\"https:\/\/infopba247.com.ar\/index.php\/2024\/02\/08\/alak-y-costa-van-por-la-regularizacion-del-parque-industrial-ii\/\" \/>\n<meta property=\"og:site_name\" content=\"InfoPBA247\" \/>\n<meta property=\"article:publisher\" content=\"https:\/\/www.facebook.com\/InfoPBA\" \/>\n<meta property=\"article:published_time\" content=\"2024-02-08T08:50:47+00:00\" \/>\n<meta property=\"og:image\" content=\"https:\/\/infopba247.com.ar\/wp-content\/uploads\/2024\/02\/unnamed-82-scaled.jpg\" \/>\n\t<meta property=\"og:image:width\" content=\"2560\" \/>\n\t<meta property=\"og:image:height\" content=\"1707\" \/>\n\t<meta property=\"og:image:type\" content=\"image\/jpeg\" \/>\n<meta name=\"author\" content=\"Editor\" \/>\n<meta name=\"twitter:card\" content=\"summary_large_image\" \/>\n<meta name=\"twitter:label1\" content=\"Escrito por\" \/>\n\t<meta name=\"twitter:data1\" content=\"Editor\" \/>\n\t<meta name=\"twitter:label2\" content=\"Tiempo de lectura\" \/>\n\t<meta name=\"twitter:data2\" content=\"2 minutos\" \/>\n<script type=\"application\/ld+json\" class=\"yoast-schema-graph\">{\"@context\":\"https:\\\/\\\/schema.org\",\"@graph\":[{\"@type\":\"Article\",\"@id\":\"https:\\\/\\\/infopba247.com.ar\\\/index.php\\\/2024\\\/02\\\/08\\\/alak-y-costa-van-por-la-regularizacion-del-parque-industrial-ii\\\/#article\",\"isPartOf\":{\"@id\":\"https:\\\/\\\/infopba247.com.ar\\\/index.php\\\/2024\\\/02\\\/08\\\/alak-y-costa-van-por-la-regularizacion-del-parque-industrial-ii\\\/\"},\"author\":{\"name\":\"Editor\",\"@id\":\"https:\\\/\\\/infopba247.com.ar\\\/#\\\/schema\\\/person\\\/4975f1343a413e57bf839b3eed0099f2\"},\"headline\":\"Alak y Costa van por la regularizaci\u00f3n del Parque Industrial II\",\"datePublished\":\"2024-02-08T08:50:47+00:00\",\"mainEntityOfPage\":{\"@id\":\"https:\\\/\\\/infopba247.com.ar\\\/index.php\\\/2024\\\/02\\\/08\\\/alak-y-costa-van-por-la-regularizacion-del-parque-industrial-ii\\\/\"},\"wordCount\":345,\"publisher\":{\"@id\":\"https:\\\/\\\/infopba247.com.ar\\\/#organization\"},\"image\":{\"@id\":\"https:\\\/\\\/infopba247.com.ar\\\/index.php\\\/2024\\\/02\\\/08\\\/alak-y-costa-van-por-la-regularizacion-del-parque-industrial-ii\\\/#primaryimage\"},\"thumbnailUrl\":\"https:\\\/\\\/infopba247.com.ar\\\/wp-content\\\/uploads\\\/2024\\\/02\\\/unnamed-82-scaled.jpg\",\"articleSection\":[\"8va Secci\u00f3n\",\"Destacadas\",\"Pol\u00edtica\"],\"inLanguage\":\"es\"},{\"@type\":\"WebPage\",\"@id\":\"https:\\\/\\\/infopba247.com.ar\\\/index.php\\\/2024\\\/02\\\/08\\\/alak-y-costa-van-por-la-regularizacion-del-parque-industrial-ii\\\/\",\"url\":\"https:\\\/\\\/infopba247.com.ar\\\/index.php\\\/2024\\\/02\\\/08\\\/alak-y-costa-van-por-la-regularizacion-del-parque-industrial-ii\\\/\",\"name\":\"Alak y Costa van por la regularizaci\u00f3n del Parque Industrial II - InfoPBA247\",\"isPartOf\":{\"@id\":\"https:\\\/\\\/infopba247.com.ar\\\/#website\"},\"primaryImageOfPage\":{\"@id\":\"https:\\\/\\\/infopba247.com.ar\\\/index.php\\\/2024\\\/02\\\/08\\\/alak-y-costa-van-por-la-regularizacion-del-parque-industrial-ii\\\/#primaryimage\"},\"image\":{\"@id\":\"https:\\\/\\\/infopba247.com.ar\\\/index.php\\\/2024\\\/02\\\/08\\\/alak-y-costa-van-por-la-regularizacion-del-parque-industrial-ii\\\/#primaryimage\"},\"thumbnailUrl\":\"https:\\\/\\\/infopba247.com.ar\\\/wp-content\\\/uploads\\\/2024\\\/02\\\/unnamed-82-scaled.jpg\",\"datePublished\":\"2024-02-08T08:50:47+00:00\",\"breadcrumb\":{\"@id\":\"https:\\\/\\\/infopba247.com.ar\\\/index.php\\\/2024\\\/02\\\/08\\\/alak-y-costa-van-por-la-regularizacion-del-parque-industrial-ii\\\/#breadcrumb\"},\"inLanguage\":\"es\",\"potentialAction\":[{\"@type\":\"ReadAction\",\"target\":[\"https:\\\/\\\/infopba247.com.ar\\\/index.php\\\/2024\\\/02\\\/08\\\/alak-y-costa-van-por-la-regularizacion-del-parque-industrial-ii\\\/\"]}]},{\"@type\":\"ImageObject\",\"inLanguage\":\"es\",\"@id\":\"https:\\\/\\\/infopba247.com.ar\\\/index.php\\\/2024\\\/02\\\/08\\\/alak-y-costa-van-por-la-regularizacion-del-parque-industrial-ii\\\/#primaryimage\",\"url\":\"https:\\\/\\\/infopba247.com.ar\\\/wp-content\\\/uploads\\\/2024\\\/02\\\/unnamed-82-scaled.jpg\",\"contentUrl\":\"https:\\\/\\\/infopba247.com.ar\\\/wp-content\\\/uploads\\\/2024\\\/02\\\/unnamed-82-scaled.jpg\",\"width\":2560,\"height\":1707},{\"@type\":\"BreadcrumbList\",\"@id\":\"https:\\\/\\\/infopba247.com.ar\\\/index.php\\\/2024\\\/02\\\/08\\\/alak-y-costa-van-por-la-regularizacion-del-parque-industrial-ii\\\/#breadcrumb\",\"itemListElement\":[{\"@type\":\"ListItem\",\"position\":1,\"name\":\"Portada\",\"item\":\"https:\\\/\\\/infopba247.com.ar\\\/\"},{\"@type\":\"ListItem\",\"position\":2,\"name\":\"Alak y Costa van por la regularizaci\u00f3n del Parque Industrial II\"}]},{\"@type\":\"WebSite\",\"@id\":\"https:\\\/\\\/infopba247.com.ar\\\/#website\",\"url\":\"https:\\\/\\\/infopba247.com.ar\\\/\",\"name\":\"InfoPBA247\",\"description\":\"Toda la actualidad bonaerense\",\"publisher\":{\"@id\":\"https:\\\/\\\/infopba247.com.ar\\\/#organization\"},\"potentialAction\":[{\"@type\":\"SearchAction\",\"target\":{\"@type\":\"EntryPoint\",\"urlTemplate\":\"https:\\\/\\\/infopba247.com.ar\\\/?s={search_term_string}\"},\"query-input\":{\"@type\":\"PropertyValueSpecification\",\"valueRequired\":true,\"valueName\":\"search_term_string\"}}],\"inLanguage\":\"es\"},{\"@type\":\"Organization\",\"@id\":\"https:\\\/\\\/infopba247.com.ar\\\/#organization\",\"name\":\"InfoPBA247\",\"url\":\"https:\\\/\\\/infopba247.com.ar\\\/\",\"logo\":{\"@type\":\"ImageObject\",\"inLanguage\":\"es\",\"@id\":\"https:\\\/\\\/infopba247.com.ar\\\/#\\\/schema\\\/logo\\\/image\\\/\",\"url\":\"https:\\\/\\\/infopba247.com.ar\\\/wp-content\\\/uploads\\\/2022\\\/03\\\/cropped-InfoPBA247-1.png\",\"contentUrl\":\"https:\\\/\\\/infopba247.com.ar\\\/wp-content\\\/uploads\\\/2022\\\/03\\\/cropped-InfoPBA247-1.png\",\"width\":500,\"height\":122,\"caption\":\"InfoPBA247\"},\"image\":{\"@id\":\"https:\\\/\\\/infopba247.com.ar\\\/#\\\/schema\\\/logo\\\/image\\\/\"},\"sameAs\":[\"https:\\\/\\\/www.facebook.com\\\/InfoPBA\"]},{\"@type\":\"Person\",\"@id\":\"https:\\\/\\\/infopba247.com.ar\\\/#\\\/schema\\\/person\\\/4975f1343a413e57bf839b3eed0099f2\",\"name\":\"Editor\",\"image\":{\"@type\":\"ImageObject\",\"inLanguage\":\"es\",\"@id\":\"https:\\\/\\\/secure.gravatar.com\\\/avatar\\\/d27fe9520667ca53441d36627a1d6b0fa4a813571ec4803687a7a3a7744685ac?s=96&d=mm&r=g\",\"url\":\"https:\\\/\\\/secure.gravatar.com\\\/avatar\\\/d27fe9520667ca53441d36627a1d6b0fa4a813571ec4803687a7a3a7744685ac?s=96&d=mm&r=g\",\"contentUrl\":\"https:\\\/\\\/secure.gravatar.com\\\/avatar\\\/d27fe9520667ca53441d36627a1d6b0fa4a813571ec4803687a7a3a7744685ac?s=96&d=mm&r=g\",\"caption\":\"Editor\"},\"url\":\"https:\\\/\\\/infopba247.com.ar\\\/index.php\\\/author\\\/editor\\\/\"}]}<\/script>\n<!-- \/ Yoast SEO plugin. -->","yoast_head_json":{"title":"Alak y Costa van por la regularizaci\u00f3n del Parque Industrial II - InfoPBA247","robots":{"index":"index","follow":"follow","max-snippet":"max-snippet:-1","max-image-preview":"max-image-preview:large","max-video-preview":"max-video-preview:-1"},"canonical":"https:\/\/infopba247.com.ar\/index.php\/2024\/02\/08\/alak-y-costa-van-por-la-regularizacion-del-parque-industrial-ii\/","og_locale":"es_ES","og_type":"article","og_title":"Alak y Costa van por la regularizaci\u00f3n del Parque Industrial II - InfoPBA247","og_description":"El jefe comunal platense y el ministro provincial delinearon medidas para potenciar la producci\u00f3n local en una reuni\u00f3n de trabajo.","og_url":"https:\/\/infopba247.com.ar\/index.php\/2024\/02\/08\/alak-y-costa-van-por-la-regularizacion-del-parque-industrial-ii\/","og_site_name":"InfoPBA247","article_publisher":"https:\/\/www.facebook.com\/InfoPBA","article_published_time":"2024-02-08T08:50:47+00:00","og_image":[{"width":2560,"height":1707,"url":"https:\/\/infopba247.com.ar\/wp-content\/uploads\/2024\/02\/unnamed-82-scaled.jpg","type":"image\/jpeg"}],"author":"Editor","twitter_card":"summary_large_image","twitter_misc":{"Escrito por":"Editor","Tiempo de lectura":"2 minutos"},"schema":{"@context":"https:\/\/schema.org","@graph":[{"@type":"Article","@id":"https:\/\/infopba247.com.ar\/index.php\/2024\/02\/08\/alak-y-costa-van-por-la-regularizacion-del-parque-industrial-ii\/#article","isPartOf":{"@id":"https:\/\/infopba247.com.ar\/index.php\/2024\/02\/08\/alak-y-costa-van-por-la-regularizacion-del-parque-industrial-ii\/"},"author":{"name":"Editor","@id":"https:\/\/infopba247.com.ar\/#\/schema\/person\/4975f1343a413e57bf839b3eed0099f2"},"headline":"Alak y Costa van por la regularizaci\u00f3n del Parque Industrial II","datePublished":"2024-02-08T08:50:47+00:00","mainEntityOfPage":{"@id":"https:\/\/infopba247.com.ar\/index.php\/2024\/02\/08\/alak-y-costa-van-por-la-regularizacion-del-parque-industrial-ii\/"},"wordCount":345,"publisher":{"@id":"https:\/\/infopba247.com.ar\/#organization"},"image":{"@id":"https:\/\/infopba247.com.ar\/index.php\/2024\/02\/08\/alak-y-costa-van-por-la-regularizacion-del-parque-industrial-ii\/#primaryimage"},"thumbnailUrl":"https:\/\/infopba247.com.ar\/wp-content\/uploads\/2024\/02\/unnamed-82-scaled.jpg","articleSection":["8va Secci\u00f3n","Destacadas","Pol\u00edtica"],"inLanguage":"es"},{"@type":"WebPage","@id":"https:\/\/infopba247.com.ar\/index.php\/2024\/02\/08\/alak-y-costa-van-por-la-regularizacion-del-parque-industrial-ii\/","url":"https:\/\/infopba247.com.ar\/index.php\/2024\/02\/08\/alak-y-costa-van-por-la-regularizacion-del-parque-industrial-ii\/","name":"Alak y Costa van por la regularizaci\u00f3n del Parque Industrial II - InfoPBA247","isPartOf":{"@id":"https:\/\/infopba247.com.ar\/#website"},"primaryImageOfPage":{"@id":"https:\/\/infopba247.com.ar\/index.php\/2024\/02\/08\/alak-y-costa-van-por-la-regularizacion-del-parque-industrial-ii\/#primaryimage"},"image":{"@id":"https:\/\/infopba247.com.ar\/index.php\/2024\/02\/08\/alak-y-costa-van-por-la-regularizacion-del-parque-industrial-ii\/#primaryimage"},"thumbnailUrl":"https:\/\/infopba247.com.ar\/wp-content\/uploads\/2024\/02\/unnamed-82-scaled.jpg","datePublished":"2024-02-08T08:50:47+00:00","breadcrumb":{"@id":"https:\/\/infopba247.com.ar\/index.php\/2024\/02\/08\/alak-y-costa-van-por-la-regularizacion-del-parque-industrial-ii\/#breadcrumb"},"inLanguage":"es","potentialAction":[{"@type":"ReadAction","target":["https:\/\/infopba247.com.ar\/index.php\/2024\/02\/08\/alak-y-costa-van-por-la-regularizacion-del-parque-industrial-ii\/"]}]},{"@type":"ImageObject","inLanguage":"es","@id":"https:\/\/infopba247.com.ar\/index.php\/2024\/02\/08\/alak-y-costa-van-por-la-regularizacion-del-parque-industrial-ii\/#primaryimage","url":"https:\/\/infopba247.com.ar\/wp-content\/uploads\/2024\/02\/unnamed-82-scaled.jpg","contentUrl":"https:\/\/infopba247.com.ar\/wp-content\/uploads\/2024\/02\/unnamed-82-scaled.jpg","width":2560,"height":1707},{"@type":"BreadcrumbList","@id":"https:\/\/infopba247.com.ar\/index.php\/2024\/02\/08\/alak-y-costa-van-por-la-regularizacion-del-parque-industrial-ii\/#breadcrumb","itemListElement":[{"@type":"ListItem","position":1,"name":"Portada","item":"https:\/\/infopba247.com.ar\/"},{"@type":"ListItem","position":2,"name":"Alak y Costa van por la regularizaci\u00f3n del Parque Industrial II"}]},{"@type":"WebSite","@id":"https:\/\/infopba247.com.ar\/#website","url":"https:\/\/infopba247.com.ar\/","name":"InfoPBA247","description":"Toda la actualidad bonaerense","publisher":{"@id":"https:\/\/infopba247.com.ar\/#organization"},"potentialAction":[{"@type":"SearchAction","target":{"@type":"EntryPoint","urlTemplate":"https:\/\/infopba247.com.ar\/?s={search_term_string}"},"query-input":{"@type":"PropertyValueSpecification","valueRequired":true,"valueName":"search_term_string"}}],"inLanguage":"es"},{"@type":"Organization","@id":"https:\/\/infopba247.com.ar\/#organization","name":"InfoPBA247","url":"https:\/\/infopba247.com.ar\/","logo":{"@type":"ImageObject","inLanguage":"es","@id":"https:\/\/infopba247.com.ar\/#\/schema\/logo\/image\/","url":"https:\/\/infopba247.com.ar\/wp-content\/uploads\/2022\/03\/cropped-InfoPBA247-1.png","contentUrl":"https:\/\/infopba247.com.ar\/wp-content\/uploads\/2022\/03\/cropped-InfoPBA247-1.png","width":500,"height":122,"caption":"InfoPBA247"},"image":{"@id":"https:\/\/infopba247.com.ar\/#\/schema\/logo\/image\/"},"sameAs":["https:\/\/www.facebook.com\/InfoPBA"]},{"@type":"Person","@id":"https:\/\/infopba247.com.ar\/#\/schema\/person\/4975f1343a413e57bf839b3eed0099f2","name":"Editor","image":{"@type":"ImageObject","inLanguage":"es","@id":"https:\/\/secure.gravatar.com\/avatar\/d27fe9520667ca53441d36627a1d6b0fa4a813571ec4803687a7a3a7744685ac?s=96&d=mm&r=g","url":"https:\/\/secure.gravatar.com\/avatar\/d27fe9520667ca53441d36627a1d6b0fa4a813571ec4803687a7a3a7744685ac?s=96&d=mm&r=g","contentUrl":"https:\/\/secure.gravatar.com\/avatar\/d27fe9520667ca53441d36627a1d6b0fa4a813571ec4803687a7a3a7744685ac?s=96&d=mm&r=g","caption":"Editor"},"url":"https:\/\/infopba247.com.ar\/index.php\/author\/editor\/"}]}},"_links":{"self":[{"href":"https:\/\/infopba247.com.ar\/index.php\/wp-json\/wp\/v2\/posts\/3454","targetHints":{"allow":["GET"]}}],"collection":[{"href":"https:\/\/infopba247.com.ar\/index.php\/wp-json\/wp\/v2\/posts"}],"about":[{"href":"https:\/\/infopba247.com.ar\/index.php\/wp-json\/wp\/v2\/types\/post"}],"author":[{"embeddable":true,"href":"https:\/\/infopba247.com.ar\/index.php\/wp-json\/wp\/v2\/users\/3"}],"replies":[{"embeddable":true,"href":"https:\/\/infopba247.com.ar\/index.php\/wp-json\/wp\/v2\/comments?post=3454"}],"version-history":[{"count":1,"href":"https:\/\/infopba247.com.ar\/index.php\/wp-json\/wp\/v2\/posts\/3454\/revisions"}],"predecessor-version":[{"id":3455,"href":"https:\/\/infopba247.com.ar\/index.php\/wp-json\/wp\/v2\/posts\/3454\/revisions\/3455"}],"wp:featuredmedia":[{"embeddable":true,"href":"https:\/\/infopba247.com.ar\/index.php\/wp-json\/wp\/v2\/media\/3452"}],"wp:attachment":[{"href":"https:\/\/infopba247.com.ar\/index.php\/wp-json\/wp\/v2\/media?parent=3454"}],"wp:term":[{"taxonomy":"category","embeddable":true,"href":"https:\/\/infopba247.com.ar\/index.php\/wp-json\/wp\/v2\/categories?post=3454"},{"taxonomy":"post_tag","embeddable":true,"href":"https:\/\/infopba247.com.ar\/index.php\/wp-json\/wp\/v2\/tags?post=3454"}],"curies":[{"name":"wp","href":"https:\/\/api.w.org\/{rel}","templated":true}]}}