{"id":3430,"date":"2024-02-06T08:13:40","date_gmt":"2024-02-06T11:13:40","guid":{"rendered":"https:\/\/infopba247.com.ar\/?p=3430"},"modified":"2024-02-06T08:13:41","modified_gmt":"2024-02-06T11:13:41","slug":"verano-en-la-repu-700-ninos-ya-participan-de-la-colonia-municipal","status":"publish","type":"post","link":"https:\/\/infopba247.com.ar\/index.php\/2024\/02\/06\/verano-en-la-repu-700-ninos-ya-participan-de-la-colonia-municipal\/","title":{"rendered":"Verano en la \u2018Repu\u2019: 700 ni\u00f1os ya participan de la Colonia Municipal"},"content":{"rendered":"\n<p>Desde su inicio a fines de enero, 700 inscriptos participan de la primera etapa de la colonia de vacaciones de la Municipalidad de La Plata, una iniciativa gratuita que ofrece un espacio de entretenimiento y recreaci\u00f3n para los m\u00e1s chicos. El 12 de febrero se renovar\u00e1 el contingente con otros 700 ni\u00f1os.<\/p>\n\n\n\n<p>La Colonia Municipal comenz\u00f3 el 29 de enero y se extender\u00e1 hasta el 27 de febrero con 1400 inscriptos divididos en dos contingentes quincenales que son trasladados desde y hasta el parque educativo y recreativo en transportes gratuitos dispuestos por el Municipio.<\/p>\n\n\n\n<p>\u201cEstamos contentos por c\u00f3mo se viene desarrollando todo en la colonia, ver las caras de felicidad de los chicos cada vez que la recorremos es impagable\u201d, expres\u00f3 el secretario de Gobierno de la Comuna, Guillermo \u00abNano\u00bb Cara.<\/p>\n\n\n\n<p>En ese sentido, 13 micros llevan a los participantes desde Abasto, Melchor Romero, Altos de San Lorenzo, Arana, Parque Sicardi, Villa Garibaldi, El Peligro, Arturo Segu\u00ed, Etcheverry, Olmos, City Bell, Villa Elisa, Villa Castells, Savoia, San Carlos, Gorina, Hern\u00e1ndez, Los Hornos, Tolosa, Ringuelet, Villa Elvira y Gonnet hasta el predio de Camino General Belgrano y 501.<\/p>\n\n\n\n<p>\u201cDesde que asumimos, sab\u00edamos que era un enorme desaf\u00edo poder lograr que se llevara adelante esta edici\u00f3n de la colonia\u00bb, recalc\u00f3 Cara, y agreg\u00f3: \u00abEl intendente Julio Alak nos pidi\u00f3 que hici\u00e9ramos un gran esfuerzo y lo conseguimos\u00bb.<\/p>\n\n\n\n<p>Finalmente, el funcionario sostuvo: \u00abPara nosotros esto es una muestra de que con decisi\u00f3n pol\u00edtica, objetivos claros y voluntad de trabajo, las cosas pueden salir para el beneficio de la comunidad\u00bb.<\/p>\n","protected":false},"excerpt":{"rendered":"<p>Desde su inicio a fines de enero, 700 inscriptos participan de la primera etapa de la colonia de vacaciones de<\/p>\n","protected":false},"author":3,"featured_media":3427,"comment_status":"closed","ping_status":"closed","sticky":false,"template":"","format":"standard","meta":{"colormag_page_container_layout":"default_layout","colormag_page_sidebar_layout":"default_layout","footnotes":""},"categories":[12,1,14],"tags":[],"class_list":["post-3430","post","type-post","status-publish","format-standard","has-post-thumbnail","hentry","category-8va-seccion","category-destacadas","category-politica"],"yoast_head":"<!-- This site is optimized with the Yoast SEO plugin v27.5 - https:\/\/yoast.com\/product\/yoast-seo-wordpress\/ -->\n<title>Verano en la \u2018Repu\u2019: 700 ni\u00f1os ya participan de la Colonia Municipal - InfoPBA247<\/title>\n<meta name=\"robots\" content=\"index, follow, max-snippet:-1, max-image-preview:large, max-video-preview:-1\" \/>\n<link rel=\"canonical\" href=\"https:\/\/infopba247.com.ar\/index.php\/2024\/02\/06\/verano-en-la-repu-700-ninos-ya-participan-de-la-colonia-municipal\/\" \/>\n<meta property=\"og:locale\" content=\"es_ES\" \/>\n<meta property=\"og:type\" content=\"article\" \/>\n<meta property=\"og:title\" content=\"Verano en la \u2018Repu\u2019: 700 ni\u00f1os ya participan de la Colonia Municipal - InfoPBA247\" \/>\n<meta property=\"og:description\" content=\"Desde su inicio a fines de enero, 700 inscriptos participan de la primera etapa de la colonia de vacaciones de\" \/>\n<meta property=\"og:url\" content=\"https:\/\/infopba247.com.ar\/index.php\/2024\/02\/06\/verano-en-la-repu-700-ninos-ya-participan-de-la-colonia-municipal\/\" \/>\n<meta property=\"og:site_name\" content=\"InfoPBA247\" \/>\n<meta property=\"article:publisher\" content=\"https:\/\/www.facebook.com\/InfoPBA\" \/>\n<meta property=\"article:published_time\" content=\"2024-02-06T11:13:40+00:00\" \/>\n<meta property=\"article:modified_time\" content=\"2024-02-06T11:13:41+00:00\" \/>\n<meta property=\"og:image\" content=\"https:\/\/infopba247.com.ar\/wp-content\/uploads\/2024\/02\/unnamed-78.jpg\" \/>\n\t<meta property=\"og:image:width\" content=\"1616\" \/>\n\t<meta property=\"og:image:height\" content=\"1080\" \/>\n\t<meta property=\"og:image:type\" content=\"image\/jpeg\" \/>\n<meta name=\"author\" content=\"Editor\" \/>\n<meta name=\"twitter:card\" content=\"summary_large_image\" \/>\n<meta name=\"twitter:label1\" content=\"Escrito por\" \/>\n\t<meta name=\"twitter:data1\" content=\"Editor\" \/>\n\t<meta name=\"twitter:label2\" content=\"Tiempo de lectura\" \/>\n\t<meta name=\"twitter:data2\" content=\"2 minutos\" \/>\n<script type=\"application\/ld+json\" class=\"yoast-schema-graph\">{\"@context\":\"https:\\\/\\\/schema.org\",\"@graph\":[{\"@type\":\"Article\",\"@id\":\"https:\\\/\\\/infopba247.com.ar\\\/index.php\\\/2024\\\/02\\\/06\\\/verano-en-la-repu-700-ninos-ya-participan-de-la-colonia-municipal\\\/#article\",\"isPartOf\":{\"@id\":\"https:\\\/\\\/infopba247.com.ar\\\/index.php\\\/2024\\\/02\\\/06\\\/verano-en-la-repu-700-ninos-ya-participan-de-la-colonia-municipal\\\/\"},\"author\":{\"name\":\"Editor\",\"@id\":\"https:\\\/\\\/infopba247.com.ar\\\/#\\\/schema\\\/person\\\/4975f1343a413e57bf839b3eed0099f2\"},\"headline\":\"Verano en la \u2018Repu\u2019: 700 ni\u00f1os ya participan de la Colonia Municipal\",\"datePublished\":\"2024-02-06T11:13:40+00:00\",\"dateModified\":\"2024-02-06T11:13:41+00:00\",\"mainEntityOfPage\":{\"@id\":\"https:\\\/\\\/infopba247.com.ar\\\/index.php\\\/2024\\\/02\\\/06\\\/verano-en-la-repu-700-ninos-ya-participan-de-la-colonia-municipal\\\/\"},\"wordCount\":271,\"publisher\":{\"@id\":\"https:\\\/\\\/infopba247.com.ar\\\/#organization\"},\"image\":{\"@id\":\"https:\\\/\\\/infopba247.com.ar\\\/index.php\\\/2024\\\/02\\\/06\\\/verano-en-la-repu-700-ninos-ya-participan-de-la-colonia-municipal\\\/#primaryimage\"},\"thumbnailUrl\":\"https:\\\/\\\/infopba247.com.ar\\\/wp-content\\\/uploads\\\/2024\\\/02\\\/unnamed-78.jpg\",\"articleSection\":[\"8va Secci\u00f3n\",\"Destacadas\",\"Pol\u00edtica\"],\"inLanguage\":\"es\"},{\"@type\":\"WebPage\",\"@id\":\"https:\\\/\\\/infopba247.com.ar\\\/index.php\\\/2024\\\/02\\\/06\\\/verano-en-la-repu-700-ninos-ya-participan-de-la-colonia-municipal\\\/\",\"url\":\"https:\\\/\\\/infopba247.com.ar\\\/index.php\\\/2024\\\/02\\\/06\\\/verano-en-la-repu-700-ninos-ya-participan-de-la-colonia-municipal\\\/\",\"name\":\"Verano en la \u2018Repu\u2019: 700 ni\u00f1os ya participan de la Colonia Municipal - InfoPBA247\",\"isPartOf\":{\"@id\":\"https:\\\/\\\/infopba247.com.ar\\\/#website\"},\"primaryImageOfPage\":{\"@id\":\"https:\\\/\\\/infopba247.com.ar\\\/index.php\\\/2024\\\/02\\\/06\\\/verano-en-la-repu-700-ninos-ya-participan-de-la-colonia-municipal\\\/#primaryimage\"},\"image\":{\"@id\":\"https:\\\/\\\/infopba247.com.ar\\\/index.php\\\/2024\\\/02\\\/06\\\/verano-en-la-repu-700-ninos-ya-participan-de-la-colonia-municipal\\\/#primaryimage\"},\"thumbnailUrl\":\"https:\\\/\\\/infopba247.com.ar\\\/wp-content\\\/uploads\\\/2024\\\/02\\\/unnamed-78.jpg\",\"datePublished\":\"2024-02-06T11:13:40+00:00\",\"dateModified\":\"2024-02-06T11:13:41+00:00\",\"breadcrumb\":{\"@id\":\"https:\\\/\\\/infopba247.com.ar\\\/index.php\\\/2024\\\/02\\\/06\\\/verano-en-la-repu-700-ninos-ya-participan-de-la-colonia-municipal\\\/#breadcrumb\"},\"inLanguage\":\"es\",\"potentialAction\":[{\"@type\":\"ReadAction\",\"target\":[\"https:\\\/\\\/infopba247.com.ar\\\/index.php\\\/2024\\\/02\\\/06\\\/verano-en-la-repu-700-ninos-ya-participan-de-la-colonia-municipal\\\/\"]}]},{\"@type\":\"ImageObject\",\"inLanguage\":\"es\",\"@id\":\"https:\\\/\\\/infopba247.com.ar\\\/index.php\\\/2024\\\/02\\\/06\\\/verano-en-la-repu-700-ninos-ya-participan-de-la-colonia-municipal\\\/#primaryimage\",\"url\":\"https:\\\/\\\/infopba247.com.ar\\\/wp-content\\\/uploads\\\/2024\\\/02\\\/unnamed-78.jpg\",\"contentUrl\":\"https:\\\/\\\/infopba247.com.ar\\\/wp-content\\\/uploads\\\/2024\\\/02\\\/unnamed-78.jpg\",\"width\":1616,\"height\":1080},{\"@type\":\"BreadcrumbList\",\"@id\":\"https:\\\/\\\/infopba247.com.ar\\\/index.php\\\/2024\\\/02\\\/06\\\/verano-en-la-repu-700-ninos-ya-participan-de-la-colonia-municipal\\\/#breadcrumb\",\"itemListElement\":[{\"@type\":\"ListItem\",\"position\":1,\"name\":\"Portada\",\"item\":\"https:\\\/\\\/infopba247.com.ar\\\/\"},{\"@type\":\"ListItem\",\"position\":2,\"name\":\"Verano en la \u2018Repu\u2019: 700 ni\u00f1os ya participan de la Colonia Municipal\"}]},{\"@type\":\"WebSite\",\"@id\":\"https:\\\/\\\/infopba247.com.ar\\\/#website\",\"url\":\"https:\\\/\\\/infopba247.com.ar\\\/\",\"name\":\"InfoPBA247\",\"description\":\"Toda la actualidad bonaerense\",\"publisher\":{\"@id\":\"https:\\\/\\\/infopba247.com.ar\\\/#organization\"},\"potentialAction\":[{\"@type\":\"SearchAction\",\"target\":{\"@type\":\"EntryPoint\",\"urlTemplate\":\"https:\\\/\\\/infopba247.com.ar\\\/?s={search_term_string}\"},\"query-input\":{\"@type\":\"PropertyValueSpecification\",\"valueRequired\":true,\"valueName\":\"search_term_string\"}}],\"inLanguage\":\"es\"},{\"@type\":\"Organization\",\"@id\":\"https:\\\/\\\/infopba247.com.ar\\\/#organization\",\"name\":\"InfoPBA247\",\"url\":\"https:\\\/\\\/infopba247.com.ar\\\/\",\"logo\":{\"@type\":\"ImageObject\",\"inLanguage\":\"es\",\"@id\":\"https:\\\/\\\/infopba247.com.ar\\\/#\\\/schema\\\/logo\\\/image\\\/\",\"url\":\"https:\\\/\\\/infopba247.com.ar\\\/wp-content\\\/uploads\\\/2022\\\/03\\\/cropped-InfoPBA247-1.png\",\"contentUrl\":\"https:\\\/\\\/infopba247.com.ar\\\/wp-content\\\/uploads\\\/2022\\\/03\\\/cropped-InfoPBA247-1.png\",\"width\":500,\"height\":122,\"caption\":\"InfoPBA247\"},\"image\":{\"@id\":\"https:\\\/\\\/infopba247.com.ar\\\/#\\\/schema\\\/logo\\\/image\\\/\"},\"sameAs\":[\"https:\\\/\\\/www.facebook.com\\\/InfoPBA\"]},{\"@type\":\"Person\",\"@id\":\"https:\\\/\\\/infopba247.com.ar\\\/#\\\/schema\\\/person\\\/4975f1343a413e57bf839b3eed0099f2\",\"name\":\"Editor\",\"image\":{\"@type\":\"ImageObject\",\"inLanguage\":\"es\",\"@id\":\"https:\\\/\\\/secure.gravatar.com\\\/avatar\\\/d27fe9520667ca53441d36627a1d6b0fa4a813571ec4803687a7a3a7744685ac?s=96&d=mm&r=g\",\"url\":\"https:\\\/\\\/secure.gravatar.com\\\/avatar\\\/d27fe9520667ca53441d36627a1d6b0fa4a813571ec4803687a7a3a7744685ac?s=96&d=mm&r=g\",\"contentUrl\":\"https:\\\/\\\/secure.gravatar.com\\\/avatar\\\/d27fe9520667ca53441d36627a1d6b0fa4a813571ec4803687a7a3a7744685ac?s=96&d=mm&r=g\",\"caption\":\"Editor\"},\"url\":\"https:\\\/\\\/infopba247.com.ar\\\/index.php\\\/author\\\/editor\\\/\"}]}<\/script>\n<!-- \/ Yoast SEO plugin. -->","yoast_head_json":{"title":"Verano en la \u2018Repu\u2019: 700 ni\u00f1os ya participan de la Colonia Municipal - InfoPBA247","robots":{"index":"index","follow":"follow","max-snippet":"max-snippet:-1","max-image-preview":"max-image-preview:large","max-video-preview":"max-video-preview:-1"},"canonical":"https:\/\/infopba247.com.ar\/index.php\/2024\/02\/06\/verano-en-la-repu-700-ninos-ya-participan-de-la-colonia-municipal\/","og_locale":"es_ES","og_type":"article","og_title":"Verano en la \u2018Repu\u2019: 700 ni\u00f1os ya participan de la Colonia Municipal - InfoPBA247","og_description":"Desde su inicio a fines de enero, 700 inscriptos participan de la primera etapa de la colonia de vacaciones de","og_url":"https:\/\/infopba247.com.ar\/index.php\/2024\/02\/06\/verano-en-la-repu-700-ninos-ya-participan-de-la-colonia-municipal\/","og_site_name":"InfoPBA247","article_publisher":"https:\/\/www.facebook.com\/InfoPBA","article_published_time":"2024-02-06T11:13:40+00:00","article_modified_time":"2024-02-06T11:13:41+00:00","og_image":[{"width":1616,"height":1080,"url":"https:\/\/infopba247.com.ar\/wp-content\/uploads\/2024\/02\/unnamed-78.jpg","type":"image\/jpeg"}],"author":"Editor","twitter_card":"summary_large_image","twitter_misc":{"Escrito por":"Editor","Tiempo de lectura":"2 minutos"},"schema":{"@context":"https:\/\/schema.org","@graph":[{"@type":"Article","@id":"https:\/\/infopba247.com.ar\/index.php\/2024\/02\/06\/verano-en-la-repu-700-ninos-ya-participan-de-la-colonia-municipal\/#article","isPartOf":{"@id":"https:\/\/infopba247.com.ar\/index.php\/2024\/02\/06\/verano-en-la-repu-700-ninos-ya-participan-de-la-colonia-municipal\/"},"author":{"name":"Editor","@id":"https:\/\/infopba247.com.ar\/#\/schema\/person\/4975f1343a413e57bf839b3eed0099f2"},"headline":"Verano en la \u2018Repu\u2019: 700 ni\u00f1os ya participan de la Colonia Municipal","datePublished":"2024-02-06T11:13:40+00:00","dateModified":"2024-02-06T11:13:41+00:00","mainEntityOfPage":{"@id":"https:\/\/infopba247.com.ar\/index.php\/2024\/02\/06\/verano-en-la-repu-700-ninos-ya-participan-de-la-colonia-municipal\/"},"wordCount":271,"publisher":{"@id":"https:\/\/infopba247.com.ar\/#organization"},"image":{"@id":"https:\/\/infopba247.com.ar\/index.php\/2024\/02\/06\/verano-en-la-repu-700-ninos-ya-participan-de-la-colonia-municipal\/#primaryimage"},"thumbnailUrl":"https:\/\/infopba247.com.ar\/wp-content\/uploads\/2024\/02\/unnamed-78.jpg","articleSection":["8va Secci\u00f3n","Destacadas","Pol\u00edtica"],"inLanguage":"es"},{"@type":"WebPage","@id":"https:\/\/infopba247.com.ar\/index.php\/2024\/02\/06\/verano-en-la-repu-700-ninos-ya-participan-de-la-colonia-municipal\/","url":"https:\/\/infopba247.com.ar\/index.php\/2024\/02\/06\/verano-en-la-repu-700-ninos-ya-participan-de-la-colonia-municipal\/","name":"Verano en la \u2018Repu\u2019: 700 ni\u00f1os ya participan de la Colonia Municipal - InfoPBA247","isPartOf":{"@id":"https:\/\/infopba247.com.ar\/#website"},"primaryImageOfPage":{"@id":"https:\/\/infopba247.com.ar\/index.php\/2024\/02\/06\/verano-en-la-repu-700-ninos-ya-participan-de-la-colonia-municipal\/#primaryimage"},"image":{"@id":"https:\/\/infopba247.com.ar\/index.php\/2024\/02\/06\/verano-en-la-repu-700-ninos-ya-participan-de-la-colonia-municipal\/#primaryimage"},"thumbnailUrl":"https:\/\/infopba247.com.ar\/wp-content\/uploads\/2024\/02\/unnamed-78.jpg","datePublished":"2024-02-06T11:13:40+00:00","dateModified":"2024-02-06T11:13:41+00:00","breadcrumb":{"@id":"https:\/\/infopba247.com.ar\/index.php\/2024\/02\/06\/verano-en-la-repu-700-ninos-ya-participan-de-la-colonia-municipal\/#breadcrumb"},"inLanguage":"es","potentialAction":[{"@type":"ReadAction","target":["https:\/\/infopba247.com.ar\/index.php\/2024\/02\/06\/verano-en-la-repu-700-ninos-ya-participan-de-la-colonia-municipal\/"]}]},{"@type":"ImageObject","inLanguage":"es","@id":"https:\/\/infopba247.com.ar\/index.php\/2024\/02\/06\/verano-en-la-repu-700-ninos-ya-participan-de-la-colonia-municipal\/#primaryimage","url":"https:\/\/infopba247.com.ar\/wp-content\/uploads\/2024\/02\/unnamed-78.jpg","contentUrl":"https:\/\/infopba247.com.ar\/wp-content\/uploads\/2024\/02\/unnamed-78.jpg","width":1616,"height":1080},{"@type":"BreadcrumbList","@id":"https:\/\/infopba247.com.ar\/index.php\/2024\/02\/06\/verano-en-la-repu-700-ninos-ya-participan-de-la-colonia-municipal\/#breadcrumb","itemListElement":[{"@type":"ListItem","position":1,"name":"Portada","item":"https:\/\/infopba247.com.ar\/"},{"@type":"ListItem","position":2,"name":"Verano en la \u2018Repu\u2019: 700 ni\u00f1os ya participan de la Colonia Municipal"}]},{"@type":"WebSite","@id":"https:\/\/infopba247.com.ar\/#website","url":"https:\/\/infopba247.com.ar\/","name":"InfoPBA247","description":"Toda la actualidad bonaerense","publisher":{"@id":"https:\/\/infopba247.com.ar\/#organization"},"potentialAction":[{"@type":"SearchAction","target":{"@type":"EntryPoint","urlTemplate":"https:\/\/infopba247.com.ar\/?s={search_term_string}"},"query-input":{"@type":"PropertyValueSpecification","valueRequired":true,"valueName":"search_term_string"}}],"inLanguage":"es"},{"@type":"Organization","@id":"https:\/\/infopba247.com.ar\/#organization","name":"InfoPBA247","url":"https:\/\/infopba247.com.ar\/","logo":{"@type":"ImageObject","inLanguage":"es","@id":"https:\/\/infopba247.com.ar\/#\/schema\/logo\/image\/","url":"https:\/\/infopba247.com.ar\/wp-content\/uploads\/2022\/03\/cropped-InfoPBA247-1.png","contentUrl":"https:\/\/infopba247.com.ar\/wp-content\/uploads\/2022\/03\/cropped-InfoPBA247-1.png","width":500,"height":122,"caption":"InfoPBA247"},"image":{"@id":"https:\/\/infopba247.com.ar\/#\/schema\/logo\/image\/"},"sameAs":["https:\/\/www.facebook.com\/InfoPBA"]},{"@type":"Person","@id":"https:\/\/infopba247.com.ar\/#\/schema\/person\/4975f1343a413e57bf839b3eed0099f2","name":"Editor","image":{"@type":"ImageObject","inLanguage":"es","@id":"https:\/\/secure.gravatar.com\/avatar\/d27fe9520667ca53441d36627a1d6b0fa4a813571ec4803687a7a3a7744685ac?s=96&d=mm&r=g","url":"https:\/\/secure.gravatar.com\/avatar\/d27fe9520667ca53441d36627a1d6b0fa4a813571ec4803687a7a3a7744685ac?s=96&d=mm&r=g","contentUrl":"https:\/\/secure.gravatar.com\/avatar\/d27fe9520667ca53441d36627a1d6b0fa4a813571ec4803687a7a3a7744685ac?s=96&d=mm&r=g","caption":"Editor"},"url":"https:\/\/infopba247.com.ar\/index.php\/author\/editor\/"}]}},"_links":{"self":[{"href":"https:\/\/infopba247.com.ar\/index.php\/wp-json\/wp\/v2\/posts\/3430","targetHints":{"allow":["GET"]}}],"collection":[{"href":"https:\/\/infopba247.com.ar\/index.php\/wp-json\/wp\/v2\/posts"}],"about":[{"href":"https:\/\/infopba247.com.ar\/index.php\/wp-json\/wp\/v2\/types\/post"}],"author":[{"embeddable":true,"href":"https:\/\/infopba247.com.ar\/index.php\/wp-json\/wp\/v2\/users\/3"}],"replies":[{"embeddable":true,"href":"https:\/\/infopba247.com.ar\/index.php\/wp-json\/wp\/v2\/comments?post=3430"}],"version-history":[{"count":1,"href":"https:\/\/infopba247.com.ar\/index.php\/wp-json\/wp\/v2\/posts\/3430\/revisions"}],"predecessor-version":[{"id":3431,"href":"https:\/\/infopba247.com.ar\/index.php\/wp-json\/wp\/v2\/posts\/3430\/revisions\/3431"}],"wp:featuredmedia":[{"embeddable":true,"href":"https:\/\/infopba247.com.ar\/index.php\/wp-json\/wp\/v2\/media\/3427"}],"wp:attachment":[{"href":"https:\/\/infopba247.com.ar\/index.php\/wp-json\/wp\/v2\/media?parent=3430"}],"wp:term":[{"taxonomy":"category","embeddable":true,"href":"https:\/\/infopba247.com.ar\/index.php\/wp-json\/wp\/v2\/categories?post=3430"},{"taxonomy":"post_tag","embeddable":true,"href":"https:\/\/infopba247.com.ar\/index.php\/wp-json\/wp\/v2\/tags?post=3430"}],"curies":[{"name":"wp","href":"https:\/\/api.w.org\/{rel}","templated":true}]}}