{"id":343,"date":"2022-05-15T19:58:00","date_gmt":"2022-05-15T19:58:00","guid":{"rendered":"https:\/\/infopba247.com.ar\/?p=343"},"modified":"2022-05-16T20:00:09","modified_gmt":"2022-05-16T20:00:09","slug":"kicillof-inauguro-una-sede-del-registro-de-las-personas-en-una-localidad-de-canuelas-y-potencia-su-plan-6x6-de-cara-al-2023","status":"publish","type":"post","link":"https:\/\/infopba247.com.ar\/index.php\/2022\/05\/15\/kicillof-inauguro-una-sede-del-registro-de-las-personas-en-una-localidad-de-canuelas-y-potencia-su-plan-6x6-de-cara-al-2023\/","title":{"rendered":"Kicillof inaugur\u00f3 una sede del Registro de las Personas en una localidad de Ca\u00f1uelas y potencia su plan 6\u00d76 de cara al 2023"},"content":{"rendered":"\n<p>En el marco del Plan 6 por 6, el gobernador Axel Kicillof encabez\u00f3 esta ma\u00f1ana el acto de inauguraci\u00f3n de la sede del Registro Provincial de las Personas de la localidad de M\u00e1ximo Paz, en Ca\u00f1uelas. Fue junto a la ministra de Gobierno, Cristina \u00c1lvarez Rodr\u00edguez; la intendenta local, Marisa Fassi; el administrador general de Vialidad Nacional, Gustavo Arrieta, y el director del Registro Provincial de las Personas, Mariano R\u00edos Ordo\u00f1ez. A continuaci\u00f3n, las autoridades pusieron en marcha el Jard\u00edn de Infantes 919, acompa\u00f1ados por el director general de Cultura y Educaci\u00f3n, Alberto Sileoni.<\/p>\n\n\n\n<p>\u201cDespu\u00e9s de una etapa de cuatro a\u00f1os de promesas incumplidas, estamos llevando adelante la hoja de ruta que planteamos desde el primer d\u00eda, priorizando la salud, la educaci\u00f3n, la producci\u00f3n y el trabajo en toda la provincia de Buenos Aires\u201d, subray\u00f3 Kicillof.<\/p>\n\n\n\n<p>En ese sentido, el Gobernador explic\u00f3 que \u201cel interior de la Provincia tambi\u00e9n ha sido postergado durante mucho tiempo, por lo cual nos propusimos gobernar para los 17 millones de bonaerenses\u201d. \u201cAvanzamos con la construcci\u00f3n de Registros de las Personas, escuelas y rutas porque es la forma de garantizar los derechos y generar igualdad de oportunidades en los 135 municipios\u201d, remarc\u00f3.<\/p>\n\n\n\n<p>El Plan 6 por 6 establece la refuncionalizaci\u00f3n integral y puesta en valor de las delegaciones del Registro Provincial. En base a ello, se invirtieron 11 millones de pesos para la construcci\u00f3n de un edificio nuevo que permite brindar un mejor servicio a los vecinos y vecinas de M\u00e1ximo Paz, quienes para hacer un tr\u00e1mite deb\u00edan trasladarse hasta la ciudad cabecera del partido desde que la sede anterior dej\u00f3 de funcionar a fines de 2015.<\/p>\n\n\n\n<p>En tanto, \u00c1lvarez Rodr\u00edguez se\u00f1al\u00f3 que \u201cdespu\u00e9s de a\u00f1os en los que los Registros cerraban por problemas edilicios y falta de equipamiento, hoy contamos con un Estado presente que destina los recursos para cumplir los derechos de los vecinos y las vecinas de M\u00e1ximo Paz\u201d.<\/p>\n\n\n\n<p>\u201cAqu\u00ed se realizan los tr\u00e1mites que hacen a nuestra vida, por eso el Registro Provincial de las Personas es la puerta de acceso a los derechos\u201d, afirm\u00f3 la Ministra, al tiempo que destac\u00f3 los avances del programa Mi Identidad, Mi Derecho: \u201cSalimos a los barrios a buscar a todas las personas que no cuentan con la documentaci\u00f3n necesaria para acceder a derechos como la salud y la educaci\u00f3n\u201d.<\/p>\n\n\n\n<p>El Registro cuenta con sector de toma de tr\u00e1mites, sala de matrimonios, un espacio dedicado al archivo de los documentos y libros correspondientes, y sala de espera.<\/p>\n\n\n\n<p>Por su parte, la intendenta Fassi remarc\u00f3: \u201cEstoy orgullosa de formar parte de un equipo junto a la Naci\u00f3n y la Provincia que le permiti\u00f3 a Ca\u00f1uelas tener la mayor cantidad de obras en sus 200 a\u00f1os de historia\u201d. \u201cM\u00e1ximo Paz es una de las localidades m\u00e1s grandes de nuestro distrito, con m\u00e1s de 15 mil habitantes que ahora podr\u00e1n realizar tr\u00e1mites de manera r\u00e1pida y cerca de sus domicilios\u201d, agreg\u00f3.<\/p>\n\n\n\n<p>Durante el acto el Gobernador efectu\u00f3 la entrega de cuatro camionetas 4\u00d74 que reemplazar\u00e1n a los veh\u00edculos del cuerpo de Polic\u00eda Rural en el distrito. Adem\u00e1s, se incorporaron dos efectivos de la primera cohorte de la Escuela Rural de Formaci\u00f3n Juan Vucetich.<\/p>\n\n\n\n<p>\u201cNo solo estamos reemplazando veh\u00edculos viejos que ya no funcionaban, sino que creamos el cuerpo de Polic\u00eda Rural, con cadetes que reciben una instrucci\u00f3n especial y fueron seleccionados en cada uno de los pueblos para que conozcan la forma de vida en el marco de la ruralidad\u201d, sostuvo Kicillof.<\/p>\n","protected":false},"excerpt":{"rendered":"<p>En el marco del Plan 6 por 6, el gobernador Axel Kicillof encabez\u00f3 esta ma\u00f1ana el acto de inauguraci\u00f3n de<\/p>\n","protected":false},"author":2,"featured_media":344,"comment_status":"closed","ping_status":"closed","sticky":false,"template":"","format":"standard","meta":{"colormag_page_container_layout":"default_layout","colormag_page_sidebar_layout":"default_layout","footnotes":""},"categories":[7,1,14],"tags":[57],"class_list":["post-343","post","type-post","status-publish","format-standard","has-post-thumbnail","hentry","category-3ra-seccion","category-destacadas","category-politica","tag-municipalidad-de-canuelas"],"yoast_head":"<!-- This site is optimized with the Yoast SEO plugin v27.4 - https:\/\/yoast.com\/product\/yoast-seo-wordpress\/ -->\n<title>Kicillof inaugur\u00f3 una sede del Registro de las Personas en una localidad de Ca\u00f1uelas y potencia su plan 6\u00d76 de cara al 2023 - InfoPBA247<\/title>\n<meta name=\"robots\" content=\"index, follow, max-snippet:-1, max-image-preview:large, max-video-preview:-1\" \/>\n<link rel=\"canonical\" href=\"https:\/\/infopba247.com.ar\/index.php\/2022\/05\/15\/kicillof-inauguro-una-sede-del-registro-de-las-personas-en-una-localidad-de-canuelas-y-potencia-su-plan-6x6-de-cara-al-2023\/\" \/>\n<meta property=\"og:locale\" content=\"es_ES\" \/>\n<meta property=\"og:type\" content=\"article\" \/>\n<meta property=\"og:title\" content=\"Kicillof inaugur\u00f3 una sede del Registro de las Personas en una localidad de Ca\u00f1uelas y potencia su plan 6\u00d76 de cara al 2023 - InfoPBA247\" \/>\n<meta property=\"og:description\" content=\"En el marco del Plan 6 por 6, el gobernador Axel Kicillof encabez\u00f3 esta ma\u00f1ana el acto de inauguraci\u00f3n de\" \/>\n<meta property=\"og:url\" content=\"https:\/\/infopba247.com.ar\/index.php\/2022\/05\/15\/kicillof-inauguro-una-sede-del-registro-de-las-personas-en-una-localidad-de-canuelas-y-potencia-su-plan-6x6-de-cara-al-2023\/\" \/>\n<meta property=\"og:site_name\" content=\"InfoPBA247\" \/>\n<meta property=\"article:publisher\" content=\"https:\/\/www.facebook.com\/InfoPBA\" \/>\n<meta property=\"article:published_time\" content=\"2022-05-15T19:58:00+00:00\" \/>\n<meta property=\"article:modified_time\" content=\"2022-05-16T20:00:09+00:00\" \/>\n<meta property=\"og:image\" content=\"https:\/\/infopba247.com.ar\/wp-content\/uploads\/2022\/05\/WhatsApp-Image-2022-05-11-at-2.29.28-PM.jpeg\" \/>\n\t<meta property=\"og:image:width\" content=\"992\" \/>\n\t<meta property=\"og:image:height\" content=\"854\" \/>\n\t<meta property=\"og:image:type\" content=\"image\/jpeg\" \/>\n<meta name=\"twitter:card\" content=\"summary_large_image\" \/>\n<meta name=\"twitter:label1\" content=\"Escrito por\" \/>\n\t<meta name=\"twitter:data1\" content=\"\" \/>\n\t<meta name=\"twitter:label2\" content=\"Tiempo de lectura\" \/>\n\t<meta name=\"twitter:data2\" content=\"3 minutos\" \/>\n<script type=\"application\/ld+json\" class=\"yoast-schema-graph\">{\"@context\":\"https:\\\/\\\/schema.org\",\"@graph\":[{\"@type\":\"Article\",\"@id\":\"https:\\\/\\\/infopba247.com.ar\\\/index.php\\\/2022\\\/05\\\/15\\\/kicillof-inauguro-una-sede-del-registro-de-las-personas-en-una-localidad-de-canuelas-y-potencia-su-plan-6x6-de-cara-al-2023\\\/#article\",\"isPartOf\":{\"@id\":\"https:\\\/\\\/infopba247.com.ar\\\/index.php\\\/2022\\\/05\\\/15\\\/kicillof-inauguro-una-sede-del-registro-de-las-personas-en-una-localidad-de-canuelas-y-potencia-su-plan-6x6-de-cara-al-2023\\\/\"},\"author\":{\"name\":\"\",\"@id\":\"\"},\"headline\":\"Kicillof inaugur\u00f3 una sede del Registro de las Personas en una localidad de Ca\u00f1uelas y potencia su plan 6\u00d76 de cara al 2023\",\"datePublished\":\"2022-05-15T19:58:00+00:00\",\"dateModified\":\"2022-05-16T20:00:09+00:00\",\"mainEntityOfPage\":{\"@id\":\"https:\\\/\\\/infopba247.com.ar\\\/index.php\\\/2022\\\/05\\\/15\\\/kicillof-inauguro-una-sede-del-registro-de-las-personas-en-una-localidad-de-canuelas-y-potencia-su-plan-6x6-de-cara-al-2023\\\/\"},\"wordCount\":633,\"publisher\":{\"@id\":\"https:\\\/\\\/infopba247.com.ar\\\/#organization\"},\"image\":{\"@id\":\"https:\\\/\\\/infopba247.com.ar\\\/index.php\\\/2022\\\/05\\\/15\\\/kicillof-inauguro-una-sede-del-registro-de-las-personas-en-una-localidad-de-canuelas-y-potencia-su-plan-6x6-de-cara-al-2023\\\/#primaryimage\"},\"thumbnailUrl\":\"https:\\\/\\\/infopba247.com.ar\\\/wp-content\\\/uploads\\\/2022\\\/05\\\/WhatsApp-Image-2022-05-11-at-2.29.28-PM.jpeg\",\"keywords\":[\"Municipalidad de Ca\u00f1uelas\"],\"articleSection\":[\"3ra Secci\u00f3n\",\"Destacadas\",\"Pol\u00edtica\"],\"inLanguage\":\"es\"},{\"@type\":\"WebPage\",\"@id\":\"https:\\\/\\\/infopba247.com.ar\\\/index.php\\\/2022\\\/05\\\/15\\\/kicillof-inauguro-una-sede-del-registro-de-las-personas-en-una-localidad-de-canuelas-y-potencia-su-plan-6x6-de-cara-al-2023\\\/\",\"url\":\"https:\\\/\\\/infopba247.com.ar\\\/index.php\\\/2022\\\/05\\\/15\\\/kicillof-inauguro-una-sede-del-registro-de-las-personas-en-una-localidad-de-canuelas-y-potencia-su-plan-6x6-de-cara-al-2023\\\/\",\"name\":\"Kicillof inaugur\u00f3 una sede del Registro de las Personas en una localidad de Ca\u00f1uelas y potencia su plan 6\u00d76 de cara al 2023 - InfoPBA247\",\"isPartOf\":{\"@id\":\"https:\\\/\\\/infopba247.com.ar\\\/#website\"},\"primaryImageOfPage\":{\"@id\":\"https:\\\/\\\/infopba247.com.ar\\\/index.php\\\/2022\\\/05\\\/15\\\/kicillof-inauguro-una-sede-del-registro-de-las-personas-en-una-localidad-de-canuelas-y-potencia-su-plan-6x6-de-cara-al-2023\\\/#primaryimage\"},\"image\":{\"@id\":\"https:\\\/\\\/infopba247.com.ar\\\/index.php\\\/2022\\\/05\\\/15\\\/kicillof-inauguro-una-sede-del-registro-de-las-personas-en-una-localidad-de-canuelas-y-potencia-su-plan-6x6-de-cara-al-2023\\\/#primaryimage\"},\"thumbnailUrl\":\"https:\\\/\\\/infopba247.com.ar\\\/wp-content\\\/uploads\\\/2022\\\/05\\\/WhatsApp-Image-2022-05-11-at-2.29.28-PM.jpeg\",\"datePublished\":\"2022-05-15T19:58:00+00:00\",\"dateModified\":\"2022-05-16T20:00:09+00:00\",\"breadcrumb\":{\"@id\":\"https:\\\/\\\/infopba247.com.ar\\\/index.php\\\/2022\\\/05\\\/15\\\/kicillof-inauguro-una-sede-del-registro-de-las-personas-en-una-localidad-de-canuelas-y-potencia-su-plan-6x6-de-cara-al-2023\\\/#breadcrumb\"},\"inLanguage\":\"es\",\"potentialAction\":[{\"@type\":\"ReadAction\",\"target\":[\"https:\\\/\\\/infopba247.com.ar\\\/index.php\\\/2022\\\/05\\\/15\\\/kicillof-inauguro-una-sede-del-registro-de-las-personas-en-una-localidad-de-canuelas-y-potencia-su-plan-6x6-de-cara-al-2023\\\/\"]}]},{\"@type\":\"ImageObject\",\"inLanguage\":\"es\",\"@id\":\"https:\\\/\\\/infopba247.com.ar\\\/index.php\\\/2022\\\/05\\\/15\\\/kicillof-inauguro-una-sede-del-registro-de-las-personas-en-una-localidad-de-canuelas-y-potencia-su-plan-6x6-de-cara-al-2023\\\/#primaryimage\",\"url\":\"https:\\\/\\\/infopba247.com.ar\\\/wp-content\\\/uploads\\\/2022\\\/05\\\/WhatsApp-Image-2022-05-11-at-2.29.28-PM.jpeg\",\"contentUrl\":\"https:\\\/\\\/infopba247.com.ar\\\/wp-content\\\/uploads\\\/2022\\\/05\\\/WhatsApp-Image-2022-05-11-at-2.29.28-PM.jpeg\",\"width\":992,\"height\":854},{\"@type\":\"BreadcrumbList\",\"@id\":\"https:\\\/\\\/infopba247.com.ar\\\/index.php\\\/2022\\\/05\\\/15\\\/kicillof-inauguro-una-sede-del-registro-de-las-personas-en-una-localidad-de-canuelas-y-potencia-su-plan-6x6-de-cara-al-2023\\\/#breadcrumb\",\"itemListElement\":[{\"@type\":\"ListItem\",\"position\":1,\"name\":\"Portada\",\"item\":\"https:\\\/\\\/infopba247.com.ar\\\/\"},{\"@type\":\"ListItem\",\"position\":2,\"name\":\"Kicillof inaugur\u00f3 una sede del Registro de las Personas en una localidad de Ca\u00f1uelas y potencia su plan 6\u00d76 de cara al 2023\"}]},{\"@type\":\"WebSite\",\"@id\":\"https:\\\/\\\/infopba247.com.ar\\\/#website\",\"url\":\"https:\\\/\\\/infopba247.com.ar\\\/\",\"name\":\"InfoPBA247\",\"description\":\"Toda la actualidad bonaerense\",\"publisher\":{\"@id\":\"https:\\\/\\\/infopba247.com.ar\\\/#organization\"},\"potentialAction\":[{\"@type\":\"SearchAction\",\"target\":{\"@type\":\"EntryPoint\",\"urlTemplate\":\"https:\\\/\\\/infopba247.com.ar\\\/?s={search_term_string}\"},\"query-input\":{\"@type\":\"PropertyValueSpecification\",\"valueRequired\":true,\"valueName\":\"search_term_string\"}}],\"inLanguage\":\"es\"},{\"@type\":\"Organization\",\"@id\":\"https:\\\/\\\/infopba247.com.ar\\\/#organization\",\"name\":\"InfoPBA247\",\"url\":\"https:\\\/\\\/infopba247.com.ar\\\/\",\"logo\":{\"@type\":\"ImageObject\",\"inLanguage\":\"es\",\"@id\":\"https:\\\/\\\/infopba247.com.ar\\\/#\\\/schema\\\/logo\\\/image\\\/\",\"url\":\"https:\\\/\\\/infopba247.com.ar\\\/wp-content\\\/uploads\\\/2022\\\/03\\\/cropped-InfoPBA247-1.png\",\"contentUrl\":\"https:\\\/\\\/infopba247.com.ar\\\/wp-content\\\/uploads\\\/2022\\\/03\\\/cropped-InfoPBA247-1.png\",\"width\":500,\"height\":122,\"caption\":\"InfoPBA247\"},\"image\":{\"@id\":\"https:\\\/\\\/infopba247.com.ar\\\/#\\\/schema\\\/logo\\\/image\\\/\"},\"sameAs\":[\"https:\\\/\\\/www.facebook.com\\\/InfoPBA\"]},{\"@type\":\"Person\",\"@id\":\"\",\"url\":\"https:\\\/\\\/infopba247.com.ar\\\/index.php\\\/author\\\/\"}]}<\/script>\n<!-- \/ Yoast SEO plugin. -->","yoast_head_json":{"title":"Kicillof inaugur\u00f3 una sede del Registro de las Personas en una localidad de Ca\u00f1uelas y potencia su plan 6\u00d76 de cara al 2023 - InfoPBA247","robots":{"index":"index","follow":"follow","max-snippet":"max-snippet:-1","max-image-preview":"max-image-preview:large","max-video-preview":"max-video-preview:-1"},"canonical":"https:\/\/infopba247.com.ar\/index.php\/2022\/05\/15\/kicillof-inauguro-una-sede-del-registro-de-las-personas-en-una-localidad-de-canuelas-y-potencia-su-plan-6x6-de-cara-al-2023\/","og_locale":"es_ES","og_type":"article","og_title":"Kicillof inaugur\u00f3 una sede del Registro de las Personas en una localidad de Ca\u00f1uelas y potencia su plan 6\u00d76 de cara al 2023 - InfoPBA247","og_description":"En el marco del Plan 6 por 6, el gobernador Axel Kicillof encabez\u00f3 esta ma\u00f1ana el acto de inauguraci\u00f3n de","og_url":"https:\/\/infopba247.com.ar\/index.php\/2022\/05\/15\/kicillof-inauguro-una-sede-del-registro-de-las-personas-en-una-localidad-de-canuelas-y-potencia-su-plan-6x6-de-cara-al-2023\/","og_site_name":"InfoPBA247","article_publisher":"https:\/\/www.facebook.com\/InfoPBA","article_published_time":"2022-05-15T19:58:00+00:00","article_modified_time":"2022-05-16T20:00:09+00:00","og_image":[{"width":992,"height":854,"url":"https:\/\/infopba247.com.ar\/wp-content\/uploads\/2022\/05\/WhatsApp-Image-2022-05-11-at-2.29.28-PM.jpeg","type":"image\/jpeg"}],"twitter_card":"summary_large_image","twitter_misc":{"Escrito por":"","Tiempo de lectura":"3 minutos"},"schema":{"@context":"https:\/\/schema.org","@graph":[{"@type":"Article","@id":"https:\/\/infopba247.com.ar\/index.php\/2022\/05\/15\/kicillof-inauguro-una-sede-del-registro-de-las-personas-en-una-localidad-de-canuelas-y-potencia-su-plan-6x6-de-cara-al-2023\/#article","isPartOf":{"@id":"https:\/\/infopba247.com.ar\/index.php\/2022\/05\/15\/kicillof-inauguro-una-sede-del-registro-de-las-personas-en-una-localidad-de-canuelas-y-potencia-su-plan-6x6-de-cara-al-2023\/"},"author":{"name":"","@id":""},"headline":"Kicillof inaugur\u00f3 una sede del Registro de las Personas en una localidad de Ca\u00f1uelas y potencia su plan 6\u00d76 de cara al 2023","datePublished":"2022-05-15T19:58:00+00:00","dateModified":"2022-05-16T20:00:09+00:00","mainEntityOfPage":{"@id":"https:\/\/infopba247.com.ar\/index.php\/2022\/05\/15\/kicillof-inauguro-una-sede-del-registro-de-las-personas-en-una-localidad-de-canuelas-y-potencia-su-plan-6x6-de-cara-al-2023\/"},"wordCount":633,"publisher":{"@id":"https:\/\/infopba247.com.ar\/#organization"},"image":{"@id":"https:\/\/infopba247.com.ar\/index.php\/2022\/05\/15\/kicillof-inauguro-una-sede-del-registro-de-las-personas-en-una-localidad-de-canuelas-y-potencia-su-plan-6x6-de-cara-al-2023\/#primaryimage"},"thumbnailUrl":"https:\/\/infopba247.com.ar\/wp-content\/uploads\/2022\/05\/WhatsApp-Image-2022-05-11-at-2.29.28-PM.jpeg","keywords":["Municipalidad de Ca\u00f1uelas"],"articleSection":["3ra Secci\u00f3n","Destacadas","Pol\u00edtica"],"inLanguage":"es"},{"@type":"WebPage","@id":"https:\/\/infopba247.com.ar\/index.php\/2022\/05\/15\/kicillof-inauguro-una-sede-del-registro-de-las-personas-en-una-localidad-de-canuelas-y-potencia-su-plan-6x6-de-cara-al-2023\/","url":"https:\/\/infopba247.com.ar\/index.php\/2022\/05\/15\/kicillof-inauguro-una-sede-del-registro-de-las-personas-en-una-localidad-de-canuelas-y-potencia-su-plan-6x6-de-cara-al-2023\/","name":"Kicillof inaugur\u00f3 una sede del Registro de las Personas en una localidad de Ca\u00f1uelas y potencia su plan 6\u00d76 de cara al 2023 - InfoPBA247","isPartOf":{"@id":"https:\/\/infopba247.com.ar\/#website"},"primaryImageOfPage":{"@id":"https:\/\/infopba247.com.ar\/index.php\/2022\/05\/15\/kicillof-inauguro-una-sede-del-registro-de-las-personas-en-una-localidad-de-canuelas-y-potencia-su-plan-6x6-de-cara-al-2023\/#primaryimage"},"image":{"@id":"https:\/\/infopba247.com.ar\/index.php\/2022\/05\/15\/kicillof-inauguro-una-sede-del-registro-de-las-personas-en-una-localidad-de-canuelas-y-potencia-su-plan-6x6-de-cara-al-2023\/#primaryimage"},"thumbnailUrl":"https:\/\/infopba247.com.ar\/wp-content\/uploads\/2022\/05\/WhatsApp-Image-2022-05-11-at-2.29.28-PM.jpeg","datePublished":"2022-05-15T19:58:00+00:00","dateModified":"2022-05-16T20:00:09+00:00","breadcrumb":{"@id":"https:\/\/infopba247.com.ar\/index.php\/2022\/05\/15\/kicillof-inauguro-una-sede-del-registro-de-las-personas-en-una-localidad-de-canuelas-y-potencia-su-plan-6x6-de-cara-al-2023\/#breadcrumb"},"inLanguage":"es","potentialAction":[{"@type":"ReadAction","target":["https:\/\/infopba247.com.ar\/index.php\/2022\/05\/15\/kicillof-inauguro-una-sede-del-registro-de-las-personas-en-una-localidad-de-canuelas-y-potencia-su-plan-6x6-de-cara-al-2023\/"]}]},{"@type":"ImageObject","inLanguage":"es","@id":"https:\/\/infopba247.com.ar\/index.php\/2022\/05\/15\/kicillof-inauguro-una-sede-del-registro-de-las-personas-en-una-localidad-de-canuelas-y-potencia-su-plan-6x6-de-cara-al-2023\/#primaryimage","url":"https:\/\/infopba247.com.ar\/wp-content\/uploads\/2022\/05\/WhatsApp-Image-2022-05-11-at-2.29.28-PM.jpeg","contentUrl":"https:\/\/infopba247.com.ar\/wp-content\/uploads\/2022\/05\/WhatsApp-Image-2022-05-11-at-2.29.28-PM.jpeg","width":992,"height":854},{"@type":"BreadcrumbList","@id":"https:\/\/infopba247.com.ar\/index.php\/2022\/05\/15\/kicillof-inauguro-una-sede-del-registro-de-las-personas-en-una-localidad-de-canuelas-y-potencia-su-plan-6x6-de-cara-al-2023\/#breadcrumb","itemListElement":[{"@type":"ListItem","position":1,"name":"Portada","item":"https:\/\/infopba247.com.ar\/"},{"@type":"ListItem","position":2,"name":"Kicillof inaugur\u00f3 una sede del Registro de las Personas en una localidad de Ca\u00f1uelas y potencia su plan 6\u00d76 de cara al 2023"}]},{"@type":"WebSite","@id":"https:\/\/infopba247.com.ar\/#website","url":"https:\/\/infopba247.com.ar\/","name":"InfoPBA247","description":"Toda la actualidad bonaerense","publisher":{"@id":"https:\/\/infopba247.com.ar\/#organization"},"potentialAction":[{"@type":"SearchAction","target":{"@type":"EntryPoint","urlTemplate":"https:\/\/infopba247.com.ar\/?s={search_term_string}"},"query-input":{"@type":"PropertyValueSpecification","valueRequired":true,"valueName":"search_term_string"}}],"inLanguage":"es"},{"@type":"Organization","@id":"https:\/\/infopba247.com.ar\/#organization","name":"InfoPBA247","url":"https:\/\/infopba247.com.ar\/","logo":{"@type":"ImageObject","inLanguage":"es","@id":"https:\/\/infopba247.com.ar\/#\/schema\/logo\/image\/","url":"https:\/\/infopba247.com.ar\/wp-content\/uploads\/2022\/03\/cropped-InfoPBA247-1.png","contentUrl":"https:\/\/infopba247.com.ar\/wp-content\/uploads\/2022\/03\/cropped-InfoPBA247-1.png","width":500,"height":122,"caption":"InfoPBA247"},"image":{"@id":"https:\/\/infopba247.com.ar\/#\/schema\/logo\/image\/"},"sameAs":["https:\/\/www.facebook.com\/InfoPBA"]},{"@type":"Person","@id":"","url":"https:\/\/infopba247.com.ar\/index.php\/author\/"}]}},"_links":{"self":[{"href":"https:\/\/infopba247.com.ar\/index.php\/wp-json\/wp\/v2\/posts\/343","targetHints":{"allow":["GET"]}}],"collection":[{"href":"https:\/\/infopba247.com.ar\/index.php\/wp-json\/wp\/v2\/posts"}],"about":[{"href":"https:\/\/infopba247.com.ar\/index.php\/wp-json\/wp\/v2\/types\/post"}],"author":[{"embeddable":true,"href":"https:\/\/infopba247.com.ar\/index.php\/wp-json\/wp\/v2\/users\/2"}],"replies":[{"embeddable":true,"href":"https:\/\/infopba247.com.ar\/index.php\/wp-json\/wp\/v2\/comments?post=343"}],"version-history":[{"count":1,"href":"https:\/\/infopba247.com.ar\/index.php\/wp-json\/wp\/v2\/posts\/343\/revisions"}],"predecessor-version":[{"id":345,"href":"https:\/\/infopba247.com.ar\/index.php\/wp-json\/wp\/v2\/posts\/343\/revisions\/345"}],"wp:featuredmedia":[{"embeddable":true,"href":"https:\/\/infopba247.com.ar\/index.php\/wp-json\/wp\/v2\/media\/344"}],"wp:attachment":[{"href":"https:\/\/infopba247.com.ar\/index.php\/wp-json\/wp\/v2\/media?parent=343"}],"wp:term":[{"taxonomy":"category","embeddable":true,"href":"https:\/\/infopba247.com.ar\/index.php\/wp-json\/wp\/v2\/categories?post=343"},{"taxonomy":"post_tag","embeddable":true,"href":"https:\/\/infopba247.com.ar\/index.php\/wp-json\/wp\/v2\/tags?post=343"}],"curies":[{"name":"wp","href":"https:\/\/api.w.org\/{rel}","templated":true}]}}