{"id":3397,"date":"2024-02-01T06:35:45","date_gmt":"2024-02-01T09:35:45","guid":{"rendered":"https:\/\/infopba247.com.ar\/?p=3397"},"modified":"2024-02-01T06:35:46","modified_gmt":"2024-02-01T09:35:46","slug":"alak-participo-del-cierre-del-programa-escuelas-abiertas-de-verano","status":"publish","type":"post","link":"https:\/\/infopba247.com.ar\/index.php\/2024\/02\/01\/alak-participo-del-cierre-del-programa-escuelas-abiertas-de-verano\/","title":{"rendered":"Alak particip\u00f3 del cierre del programa \u201cEscuelas Abiertas de Verano\u201d"},"content":{"rendered":"\n<p>El intendente de La Plata, Julio Alak, particip\u00f3 junto al director de Cultura y Educaci\u00f3n bonaerense, Alberto Sileoni, y a la presidenta del Instituto Cultural, Florencia Saintout, del cierre del programa \u201cEscuelas Abiertas de Verano\u201d, que convoc\u00f3 a cientos de ni\u00f1os y j\u00f3venes de la ciudad.<\/p>\n\n\n\n<p>En el marco del evento, las autoridades realizaron junto a sus equipos una recorrida por el predio de la Rep\u00fablica de los Ni\u00f1os, una de las sedes donde se llev\u00f3 a cabo la propuesta, que tuvo m\u00e1s de 180 mil participantes en toda la Provincia.<\/p>\n\n\n\n<p>\u201cCuando defendemos la educaci\u00f3n p\u00fablica, estamos defendiendo tambi\u00e9n este tipo de programas, porque queremos una escuela que est\u00e9 siempre presente para los chicos y chicas\u201d, enfatiz\u00f3 Alak, quien ratific\u00f3 que \u201ces un compromiso de este intendente y del gobierno provincial garantizar que sea as\u00ed\u201d.<\/p>\n\n\n\n<p>En la ciudad, el programa que lleva adelante el Gobierno bonaerense se desarroll\u00f3 en 22 sedes que recibieron a chicos y adolescentes de entre 3 y 17 a\u00f1os de todos los barrios.<\/p>\n\n\n\n<p>\u00abHay 185.000 chicos en toda la provincia que est\u00e1n participando en el programa de escuelas de verano, una iniciativa que incluy\u00f3 1.700 sedes, y que en La Plata abarc\u00f3 a casi 800 chicos\u00bb, dijo a su turno Sileoni. En ese sentido, a\u00f1adi\u00f3: \u00abAc\u00e1 hay un Estado presente, con responsabilidad que busca generar m\u00e1s derechos\u00bb.<\/p>\n\n\n\n<p>Por su parte, Saintout enfatiz\u00f3 que se trat\u00f3 de \u00abun d\u00eda es muy simb\u00f3lico para mostrar el proyecto de ciudad que quiere Julio Alak y el proyecto de Provincia que quiere Axel Kicillof\u201d, como as\u00ed tambi\u00e9n \u201cpara mostrar la Rep\u00fablica de los Ni\u00f1os que so\u00f1amos, abierta a todas las infancias y no semiprivatizada y abandonada como la recibimos; un Estado que acompa\u00f1a, que no deja librado todo a l\u00f3gica del mercado, que es lo que votaron los y las bonaerenses\u00bb.<\/p>\n\n\n\n<p>Adem\u00e1s de recibir el Servicio Alimentario Escolar (SAE), los estudiantes pudieron realizar actividades deportivas, acu\u00e1ticas, art\u00edsticas, recreativas y de aprendizaje, a trav\u00e9s de las cuales se impulsan acciones relacionadas con el cuidado de la salud y la concientizaci\u00f3n sobre la problem\u00e1tica ambiental, entre otros.<\/p>\n\n\n\n<p>\u201cEsta propuesta es muy importante para muchas familias\u201d, subray\u00f3 el Alak, quien a\u00f1adi\u00f3 que \u201cadem\u00e1s, les da la oportunidad a los chicos y chicas de seguir aprendiendo tambi\u00e9n en vacaciones, porque practicar deportes o hacer actividades art\u00edsticas estimula los h\u00e1bitos saludables\u201d.<\/p>\n\n\n\n<p>Las autoridades estuvieron acompa\u00f1adas en la Rep\u00fablica de los Ni\u00f1os por el subsecretario de Educaci\u00f3n bonaerense, Pablo Urquiza; la secretaria de Educaci\u00f3n del Municipio, Paula Lambertini; la secretaria de Cultura, Ana Negrete; e integrantes del equipo de gabinete municipal, entre otros presentes.<\/p>\n","protected":false},"excerpt":{"rendered":"<p>El intendente de La Plata, Julio Alak, particip\u00f3 junto al director de Cultura y Educaci\u00f3n bonaerense, Alberto Sileoni, y a<\/p>\n","protected":false},"author":3,"featured_media":3395,"comment_status":"closed","ping_status":"closed","sticky":false,"template":"","format":"standard","meta":{"colormag_page_container_layout":"default_layout","colormag_page_sidebar_layout":"default_layout","footnotes":""},"categories":[12,1,14],"tags":[],"class_list":["post-3397","post","type-post","status-publish","format-standard","has-post-thumbnail","hentry","category-8va-seccion","category-destacadas","category-politica"],"yoast_head":"<!-- This site is optimized with the Yoast SEO plugin v27.4 - https:\/\/yoast.com\/product\/yoast-seo-wordpress\/ -->\n<title>Alak particip\u00f3 del cierre del programa \u201cEscuelas Abiertas de Verano\u201d - InfoPBA247<\/title>\n<meta name=\"robots\" content=\"index, follow, max-snippet:-1, max-image-preview:large, max-video-preview:-1\" \/>\n<link rel=\"canonical\" href=\"https:\/\/infopba247.com.ar\/index.php\/2024\/02\/01\/alak-participo-del-cierre-del-programa-escuelas-abiertas-de-verano\/\" \/>\n<meta property=\"og:locale\" content=\"es_ES\" \/>\n<meta property=\"og:type\" content=\"article\" \/>\n<meta property=\"og:title\" content=\"Alak particip\u00f3 del cierre del programa \u201cEscuelas Abiertas de Verano\u201d - InfoPBA247\" \/>\n<meta property=\"og:description\" content=\"El intendente de La Plata, Julio Alak, particip\u00f3 junto al director de Cultura y Educaci\u00f3n bonaerense, Alberto Sileoni, y a\" \/>\n<meta property=\"og:url\" content=\"https:\/\/infopba247.com.ar\/index.php\/2024\/02\/01\/alak-participo-del-cierre-del-programa-escuelas-abiertas-de-verano\/\" \/>\n<meta property=\"og:site_name\" content=\"InfoPBA247\" \/>\n<meta property=\"article:publisher\" content=\"https:\/\/www.facebook.com\/InfoPBA\" \/>\n<meta property=\"article:published_time\" content=\"2024-02-01T09:35:45+00:00\" \/>\n<meta property=\"article:modified_time\" content=\"2024-02-01T09:35:46+00:00\" \/>\n<meta property=\"og:image\" content=\"https:\/\/infopba247.com.ar\/wp-content\/uploads\/2024\/02\/unnamed-75-scaled.jpg\" \/>\n\t<meta property=\"og:image:width\" content=\"2560\" \/>\n\t<meta property=\"og:image:height\" content=\"1707\" \/>\n\t<meta property=\"og:image:type\" content=\"image\/jpeg\" \/>\n<meta name=\"author\" content=\"Editor\" \/>\n<meta name=\"twitter:card\" content=\"summary_large_image\" \/>\n<meta name=\"twitter:label1\" content=\"Escrito por\" \/>\n\t<meta name=\"twitter:data1\" content=\"Editor\" \/>\n\t<meta name=\"twitter:label2\" content=\"Tiempo de lectura\" \/>\n\t<meta name=\"twitter:data2\" content=\"2 minutos\" \/>\n<script type=\"application\/ld+json\" class=\"yoast-schema-graph\">{\"@context\":\"https:\\\/\\\/schema.org\",\"@graph\":[{\"@type\":\"Article\",\"@id\":\"https:\\\/\\\/infopba247.com.ar\\\/index.php\\\/2024\\\/02\\\/01\\\/alak-participo-del-cierre-del-programa-escuelas-abiertas-de-verano\\\/#article\",\"isPartOf\":{\"@id\":\"https:\\\/\\\/infopba247.com.ar\\\/index.php\\\/2024\\\/02\\\/01\\\/alak-participo-del-cierre-del-programa-escuelas-abiertas-de-verano\\\/\"},\"author\":{\"name\":\"Editor\",\"@id\":\"https:\\\/\\\/infopba247.com.ar\\\/#\\\/schema\\\/person\\\/4975f1343a413e57bf839b3eed0099f2\"},\"headline\":\"Alak particip\u00f3 del cierre del programa \u201cEscuelas Abiertas de Verano\u201d\",\"datePublished\":\"2024-02-01T09:35:45+00:00\",\"dateModified\":\"2024-02-01T09:35:46+00:00\",\"mainEntityOfPage\":{\"@id\":\"https:\\\/\\\/infopba247.com.ar\\\/index.php\\\/2024\\\/02\\\/01\\\/alak-participo-del-cierre-del-programa-escuelas-abiertas-de-verano\\\/\"},\"wordCount\":468,\"publisher\":{\"@id\":\"https:\\\/\\\/infopba247.com.ar\\\/#organization\"},\"image\":{\"@id\":\"https:\\\/\\\/infopba247.com.ar\\\/index.php\\\/2024\\\/02\\\/01\\\/alak-participo-del-cierre-del-programa-escuelas-abiertas-de-verano\\\/#primaryimage\"},\"thumbnailUrl\":\"https:\\\/\\\/infopba247.com.ar\\\/wp-content\\\/uploads\\\/2024\\\/02\\\/unnamed-75-scaled.jpg\",\"articleSection\":[\"8va Secci\u00f3n\",\"Destacadas\",\"Pol\u00edtica\"],\"inLanguage\":\"es\"},{\"@type\":\"WebPage\",\"@id\":\"https:\\\/\\\/infopba247.com.ar\\\/index.php\\\/2024\\\/02\\\/01\\\/alak-participo-del-cierre-del-programa-escuelas-abiertas-de-verano\\\/\",\"url\":\"https:\\\/\\\/infopba247.com.ar\\\/index.php\\\/2024\\\/02\\\/01\\\/alak-participo-del-cierre-del-programa-escuelas-abiertas-de-verano\\\/\",\"name\":\"Alak particip\u00f3 del cierre del programa \u201cEscuelas Abiertas de Verano\u201d - InfoPBA247\",\"isPartOf\":{\"@id\":\"https:\\\/\\\/infopba247.com.ar\\\/#website\"},\"primaryImageOfPage\":{\"@id\":\"https:\\\/\\\/infopba247.com.ar\\\/index.php\\\/2024\\\/02\\\/01\\\/alak-participo-del-cierre-del-programa-escuelas-abiertas-de-verano\\\/#primaryimage\"},\"image\":{\"@id\":\"https:\\\/\\\/infopba247.com.ar\\\/index.php\\\/2024\\\/02\\\/01\\\/alak-participo-del-cierre-del-programa-escuelas-abiertas-de-verano\\\/#primaryimage\"},\"thumbnailUrl\":\"https:\\\/\\\/infopba247.com.ar\\\/wp-content\\\/uploads\\\/2024\\\/02\\\/unnamed-75-scaled.jpg\",\"datePublished\":\"2024-02-01T09:35:45+00:00\",\"dateModified\":\"2024-02-01T09:35:46+00:00\",\"breadcrumb\":{\"@id\":\"https:\\\/\\\/infopba247.com.ar\\\/index.php\\\/2024\\\/02\\\/01\\\/alak-participo-del-cierre-del-programa-escuelas-abiertas-de-verano\\\/#breadcrumb\"},\"inLanguage\":\"es\",\"potentialAction\":[{\"@type\":\"ReadAction\",\"target\":[\"https:\\\/\\\/infopba247.com.ar\\\/index.php\\\/2024\\\/02\\\/01\\\/alak-participo-del-cierre-del-programa-escuelas-abiertas-de-verano\\\/\"]}]},{\"@type\":\"ImageObject\",\"inLanguage\":\"es\",\"@id\":\"https:\\\/\\\/infopba247.com.ar\\\/index.php\\\/2024\\\/02\\\/01\\\/alak-participo-del-cierre-del-programa-escuelas-abiertas-de-verano\\\/#primaryimage\",\"url\":\"https:\\\/\\\/infopba247.com.ar\\\/wp-content\\\/uploads\\\/2024\\\/02\\\/unnamed-75-scaled.jpg\",\"contentUrl\":\"https:\\\/\\\/infopba247.com.ar\\\/wp-content\\\/uploads\\\/2024\\\/02\\\/unnamed-75-scaled.jpg\",\"width\":2560,\"height\":1707},{\"@type\":\"BreadcrumbList\",\"@id\":\"https:\\\/\\\/infopba247.com.ar\\\/index.php\\\/2024\\\/02\\\/01\\\/alak-participo-del-cierre-del-programa-escuelas-abiertas-de-verano\\\/#breadcrumb\",\"itemListElement\":[{\"@type\":\"ListItem\",\"position\":1,\"name\":\"Portada\",\"item\":\"https:\\\/\\\/infopba247.com.ar\\\/\"},{\"@type\":\"ListItem\",\"position\":2,\"name\":\"Alak particip\u00f3 del cierre del programa \u201cEscuelas Abiertas de Verano\u201d\"}]},{\"@type\":\"WebSite\",\"@id\":\"https:\\\/\\\/infopba247.com.ar\\\/#website\",\"url\":\"https:\\\/\\\/infopba247.com.ar\\\/\",\"name\":\"InfoPBA247\",\"description\":\"Toda la actualidad bonaerense\",\"publisher\":{\"@id\":\"https:\\\/\\\/infopba247.com.ar\\\/#organization\"},\"potentialAction\":[{\"@type\":\"SearchAction\",\"target\":{\"@type\":\"EntryPoint\",\"urlTemplate\":\"https:\\\/\\\/infopba247.com.ar\\\/?s={search_term_string}\"},\"query-input\":{\"@type\":\"PropertyValueSpecification\",\"valueRequired\":true,\"valueName\":\"search_term_string\"}}],\"inLanguage\":\"es\"},{\"@type\":\"Organization\",\"@id\":\"https:\\\/\\\/infopba247.com.ar\\\/#organization\",\"name\":\"InfoPBA247\",\"url\":\"https:\\\/\\\/infopba247.com.ar\\\/\",\"logo\":{\"@type\":\"ImageObject\",\"inLanguage\":\"es\",\"@id\":\"https:\\\/\\\/infopba247.com.ar\\\/#\\\/schema\\\/logo\\\/image\\\/\",\"url\":\"https:\\\/\\\/infopba247.com.ar\\\/wp-content\\\/uploads\\\/2022\\\/03\\\/cropped-InfoPBA247-1.png\",\"contentUrl\":\"https:\\\/\\\/infopba247.com.ar\\\/wp-content\\\/uploads\\\/2022\\\/03\\\/cropped-InfoPBA247-1.png\",\"width\":500,\"height\":122,\"caption\":\"InfoPBA247\"},\"image\":{\"@id\":\"https:\\\/\\\/infopba247.com.ar\\\/#\\\/schema\\\/logo\\\/image\\\/\"},\"sameAs\":[\"https:\\\/\\\/www.facebook.com\\\/InfoPBA\"]},{\"@type\":\"Person\",\"@id\":\"https:\\\/\\\/infopba247.com.ar\\\/#\\\/schema\\\/person\\\/4975f1343a413e57bf839b3eed0099f2\",\"name\":\"Editor\",\"image\":{\"@type\":\"ImageObject\",\"inLanguage\":\"es\",\"@id\":\"https:\\\/\\\/secure.gravatar.com\\\/avatar\\\/d27fe9520667ca53441d36627a1d6b0fa4a813571ec4803687a7a3a7744685ac?s=96&d=mm&r=g\",\"url\":\"https:\\\/\\\/secure.gravatar.com\\\/avatar\\\/d27fe9520667ca53441d36627a1d6b0fa4a813571ec4803687a7a3a7744685ac?s=96&d=mm&r=g\",\"contentUrl\":\"https:\\\/\\\/secure.gravatar.com\\\/avatar\\\/d27fe9520667ca53441d36627a1d6b0fa4a813571ec4803687a7a3a7744685ac?s=96&d=mm&r=g\",\"caption\":\"Editor\"},\"url\":\"https:\\\/\\\/infopba247.com.ar\\\/index.php\\\/author\\\/editor\\\/\"}]}<\/script>\n<!-- \/ Yoast SEO plugin. -->","yoast_head_json":{"title":"Alak particip\u00f3 del cierre del programa \u201cEscuelas Abiertas de Verano\u201d - InfoPBA247","robots":{"index":"index","follow":"follow","max-snippet":"max-snippet:-1","max-image-preview":"max-image-preview:large","max-video-preview":"max-video-preview:-1"},"canonical":"https:\/\/infopba247.com.ar\/index.php\/2024\/02\/01\/alak-participo-del-cierre-del-programa-escuelas-abiertas-de-verano\/","og_locale":"es_ES","og_type":"article","og_title":"Alak particip\u00f3 del cierre del programa \u201cEscuelas Abiertas de Verano\u201d - InfoPBA247","og_description":"El intendente de La Plata, Julio Alak, particip\u00f3 junto al director de Cultura y Educaci\u00f3n bonaerense, Alberto Sileoni, y a","og_url":"https:\/\/infopba247.com.ar\/index.php\/2024\/02\/01\/alak-participo-del-cierre-del-programa-escuelas-abiertas-de-verano\/","og_site_name":"InfoPBA247","article_publisher":"https:\/\/www.facebook.com\/InfoPBA","article_published_time":"2024-02-01T09:35:45+00:00","article_modified_time":"2024-02-01T09:35:46+00:00","og_image":[{"width":2560,"height":1707,"url":"https:\/\/infopba247.com.ar\/wp-content\/uploads\/2024\/02\/unnamed-75-scaled.jpg","type":"image\/jpeg"}],"author":"Editor","twitter_card":"summary_large_image","twitter_misc":{"Escrito por":"Editor","Tiempo de lectura":"2 minutos"},"schema":{"@context":"https:\/\/schema.org","@graph":[{"@type":"Article","@id":"https:\/\/infopba247.com.ar\/index.php\/2024\/02\/01\/alak-participo-del-cierre-del-programa-escuelas-abiertas-de-verano\/#article","isPartOf":{"@id":"https:\/\/infopba247.com.ar\/index.php\/2024\/02\/01\/alak-participo-del-cierre-del-programa-escuelas-abiertas-de-verano\/"},"author":{"name":"Editor","@id":"https:\/\/infopba247.com.ar\/#\/schema\/person\/4975f1343a413e57bf839b3eed0099f2"},"headline":"Alak particip\u00f3 del cierre del programa \u201cEscuelas Abiertas de Verano\u201d","datePublished":"2024-02-01T09:35:45+00:00","dateModified":"2024-02-01T09:35:46+00:00","mainEntityOfPage":{"@id":"https:\/\/infopba247.com.ar\/index.php\/2024\/02\/01\/alak-participo-del-cierre-del-programa-escuelas-abiertas-de-verano\/"},"wordCount":468,"publisher":{"@id":"https:\/\/infopba247.com.ar\/#organization"},"image":{"@id":"https:\/\/infopba247.com.ar\/index.php\/2024\/02\/01\/alak-participo-del-cierre-del-programa-escuelas-abiertas-de-verano\/#primaryimage"},"thumbnailUrl":"https:\/\/infopba247.com.ar\/wp-content\/uploads\/2024\/02\/unnamed-75-scaled.jpg","articleSection":["8va Secci\u00f3n","Destacadas","Pol\u00edtica"],"inLanguage":"es"},{"@type":"WebPage","@id":"https:\/\/infopba247.com.ar\/index.php\/2024\/02\/01\/alak-participo-del-cierre-del-programa-escuelas-abiertas-de-verano\/","url":"https:\/\/infopba247.com.ar\/index.php\/2024\/02\/01\/alak-participo-del-cierre-del-programa-escuelas-abiertas-de-verano\/","name":"Alak particip\u00f3 del cierre del programa \u201cEscuelas Abiertas de Verano\u201d - InfoPBA247","isPartOf":{"@id":"https:\/\/infopba247.com.ar\/#website"},"primaryImageOfPage":{"@id":"https:\/\/infopba247.com.ar\/index.php\/2024\/02\/01\/alak-participo-del-cierre-del-programa-escuelas-abiertas-de-verano\/#primaryimage"},"image":{"@id":"https:\/\/infopba247.com.ar\/index.php\/2024\/02\/01\/alak-participo-del-cierre-del-programa-escuelas-abiertas-de-verano\/#primaryimage"},"thumbnailUrl":"https:\/\/infopba247.com.ar\/wp-content\/uploads\/2024\/02\/unnamed-75-scaled.jpg","datePublished":"2024-02-01T09:35:45+00:00","dateModified":"2024-02-01T09:35:46+00:00","breadcrumb":{"@id":"https:\/\/infopba247.com.ar\/index.php\/2024\/02\/01\/alak-participo-del-cierre-del-programa-escuelas-abiertas-de-verano\/#breadcrumb"},"inLanguage":"es","potentialAction":[{"@type":"ReadAction","target":["https:\/\/infopba247.com.ar\/index.php\/2024\/02\/01\/alak-participo-del-cierre-del-programa-escuelas-abiertas-de-verano\/"]}]},{"@type":"ImageObject","inLanguage":"es","@id":"https:\/\/infopba247.com.ar\/index.php\/2024\/02\/01\/alak-participo-del-cierre-del-programa-escuelas-abiertas-de-verano\/#primaryimage","url":"https:\/\/infopba247.com.ar\/wp-content\/uploads\/2024\/02\/unnamed-75-scaled.jpg","contentUrl":"https:\/\/infopba247.com.ar\/wp-content\/uploads\/2024\/02\/unnamed-75-scaled.jpg","width":2560,"height":1707},{"@type":"BreadcrumbList","@id":"https:\/\/infopba247.com.ar\/index.php\/2024\/02\/01\/alak-participo-del-cierre-del-programa-escuelas-abiertas-de-verano\/#breadcrumb","itemListElement":[{"@type":"ListItem","position":1,"name":"Portada","item":"https:\/\/infopba247.com.ar\/"},{"@type":"ListItem","position":2,"name":"Alak particip\u00f3 del cierre del programa \u201cEscuelas Abiertas de Verano\u201d"}]},{"@type":"WebSite","@id":"https:\/\/infopba247.com.ar\/#website","url":"https:\/\/infopba247.com.ar\/","name":"InfoPBA247","description":"Toda la actualidad bonaerense","publisher":{"@id":"https:\/\/infopba247.com.ar\/#organization"},"potentialAction":[{"@type":"SearchAction","target":{"@type":"EntryPoint","urlTemplate":"https:\/\/infopba247.com.ar\/?s={search_term_string}"},"query-input":{"@type":"PropertyValueSpecification","valueRequired":true,"valueName":"search_term_string"}}],"inLanguage":"es"},{"@type":"Organization","@id":"https:\/\/infopba247.com.ar\/#organization","name":"InfoPBA247","url":"https:\/\/infopba247.com.ar\/","logo":{"@type":"ImageObject","inLanguage":"es","@id":"https:\/\/infopba247.com.ar\/#\/schema\/logo\/image\/","url":"https:\/\/infopba247.com.ar\/wp-content\/uploads\/2022\/03\/cropped-InfoPBA247-1.png","contentUrl":"https:\/\/infopba247.com.ar\/wp-content\/uploads\/2022\/03\/cropped-InfoPBA247-1.png","width":500,"height":122,"caption":"InfoPBA247"},"image":{"@id":"https:\/\/infopba247.com.ar\/#\/schema\/logo\/image\/"},"sameAs":["https:\/\/www.facebook.com\/InfoPBA"]},{"@type":"Person","@id":"https:\/\/infopba247.com.ar\/#\/schema\/person\/4975f1343a413e57bf839b3eed0099f2","name":"Editor","image":{"@type":"ImageObject","inLanguage":"es","@id":"https:\/\/secure.gravatar.com\/avatar\/d27fe9520667ca53441d36627a1d6b0fa4a813571ec4803687a7a3a7744685ac?s=96&d=mm&r=g","url":"https:\/\/secure.gravatar.com\/avatar\/d27fe9520667ca53441d36627a1d6b0fa4a813571ec4803687a7a3a7744685ac?s=96&d=mm&r=g","contentUrl":"https:\/\/secure.gravatar.com\/avatar\/d27fe9520667ca53441d36627a1d6b0fa4a813571ec4803687a7a3a7744685ac?s=96&d=mm&r=g","caption":"Editor"},"url":"https:\/\/infopba247.com.ar\/index.php\/author\/editor\/"}]}},"_links":{"self":[{"href":"https:\/\/infopba247.com.ar\/index.php\/wp-json\/wp\/v2\/posts\/3397","targetHints":{"allow":["GET"]}}],"collection":[{"href":"https:\/\/infopba247.com.ar\/index.php\/wp-json\/wp\/v2\/posts"}],"about":[{"href":"https:\/\/infopba247.com.ar\/index.php\/wp-json\/wp\/v2\/types\/post"}],"author":[{"embeddable":true,"href":"https:\/\/infopba247.com.ar\/index.php\/wp-json\/wp\/v2\/users\/3"}],"replies":[{"embeddable":true,"href":"https:\/\/infopba247.com.ar\/index.php\/wp-json\/wp\/v2\/comments?post=3397"}],"version-history":[{"count":1,"href":"https:\/\/infopba247.com.ar\/index.php\/wp-json\/wp\/v2\/posts\/3397\/revisions"}],"predecessor-version":[{"id":3398,"href":"https:\/\/infopba247.com.ar\/index.php\/wp-json\/wp\/v2\/posts\/3397\/revisions\/3398"}],"wp:featuredmedia":[{"embeddable":true,"href":"https:\/\/infopba247.com.ar\/index.php\/wp-json\/wp\/v2\/media\/3395"}],"wp:attachment":[{"href":"https:\/\/infopba247.com.ar\/index.php\/wp-json\/wp\/v2\/media?parent=3397"}],"wp:term":[{"taxonomy":"category","embeddable":true,"href":"https:\/\/infopba247.com.ar\/index.php\/wp-json\/wp\/v2\/categories?post=3397"},{"taxonomy":"post_tag","embeddable":true,"href":"https:\/\/infopba247.com.ar\/index.php\/wp-json\/wp\/v2\/tags?post=3397"}],"curies":[{"name":"wp","href":"https:\/\/api.w.org\/{rel}","templated":true}]}}