{"id":3374,"date":"2024-01-30T06:31:19","date_gmt":"2024-01-30T09:31:19","guid":{"rendered":"https:\/\/infopba247.com.ar\/?p=3374"},"modified":"2024-01-30T06:31:34","modified_gmt":"2024-01-30T09:31:34","slug":"se-anuncio-el-1-foro-cultural-en-monte-hermoso","status":"publish","type":"post","link":"https:\/\/infopba247.com.ar\/index.php\/2024\/01\/30\/se-anuncio-el-1-foro-cultural-en-monte-hermoso\/","title":{"rendered":"Se anunci\u00f3 el 1\u00b0 Foro Cultural en Monte Hermoso"},"content":{"rendered":"\n<p>El intendente Hern\u00e1n Arranz junto al secretario de Turismo y Cultura, Franco Gentili se reunieron con el referente de la Red de Espacios Culturales Independientes de Bah\u00eda Blanca, Elisardo Tunessi, para organizar el Primer Foro Cultural en Monte Hermoso denominado \u00ab\u00bfQu\u00e9 cultura queremos?\u00bb que se llevar\u00e1 a cabo los primeros d\u00edas de marzo.<\/p>\n\n\n\n<p>\u201cUno de los ejes de nuestra campa\u00f1a fue el de revitalizar nuestra cultura, no solo aglomerando \u00edntegramente a todos las y los montehermose\u00f1os que se dedican a ella en los distintos \u00e1mbitos sino adem\u00e1s haciendo especial hincapi\u00e9 en los espacios destinados a ella como el rescate de La Colina, que se transformar\u00e1 en nuestra Casa de la Cultura\u201d especific\u00f3 el Jefe Comunal.<\/p>\n\n\n\n<p>Por su parte, Gentili se refiri\u00f3 al foro cultural que tendr\u00e1 lugar el 9 de marzo y ser\u00e1 abierto a las y los artistas locales donde que se propondr\u00e1n ejes como Acceso a la cultura\u201d, \u201cCultura y espacios p\u00fablicos\u201d, \u201cCultura y crisis\u201d, \u201cCultura independiente y el rol del Estado, entre otros.<\/p>\n\n\n\n<p>\u201cHace rato venimos trabajando con Elisardo como asesor cultural para avanzar en la socializaci\u00f3n de la cultura y el acceso de las minor\u00edas a ella\u201d.<\/p>\n\n\n\n<p>\u201cLas distintas manifestaciones art\u00edsticas como la m\u00fasica, la danza, el teatro, etc. son formas de exteriorizar o de contar nuestra propia historia, ponernos en contexto y transmitir ense\u00f1anzas a las actuales y futuras generaciones.<\/p>\n\n\n\n<p>Finalizada la reuni\u00f3n, recorrieron la futura Casa de la Cultura, ubicada sobre calle Patagonia frente a la Plaza Parque conocida como \u201cLa Colina\u201d o \u201cTico Tico\u201d en la que ya comenzaron los trabajos de remodelaci\u00f3n.<\/p>\n","protected":false},"excerpt":{"rendered":"<p>El intendente Hern\u00e1n Arranz junto al secretario de Turismo y Cultura, Franco Gentili se reunieron con el referente de la<\/p>\n","protected":false},"author":3,"featured_media":3368,"comment_status":"closed","ping_status":"closed","sticky":false,"template":"","format":"standard","meta":{"colormag_page_container_layout":"default_layout","colormag_page_sidebar_layout":"default_layout","footnotes":""},"categories":[10,1,14],"tags":[],"class_list":["post-3374","post","type-post","status-publish","format-standard","has-post-thumbnail","hentry","category-6ta-seccion","category-destacadas","category-politica"],"yoast_head":"<!-- This site is optimized with the Yoast SEO plugin v27.4 - https:\/\/yoast.com\/product\/yoast-seo-wordpress\/ -->\n<title>Se anunci\u00f3 el 1\u00b0 Foro Cultural en Monte Hermoso - InfoPBA247<\/title>\n<meta name=\"robots\" content=\"index, follow, max-snippet:-1, max-image-preview:large, max-video-preview:-1\" \/>\n<link rel=\"canonical\" href=\"https:\/\/infopba247.com.ar\/index.php\/2024\/01\/30\/se-anuncio-el-1-foro-cultural-en-monte-hermoso\/\" \/>\n<meta property=\"og:locale\" content=\"es_ES\" \/>\n<meta property=\"og:type\" content=\"article\" \/>\n<meta property=\"og:title\" content=\"Se anunci\u00f3 el 1\u00b0 Foro Cultural en Monte Hermoso - InfoPBA247\" \/>\n<meta property=\"og:description\" content=\"El intendente Hern\u00e1n Arranz junto al secretario de Turismo y Cultura, Franco Gentili se reunieron con el referente de la\" \/>\n<meta property=\"og:url\" content=\"https:\/\/infopba247.com.ar\/index.php\/2024\/01\/30\/se-anuncio-el-1-foro-cultural-en-monte-hermoso\/\" \/>\n<meta property=\"og:site_name\" content=\"InfoPBA247\" \/>\n<meta property=\"article:publisher\" content=\"https:\/\/www.facebook.com\/InfoPBA\" \/>\n<meta property=\"article:published_time\" content=\"2024-01-30T09:31:19+00:00\" \/>\n<meta property=\"article:modified_time\" content=\"2024-01-30T09:31:34+00:00\" \/>\n<meta property=\"og:image\" content=\"https:\/\/infopba247.com.ar\/wp-content\/uploads\/2024\/01\/Noelia-Pace2.jpeg\" \/>\n\t<meta property=\"og:image:width\" content=\"1600\" \/>\n\t<meta property=\"og:image:height\" content=\"1066\" \/>\n\t<meta property=\"og:image:type\" content=\"image\/jpeg\" \/>\n<meta name=\"author\" content=\"Editor\" \/>\n<meta name=\"twitter:card\" content=\"summary_large_image\" \/>\n<meta name=\"twitter:label1\" content=\"Escrito por\" \/>\n\t<meta name=\"twitter:data1\" content=\"Editor\" \/>\n\t<meta name=\"twitter:label2\" content=\"Tiempo de lectura\" \/>\n\t<meta name=\"twitter:data2\" content=\"2 minutos\" \/>\n<script type=\"application\/ld+json\" class=\"yoast-schema-graph\">{\"@context\":\"https:\\\/\\\/schema.org\",\"@graph\":[{\"@type\":\"Article\",\"@id\":\"https:\\\/\\\/infopba247.com.ar\\\/index.php\\\/2024\\\/01\\\/30\\\/se-anuncio-el-1-foro-cultural-en-monte-hermoso\\\/#article\",\"isPartOf\":{\"@id\":\"https:\\\/\\\/infopba247.com.ar\\\/index.php\\\/2024\\\/01\\\/30\\\/se-anuncio-el-1-foro-cultural-en-monte-hermoso\\\/\"},\"author\":{\"name\":\"Editor\",\"@id\":\"https:\\\/\\\/infopba247.com.ar\\\/#\\\/schema\\\/person\\\/4975f1343a413e57bf839b3eed0099f2\"},\"headline\":\"Se anunci\u00f3 el 1\u00b0 Foro Cultural en Monte Hermoso\",\"datePublished\":\"2024-01-30T09:31:19+00:00\",\"dateModified\":\"2024-01-30T09:31:34+00:00\",\"mainEntityOfPage\":{\"@id\":\"https:\\\/\\\/infopba247.com.ar\\\/index.php\\\/2024\\\/01\\\/30\\\/se-anuncio-el-1-foro-cultural-en-monte-hermoso\\\/\"},\"wordCount\":282,\"publisher\":{\"@id\":\"https:\\\/\\\/infopba247.com.ar\\\/#organization\"},\"image\":{\"@id\":\"https:\\\/\\\/infopba247.com.ar\\\/index.php\\\/2024\\\/01\\\/30\\\/se-anuncio-el-1-foro-cultural-en-monte-hermoso\\\/#primaryimage\"},\"thumbnailUrl\":\"https:\\\/\\\/infopba247.com.ar\\\/wp-content\\\/uploads\\\/2024\\\/01\\\/Noelia-Pace2.jpeg\",\"articleSection\":[\"6ta Secci\u00f3n\",\"Destacadas\",\"Pol\u00edtica\"],\"inLanguage\":\"es\"},{\"@type\":\"WebPage\",\"@id\":\"https:\\\/\\\/infopba247.com.ar\\\/index.php\\\/2024\\\/01\\\/30\\\/se-anuncio-el-1-foro-cultural-en-monte-hermoso\\\/\",\"url\":\"https:\\\/\\\/infopba247.com.ar\\\/index.php\\\/2024\\\/01\\\/30\\\/se-anuncio-el-1-foro-cultural-en-monte-hermoso\\\/\",\"name\":\"Se anunci\u00f3 el 1\u00b0 Foro Cultural en Monte Hermoso - InfoPBA247\",\"isPartOf\":{\"@id\":\"https:\\\/\\\/infopba247.com.ar\\\/#website\"},\"primaryImageOfPage\":{\"@id\":\"https:\\\/\\\/infopba247.com.ar\\\/index.php\\\/2024\\\/01\\\/30\\\/se-anuncio-el-1-foro-cultural-en-monte-hermoso\\\/#primaryimage\"},\"image\":{\"@id\":\"https:\\\/\\\/infopba247.com.ar\\\/index.php\\\/2024\\\/01\\\/30\\\/se-anuncio-el-1-foro-cultural-en-monte-hermoso\\\/#primaryimage\"},\"thumbnailUrl\":\"https:\\\/\\\/infopba247.com.ar\\\/wp-content\\\/uploads\\\/2024\\\/01\\\/Noelia-Pace2.jpeg\",\"datePublished\":\"2024-01-30T09:31:19+00:00\",\"dateModified\":\"2024-01-30T09:31:34+00:00\",\"breadcrumb\":{\"@id\":\"https:\\\/\\\/infopba247.com.ar\\\/index.php\\\/2024\\\/01\\\/30\\\/se-anuncio-el-1-foro-cultural-en-monte-hermoso\\\/#breadcrumb\"},\"inLanguage\":\"es\",\"potentialAction\":[{\"@type\":\"ReadAction\",\"target\":[\"https:\\\/\\\/infopba247.com.ar\\\/index.php\\\/2024\\\/01\\\/30\\\/se-anuncio-el-1-foro-cultural-en-monte-hermoso\\\/\"]}]},{\"@type\":\"ImageObject\",\"inLanguage\":\"es\",\"@id\":\"https:\\\/\\\/infopba247.com.ar\\\/index.php\\\/2024\\\/01\\\/30\\\/se-anuncio-el-1-foro-cultural-en-monte-hermoso\\\/#primaryimage\",\"url\":\"https:\\\/\\\/infopba247.com.ar\\\/wp-content\\\/uploads\\\/2024\\\/01\\\/Noelia-Pace2.jpeg\",\"contentUrl\":\"https:\\\/\\\/infopba247.com.ar\\\/wp-content\\\/uploads\\\/2024\\\/01\\\/Noelia-Pace2.jpeg\",\"width\":1600,\"height\":1066},{\"@type\":\"BreadcrumbList\",\"@id\":\"https:\\\/\\\/infopba247.com.ar\\\/index.php\\\/2024\\\/01\\\/30\\\/se-anuncio-el-1-foro-cultural-en-monte-hermoso\\\/#breadcrumb\",\"itemListElement\":[{\"@type\":\"ListItem\",\"position\":1,\"name\":\"Portada\",\"item\":\"https:\\\/\\\/infopba247.com.ar\\\/\"},{\"@type\":\"ListItem\",\"position\":2,\"name\":\"Se anunci\u00f3 el 1\u00b0 Foro Cultural en Monte Hermoso\"}]},{\"@type\":\"WebSite\",\"@id\":\"https:\\\/\\\/infopba247.com.ar\\\/#website\",\"url\":\"https:\\\/\\\/infopba247.com.ar\\\/\",\"name\":\"InfoPBA247\",\"description\":\"Toda la actualidad bonaerense\",\"publisher\":{\"@id\":\"https:\\\/\\\/infopba247.com.ar\\\/#organization\"},\"potentialAction\":[{\"@type\":\"SearchAction\",\"target\":{\"@type\":\"EntryPoint\",\"urlTemplate\":\"https:\\\/\\\/infopba247.com.ar\\\/?s={search_term_string}\"},\"query-input\":{\"@type\":\"PropertyValueSpecification\",\"valueRequired\":true,\"valueName\":\"search_term_string\"}}],\"inLanguage\":\"es\"},{\"@type\":\"Organization\",\"@id\":\"https:\\\/\\\/infopba247.com.ar\\\/#organization\",\"name\":\"InfoPBA247\",\"url\":\"https:\\\/\\\/infopba247.com.ar\\\/\",\"logo\":{\"@type\":\"ImageObject\",\"inLanguage\":\"es\",\"@id\":\"https:\\\/\\\/infopba247.com.ar\\\/#\\\/schema\\\/logo\\\/image\\\/\",\"url\":\"https:\\\/\\\/infopba247.com.ar\\\/wp-content\\\/uploads\\\/2022\\\/03\\\/cropped-InfoPBA247-1.png\",\"contentUrl\":\"https:\\\/\\\/infopba247.com.ar\\\/wp-content\\\/uploads\\\/2022\\\/03\\\/cropped-InfoPBA247-1.png\",\"width\":500,\"height\":122,\"caption\":\"InfoPBA247\"},\"image\":{\"@id\":\"https:\\\/\\\/infopba247.com.ar\\\/#\\\/schema\\\/logo\\\/image\\\/\"},\"sameAs\":[\"https:\\\/\\\/www.facebook.com\\\/InfoPBA\"]},{\"@type\":\"Person\",\"@id\":\"https:\\\/\\\/infopba247.com.ar\\\/#\\\/schema\\\/person\\\/4975f1343a413e57bf839b3eed0099f2\",\"name\":\"Editor\",\"image\":{\"@type\":\"ImageObject\",\"inLanguage\":\"es\",\"@id\":\"https:\\\/\\\/secure.gravatar.com\\\/avatar\\\/d27fe9520667ca53441d36627a1d6b0fa4a813571ec4803687a7a3a7744685ac?s=96&d=mm&r=g\",\"url\":\"https:\\\/\\\/secure.gravatar.com\\\/avatar\\\/d27fe9520667ca53441d36627a1d6b0fa4a813571ec4803687a7a3a7744685ac?s=96&d=mm&r=g\",\"contentUrl\":\"https:\\\/\\\/secure.gravatar.com\\\/avatar\\\/d27fe9520667ca53441d36627a1d6b0fa4a813571ec4803687a7a3a7744685ac?s=96&d=mm&r=g\",\"caption\":\"Editor\"},\"url\":\"https:\\\/\\\/infopba247.com.ar\\\/index.php\\\/author\\\/editor\\\/\"}]}<\/script>\n<!-- \/ Yoast SEO plugin. -->","yoast_head_json":{"title":"Se anunci\u00f3 el 1\u00b0 Foro Cultural en Monte Hermoso - InfoPBA247","robots":{"index":"index","follow":"follow","max-snippet":"max-snippet:-1","max-image-preview":"max-image-preview:large","max-video-preview":"max-video-preview:-1"},"canonical":"https:\/\/infopba247.com.ar\/index.php\/2024\/01\/30\/se-anuncio-el-1-foro-cultural-en-monte-hermoso\/","og_locale":"es_ES","og_type":"article","og_title":"Se anunci\u00f3 el 1\u00b0 Foro Cultural en Monte Hermoso - InfoPBA247","og_description":"El intendente Hern\u00e1n Arranz junto al secretario de Turismo y Cultura, Franco Gentili se reunieron con el referente de la","og_url":"https:\/\/infopba247.com.ar\/index.php\/2024\/01\/30\/se-anuncio-el-1-foro-cultural-en-monte-hermoso\/","og_site_name":"InfoPBA247","article_publisher":"https:\/\/www.facebook.com\/InfoPBA","article_published_time":"2024-01-30T09:31:19+00:00","article_modified_time":"2024-01-30T09:31:34+00:00","og_image":[{"width":1600,"height":1066,"url":"https:\/\/infopba247.com.ar\/wp-content\/uploads\/2024\/01\/Noelia-Pace2.jpeg","type":"image\/jpeg"}],"author":"Editor","twitter_card":"summary_large_image","twitter_misc":{"Escrito por":"Editor","Tiempo de lectura":"2 minutos"},"schema":{"@context":"https:\/\/schema.org","@graph":[{"@type":"Article","@id":"https:\/\/infopba247.com.ar\/index.php\/2024\/01\/30\/se-anuncio-el-1-foro-cultural-en-monte-hermoso\/#article","isPartOf":{"@id":"https:\/\/infopba247.com.ar\/index.php\/2024\/01\/30\/se-anuncio-el-1-foro-cultural-en-monte-hermoso\/"},"author":{"name":"Editor","@id":"https:\/\/infopba247.com.ar\/#\/schema\/person\/4975f1343a413e57bf839b3eed0099f2"},"headline":"Se anunci\u00f3 el 1\u00b0 Foro Cultural en Monte Hermoso","datePublished":"2024-01-30T09:31:19+00:00","dateModified":"2024-01-30T09:31:34+00:00","mainEntityOfPage":{"@id":"https:\/\/infopba247.com.ar\/index.php\/2024\/01\/30\/se-anuncio-el-1-foro-cultural-en-monte-hermoso\/"},"wordCount":282,"publisher":{"@id":"https:\/\/infopba247.com.ar\/#organization"},"image":{"@id":"https:\/\/infopba247.com.ar\/index.php\/2024\/01\/30\/se-anuncio-el-1-foro-cultural-en-monte-hermoso\/#primaryimage"},"thumbnailUrl":"https:\/\/infopba247.com.ar\/wp-content\/uploads\/2024\/01\/Noelia-Pace2.jpeg","articleSection":["6ta Secci\u00f3n","Destacadas","Pol\u00edtica"],"inLanguage":"es"},{"@type":"WebPage","@id":"https:\/\/infopba247.com.ar\/index.php\/2024\/01\/30\/se-anuncio-el-1-foro-cultural-en-monte-hermoso\/","url":"https:\/\/infopba247.com.ar\/index.php\/2024\/01\/30\/se-anuncio-el-1-foro-cultural-en-monte-hermoso\/","name":"Se anunci\u00f3 el 1\u00b0 Foro Cultural en Monte Hermoso - InfoPBA247","isPartOf":{"@id":"https:\/\/infopba247.com.ar\/#website"},"primaryImageOfPage":{"@id":"https:\/\/infopba247.com.ar\/index.php\/2024\/01\/30\/se-anuncio-el-1-foro-cultural-en-monte-hermoso\/#primaryimage"},"image":{"@id":"https:\/\/infopba247.com.ar\/index.php\/2024\/01\/30\/se-anuncio-el-1-foro-cultural-en-monte-hermoso\/#primaryimage"},"thumbnailUrl":"https:\/\/infopba247.com.ar\/wp-content\/uploads\/2024\/01\/Noelia-Pace2.jpeg","datePublished":"2024-01-30T09:31:19+00:00","dateModified":"2024-01-30T09:31:34+00:00","breadcrumb":{"@id":"https:\/\/infopba247.com.ar\/index.php\/2024\/01\/30\/se-anuncio-el-1-foro-cultural-en-monte-hermoso\/#breadcrumb"},"inLanguage":"es","potentialAction":[{"@type":"ReadAction","target":["https:\/\/infopba247.com.ar\/index.php\/2024\/01\/30\/se-anuncio-el-1-foro-cultural-en-monte-hermoso\/"]}]},{"@type":"ImageObject","inLanguage":"es","@id":"https:\/\/infopba247.com.ar\/index.php\/2024\/01\/30\/se-anuncio-el-1-foro-cultural-en-monte-hermoso\/#primaryimage","url":"https:\/\/infopba247.com.ar\/wp-content\/uploads\/2024\/01\/Noelia-Pace2.jpeg","contentUrl":"https:\/\/infopba247.com.ar\/wp-content\/uploads\/2024\/01\/Noelia-Pace2.jpeg","width":1600,"height":1066},{"@type":"BreadcrumbList","@id":"https:\/\/infopba247.com.ar\/index.php\/2024\/01\/30\/se-anuncio-el-1-foro-cultural-en-monte-hermoso\/#breadcrumb","itemListElement":[{"@type":"ListItem","position":1,"name":"Portada","item":"https:\/\/infopba247.com.ar\/"},{"@type":"ListItem","position":2,"name":"Se anunci\u00f3 el 1\u00b0 Foro Cultural en Monte Hermoso"}]},{"@type":"WebSite","@id":"https:\/\/infopba247.com.ar\/#website","url":"https:\/\/infopba247.com.ar\/","name":"InfoPBA247","description":"Toda la actualidad bonaerense","publisher":{"@id":"https:\/\/infopba247.com.ar\/#organization"},"potentialAction":[{"@type":"SearchAction","target":{"@type":"EntryPoint","urlTemplate":"https:\/\/infopba247.com.ar\/?s={search_term_string}"},"query-input":{"@type":"PropertyValueSpecification","valueRequired":true,"valueName":"search_term_string"}}],"inLanguage":"es"},{"@type":"Organization","@id":"https:\/\/infopba247.com.ar\/#organization","name":"InfoPBA247","url":"https:\/\/infopba247.com.ar\/","logo":{"@type":"ImageObject","inLanguage":"es","@id":"https:\/\/infopba247.com.ar\/#\/schema\/logo\/image\/","url":"https:\/\/infopba247.com.ar\/wp-content\/uploads\/2022\/03\/cropped-InfoPBA247-1.png","contentUrl":"https:\/\/infopba247.com.ar\/wp-content\/uploads\/2022\/03\/cropped-InfoPBA247-1.png","width":500,"height":122,"caption":"InfoPBA247"},"image":{"@id":"https:\/\/infopba247.com.ar\/#\/schema\/logo\/image\/"},"sameAs":["https:\/\/www.facebook.com\/InfoPBA"]},{"@type":"Person","@id":"https:\/\/infopba247.com.ar\/#\/schema\/person\/4975f1343a413e57bf839b3eed0099f2","name":"Editor","image":{"@type":"ImageObject","inLanguage":"es","@id":"https:\/\/secure.gravatar.com\/avatar\/d27fe9520667ca53441d36627a1d6b0fa4a813571ec4803687a7a3a7744685ac?s=96&d=mm&r=g","url":"https:\/\/secure.gravatar.com\/avatar\/d27fe9520667ca53441d36627a1d6b0fa4a813571ec4803687a7a3a7744685ac?s=96&d=mm&r=g","contentUrl":"https:\/\/secure.gravatar.com\/avatar\/d27fe9520667ca53441d36627a1d6b0fa4a813571ec4803687a7a3a7744685ac?s=96&d=mm&r=g","caption":"Editor"},"url":"https:\/\/infopba247.com.ar\/index.php\/author\/editor\/"}]}},"_links":{"self":[{"href":"https:\/\/infopba247.com.ar\/index.php\/wp-json\/wp\/v2\/posts\/3374","targetHints":{"allow":["GET"]}}],"collection":[{"href":"https:\/\/infopba247.com.ar\/index.php\/wp-json\/wp\/v2\/posts"}],"about":[{"href":"https:\/\/infopba247.com.ar\/index.php\/wp-json\/wp\/v2\/types\/post"}],"author":[{"embeddable":true,"href":"https:\/\/infopba247.com.ar\/index.php\/wp-json\/wp\/v2\/users\/3"}],"replies":[{"embeddable":true,"href":"https:\/\/infopba247.com.ar\/index.php\/wp-json\/wp\/v2\/comments?post=3374"}],"version-history":[{"count":1,"href":"https:\/\/infopba247.com.ar\/index.php\/wp-json\/wp\/v2\/posts\/3374\/revisions"}],"predecessor-version":[{"id":3375,"href":"https:\/\/infopba247.com.ar\/index.php\/wp-json\/wp\/v2\/posts\/3374\/revisions\/3375"}],"wp:featuredmedia":[{"embeddable":true,"href":"https:\/\/infopba247.com.ar\/index.php\/wp-json\/wp\/v2\/media\/3368"}],"wp:attachment":[{"href":"https:\/\/infopba247.com.ar\/index.php\/wp-json\/wp\/v2\/media?parent=3374"}],"wp:term":[{"taxonomy":"category","embeddable":true,"href":"https:\/\/infopba247.com.ar\/index.php\/wp-json\/wp\/v2\/categories?post=3374"},{"taxonomy":"post_tag","embeddable":true,"href":"https:\/\/infopba247.com.ar\/index.php\/wp-json\/wp\/v2\/tags?post=3374"}],"curies":[{"name":"wp","href":"https:\/\/api.w.org\/{rel}","templated":true}]}}