{"id":3362,"date":"2024-01-29T11:10:10","date_gmt":"2024-01-29T14:10:10","guid":{"rendered":"https:\/\/infopba247.com.ar\/?p=3362"},"modified":"2024-01-29T11:10:11","modified_gmt":"2024-01-29T14:10:11","slug":"alak-y-la-provincia-acordaron-elaborar-el-digesto-juridico-municipal","status":"publish","type":"post","link":"https:\/\/infopba247.com.ar\/index.php\/2024\/01\/29\/alak-y-la-provincia-acordaron-elaborar-el-digesto-juridico-municipal\/","title":{"rendered":"Alak y la Provincia acordaron elaborar el digesto jur\u00eddico municipal"},"content":{"rendered":"\n<p>El intendente de La Plata, Julio Alak, mantuvo un encuentro con el Asesor General del Gobierno de la Provincia, Santiago P\u00e9rez Teruel, con quien avanz\u00f3 para crear el digesto jur\u00eddico local. Asimismo, fortalecer\u00e1n la capacitaci\u00f3n de los trabajadores de la Comuna.<\/p>\n\n\n\n<p>A partir de un acuerdo con las autoridades bonaerenses, el Municipio de La Plata podr\u00e1 contar con una base de datos moderna y \u00e1gil, que permitir\u00e1 conocer cu\u00e1les son las ordenanzas vigentes, con el fin de poder establecer un orden de cara a la sanci\u00f3n de nuevas normativas o modificaciones sobre textos m\u00e1s antiguos que as\u00ed lo requieran.<\/p>\n\n\n\n<p>\u201cLa elaboraci\u00f3n del digesto jur\u00eddico municipal es un paso importante en el camino hacia un Municipio m\u00e1s moderno, ordenado y transparente, en el que las reglas est\u00e1n claras y sean accesibles f\u00e1cilmente a todos y a todas\u201d, se\u00f1al\u00f3 Alak.<\/p>\n\n\n\n<p>Por otro lado, el jefe comunal firmar\u00e1 un convenio con P\u00e9rez Teruel que permitir\u00e1 a los agentes municipales que se desempe\u00f1an en \u00e1reas jur\u00eddicas poder capacitarse a trav\u00e9s de la Escuela de Abogac\u00eda de la Asesor\u00eda General de Gobierno.<\/p>\n\n\n\n<p>\u201cA partir de este convenio, la Municipalidad de La Plata va a contar con los profesionales de la Asesor\u00eda General para capacitar a los trabajadores, lo que redundar\u00eda en una mejora de los servicios que brinda la Comuna a los vecinos\u201d, sostuvo el funcionario bonaerense.<\/p>\n\n\n\n<p>Asimismo, la Provincia ofreci\u00f3 al mandatario local el servicio de consultas jur\u00eddicas de la Asesor\u00eda General para fortalecer la vinculaci\u00f3n y el trabajo en materia legal de la Comuna.<\/p>\n\n\n\n<p>\u201cEs muy positivo tambi\u00e9n el acuerdo que alcanzamos con la Asesor\u00eda General de Gobierno de la Provincia para capacitar a los trabajadores municipales cuyas funciones involucran el conocimiento de la normativa jur\u00eddica\u201d, a\u00f1adi\u00f3 el intendente, quien valor\u00f3 que \u201cun personal m\u00e1s formado es un personal capaz de responder con efectividad a las demandas y necesidades de los vecinos\u201d.<\/p>\n\n\n\n<p>Acompa\u00f1aron a Alak en el encuentro el secretario de Legal y T\u00e9cnica del Municipio, Guillermo Federico Comadira; la subsecretaria de Transparencia Institucional del Ministerio de Justicia y Derechos Humanos bonaerense, Ana Laura Ramos y la diputada provincial Luc\u00eda Ia\u00f1ez.<\/p>\n","protected":false},"excerpt":{"rendered":"<p>El intendente de La Plata, Julio Alak, mantuvo un encuentro con el Asesor General del Gobierno de la Provincia, Santiago<\/p>\n","protected":false},"author":3,"featured_media":3358,"comment_status":"closed","ping_status":"closed","sticky":false,"template":"","format":"standard","meta":{"colormag_page_container_layout":"default_layout","colormag_page_sidebar_layout":"default_layout","footnotes":""},"categories":[12,1,14],"tags":[],"class_list":["post-3362","post","type-post","status-publish","format-standard","has-post-thumbnail","hentry","category-8va-seccion","category-destacadas","category-politica"],"yoast_head":"<!-- This site is optimized with the Yoast SEO plugin v27.4 - https:\/\/yoast.com\/product\/yoast-seo-wordpress\/ -->\n<title>Alak y la Provincia acordaron elaborar el digesto jur\u00eddico municipal - InfoPBA247<\/title>\n<meta name=\"robots\" content=\"index, follow, max-snippet:-1, max-image-preview:large, max-video-preview:-1\" \/>\n<link rel=\"canonical\" href=\"https:\/\/infopba247.com.ar\/index.php\/2024\/01\/29\/alak-y-la-provincia-acordaron-elaborar-el-digesto-juridico-municipal\/\" \/>\n<meta property=\"og:locale\" content=\"es_ES\" \/>\n<meta property=\"og:type\" content=\"article\" \/>\n<meta property=\"og:title\" content=\"Alak y la Provincia acordaron elaborar el digesto jur\u00eddico municipal - InfoPBA247\" \/>\n<meta property=\"og:description\" content=\"El intendente de La Plata, Julio Alak, mantuvo un encuentro con el Asesor General del Gobierno de la Provincia, Santiago\" \/>\n<meta property=\"og:url\" content=\"https:\/\/infopba247.com.ar\/index.php\/2024\/01\/29\/alak-y-la-provincia-acordaron-elaborar-el-digesto-juridico-municipal\/\" \/>\n<meta property=\"og:site_name\" content=\"InfoPBA247\" \/>\n<meta property=\"article:publisher\" content=\"https:\/\/www.facebook.com\/InfoPBA\" \/>\n<meta property=\"article:published_time\" content=\"2024-01-29T14:10:10+00:00\" \/>\n<meta property=\"article:modified_time\" content=\"2024-01-29T14:10:11+00:00\" \/>\n<meta property=\"og:image\" content=\"https:\/\/infopba247.com.ar\/wp-content\/uploads\/2024\/01\/unnamed-70.jpg\" \/>\n\t<meta property=\"og:image:width\" content=\"1280\" \/>\n\t<meta property=\"og:image:height\" content=\"855\" \/>\n\t<meta property=\"og:image:type\" content=\"image\/jpeg\" \/>\n<meta name=\"author\" content=\"Editor\" \/>\n<meta name=\"twitter:card\" content=\"summary_large_image\" \/>\n<meta name=\"twitter:label1\" content=\"Escrito por\" \/>\n\t<meta name=\"twitter:data1\" content=\"Editor\" \/>\n\t<meta name=\"twitter:label2\" content=\"Tiempo de lectura\" \/>\n\t<meta name=\"twitter:data2\" content=\"2 minutos\" \/>\n<script type=\"application\/ld+json\" class=\"yoast-schema-graph\">{\"@context\":\"https:\\\/\\\/schema.org\",\"@graph\":[{\"@type\":\"Article\",\"@id\":\"https:\\\/\\\/infopba247.com.ar\\\/index.php\\\/2024\\\/01\\\/29\\\/alak-y-la-provincia-acordaron-elaborar-el-digesto-juridico-municipal\\\/#article\",\"isPartOf\":{\"@id\":\"https:\\\/\\\/infopba247.com.ar\\\/index.php\\\/2024\\\/01\\\/29\\\/alak-y-la-provincia-acordaron-elaborar-el-digesto-juridico-municipal\\\/\"},\"author\":{\"name\":\"Editor\",\"@id\":\"https:\\\/\\\/infopba247.com.ar\\\/#\\\/schema\\\/person\\\/4975f1343a413e57bf839b3eed0099f2\"},\"headline\":\"Alak y la Provincia acordaron elaborar el digesto jur\u00eddico municipal\",\"datePublished\":\"2024-01-29T14:10:10+00:00\",\"dateModified\":\"2024-01-29T14:10:11+00:00\",\"mainEntityOfPage\":{\"@id\":\"https:\\\/\\\/infopba247.com.ar\\\/index.php\\\/2024\\\/01\\\/29\\\/alak-y-la-provincia-acordaron-elaborar-el-digesto-juridico-municipal\\\/\"},\"wordCount\":392,\"publisher\":{\"@id\":\"https:\\\/\\\/infopba247.com.ar\\\/#organization\"},\"image\":{\"@id\":\"https:\\\/\\\/infopba247.com.ar\\\/index.php\\\/2024\\\/01\\\/29\\\/alak-y-la-provincia-acordaron-elaborar-el-digesto-juridico-municipal\\\/#primaryimage\"},\"thumbnailUrl\":\"https:\\\/\\\/infopba247.com.ar\\\/wp-content\\\/uploads\\\/2024\\\/01\\\/unnamed-70.jpg\",\"articleSection\":[\"8va Secci\u00f3n\",\"Destacadas\",\"Pol\u00edtica\"],\"inLanguage\":\"es\"},{\"@type\":\"WebPage\",\"@id\":\"https:\\\/\\\/infopba247.com.ar\\\/index.php\\\/2024\\\/01\\\/29\\\/alak-y-la-provincia-acordaron-elaborar-el-digesto-juridico-municipal\\\/\",\"url\":\"https:\\\/\\\/infopba247.com.ar\\\/index.php\\\/2024\\\/01\\\/29\\\/alak-y-la-provincia-acordaron-elaborar-el-digesto-juridico-municipal\\\/\",\"name\":\"Alak y la Provincia acordaron elaborar el digesto jur\u00eddico municipal - InfoPBA247\",\"isPartOf\":{\"@id\":\"https:\\\/\\\/infopba247.com.ar\\\/#website\"},\"primaryImageOfPage\":{\"@id\":\"https:\\\/\\\/infopba247.com.ar\\\/index.php\\\/2024\\\/01\\\/29\\\/alak-y-la-provincia-acordaron-elaborar-el-digesto-juridico-municipal\\\/#primaryimage\"},\"image\":{\"@id\":\"https:\\\/\\\/infopba247.com.ar\\\/index.php\\\/2024\\\/01\\\/29\\\/alak-y-la-provincia-acordaron-elaborar-el-digesto-juridico-municipal\\\/#primaryimage\"},\"thumbnailUrl\":\"https:\\\/\\\/infopba247.com.ar\\\/wp-content\\\/uploads\\\/2024\\\/01\\\/unnamed-70.jpg\",\"datePublished\":\"2024-01-29T14:10:10+00:00\",\"dateModified\":\"2024-01-29T14:10:11+00:00\",\"breadcrumb\":{\"@id\":\"https:\\\/\\\/infopba247.com.ar\\\/index.php\\\/2024\\\/01\\\/29\\\/alak-y-la-provincia-acordaron-elaborar-el-digesto-juridico-municipal\\\/#breadcrumb\"},\"inLanguage\":\"es\",\"potentialAction\":[{\"@type\":\"ReadAction\",\"target\":[\"https:\\\/\\\/infopba247.com.ar\\\/index.php\\\/2024\\\/01\\\/29\\\/alak-y-la-provincia-acordaron-elaborar-el-digesto-juridico-municipal\\\/\"]}]},{\"@type\":\"ImageObject\",\"inLanguage\":\"es\",\"@id\":\"https:\\\/\\\/infopba247.com.ar\\\/index.php\\\/2024\\\/01\\\/29\\\/alak-y-la-provincia-acordaron-elaborar-el-digesto-juridico-municipal\\\/#primaryimage\",\"url\":\"https:\\\/\\\/infopba247.com.ar\\\/wp-content\\\/uploads\\\/2024\\\/01\\\/unnamed-70.jpg\",\"contentUrl\":\"https:\\\/\\\/infopba247.com.ar\\\/wp-content\\\/uploads\\\/2024\\\/01\\\/unnamed-70.jpg\",\"width\":1280,\"height\":855},{\"@type\":\"BreadcrumbList\",\"@id\":\"https:\\\/\\\/infopba247.com.ar\\\/index.php\\\/2024\\\/01\\\/29\\\/alak-y-la-provincia-acordaron-elaborar-el-digesto-juridico-municipal\\\/#breadcrumb\",\"itemListElement\":[{\"@type\":\"ListItem\",\"position\":1,\"name\":\"Portada\",\"item\":\"https:\\\/\\\/infopba247.com.ar\\\/\"},{\"@type\":\"ListItem\",\"position\":2,\"name\":\"Alak y la Provincia acordaron elaborar el digesto jur\u00eddico municipal\"}]},{\"@type\":\"WebSite\",\"@id\":\"https:\\\/\\\/infopba247.com.ar\\\/#website\",\"url\":\"https:\\\/\\\/infopba247.com.ar\\\/\",\"name\":\"InfoPBA247\",\"description\":\"Toda la actualidad bonaerense\",\"publisher\":{\"@id\":\"https:\\\/\\\/infopba247.com.ar\\\/#organization\"},\"potentialAction\":[{\"@type\":\"SearchAction\",\"target\":{\"@type\":\"EntryPoint\",\"urlTemplate\":\"https:\\\/\\\/infopba247.com.ar\\\/?s={search_term_string}\"},\"query-input\":{\"@type\":\"PropertyValueSpecification\",\"valueRequired\":true,\"valueName\":\"search_term_string\"}}],\"inLanguage\":\"es\"},{\"@type\":\"Organization\",\"@id\":\"https:\\\/\\\/infopba247.com.ar\\\/#organization\",\"name\":\"InfoPBA247\",\"url\":\"https:\\\/\\\/infopba247.com.ar\\\/\",\"logo\":{\"@type\":\"ImageObject\",\"inLanguage\":\"es\",\"@id\":\"https:\\\/\\\/infopba247.com.ar\\\/#\\\/schema\\\/logo\\\/image\\\/\",\"url\":\"https:\\\/\\\/infopba247.com.ar\\\/wp-content\\\/uploads\\\/2022\\\/03\\\/cropped-InfoPBA247-1.png\",\"contentUrl\":\"https:\\\/\\\/infopba247.com.ar\\\/wp-content\\\/uploads\\\/2022\\\/03\\\/cropped-InfoPBA247-1.png\",\"width\":500,\"height\":122,\"caption\":\"InfoPBA247\"},\"image\":{\"@id\":\"https:\\\/\\\/infopba247.com.ar\\\/#\\\/schema\\\/logo\\\/image\\\/\"},\"sameAs\":[\"https:\\\/\\\/www.facebook.com\\\/InfoPBA\"]},{\"@type\":\"Person\",\"@id\":\"https:\\\/\\\/infopba247.com.ar\\\/#\\\/schema\\\/person\\\/4975f1343a413e57bf839b3eed0099f2\",\"name\":\"Editor\",\"image\":{\"@type\":\"ImageObject\",\"inLanguage\":\"es\",\"@id\":\"https:\\\/\\\/secure.gravatar.com\\\/avatar\\\/d27fe9520667ca53441d36627a1d6b0fa4a813571ec4803687a7a3a7744685ac?s=96&d=mm&r=g\",\"url\":\"https:\\\/\\\/secure.gravatar.com\\\/avatar\\\/d27fe9520667ca53441d36627a1d6b0fa4a813571ec4803687a7a3a7744685ac?s=96&d=mm&r=g\",\"contentUrl\":\"https:\\\/\\\/secure.gravatar.com\\\/avatar\\\/d27fe9520667ca53441d36627a1d6b0fa4a813571ec4803687a7a3a7744685ac?s=96&d=mm&r=g\",\"caption\":\"Editor\"},\"url\":\"https:\\\/\\\/infopba247.com.ar\\\/index.php\\\/author\\\/editor\\\/\"}]}<\/script>\n<!-- \/ Yoast SEO plugin. -->","yoast_head_json":{"title":"Alak y la Provincia acordaron elaborar el digesto jur\u00eddico municipal - InfoPBA247","robots":{"index":"index","follow":"follow","max-snippet":"max-snippet:-1","max-image-preview":"max-image-preview:large","max-video-preview":"max-video-preview:-1"},"canonical":"https:\/\/infopba247.com.ar\/index.php\/2024\/01\/29\/alak-y-la-provincia-acordaron-elaborar-el-digesto-juridico-municipal\/","og_locale":"es_ES","og_type":"article","og_title":"Alak y la Provincia acordaron elaborar el digesto jur\u00eddico municipal - InfoPBA247","og_description":"El intendente de La Plata, Julio Alak, mantuvo un encuentro con el Asesor General del Gobierno de la Provincia, Santiago","og_url":"https:\/\/infopba247.com.ar\/index.php\/2024\/01\/29\/alak-y-la-provincia-acordaron-elaborar-el-digesto-juridico-municipal\/","og_site_name":"InfoPBA247","article_publisher":"https:\/\/www.facebook.com\/InfoPBA","article_published_time":"2024-01-29T14:10:10+00:00","article_modified_time":"2024-01-29T14:10:11+00:00","og_image":[{"width":1280,"height":855,"url":"https:\/\/infopba247.com.ar\/wp-content\/uploads\/2024\/01\/unnamed-70.jpg","type":"image\/jpeg"}],"author":"Editor","twitter_card":"summary_large_image","twitter_misc":{"Escrito por":"Editor","Tiempo de lectura":"2 minutos"},"schema":{"@context":"https:\/\/schema.org","@graph":[{"@type":"Article","@id":"https:\/\/infopba247.com.ar\/index.php\/2024\/01\/29\/alak-y-la-provincia-acordaron-elaborar-el-digesto-juridico-municipal\/#article","isPartOf":{"@id":"https:\/\/infopba247.com.ar\/index.php\/2024\/01\/29\/alak-y-la-provincia-acordaron-elaborar-el-digesto-juridico-municipal\/"},"author":{"name":"Editor","@id":"https:\/\/infopba247.com.ar\/#\/schema\/person\/4975f1343a413e57bf839b3eed0099f2"},"headline":"Alak y la Provincia acordaron elaborar el digesto jur\u00eddico municipal","datePublished":"2024-01-29T14:10:10+00:00","dateModified":"2024-01-29T14:10:11+00:00","mainEntityOfPage":{"@id":"https:\/\/infopba247.com.ar\/index.php\/2024\/01\/29\/alak-y-la-provincia-acordaron-elaborar-el-digesto-juridico-municipal\/"},"wordCount":392,"publisher":{"@id":"https:\/\/infopba247.com.ar\/#organization"},"image":{"@id":"https:\/\/infopba247.com.ar\/index.php\/2024\/01\/29\/alak-y-la-provincia-acordaron-elaborar-el-digesto-juridico-municipal\/#primaryimage"},"thumbnailUrl":"https:\/\/infopba247.com.ar\/wp-content\/uploads\/2024\/01\/unnamed-70.jpg","articleSection":["8va Secci\u00f3n","Destacadas","Pol\u00edtica"],"inLanguage":"es"},{"@type":"WebPage","@id":"https:\/\/infopba247.com.ar\/index.php\/2024\/01\/29\/alak-y-la-provincia-acordaron-elaborar-el-digesto-juridico-municipal\/","url":"https:\/\/infopba247.com.ar\/index.php\/2024\/01\/29\/alak-y-la-provincia-acordaron-elaborar-el-digesto-juridico-municipal\/","name":"Alak y la Provincia acordaron elaborar el digesto jur\u00eddico municipal - InfoPBA247","isPartOf":{"@id":"https:\/\/infopba247.com.ar\/#website"},"primaryImageOfPage":{"@id":"https:\/\/infopba247.com.ar\/index.php\/2024\/01\/29\/alak-y-la-provincia-acordaron-elaborar-el-digesto-juridico-municipal\/#primaryimage"},"image":{"@id":"https:\/\/infopba247.com.ar\/index.php\/2024\/01\/29\/alak-y-la-provincia-acordaron-elaborar-el-digesto-juridico-municipal\/#primaryimage"},"thumbnailUrl":"https:\/\/infopba247.com.ar\/wp-content\/uploads\/2024\/01\/unnamed-70.jpg","datePublished":"2024-01-29T14:10:10+00:00","dateModified":"2024-01-29T14:10:11+00:00","breadcrumb":{"@id":"https:\/\/infopba247.com.ar\/index.php\/2024\/01\/29\/alak-y-la-provincia-acordaron-elaborar-el-digesto-juridico-municipal\/#breadcrumb"},"inLanguage":"es","potentialAction":[{"@type":"ReadAction","target":["https:\/\/infopba247.com.ar\/index.php\/2024\/01\/29\/alak-y-la-provincia-acordaron-elaborar-el-digesto-juridico-municipal\/"]}]},{"@type":"ImageObject","inLanguage":"es","@id":"https:\/\/infopba247.com.ar\/index.php\/2024\/01\/29\/alak-y-la-provincia-acordaron-elaborar-el-digesto-juridico-municipal\/#primaryimage","url":"https:\/\/infopba247.com.ar\/wp-content\/uploads\/2024\/01\/unnamed-70.jpg","contentUrl":"https:\/\/infopba247.com.ar\/wp-content\/uploads\/2024\/01\/unnamed-70.jpg","width":1280,"height":855},{"@type":"BreadcrumbList","@id":"https:\/\/infopba247.com.ar\/index.php\/2024\/01\/29\/alak-y-la-provincia-acordaron-elaborar-el-digesto-juridico-municipal\/#breadcrumb","itemListElement":[{"@type":"ListItem","position":1,"name":"Portada","item":"https:\/\/infopba247.com.ar\/"},{"@type":"ListItem","position":2,"name":"Alak y la Provincia acordaron elaborar el digesto jur\u00eddico municipal"}]},{"@type":"WebSite","@id":"https:\/\/infopba247.com.ar\/#website","url":"https:\/\/infopba247.com.ar\/","name":"InfoPBA247","description":"Toda la actualidad bonaerense","publisher":{"@id":"https:\/\/infopba247.com.ar\/#organization"},"potentialAction":[{"@type":"SearchAction","target":{"@type":"EntryPoint","urlTemplate":"https:\/\/infopba247.com.ar\/?s={search_term_string}"},"query-input":{"@type":"PropertyValueSpecification","valueRequired":true,"valueName":"search_term_string"}}],"inLanguage":"es"},{"@type":"Organization","@id":"https:\/\/infopba247.com.ar\/#organization","name":"InfoPBA247","url":"https:\/\/infopba247.com.ar\/","logo":{"@type":"ImageObject","inLanguage":"es","@id":"https:\/\/infopba247.com.ar\/#\/schema\/logo\/image\/","url":"https:\/\/infopba247.com.ar\/wp-content\/uploads\/2022\/03\/cropped-InfoPBA247-1.png","contentUrl":"https:\/\/infopba247.com.ar\/wp-content\/uploads\/2022\/03\/cropped-InfoPBA247-1.png","width":500,"height":122,"caption":"InfoPBA247"},"image":{"@id":"https:\/\/infopba247.com.ar\/#\/schema\/logo\/image\/"},"sameAs":["https:\/\/www.facebook.com\/InfoPBA"]},{"@type":"Person","@id":"https:\/\/infopba247.com.ar\/#\/schema\/person\/4975f1343a413e57bf839b3eed0099f2","name":"Editor","image":{"@type":"ImageObject","inLanguage":"es","@id":"https:\/\/secure.gravatar.com\/avatar\/d27fe9520667ca53441d36627a1d6b0fa4a813571ec4803687a7a3a7744685ac?s=96&d=mm&r=g","url":"https:\/\/secure.gravatar.com\/avatar\/d27fe9520667ca53441d36627a1d6b0fa4a813571ec4803687a7a3a7744685ac?s=96&d=mm&r=g","contentUrl":"https:\/\/secure.gravatar.com\/avatar\/d27fe9520667ca53441d36627a1d6b0fa4a813571ec4803687a7a3a7744685ac?s=96&d=mm&r=g","caption":"Editor"},"url":"https:\/\/infopba247.com.ar\/index.php\/author\/editor\/"}]}},"_links":{"self":[{"href":"https:\/\/infopba247.com.ar\/index.php\/wp-json\/wp\/v2\/posts\/3362","targetHints":{"allow":["GET"]}}],"collection":[{"href":"https:\/\/infopba247.com.ar\/index.php\/wp-json\/wp\/v2\/posts"}],"about":[{"href":"https:\/\/infopba247.com.ar\/index.php\/wp-json\/wp\/v2\/types\/post"}],"author":[{"embeddable":true,"href":"https:\/\/infopba247.com.ar\/index.php\/wp-json\/wp\/v2\/users\/3"}],"replies":[{"embeddable":true,"href":"https:\/\/infopba247.com.ar\/index.php\/wp-json\/wp\/v2\/comments?post=3362"}],"version-history":[{"count":1,"href":"https:\/\/infopba247.com.ar\/index.php\/wp-json\/wp\/v2\/posts\/3362\/revisions"}],"predecessor-version":[{"id":3363,"href":"https:\/\/infopba247.com.ar\/index.php\/wp-json\/wp\/v2\/posts\/3362\/revisions\/3363"}],"wp:featuredmedia":[{"embeddable":true,"href":"https:\/\/infopba247.com.ar\/index.php\/wp-json\/wp\/v2\/media\/3358"}],"wp:attachment":[{"href":"https:\/\/infopba247.com.ar\/index.php\/wp-json\/wp\/v2\/media?parent=3362"}],"wp:term":[{"taxonomy":"category","embeddable":true,"href":"https:\/\/infopba247.com.ar\/index.php\/wp-json\/wp\/v2\/categories?post=3362"},{"taxonomy":"post_tag","embeddable":true,"href":"https:\/\/infopba247.com.ar\/index.php\/wp-json\/wp\/v2\/tags?post=3362"}],"curies":[{"name":"wp","href":"https:\/\/api.w.org\/{rel}","templated":true}]}}