{"id":3348,"date":"2024-01-26T08:43:00","date_gmt":"2024-01-26T11:43:00","guid":{"rendered":"https:\/\/infopba247.com.ar\/?p=3348"},"modified":"2024-01-26T08:43:03","modified_gmt":"2024-01-26T11:43:03","slug":"la-repu-celebra-el-dia-de-las-personas-musicas","status":"publish","type":"post","link":"https:\/\/infopba247.com.ar\/index.php\/2024\/01\/26\/la-repu-celebra-el-dia-de-las-personas-musicas\/","title":{"rendered":"La \u2018Repu\u2019 celebra el D\u00eda de las Personas M\u00fasicas"},"content":{"rendered":"\n<p>En el marco de los festejos por el D\u00eda Nacional del M\u00fasico en homenaje al nacimiento del recordado artista Luis Alberto Spinetta, la Municipalidad de La Plata prepara un evento para el pr\u00f3ximo domingo en la Rep\u00fablica de los Ni\u00f1os.<\/p>\n\n\n\n<p>As\u00ed, la Secretar\u00eda de Cultura a cargo de Ana Negrete, brindar\u00e1 una propuesta a pura m\u00fasica y para toda la familia en el hist\u00f3rico Anfiteatro del predio de Gonnet, donde se presentar\u00e1n bandas y artistas de diversos g\u00e9neros musicales.<\/p>\n\n\n\n<p>La cita es este domingo 28 de enero a las 18:00 horas en el hist\u00f3rico espacio de Camino General Belgrano y 501, donde amantes del rock, el indie y la electr\u00f3nica podr\u00e1n disfrutar de las presentaciones de M\u00edster Am\u00e9rica, Isla Mujeres y DJ Lim\u00f3n, todo con entrada libre y gratuita, aunque vale aclarar que el espect\u00e1culo se suspender\u00e1 en caso de lluvia.<\/p>\n\n\n\n<p>La propuesta busca poner en valor a las y los artistas platenses que forman parte del cat\u00e1logo de C\u00f3digo Provincia y que se incluyen en el programa C\u00f3digo Verano del Instituto Cultural de la provincia de Buenos Aires.<\/p>\n","protected":false},"excerpt":{"rendered":"<p>En el marco de los festejos por el D\u00eda Nacional del M\u00fasico en homenaje al nacimiento del recordado artista Luis<\/p>\n","protected":false},"author":3,"featured_media":3346,"comment_status":"closed","ping_status":"closed","sticky":false,"template":"","format":"standard","meta":{"colormag_page_container_layout":"default_layout","colormag_page_sidebar_layout":"default_layout","footnotes":""},"categories":[12,1,14],"tags":[],"class_list":["post-3348","post","type-post","status-publish","format-standard","has-post-thumbnail","hentry","category-8va-seccion","category-destacadas","category-politica"],"yoast_head":"<!-- This site is optimized with the Yoast SEO plugin v27.4 - https:\/\/yoast.com\/product\/yoast-seo-wordpress\/ -->\n<title>La \u2018Repu\u2019 celebra el D\u00eda de las Personas M\u00fasicas - InfoPBA247<\/title>\n<meta name=\"robots\" content=\"index, follow, max-snippet:-1, max-image-preview:large, max-video-preview:-1\" \/>\n<link rel=\"canonical\" href=\"https:\/\/infopba247.com.ar\/index.php\/2024\/01\/26\/la-repu-celebra-el-dia-de-las-personas-musicas\/\" \/>\n<meta property=\"og:locale\" content=\"es_ES\" \/>\n<meta property=\"og:type\" content=\"article\" \/>\n<meta property=\"og:title\" content=\"La \u2018Repu\u2019 celebra el D\u00eda de las Personas M\u00fasicas - InfoPBA247\" \/>\n<meta property=\"og:description\" content=\"En el marco de los festejos por el D\u00eda Nacional del M\u00fasico en homenaje al nacimiento del recordado artista Luis\" \/>\n<meta property=\"og:url\" content=\"https:\/\/infopba247.com.ar\/index.php\/2024\/01\/26\/la-repu-celebra-el-dia-de-las-personas-musicas\/\" \/>\n<meta property=\"og:site_name\" content=\"InfoPBA247\" \/>\n<meta property=\"article:publisher\" content=\"https:\/\/www.facebook.com\/InfoPBA\" \/>\n<meta property=\"article:published_time\" content=\"2024-01-26T11:43:00+00:00\" \/>\n<meta property=\"article:modified_time\" content=\"2024-01-26T11:43:03+00:00\" \/>\n<meta property=\"og:image\" content=\"https:\/\/infopba247.com.ar\/wp-content\/uploads\/2024\/01\/unnamed-69.jpg\" \/>\n\t<meta property=\"og:image:width\" content=\"1085\" \/>\n\t<meta property=\"og:image:height\" content=\"805\" \/>\n\t<meta property=\"og:image:type\" content=\"image\/jpeg\" \/>\n<meta name=\"author\" content=\"Editor\" \/>\n<meta name=\"twitter:card\" content=\"summary_large_image\" \/>\n<meta name=\"twitter:label1\" content=\"Escrito por\" \/>\n\t<meta name=\"twitter:data1\" content=\"Editor\" \/>\n\t<meta name=\"twitter:label2\" content=\"Tiempo de lectura\" \/>\n\t<meta name=\"twitter:data2\" content=\"1 minuto\" \/>\n<script type=\"application\/ld+json\" class=\"yoast-schema-graph\">{\"@context\":\"https:\\\/\\\/schema.org\",\"@graph\":[{\"@type\":\"Article\",\"@id\":\"https:\\\/\\\/infopba247.com.ar\\\/index.php\\\/2024\\\/01\\\/26\\\/la-repu-celebra-el-dia-de-las-personas-musicas\\\/#article\",\"isPartOf\":{\"@id\":\"https:\\\/\\\/infopba247.com.ar\\\/index.php\\\/2024\\\/01\\\/26\\\/la-repu-celebra-el-dia-de-las-personas-musicas\\\/\"},\"author\":{\"name\":\"Editor\",\"@id\":\"https:\\\/\\\/infopba247.com.ar\\\/#\\\/schema\\\/person\\\/4975f1343a413e57bf839b3eed0099f2\"},\"headline\":\"La \u2018Repu\u2019 celebra el D\u00eda de las Personas M\u00fasicas\",\"datePublished\":\"2024-01-26T11:43:00+00:00\",\"dateModified\":\"2024-01-26T11:43:03+00:00\",\"mainEntityOfPage\":{\"@id\":\"https:\\\/\\\/infopba247.com.ar\\\/index.php\\\/2024\\\/01\\\/26\\\/la-repu-celebra-el-dia-de-las-personas-musicas\\\/\"},\"wordCount\":207,\"publisher\":{\"@id\":\"https:\\\/\\\/infopba247.com.ar\\\/#organization\"},\"image\":{\"@id\":\"https:\\\/\\\/infopba247.com.ar\\\/index.php\\\/2024\\\/01\\\/26\\\/la-repu-celebra-el-dia-de-las-personas-musicas\\\/#primaryimage\"},\"thumbnailUrl\":\"https:\\\/\\\/infopba247.com.ar\\\/wp-content\\\/uploads\\\/2024\\\/01\\\/unnamed-69.jpg\",\"articleSection\":[\"8va Secci\u00f3n\",\"Destacadas\",\"Pol\u00edtica\"],\"inLanguage\":\"es\"},{\"@type\":\"WebPage\",\"@id\":\"https:\\\/\\\/infopba247.com.ar\\\/index.php\\\/2024\\\/01\\\/26\\\/la-repu-celebra-el-dia-de-las-personas-musicas\\\/\",\"url\":\"https:\\\/\\\/infopba247.com.ar\\\/index.php\\\/2024\\\/01\\\/26\\\/la-repu-celebra-el-dia-de-las-personas-musicas\\\/\",\"name\":\"La \u2018Repu\u2019 celebra el D\u00eda de las Personas M\u00fasicas - InfoPBA247\",\"isPartOf\":{\"@id\":\"https:\\\/\\\/infopba247.com.ar\\\/#website\"},\"primaryImageOfPage\":{\"@id\":\"https:\\\/\\\/infopba247.com.ar\\\/index.php\\\/2024\\\/01\\\/26\\\/la-repu-celebra-el-dia-de-las-personas-musicas\\\/#primaryimage\"},\"image\":{\"@id\":\"https:\\\/\\\/infopba247.com.ar\\\/index.php\\\/2024\\\/01\\\/26\\\/la-repu-celebra-el-dia-de-las-personas-musicas\\\/#primaryimage\"},\"thumbnailUrl\":\"https:\\\/\\\/infopba247.com.ar\\\/wp-content\\\/uploads\\\/2024\\\/01\\\/unnamed-69.jpg\",\"datePublished\":\"2024-01-26T11:43:00+00:00\",\"dateModified\":\"2024-01-26T11:43:03+00:00\",\"breadcrumb\":{\"@id\":\"https:\\\/\\\/infopba247.com.ar\\\/index.php\\\/2024\\\/01\\\/26\\\/la-repu-celebra-el-dia-de-las-personas-musicas\\\/#breadcrumb\"},\"inLanguage\":\"es\",\"potentialAction\":[{\"@type\":\"ReadAction\",\"target\":[\"https:\\\/\\\/infopba247.com.ar\\\/index.php\\\/2024\\\/01\\\/26\\\/la-repu-celebra-el-dia-de-las-personas-musicas\\\/\"]}]},{\"@type\":\"ImageObject\",\"inLanguage\":\"es\",\"@id\":\"https:\\\/\\\/infopba247.com.ar\\\/index.php\\\/2024\\\/01\\\/26\\\/la-repu-celebra-el-dia-de-las-personas-musicas\\\/#primaryimage\",\"url\":\"https:\\\/\\\/infopba247.com.ar\\\/wp-content\\\/uploads\\\/2024\\\/01\\\/unnamed-69.jpg\",\"contentUrl\":\"https:\\\/\\\/infopba247.com.ar\\\/wp-content\\\/uploads\\\/2024\\\/01\\\/unnamed-69.jpg\",\"width\":1085,\"height\":805},{\"@type\":\"BreadcrumbList\",\"@id\":\"https:\\\/\\\/infopba247.com.ar\\\/index.php\\\/2024\\\/01\\\/26\\\/la-repu-celebra-el-dia-de-las-personas-musicas\\\/#breadcrumb\",\"itemListElement\":[{\"@type\":\"ListItem\",\"position\":1,\"name\":\"Portada\",\"item\":\"https:\\\/\\\/infopba247.com.ar\\\/\"},{\"@type\":\"ListItem\",\"position\":2,\"name\":\"La \u2018Repu\u2019 celebra el D\u00eda de las Personas M\u00fasicas\"}]},{\"@type\":\"WebSite\",\"@id\":\"https:\\\/\\\/infopba247.com.ar\\\/#website\",\"url\":\"https:\\\/\\\/infopba247.com.ar\\\/\",\"name\":\"InfoPBA247\",\"description\":\"Toda la actualidad bonaerense\",\"publisher\":{\"@id\":\"https:\\\/\\\/infopba247.com.ar\\\/#organization\"},\"potentialAction\":[{\"@type\":\"SearchAction\",\"target\":{\"@type\":\"EntryPoint\",\"urlTemplate\":\"https:\\\/\\\/infopba247.com.ar\\\/?s={search_term_string}\"},\"query-input\":{\"@type\":\"PropertyValueSpecification\",\"valueRequired\":true,\"valueName\":\"search_term_string\"}}],\"inLanguage\":\"es\"},{\"@type\":\"Organization\",\"@id\":\"https:\\\/\\\/infopba247.com.ar\\\/#organization\",\"name\":\"InfoPBA247\",\"url\":\"https:\\\/\\\/infopba247.com.ar\\\/\",\"logo\":{\"@type\":\"ImageObject\",\"inLanguage\":\"es\",\"@id\":\"https:\\\/\\\/infopba247.com.ar\\\/#\\\/schema\\\/logo\\\/image\\\/\",\"url\":\"https:\\\/\\\/infopba247.com.ar\\\/wp-content\\\/uploads\\\/2022\\\/03\\\/cropped-InfoPBA247-1.png\",\"contentUrl\":\"https:\\\/\\\/infopba247.com.ar\\\/wp-content\\\/uploads\\\/2022\\\/03\\\/cropped-InfoPBA247-1.png\",\"width\":500,\"height\":122,\"caption\":\"InfoPBA247\"},\"image\":{\"@id\":\"https:\\\/\\\/infopba247.com.ar\\\/#\\\/schema\\\/logo\\\/image\\\/\"},\"sameAs\":[\"https:\\\/\\\/www.facebook.com\\\/InfoPBA\"]},{\"@type\":\"Person\",\"@id\":\"https:\\\/\\\/infopba247.com.ar\\\/#\\\/schema\\\/person\\\/4975f1343a413e57bf839b3eed0099f2\",\"name\":\"Editor\",\"image\":{\"@type\":\"ImageObject\",\"inLanguage\":\"es\",\"@id\":\"https:\\\/\\\/secure.gravatar.com\\\/avatar\\\/d27fe9520667ca53441d36627a1d6b0fa4a813571ec4803687a7a3a7744685ac?s=96&d=mm&r=g\",\"url\":\"https:\\\/\\\/secure.gravatar.com\\\/avatar\\\/d27fe9520667ca53441d36627a1d6b0fa4a813571ec4803687a7a3a7744685ac?s=96&d=mm&r=g\",\"contentUrl\":\"https:\\\/\\\/secure.gravatar.com\\\/avatar\\\/d27fe9520667ca53441d36627a1d6b0fa4a813571ec4803687a7a3a7744685ac?s=96&d=mm&r=g\",\"caption\":\"Editor\"},\"url\":\"https:\\\/\\\/infopba247.com.ar\\\/index.php\\\/author\\\/editor\\\/\"}]}<\/script>\n<!-- \/ Yoast SEO plugin. -->","yoast_head_json":{"title":"La \u2018Repu\u2019 celebra el D\u00eda de las Personas M\u00fasicas - InfoPBA247","robots":{"index":"index","follow":"follow","max-snippet":"max-snippet:-1","max-image-preview":"max-image-preview:large","max-video-preview":"max-video-preview:-1"},"canonical":"https:\/\/infopba247.com.ar\/index.php\/2024\/01\/26\/la-repu-celebra-el-dia-de-las-personas-musicas\/","og_locale":"es_ES","og_type":"article","og_title":"La \u2018Repu\u2019 celebra el D\u00eda de las Personas M\u00fasicas - InfoPBA247","og_description":"En el marco de los festejos por el D\u00eda Nacional del M\u00fasico en homenaje al nacimiento del recordado artista Luis","og_url":"https:\/\/infopba247.com.ar\/index.php\/2024\/01\/26\/la-repu-celebra-el-dia-de-las-personas-musicas\/","og_site_name":"InfoPBA247","article_publisher":"https:\/\/www.facebook.com\/InfoPBA","article_published_time":"2024-01-26T11:43:00+00:00","article_modified_time":"2024-01-26T11:43:03+00:00","og_image":[{"width":1085,"height":805,"url":"https:\/\/infopba247.com.ar\/wp-content\/uploads\/2024\/01\/unnamed-69.jpg","type":"image\/jpeg"}],"author":"Editor","twitter_card":"summary_large_image","twitter_misc":{"Escrito por":"Editor","Tiempo de lectura":"1 minuto"},"schema":{"@context":"https:\/\/schema.org","@graph":[{"@type":"Article","@id":"https:\/\/infopba247.com.ar\/index.php\/2024\/01\/26\/la-repu-celebra-el-dia-de-las-personas-musicas\/#article","isPartOf":{"@id":"https:\/\/infopba247.com.ar\/index.php\/2024\/01\/26\/la-repu-celebra-el-dia-de-las-personas-musicas\/"},"author":{"name":"Editor","@id":"https:\/\/infopba247.com.ar\/#\/schema\/person\/4975f1343a413e57bf839b3eed0099f2"},"headline":"La \u2018Repu\u2019 celebra el D\u00eda de las Personas M\u00fasicas","datePublished":"2024-01-26T11:43:00+00:00","dateModified":"2024-01-26T11:43:03+00:00","mainEntityOfPage":{"@id":"https:\/\/infopba247.com.ar\/index.php\/2024\/01\/26\/la-repu-celebra-el-dia-de-las-personas-musicas\/"},"wordCount":207,"publisher":{"@id":"https:\/\/infopba247.com.ar\/#organization"},"image":{"@id":"https:\/\/infopba247.com.ar\/index.php\/2024\/01\/26\/la-repu-celebra-el-dia-de-las-personas-musicas\/#primaryimage"},"thumbnailUrl":"https:\/\/infopba247.com.ar\/wp-content\/uploads\/2024\/01\/unnamed-69.jpg","articleSection":["8va Secci\u00f3n","Destacadas","Pol\u00edtica"],"inLanguage":"es"},{"@type":"WebPage","@id":"https:\/\/infopba247.com.ar\/index.php\/2024\/01\/26\/la-repu-celebra-el-dia-de-las-personas-musicas\/","url":"https:\/\/infopba247.com.ar\/index.php\/2024\/01\/26\/la-repu-celebra-el-dia-de-las-personas-musicas\/","name":"La \u2018Repu\u2019 celebra el D\u00eda de las Personas M\u00fasicas - InfoPBA247","isPartOf":{"@id":"https:\/\/infopba247.com.ar\/#website"},"primaryImageOfPage":{"@id":"https:\/\/infopba247.com.ar\/index.php\/2024\/01\/26\/la-repu-celebra-el-dia-de-las-personas-musicas\/#primaryimage"},"image":{"@id":"https:\/\/infopba247.com.ar\/index.php\/2024\/01\/26\/la-repu-celebra-el-dia-de-las-personas-musicas\/#primaryimage"},"thumbnailUrl":"https:\/\/infopba247.com.ar\/wp-content\/uploads\/2024\/01\/unnamed-69.jpg","datePublished":"2024-01-26T11:43:00+00:00","dateModified":"2024-01-26T11:43:03+00:00","breadcrumb":{"@id":"https:\/\/infopba247.com.ar\/index.php\/2024\/01\/26\/la-repu-celebra-el-dia-de-las-personas-musicas\/#breadcrumb"},"inLanguage":"es","potentialAction":[{"@type":"ReadAction","target":["https:\/\/infopba247.com.ar\/index.php\/2024\/01\/26\/la-repu-celebra-el-dia-de-las-personas-musicas\/"]}]},{"@type":"ImageObject","inLanguage":"es","@id":"https:\/\/infopba247.com.ar\/index.php\/2024\/01\/26\/la-repu-celebra-el-dia-de-las-personas-musicas\/#primaryimage","url":"https:\/\/infopba247.com.ar\/wp-content\/uploads\/2024\/01\/unnamed-69.jpg","contentUrl":"https:\/\/infopba247.com.ar\/wp-content\/uploads\/2024\/01\/unnamed-69.jpg","width":1085,"height":805},{"@type":"BreadcrumbList","@id":"https:\/\/infopba247.com.ar\/index.php\/2024\/01\/26\/la-repu-celebra-el-dia-de-las-personas-musicas\/#breadcrumb","itemListElement":[{"@type":"ListItem","position":1,"name":"Portada","item":"https:\/\/infopba247.com.ar\/"},{"@type":"ListItem","position":2,"name":"La \u2018Repu\u2019 celebra el D\u00eda de las Personas M\u00fasicas"}]},{"@type":"WebSite","@id":"https:\/\/infopba247.com.ar\/#website","url":"https:\/\/infopba247.com.ar\/","name":"InfoPBA247","description":"Toda la actualidad bonaerense","publisher":{"@id":"https:\/\/infopba247.com.ar\/#organization"},"potentialAction":[{"@type":"SearchAction","target":{"@type":"EntryPoint","urlTemplate":"https:\/\/infopba247.com.ar\/?s={search_term_string}"},"query-input":{"@type":"PropertyValueSpecification","valueRequired":true,"valueName":"search_term_string"}}],"inLanguage":"es"},{"@type":"Organization","@id":"https:\/\/infopba247.com.ar\/#organization","name":"InfoPBA247","url":"https:\/\/infopba247.com.ar\/","logo":{"@type":"ImageObject","inLanguage":"es","@id":"https:\/\/infopba247.com.ar\/#\/schema\/logo\/image\/","url":"https:\/\/infopba247.com.ar\/wp-content\/uploads\/2022\/03\/cropped-InfoPBA247-1.png","contentUrl":"https:\/\/infopba247.com.ar\/wp-content\/uploads\/2022\/03\/cropped-InfoPBA247-1.png","width":500,"height":122,"caption":"InfoPBA247"},"image":{"@id":"https:\/\/infopba247.com.ar\/#\/schema\/logo\/image\/"},"sameAs":["https:\/\/www.facebook.com\/InfoPBA"]},{"@type":"Person","@id":"https:\/\/infopba247.com.ar\/#\/schema\/person\/4975f1343a413e57bf839b3eed0099f2","name":"Editor","image":{"@type":"ImageObject","inLanguage":"es","@id":"https:\/\/secure.gravatar.com\/avatar\/d27fe9520667ca53441d36627a1d6b0fa4a813571ec4803687a7a3a7744685ac?s=96&d=mm&r=g","url":"https:\/\/secure.gravatar.com\/avatar\/d27fe9520667ca53441d36627a1d6b0fa4a813571ec4803687a7a3a7744685ac?s=96&d=mm&r=g","contentUrl":"https:\/\/secure.gravatar.com\/avatar\/d27fe9520667ca53441d36627a1d6b0fa4a813571ec4803687a7a3a7744685ac?s=96&d=mm&r=g","caption":"Editor"},"url":"https:\/\/infopba247.com.ar\/index.php\/author\/editor\/"}]}},"_links":{"self":[{"href":"https:\/\/infopba247.com.ar\/index.php\/wp-json\/wp\/v2\/posts\/3348","targetHints":{"allow":["GET"]}}],"collection":[{"href":"https:\/\/infopba247.com.ar\/index.php\/wp-json\/wp\/v2\/posts"}],"about":[{"href":"https:\/\/infopba247.com.ar\/index.php\/wp-json\/wp\/v2\/types\/post"}],"author":[{"embeddable":true,"href":"https:\/\/infopba247.com.ar\/index.php\/wp-json\/wp\/v2\/users\/3"}],"replies":[{"embeddable":true,"href":"https:\/\/infopba247.com.ar\/index.php\/wp-json\/wp\/v2\/comments?post=3348"}],"version-history":[{"count":1,"href":"https:\/\/infopba247.com.ar\/index.php\/wp-json\/wp\/v2\/posts\/3348\/revisions"}],"predecessor-version":[{"id":3349,"href":"https:\/\/infopba247.com.ar\/index.php\/wp-json\/wp\/v2\/posts\/3348\/revisions\/3349"}],"wp:featuredmedia":[{"embeddable":true,"href":"https:\/\/infopba247.com.ar\/index.php\/wp-json\/wp\/v2\/media\/3346"}],"wp:attachment":[{"href":"https:\/\/infopba247.com.ar\/index.php\/wp-json\/wp\/v2\/media?parent=3348"}],"wp:term":[{"taxonomy":"category","embeddable":true,"href":"https:\/\/infopba247.com.ar\/index.php\/wp-json\/wp\/v2\/categories?post=3348"},{"taxonomy":"post_tag","embeddable":true,"href":"https:\/\/infopba247.com.ar\/index.php\/wp-json\/wp\/v2\/tags?post=3348"}],"curies":[{"name":"wp","href":"https:\/\/api.w.org\/{rel}","templated":true}]}}