{"id":3241,"date":"2024-01-12T08:32:53","date_gmt":"2024-01-12T11:32:53","guid":{"rendered":"https:\/\/infopba247.com.ar\/?p=3241"},"modified":"2024-01-12T08:32:53","modified_gmt":"2024-01-12T11:32:53","slug":"llegan-las-fiestas-tematicas-de-la-cultura","status":"publish","type":"post","link":"https:\/\/infopba247.com.ar\/index.php\/2024\/01\/12\/llegan-las-fiestas-tematicas-de-la-cultura\/","title":{"rendered":"Llegan las Fiestas Tem\u00e1ticas de la Cultura"},"content":{"rendered":"\n<p>El Municipio de Moreno, a trav\u00e9s de la Secretar\u00eda de Cultura Educaci\u00f3n y Deportes, lleva adelante las \u201cFiestas Tem\u00e1ticas\u201d en la Casa de la Cultura, ubicada en Dr. Vera 246.&nbsp;<\/p>\n\n\n\n<p>La Casa de la Cultura abrir\u00e1 los d\u00edas viernes 5 y 16 de enero y 9 y 16 de febrero desde las 19 horas, donde se presentar\u00e1n shows en vivo de artistas. En estas jornadas habr\u00e1 un g\u00e9nero musical distinto, pudiendo ofrecer momentos recreativos para todos los gustos.<\/p>\n\n\n\n<p>El viernes 5 de enero se present\u00f3 la banda Ra\u00edces Fuertes, donde vecinos y vecinas pudieron disfrutar de una noche de reggae. Mientras que el pr\u00f3ximo viernes 19 se podr\u00e1 disfrutar de la Noche Murguera.<\/p>\n\n\n\n<p>Durante el mes de febrero, el viernes 2 habr\u00e1 Noche Colombiana a cargo de la banda de m\u00fasica tropical \u201cLa Colombiana\u201d y dos Dj\u2019s en vivo, y el viernes 16 culminar\u00e1 con la Noche de Folclore donde se presentar\u00e1n la banda Kutina Tiempo, el Ballet \u201cSendero\u201d y el artista Gonzalo Gorosito.<\/p>\n\n\n\n<p>Estos encuentros, se realizan con el objetivo de que vecinas y vecinos puedan reconocer y apropiarse de espacios culturales que son abiertos a la comunidad, y disfrutar de todas sus propuestas.<\/p>\n","protected":false},"excerpt":{"rendered":"<p>El Municipio de Moreno, a trav\u00e9s de la Secretar\u00eda de Cultura Educaci\u00f3n y Deportes, lleva adelante las \u201cFiestas Tem\u00e1ticas\u201d en<\/p>\n","protected":false},"author":3,"featured_media":3232,"comment_status":"closed","ping_status":"closed","sticky":false,"template":"","format":"standard","meta":{"colormag_page_container_layout":"default_layout","colormag_page_sidebar_layout":"default_layout","footnotes":""},"categories":[5,1,14],"tags":[],"class_list":["post-3241","post","type-post","status-publish","format-standard","has-post-thumbnail","hentry","category-1ra-seccion","category-destacadas","category-politica"],"yoast_head":"<!-- This site is optimized with the Yoast SEO plugin v27.4 - https:\/\/yoast.com\/product\/yoast-seo-wordpress\/ -->\n<title>Llegan las Fiestas Tem\u00e1ticas de la Cultura - InfoPBA247<\/title>\n<meta name=\"robots\" content=\"index, follow, max-snippet:-1, max-image-preview:large, max-video-preview:-1\" \/>\n<link rel=\"canonical\" href=\"https:\/\/infopba247.com.ar\/index.php\/2024\/01\/12\/llegan-las-fiestas-tematicas-de-la-cultura\/\" \/>\n<meta property=\"og:locale\" content=\"es_ES\" \/>\n<meta property=\"og:type\" content=\"article\" \/>\n<meta property=\"og:title\" content=\"Llegan las Fiestas Tem\u00e1ticas de la Cultura - InfoPBA247\" \/>\n<meta property=\"og:description\" content=\"El Municipio de Moreno, a trav\u00e9s de la Secretar\u00eda de Cultura Educaci\u00f3n y Deportes, lleva adelante las \u201cFiestas Tem\u00e1ticas\u201d en\" \/>\n<meta property=\"og:url\" content=\"https:\/\/infopba247.com.ar\/index.php\/2024\/01\/12\/llegan-las-fiestas-tematicas-de-la-cultura\/\" \/>\n<meta property=\"og:site_name\" content=\"InfoPBA247\" \/>\n<meta property=\"article:publisher\" content=\"https:\/\/www.facebook.com\/InfoPBA\" \/>\n<meta property=\"article:published_time\" content=\"2024-01-12T11:32:53+00:00\" \/>\n<meta property=\"og:image\" content=\"https:\/\/infopba247.com.ar\/wp-content\/uploads\/2024\/01\/CULTURA-3.jpg\" \/>\n\t<meta property=\"og:image:width\" content=\"1600\" \/>\n\t<meta property=\"og:image:height\" content=\"1095\" \/>\n\t<meta property=\"og:image:type\" content=\"image\/jpeg\" \/>\n<meta name=\"author\" content=\"Editor\" \/>\n<meta name=\"twitter:card\" content=\"summary_large_image\" \/>\n<meta name=\"twitter:label1\" content=\"Escrito por\" \/>\n\t<meta name=\"twitter:data1\" content=\"Editor\" \/>\n\t<meta name=\"twitter:label2\" content=\"Tiempo de lectura\" \/>\n\t<meta name=\"twitter:data2\" content=\"1 minuto\" \/>\n<script type=\"application\/ld+json\" class=\"yoast-schema-graph\">{\"@context\":\"https:\\\/\\\/schema.org\",\"@graph\":[{\"@type\":\"Article\",\"@id\":\"https:\\\/\\\/infopba247.com.ar\\\/index.php\\\/2024\\\/01\\\/12\\\/llegan-las-fiestas-tematicas-de-la-cultura\\\/#article\",\"isPartOf\":{\"@id\":\"https:\\\/\\\/infopba247.com.ar\\\/index.php\\\/2024\\\/01\\\/12\\\/llegan-las-fiestas-tematicas-de-la-cultura\\\/\"},\"author\":{\"name\":\"Editor\",\"@id\":\"https:\\\/\\\/infopba247.com.ar\\\/#\\\/schema\\\/person\\\/4975f1343a413e57bf839b3eed0099f2\"},\"headline\":\"Llegan las Fiestas Tem\u00e1ticas de la Cultura\",\"datePublished\":\"2024-01-12T11:32:53+00:00\",\"mainEntityOfPage\":{\"@id\":\"https:\\\/\\\/infopba247.com.ar\\\/index.php\\\/2024\\\/01\\\/12\\\/llegan-las-fiestas-tematicas-de-la-cultura\\\/\"},\"wordCount\":206,\"publisher\":{\"@id\":\"https:\\\/\\\/infopba247.com.ar\\\/#organization\"},\"image\":{\"@id\":\"https:\\\/\\\/infopba247.com.ar\\\/index.php\\\/2024\\\/01\\\/12\\\/llegan-las-fiestas-tematicas-de-la-cultura\\\/#primaryimage\"},\"thumbnailUrl\":\"https:\\\/\\\/infopba247.com.ar\\\/wp-content\\\/uploads\\\/2024\\\/01\\\/CULTURA-3.jpg\",\"articleSection\":[\"1ra Secci\u00f3n\",\"Destacadas\",\"Pol\u00edtica\"],\"inLanguage\":\"es\"},{\"@type\":\"WebPage\",\"@id\":\"https:\\\/\\\/infopba247.com.ar\\\/index.php\\\/2024\\\/01\\\/12\\\/llegan-las-fiestas-tematicas-de-la-cultura\\\/\",\"url\":\"https:\\\/\\\/infopba247.com.ar\\\/index.php\\\/2024\\\/01\\\/12\\\/llegan-las-fiestas-tematicas-de-la-cultura\\\/\",\"name\":\"Llegan las Fiestas Tem\u00e1ticas de la Cultura - InfoPBA247\",\"isPartOf\":{\"@id\":\"https:\\\/\\\/infopba247.com.ar\\\/#website\"},\"primaryImageOfPage\":{\"@id\":\"https:\\\/\\\/infopba247.com.ar\\\/index.php\\\/2024\\\/01\\\/12\\\/llegan-las-fiestas-tematicas-de-la-cultura\\\/#primaryimage\"},\"image\":{\"@id\":\"https:\\\/\\\/infopba247.com.ar\\\/index.php\\\/2024\\\/01\\\/12\\\/llegan-las-fiestas-tematicas-de-la-cultura\\\/#primaryimage\"},\"thumbnailUrl\":\"https:\\\/\\\/infopba247.com.ar\\\/wp-content\\\/uploads\\\/2024\\\/01\\\/CULTURA-3.jpg\",\"datePublished\":\"2024-01-12T11:32:53+00:00\",\"breadcrumb\":{\"@id\":\"https:\\\/\\\/infopba247.com.ar\\\/index.php\\\/2024\\\/01\\\/12\\\/llegan-las-fiestas-tematicas-de-la-cultura\\\/#breadcrumb\"},\"inLanguage\":\"es\",\"potentialAction\":[{\"@type\":\"ReadAction\",\"target\":[\"https:\\\/\\\/infopba247.com.ar\\\/index.php\\\/2024\\\/01\\\/12\\\/llegan-las-fiestas-tematicas-de-la-cultura\\\/\"]}]},{\"@type\":\"ImageObject\",\"inLanguage\":\"es\",\"@id\":\"https:\\\/\\\/infopba247.com.ar\\\/index.php\\\/2024\\\/01\\\/12\\\/llegan-las-fiestas-tematicas-de-la-cultura\\\/#primaryimage\",\"url\":\"https:\\\/\\\/infopba247.com.ar\\\/wp-content\\\/uploads\\\/2024\\\/01\\\/CULTURA-3.jpg\",\"contentUrl\":\"https:\\\/\\\/infopba247.com.ar\\\/wp-content\\\/uploads\\\/2024\\\/01\\\/CULTURA-3.jpg\",\"width\":1600,\"height\":1095},{\"@type\":\"BreadcrumbList\",\"@id\":\"https:\\\/\\\/infopba247.com.ar\\\/index.php\\\/2024\\\/01\\\/12\\\/llegan-las-fiestas-tematicas-de-la-cultura\\\/#breadcrumb\",\"itemListElement\":[{\"@type\":\"ListItem\",\"position\":1,\"name\":\"Portada\",\"item\":\"https:\\\/\\\/infopba247.com.ar\\\/\"},{\"@type\":\"ListItem\",\"position\":2,\"name\":\"Llegan las Fiestas Tem\u00e1ticas de la Cultura\"}]},{\"@type\":\"WebSite\",\"@id\":\"https:\\\/\\\/infopba247.com.ar\\\/#website\",\"url\":\"https:\\\/\\\/infopba247.com.ar\\\/\",\"name\":\"InfoPBA247\",\"description\":\"Toda la actualidad bonaerense\",\"publisher\":{\"@id\":\"https:\\\/\\\/infopba247.com.ar\\\/#organization\"},\"potentialAction\":[{\"@type\":\"SearchAction\",\"target\":{\"@type\":\"EntryPoint\",\"urlTemplate\":\"https:\\\/\\\/infopba247.com.ar\\\/?s={search_term_string}\"},\"query-input\":{\"@type\":\"PropertyValueSpecification\",\"valueRequired\":true,\"valueName\":\"search_term_string\"}}],\"inLanguage\":\"es\"},{\"@type\":\"Organization\",\"@id\":\"https:\\\/\\\/infopba247.com.ar\\\/#organization\",\"name\":\"InfoPBA247\",\"url\":\"https:\\\/\\\/infopba247.com.ar\\\/\",\"logo\":{\"@type\":\"ImageObject\",\"inLanguage\":\"es\",\"@id\":\"https:\\\/\\\/infopba247.com.ar\\\/#\\\/schema\\\/logo\\\/image\\\/\",\"url\":\"https:\\\/\\\/infopba247.com.ar\\\/wp-content\\\/uploads\\\/2022\\\/03\\\/cropped-InfoPBA247-1.png\",\"contentUrl\":\"https:\\\/\\\/infopba247.com.ar\\\/wp-content\\\/uploads\\\/2022\\\/03\\\/cropped-InfoPBA247-1.png\",\"width\":500,\"height\":122,\"caption\":\"InfoPBA247\"},\"image\":{\"@id\":\"https:\\\/\\\/infopba247.com.ar\\\/#\\\/schema\\\/logo\\\/image\\\/\"},\"sameAs\":[\"https:\\\/\\\/www.facebook.com\\\/InfoPBA\"]},{\"@type\":\"Person\",\"@id\":\"https:\\\/\\\/infopba247.com.ar\\\/#\\\/schema\\\/person\\\/4975f1343a413e57bf839b3eed0099f2\",\"name\":\"Editor\",\"image\":{\"@type\":\"ImageObject\",\"inLanguage\":\"es\",\"@id\":\"https:\\\/\\\/secure.gravatar.com\\\/avatar\\\/d27fe9520667ca53441d36627a1d6b0fa4a813571ec4803687a7a3a7744685ac?s=96&d=mm&r=g\",\"url\":\"https:\\\/\\\/secure.gravatar.com\\\/avatar\\\/d27fe9520667ca53441d36627a1d6b0fa4a813571ec4803687a7a3a7744685ac?s=96&d=mm&r=g\",\"contentUrl\":\"https:\\\/\\\/secure.gravatar.com\\\/avatar\\\/d27fe9520667ca53441d36627a1d6b0fa4a813571ec4803687a7a3a7744685ac?s=96&d=mm&r=g\",\"caption\":\"Editor\"},\"url\":\"https:\\\/\\\/infopba247.com.ar\\\/index.php\\\/author\\\/editor\\\/\"}]}<\/script>\n<!-- \/ Yoast SEO plugin. -->","yoast_head_json":{"title":"Llegan las Fiestas Tem\u00e1ticas de la Cultura - InfoPBA247","robots":{"index":"index","follow":"follow","max-snippet":"max-snippet:-1","max-image-preview":"max-image-preview:large","max-video-preview":"max-video-preview:-1"},"canonical":"https:\/\/infopba247.com.ar\/index.php\/2024\/01\/12\/llegan-las-fiestas-tematicas-de-la-cultura\/","og_locale":"es_ES","og_type":"article","og_title":"Llegan las Fiestas Tem\u00e1ticas de la Cultura - InfoPBA247","og_description":"El Municipio de Moreno, a trav\u00e9s de la Secretar\u00eda de Cultura Educaci\u00f3n y Deportes, lleva adelante las \u201cFiestas Tem\u00e1ticas\u201d en","og_url":"https:\/\/infopba247.com.ar\/index.php\/2024\/01\/12\/llegan-las-fiestas-tematicas-de-la-cultura\/","og_site_name":"InfoPBA247","article_publisher":"https:\/\/www.facebook.com\/InfoPBA","article_published_time":"2024-01-12T11:32:53+00:00","og_image":[{"width":1600,"height":1095,"url":"https:\/\/infopba247.com.ar\/wp-content\/uploads\/2024\/01\/CULTURA-3.jpg","type":"image\/jpeg"}],"author":"Editor","twitter_card":"summary_large_image","twitter_misc":{"Escrito por":"Editor","Tiempo de lectura":"1 minuto"},"schema":{"@context":"https:\/\/schema.org","@graph":[{"@type":"Article","@id":"https:\/\/infopba247.com.ar\/index.php\/2024\/01\/12\/llegan-las-fiestas-tematicas-de-la-cultura\/#article","isPartOf":{"@id":"https:\/\/infopba247.com.ar\/index.php\/2024\/01\/12\/llegan-las-fiestas-tematicas-de-la-cultura\/"},"author":{"name":"Editor","@id":"https:\/\/infopba247.com.ar\/#\/schema\/person\/4975f1343a413e57bf839b3eed0099f2"},"headline":"Llegan las Fiestas Tem\u00e1ticas de la Cultura","datePublished":"2024-01-12T11:32:53+00:00","mainEntityOfPage":{"@id":"https:\/\/infopba247.com.ar\/index.php\/2024\/01\/12\/llegan-las-fiestas-tematicas-de-la-cultura\/"},"wordCount":206,"publisher":{"@id":"https:\/\/infopba247.com.ar\/#organization"},"image":{"@id":"https:\/\/infopba247.com.ar\/index.php\/2024\/01\/12\/llegan-las-fiestas-tematicas-de-la-cultura\/#primaryimage"},"thumbnailUrl":"https:\/\/infopba247.com.ar\/wp-content\/uploads\/2024\/01\/CULTURA-3.jpg","articleSection":["1ra Secci\u00f3n","Destacadas","Pol\u00edtica"],"inLanguage":"es"},{"@type":"WebPage","@id":"https:\/\/infopba247.com.ar\/index.php\/2024\/01\/12\/llegan-las-fiestas-tematicas-de-la-cultura\/","url":"https:\/\/infopba247.com.ar\/index.php\/2024\/01\/12\/llegan-las-fiestas-tematicas-de-la-cultura\/","name":"Llegan las Fiestas Tem\u00e1ticas de la Cultura - InfoPBA247","isPartOf":{"@id":"https:\/\/infopba247.com.ar\/#website"},"primaryImageOfPage":{"@id":"https:\/\/infopba247.com.ar\/index.php\/2024\/01\/12\/llegan-las-fiestas-tematicas-de-la-cultura\/#primaryimage"},"image":{"@id":"https:\/\/infopba247.com.ar\/index.php\/2024\/01\/12\/llegan-las-fiestas-tematicas-de-la-cultura\/#primaryimage"},"thumbnailUrl":"https:\/\/infopba247.com.ar\/wp-content\/uploads\/2024\/01\/CULTURA-3.jpg","datePublished":"2024-01-12T11:32:53+00:00","breadcrumb":{"@id":"https:\/\/infopba247.com.ar\/index.php\/2024\/01\/12\/llegan-las-fiestas-tematicas-de-la-cultura\/#breadcrumb"},"inLanguage":"es","potentialAction":[{"@type":"ReadAction","target":["https:\/\/infopba247.com.ar\/index.php\/2024\/01\/12\/llegan-las-fiestas-tematicas-de-la-cultura\/"]}]},{"@type":"ImageObject","inLanguage":"es","@id":"https:\/\/infopba247.com.ar\/index.php\/2024\/01\/12\/llegan-las-fiestas-tematicas-de-la-cultura\/#primaryimage","url":"https:\/\/infopba247.com.ar\/wp-content\/uploads\/2024\/01\/CULTURA-3.jpg","contentUrl":"https:\/\/infopba247.com.ar\/wp-content\/uploads\/2024\/01\/CULTURA-3.jpg","width":1600,"height":1095},{"@type":"BreadcrumbList","@id":"https:\/\/infopba247.com.ar\/index.php\/2024\/01\/12\/llegan-las-fiestas-tematicas-de-la-cultura\/#breadcrumb","itemListElement":[{"@type":"ListItem","position":1,"name":"Portada","item":"https:\/\/infopba247.com.ar\/"},{"@type":"ListItem","position":2,"name":"Llegan las Fiestas Tem\u00e1ticas de la Cultura"}]},{"@type":"WebSite","@id":"https:\/\/infopba247.com.ar\/#website","url":"https:\/\/infopba247.com.ar\/","name":"InfoPBA247","description":"Toda la actualidad bonaerense","publisher":{"@id":"https:\/\/infopba247.com.ar\/#organization"},"potentialAction":[{"@type":"SearchAction","target":{"@type":"EntryPoint","urlTemplate":"https:\/\/infopba247.com.ar\/?s={search_term_string}"},"query-input":{"@type":"PropertyValueSpecification","valueRequired":true,"valueName":"search_term_string"}}],"inLanguage":"es"},{"@type":"Organization","@id":"https:\/\/infopba247.com.ar\/#organization","name":"InfoPBA247","url":"https:\/\/infopba247.com.ar\/","logo":{"@type":"ImageObject","inLanguage":"es","@id":"https:\/\/infopba247.com.ar\/#\/schema\/logo\/image\/","url":"https:\/\/infopba247.com.ar\/wp-content\/uploads\/2022\/03\/cropped-InfoPBA247-1.png","contentUrl":"https:\/\/infopba247.com.ar\/wp-content\/uploads\/2022\/03\/cropped-InfoPBA247-1.png","width":500,"height":122,"caption":"InfoPBA247"},"image":{"@id":"https:\/\/infopba247.com.ar\/#\/schema\/logo\/image\/"},"sameAs":["https:\/\/www.facebook.com\/InfoPBA"]},{"@type":"Person","@id":"https:\/\/infopba247.com.ar\/#\/schema\/person\/4975f1343a413e57bf839b3eed0099f2","name":"Editor","image":{"@type":"ImageObject","inLanguage":"es","@id":"https:\/\/secure.gravatar.com\/avatar\/d27fe9520667ca53441d36627a1d6b0fa4a813571ec4803687a7a3a7744685ac?s=96&d=mm&r=g","url":"https:\/\/secure.gravatar.com\/avatar\/d27fe9520667ca53441d36627a1d6b0fa4a813571ec4803687a7a3a7744685ac?s=96&d=mm&r=g","contentUrl":"https:\/\/secure.gravatar.com\/avatar\/d27fe9520667ca53441d36627a1d6b0fa4a813571ec4803687a7a3a7744685ac?s=96&d=mm&r=g","caption":"Editor"},"url":"https:\/\/infopba247.com.ar\/index.php\/author\/editor\/"}]}},"_links":{"self":[{"href":"https:\/\/infopba247.com.ar\/index.php\/wp-json\/wp\/v2\/posts\/3241","targetHints":{"allow":["GET"]}}],"collection":[{"href":"https:\/\/infopba247.com.ar\/index.php\/wp-json\/wp\/v2\/posts"}],"about":[{"href":"https:\/\/infopba247.com.ar\/index.php\/wp-json\/wp\/v2\/types\/post"}],"author":[{"embeddable":true,"href":"https:\/\/infopba247.com.ar\/index.php\/wp-json\/wp\/v2\/users\/3"}],"replies":[{"embeddable":true,"href":"https:\/\/infopba247.com.ar\/index.php\/wp-json\/wp\/v2\/comments?post=3241"}],"version-history":[{"count":1,"href":"https:\/\/infopba247.com.ar\/index.php\/wp-json\/wp\/v2\/posts\/3241\/revisions"}],"predecessor-version":[{"id":3242,"href":"https:\/\/infopba247.com.ar\/index.php\/wp-json\/wp\/v2\/posts\/3241\/revisions\/3242"}],"wp:featuredmedia":[{"embeddable":true,"href":"https:\/\/infopba247.com.ar\/index.php\/wp-json\/wp\/v2\/media\/3232"}],"wp:attachment":[{"href":"https:\/\/infopba247.com.ar\/index.php\/wp-json\/wp\/v2\/media?parent=3241"}],"wp:term":[{"taxonomy":"category","embeddable":true,"href":"https:\/\/infopba247.com.ar\/index.php\/wp-json\/wp\/v2\/categories?post=3241"},{"taxonomy":"post_tag","embeddable":true,"href":"https:\/\/infopba247.com.ar\/index.php\/wp-json\/wp\/v2\/tags?post=3241"}],"curies":[{"name":"wp","href":"https:\/\/api.w.org\/{rel}","templated":true}]}}