{"id":321,"date":"2022-05-02T11:35:00","date_gmt":"2022-05-02T11:35:00","guid":{"rendered":"https:\/\/infopba247.com.ar\/?p=321"},"modified":"2022-05-16T11:36:53","modified_gmt":"2022-05-16T11:36:53","slug":"con-la-presencia-del-ministro-juanchi-zabaleta-en-junin-la-cuarta-celebro-el-primero-de-mayo-hay-que-construir-mas-peronismo","status":"publish","type":"post","link":"https:\/\/infopba247.com.ar\/index.php\/2022\/05\/02\/con-la-presencia-del-ministro-juanchi-zabaleta-en-junin-la-cuarta-celebro-el-primero-de-mayo-hay-que-construir-mas-peronismo\/","title":{"rendered":"Con la presencia del Ministro Juanchi Zabaleta en Jun\u00edn, la Cuarta celebr\u00f3 el primero de mayo: \u201cHay que construir m\u00e1s peronismo\u201d"},"content":{"rendered":"\n<p>El pasado domingo 1\u00ba de mayo, el Movimiento Pol\u00edtico, Cultural y Ecol\u00f3gico para la Unidad, que conduce Pablo Micheli, La Capitana, cuya referenta regional es Claudia Burgos, y el Frente Grande seccional celebraron el d\u00eda del trabajador\/a con un gran plenario de la militancia de la Cuarta Secci\u00f3n Electoral que se llev\u00f3 a cabo en la localidad de Jun\u00edn. Tanto el Ministro de Desarrollo Social de la Naci\u00f3n, Juan Zabaleta, como su vice en la cartera, Gustavo Aguilera, escucharon las distintas intervenciones de cada referente distrital y fue el mismo Zabaleta el encargado de cerrar el encuentro.<\/p>\n\n\n\n<p>Micheli y Burgos fueron los anfitriones de un encuentro que reuni\u00f3 a la militancia de la Cuarta con el objetivo de dar el debate que aporte a consolidar la unidad del Frente de Todos en la regi\u00f3n. La l\u00edder de La Capitana fue quien abri\u00f3 el micr\u00f3fono, agradeci\u00f3 la presencia y el compromiso \u201cun domingo por la ma\u00f1ana\u201d y dio la bienvenida a todos los presentes. \u201cPara nosotros es muy importante haber llegado hasta ac\u00e1, dar el debate cara<br>a cara, con cada compa\u00f1ero y compa\u00f1era despu\u00e9s de tantos meses de zoom y poder seguir transitando este camino en el que somos cada vez m\u00e1s y m\u00e1s bregando por la unidad del Frente de Todos\u201d.<\/p>\n\n\n\n<p>Por su parte, Micheli salud\u00f3 a todos los presentes en el D\u00eda del Trabajador\/a, manifest\u00f3 su alegr\u00eda de poder estar celebrando dicha fecha en su querido Jun\u00edn, su ciudad de residencia, y enfatiz\u00f3 en la \u201cnecesidad de seguir construyendo unidad. Sabemos que la pandemia y otros factores hicieron que hoy la gente no la est\u00e9 pasando bien, pero no son tiempos en los que tenemos que seleccionar con qui\u00e9n juntarnos y con qui\u00e9n no, porque<br>si priorizamos las diferencias vamos a llegar todos divididos al 2023, y si perdemos, lo que viene va a ser peor de lo que ya conocimos. Vienen por la reforma laboral, por los jubilados, por terminar de ajustar las tarifas, por el futuro de nuestros hijos y nietos.<\/p>\n\n\n\n<p>Entonces, tenemos que seguir convocando a cada compa\u00f1ero y compa\u00f1era y ganar la calle todos los d\u00edas al lado de la gente\u201d.<\/p>\n\n\n\n<p>Por \u00faltimo, Juanchi Zabaleta salud\u00f3 la realizaci\u00f3n del encuentro, se comprometi\u00f3 a resolver distintas demandas que salieron de las intervenciones, y dej\u00f3 un mensaje claro para la militancia. \u201cTenemos que enojarnos menos entre nosotros y enojarnos m\u00e1s con la pobreza, la inflaci\u00f3n, la inseguridad. Tengamos en claro qui\u00e9nes quieren una Argentina para pocos y qui\u00e9nes queremos una Argentina para todos. Sintonicemos un poquito m\u00e1s<br>con lo que pasa en la casa de en frente, en los barrios humildes de cada lugar de la Argentina. Sigamos construyendo m\u00e1s peronismo\u201d.<\/p>\n\n\n\n<p>De esta manera, el primero de mayo se vivi\u00f3 con fuerza en Jun\u00edn. Con una encuentro que no tuvo excepciones a la hora de la convocatoria, ya que se cursaron invitaciones a todos los dirigentes y referentes pol\u00edticos de la zona, con la presencia de los distritos de General Viamonte, 9 de Julio, Bragado, General Villegas, Rivadavia, Henderson, Leandro N. Alem, Lincoln, General Arenales, Jun\u00edn, Trenque Lauquen, Chacabuco y Chivilcoy, e invitados del arco pol\u00edtico y social que hicieron llegar sus saludos a trav\u00e9s de v\u00eddeos y mensajes como los de los senadores provinciales Walter Torchio y Juanci Mart\u00ednez, la diputada provincial Viviana Guzzo, los tres del Frente de Todos, como as\u00ed tambi\u00e9n quienes se hicieron presentes como Jorge Fern\u00e1ndez, ex intendente de Lincoln y presidente del PJ local, Norma Spirolazi, vice presidenta del PJ de esa localidad, las concejalas linque\u00f1as M\u00f3nica Solanille y Patricia Gatti, Gustavo Traverso, senador provincial mandato cumplido por el Frente de Todos, Jos\u00e9 Bruzzone, concejal de Jun\u00edn por el Frente de Todos, el dirigente peronista de Bragado Dar\u00edo Duretti, Beto Hern\u00e1ndez por Jubilados de Jun\u00edn, Oscar Far\u00edas por el Movimiento Mapuche, Julio Cabrera por Cooperativas de Ferroviarios, Loenardo Ridolfi de la Juan Duarte y del Movimiento Cultural y Popular Sarmientista, Mariela Scanavino de la biblioteca Micaela Borda y miembro del PJ de Jun\u00edn, Nilo Maravilla, peronista hist\u00f3rico de Jun\u00edn y referente de Compromiso Federal de Jun\u00edn, Presidentes de sociedades de fomento, agrupaciones sociales y pol\u00edticas, dirigentes de clubes de la zona, entre otros, se trazaron diferentes campos en el cual articular el trabajo territorial y pol\u00edtico en toda la secci\u00f3n.<\/p>\n","protected":false},"excerpt":{"rendered":"<p>El pasado domingo 1\u00ba de mayo, el Movimiento Pol\u00edtico, Cultural y Ecol\u00f3gico para la Unidad, que conduce Pablo Micheli, La<\/p>\n","protected":false},"author":2,"featured_media":322,"comment_status":"closed","ping_status":"closed","sticky":false,"template":"","format":"standard","meta":{"colormag_page_container_layout":"default_layout","colormag_page_sidebar_layout":"default_layout","footnotes":""},"categories":[8,1,14],"tags":[],"class_list":["post-321","post","type-post","status-publish","format-standard","has-post-thumbnail","hentry","category-4ta-seccion","category-destacadas","category-politica"],"yoast_head":"<!-- This site is optimized with the Yoast SEO plugin v27.5 - https:\/\/yoast.com\/product\/yoast-seo-wordpress\/ -->\n<title>Con la presencia del Ministro Juanchi Zabaleta en Jun\u00edn, la Cuarta celebr\u00f3 el primero de mayo: \u201cHay que construir m\u00e1s peronismo\u201d - InfoPBA247<\/title>\n<meta name=\"robots\" content=\"index, follow, max-snippet:-1, max-image-preview:large, max-video-preview:-1\" \/>\n<link rel=\"canonical\" href=\"https:\/\/infopba247.com.ar\/index.php\/2022\/05\/02\/con-la-presencia-del-ministro-juanchi-zabaleta-en-junin-la-cuarta-celebro-el-primero-de-mayo-hay-que-construir-mas-peronismo\/\" \/>\n<meta property=\"og:locale\" content=\"es_ES\" \/>\n<meta property=\"og:type\" content=\"article\" \/>\n<meta property=\"og:title\" content=\"Con la presencia del Ministro Juanchi Zabaleta en Jun\u00edn, la Cuarta celebr\u00f3 el primero de mayo: \u201cHay que construir m\u00e1s peronismo\u201d - InfoPBA247\" \/>\n<meta property=\"og:description\" content=\"El pasado domingo 1\u00ba de mayo, el Movimiento Pol\u00edtico, Cultural y Ecol\u00f3gico para la Unidad, que conduce Pablo Micheli, La\" \/>\n<meta property=\"og:url\" content=\"https:\/\/infopba247.com.ar\/index.php\/2022\/05\/02\/con-la-presencia-del-ministro-juanchi-zabaleta-en-junin-la-cuarta-celebro-el-primero-de-mayo-hay-que-construir-mas-peronismo\/\" \/>\n<meta property=\"og:site_name\" content=\"InfoPBA247\" \/>\n<meta property=\"article:publisher\" content=\"https:\/\/www.facebook.com\/InfoPBA\" \/>\n<meta property=\"article:published_time\" content=\"2022-05-02T11:35:00+00:00\" \/>\n<meta property=\"article:modified_time\" content=\"2022-05-16T11:36:53+00:00\" \/>\n<meta property=\"og:image\" content=\"https:\/\/infopba247.com.ar\/wp-content\/uploads\/2022\/05\/WhatsApp-Image-2022-05-02-at-5.33.04-PM.jpeg\" \/>\n\t<meta property=\"og:image:width\" content=\"1113\" \/>\n\t<meta property=\"og:image:height\" content=\"742\" \/>\n\t<meta property=\"og:image:type\" content=\"image\/jpeg\" \/>\n<meta name=\"twitter:card\" content=\"summary_large_image\" \/>\n<meta name=\"twitter:label1\" content=\"Escrito por\" \/>\n\t<meta name=\"twitter:data1\" content=\"\" \/>\n\t<meta name=\"twitter:label2\" content=\"Tiempo de lectura\" \/>\n\t<meta name=\"twitter:data2\" content=\"4 minutos\" \/>\n<script type=\"application\/ld+json\" class=\"yoast-schema-graph\">{\"@context\":\"https:\\\/\\\/schema.org\",\"@graph\":[{\"@type\":\"Article\",\"@id\":\"https:\\\/\\\/infopba247.com.ar\\\/index.php\\\/2022\\\/05\\\/02\\\/con-la-presencia-del-ministro-juanchi-zabaleta-en-junin-la-cuarta-celebro-el-primero-de-mayo-hay-que-construir-mas-peronismo\\\/#article\",\"isPartOf\":{\"@id\":\"https:\\\/\\\/infopba247.com.ar\\\/index.php\\\/2022\\\/05\\\/02\\\/con-la-presencia-del-ministro-juanchi-zabaleta-en-junin-la-cuarta-celebro-el-primero-de-mayo-hay-que-construir-mas-peronismo\\\/\"},\"author\":{\"name\":\"\",\"@id\":\"\"},\"headline\":\"Con la presencia del Ministro Juanchi Zabaleta en Jun\u00edn, la Cuarta celebr\u00f3 el primero de mayo: \u201cHay que construir m\u00e1s peronismo\u201d\",\"datePublished\":\"2022-05-02T11:35:00+00:00\",\"dateModified\":\"2022-05-16T11:36:53+00:00\",\"mainEntityOfPage\":{\"@id\":\"https:\\\/\\\/infopba247.com.ar\\\/index.php\\\/2022\\\/05\\\/02\\\/con-la-presencia-del-ministro-juanchi-zabaleta-en-junin-la-cuarta-celebro-el-primero-de-mayo-hay-que-construir-mas-peronismo\\\/\"},\"wordCount\":782,\"publisher\":{\"@id\":\"https:\\\/\\\/infopba247.com.ar\\\/#organization\"},\"image\":{\"@id\":\"https:\\\/\\\/infopba247.com.ar\\\/index.php\\\/2022\\\/05\\\/02\\\/con-la-presencia-del-ministro-juanchi-zabaleta-en-junin-la-cuarta-celebro-el-primero-de-mayo-hay-que-construir-mas-peronismo\\\/#primaryimage\"},\"thumbnailUrl\":\"https:\\\/\\\/infopba247.com.ar\\\/wp-content\\\/uploads\\\/2022\\\/05\\\/WhatsApp-Image-2022-05-02-at-5.33.04-PM.jpeg\",\"articleSection\":[\"4ta Secci\u00f3n\",\"Destacadas\",\"Pol\u00edtica\"],\"inLanguage\":\"es\"},{\"@type\":\"WebPage\",\"@id\":\"https:\\\/\\\/infopba247.com.ar\\\/index.php\\\/2022\\\/05\\\/02\\\/con-la-presencia-del-ministro-juanchi-zabaleta-en-junin-la-cuarta-celebro-el-primero-de-mayo-hay-que-construir-mas-peronismo\\\/\",\"url\":\"https:\\\/\\\/infopba247.com.ar\\\/index.php\\\/2022\\\/05\\\/02\\\/con-la-presencia-del-ministro-juanchi-zabaleta-en-junin-la-cuarta-celebro-el-primero-de-mayo-hay-que-construir-mas-peronismo\\\/\",\"name\":\"Con la presencia del Ministro Juanchi Zabaleta en Jun\u00edn, la Cuarta celebr\u00f3 el primero de mayo: \u201cHay que construir m\u00e1s peronismo\u201d - InfoPBA247\",\"isPartOf\":{\"@id\":\"https:\\\/\\\/infopba247.com.ar\\\/#website\"},\"primaryImageOfPage\":{\"@id\":\"https:\\\/\\\/infopba247.com.ar\\\/index.php\\\/2022\\\/05\\\/02\\\/con-la-presencia-del-ministro-juanchi-zabaleta-en-junin-la-cuarta-celebro-el-primero-de-mayo-hay-que-construir-mas-peronismo\\\/#primaryimage\"},\"image\":{\"@id\":\"https:\\\/\\\/infopba247.com.ar\\\/index.php\\\/2022\\\/05\\\/02\\\/con-la-presencia-del-ministro-juanchi-zabaleta-en-junin-la-cuarta-celebro-el-primero-de-mayo-hay-que-construir-mas-peronismo\\\/#primaryimage\"},\"thumbnailUrl\":\"https:\\\/\\\/infopba247.com.ar\\\/wp-content\\\/uploads\\\/2022\\\/05\\\/WhatsApp-Image-2022-05-02-at-5.33.04-PM.jpeg\",\"datePublished\":\"2022-05-02T11:35:00+00:00\",\"dateModified\":\"2022-05-16T11:36:53+00:00\",\"breadcrumb\":{\"@id\":\"https:\\\/\\\/infopba247.com.ar\\\/index.php\\\/2022\\\/05\\\/02\\\/con-la-presencia-del-ministro-juanchi-zabaleta-en-junin-la-cuarta-celebro-el-primero-de-mayo-hay-que-construir-mas-peronismo\\\/#breadcrumb\"},\"inLanguage\":\"es\",\"potentialAction\":[{\"@type\":\"ReadAction\",\"target\":[\"https:\\\/\\\/infopba247.com.ar\\\/index.php\\\/2022\\\/05\\\/02\\\/con-la-presencia-del-ministro-juanchi-zabaleta-en-junin-la-cuarta-celebro-el-primero-de-mayo-hay-que-construir-mas-peronismo\\\/\"]}]},{\"@type\":\"ImageObject\",\"inLanguage\":\"es\",\"@id\":\"https:\\\/\\\/infopba247.com.ar\\\/index.php\\\/2022\\\/05\\\/02\\\/con-la-presencia-del-ministro-juanchi-zabaleta-en-junin-la-cuarta-celebro-el-primero-de-mayo-hay-que-construir-mas-peronismo\\\/#primaryimage\",\"url\":\"https:\\\/\\\/infopba247.com.ar\\\/wp-content\\\/uploads\\\/2022\\\/05\\\/WhatsApp-Image-2022-05-02-at-5.33.04-PM.jpeg\",\"contentUrl\":\"https:\\\/\\\/infopba247.com.ar\\\/wp-content\\\/uploads\\\/2022\\\/05\\\/WhatsApp-Image-2022-05-02-at-5.33.04-PM.jpeg\",\"width\":1113,\"height\":742},{\"@type\":\"BreadcrumbList\",\"@id\":\"https:\\\/\\\/infopba247.com.ar\\\/index.php\\\/2022\\\/05\\\/02\\\/con-la-presencia-del-ministro-juanchi-zabaleta-en-junin-la-cuarta-celebro-el-primero-de-mayo-hay-que-construir-mas-peronismo\\\/#breadcrumb\",\"itemListElement\":[{\"@type\":\"ListItem\",\"position\":1,\"name\":\"Portada\",\"item\":\"https:\\\/\\\/infopba247.com.ar\\\/\"},{\"@type\":\"ListItem\",\"position\":2,\"name\":\"Con la presencia del Ministro Juanchi Zabaleta en Jun\u00edn, la Cuarta celebr\u00f3 el primero de mayo: \u201cHay que construir m\u00e1s peronismo\u201d\"}]},{\"@type\":\"WebSite\",\"@id\":\"https:\\\/\\\/infopba247.com.ar\\\/#website\",\"url\":\"https:\\\/\\\/infopba247.com.ar\\\/\",\"name\":\"InfoPBA247\",\"description\":\"Toda la actualidad bonaerense\",\"publisher\":{\"@id\":\"https:\\\/\\\/infopba247.com.ar\\\/#organization\"},\"potentialAction\":[{\"@type\":\"SearchAction\",\"target\":{\"@type\":\"EntryPoint\",\"urlTemplate\":\"https:\\\/\\\/infopba247.com.ar\\\/?s={search_term_string}\"},\"query-input\":{\"@type\":\"PropertyValueSpecification\",\"valueRequired\":true,\"valueName\":\"search_term_string\"}}],\"inLanguage\":\"es\"},{\"@type\":\"Organization\",\"@id\":\"https:\\\/\\\/infopba247.com.ar\\\/#organization\",\"name\":\"InfoPBA247\",\"url\":\"https:\\\/\\\/infopba247.com.ar\\\/\",\"logo\":{\"@type\":\"ImageObject\",\"inLanguage\":\"es\",\"@id\":\"https:\\\/\\\/infopba247.com.ar\\\/#\\\/schema\\\/logo\\\/image\\\/\",\"url\":\"https:\\\/\\\/infopba247.com.ar\\\/wp-content\\\/uploads\\\/2022\\\/03\\\/cropped-InfoPBA247-1.png\",\"contentUrl\":\"https:\\\/\\\/infopba247.com.ar\\\/wp-content\\\/uploads\\\/2022\\\/03\\\/cropped-InfoPBA247-1.png\",\"width\":500,\"height\":122,\"caption\":\"InfoPBA247\"},\"image\":{\"@id\":\"https:\\\/\\\/infopba247.com.ar\\\/#\\\/schema\\\/logo\\\/image\\\/\"},\"sameAs\":[\"https:\\\/\\\/www.facebook.com\\\/InfoPBA\"]},{\"@type\":\"Person\",\"@id\":\"\",\"url\":\"https:\\\/\\\/infopba247.com.ar\\\/index.php\\\/author\\\/\"}]}<\/script>\n<!-- \/ Yoast SEO plugin. -->","yoast_head_json":{"title":"Con la presencia del Ministro Juanchi Zabaleta en Jun\u00edn, la Cuarta celebr\u00f3 el primero de mayo: \u201cHay que construir m\u00e1s peronismo\u201d - InfoPBA247","robots":{"index":"index","follow":"follow","max-snippet":"max-snippet:-1","max-image-preview":"max-image-preview:large","max-video-preview":"max-video-preview:-1"},"canonical":"https:\/\/infopba247.com.ar\/index.php\/2022\/05\/02\/con-la-presencia-del-ministro-juanchi-zabaleta-en-junin-la-cuarta-celebro-el-primero-de-mayo-hay-que-construir-mas-peronismo\/","og_locale":"es_ES","og_type":"article","og_title":"Con la presencia del Ministro Juanchi Zabaleta en Jun\u00edn, la Cuarta celebr\u00f3 el primero de mayo: \u201cHay que construir m\u00e1s peronismo\u201d - InfoPBA247","og_description":"El pasado domingo 1\u00ba de mayo, el Movimiento Pol\u00edtico, Cultural y Ecol\u00f3gico para la Unidad, que conduce Pablo Micheli, La","og_url":"https:\/\/infopba247.com.ar\/index.php\/2022\/05\/02\/con-la-presencia-del-ministro-juanchi-zabaleta-en-junin-la-cuarta-celebro-el-primero-de-mayo-hay-que-construir-mas-peronismo\/","og_site_name":"InfoPBA247","article_publisher":"https:\/\/www.facebook.com\/InfoPBA","article_published_time":"2022-05-02T11:35:00+00:00","article_modified_time":"2022-05-16T11:36:53+00:00","og_image":[{"width":1113,"height":742,"url":"https:\/\/infopba247.com.ar\/wp-content\/uploads\/2022\/05\/WhatsApp-Image-2022-05-02-at-5.33.04-PM.jpeg","type":"image\/jpeg"}],"twitter_card":"summary_large_image","twitter_misc":{"Escrito por":"","Tiempo de lectura":"4 minutos"},"schema":{"@context":"https:\/\/schema.org","@graph":[{"@type":"Article","@id":"https:\/\/infopba247.com.ar\/index.php\/2022\/05\/02\/con-la-presencia-del-ministro-juanchi-zabaleta-en-junin-la-cuarta-celebro-el-primero-de-mayo-hay-que-construir-mas-peronismo\/#article","isPartOf":{"@id":"https:\/\/infopba247.com.ar\/index.php\/2022\/05\/02\/con-la-presencia-del-ministro-juanchi-zabaleta-en-junin-la-cuarta-celebro-el-primero-de-mayo-hay-que-construir-mas-peronismo\/"},"author":{"name":"","@id":""},"headline":"Con la presencia del Ministro Juanchi Zabaleta en Jun\u00edn, la Cuarta celebr\u00f3 el primero de mayo: \u201cHay que construir m\u00e1s peronismo\u201d","datePublished":"2022-05-02T11:35:00+00:00","dateModified":"2022-05-16T11:36:53+00:00","mainEntityOfPage":{"@id":"https:\/\/infopba247.com.ar\/index.php\/2022\/05\/02\/con-la-presencia-del-ministro-juanchi-zabaleta-en-junin-la-cuarta-celebro-el-primero-de-mayo-hay-que-construir-mas-peronismo\/"},"wordCount":782,"publisher":{"@id":"https:\/\/infopba247.com.ar\/#organization"},"image":{"@id":"https:\/\/infopba247.com.ar\/index.php\/2022\/05\/02\/con-la-presencia-del-ministro-juanchi-zabaleta-en-junin-la-cuarta-celebro-el-primero-de-mayo-hay-que-construir-mas-peronismo\/#primaryimage"},"thumbnailUrl":"https:\/\/infopba247.com.ar\/wp-content\/uploads\/2022\/05\/WhatsApp-Image-2022-05-02-at-5.33.04-PM.jpeg","articleSection":["4ta Secci\u00f3n","Destacadas","Pol\u00edtica"],"inLanguage":"es"},{"@type":"WebPage","@id":"https:\/\/infopba247.com.ar\/index.php\/2022\/05\/02\/con-la-presencia-del-ministro-juanchi-zabaleta-en-junin-la-cuarta-celebro-el-primero-de-mayo-hay-que-construir-mas-peronismo\/","url":"https:\/\/infopba247.com.ar\/index.php\/2022\/05\/02\/con-la-presencia-del-ministro-juanchi-zabaleta-en-junin-la-cuarta-celebro-el-primero-de-mayo-hay-que-construir-mas-peronismo\/","name":"Con la presencia del Ministro Juanchi Zabaleta en Jun\u00edn, la Cuarta celebr\u00f3 el primero de mayo: \u201cHay que construir m\u00e1s peronismo\u201d - InfoPBA247","isPartOf":{"@id":"https:\/\/infopba247.com.ar\/#website"},"primaryImageOfPage":{"@id":"https:\/\/infopba247.com.ar\/index.php\/2022\/05\/02\/con-la-presencia-del-ministro-juanchi-zabaleta-en-junin-la-cuarta-celebro-el-primero-de-mayo-hay-que-construir-mas-peronismo\/#primaryimage"},"image":{"@id":"https:\/\/infopba247.com.ar\/index.php\/2022\/05\/02\/con-la-presencia-del-ministro-juanchi-zabaleta-en-junin-la-cuarta-celebro-el-primero-de-mayo-hay-que-construir-mas-peronismo\/#primaryimage"},"thumbnailUrl":"https:\/\/infopba247.com.ar\/wp-content\/uploads\/2022\/05\/WhatsApp-Image-2022-05-02-at-5.33.04-PM.jpeg","datePublished":"2022-05-02T11:35:00+00:00","dateModified":"2022-05-16T11:36:53+00:00","breadcrumb":{"@id":"https:\/\/infopba247.com.ar\/index.php\/2022\/05\/02\/con-la-presencia-del-ministro-juanchi-zabaleta-en-junin-la-cuarta-celebro-el-primero-de-mayo-hay-que-construir-mas-peronismo\/#breadcrumb"},"inLanguage":"es","potentialAction":[{"@type":"ReadAction","target":["https:\/\/infopba247.com.ar\/index.php\/2022\/05\/02\/con-la-presencia-del-ministro-juanchi-zabaleta-en-junin-la-cuarta-celebro-el-primero-de-mayo-hay-que-construir-mas-peronismo\/"]}]},{"@type":"ImageObject","inLanguage":"es","@id":"https:\/\/infopba247.com.ar\/index.php\/2022\/05\/02\/con-la-presencia-del-ministro-juanchi-zabaleta-en-junin-la-cuarta-celebro-el-primero-de-mayo-hay-que-construir-mas-peronismo\/#primaryimage","url":"https:\/\/infopba247.com.ar\/wp-content\/uploads\/2022\/05\/WhatsApp-Image-2022-05-02-at-5.33.04-PM.jpeg","contentUrl":"https:\/\/infopba247.com.ar\/wp-content\/uploads\/2022\/05\/WhatsApp-Image-2022-05-02-at-5.33.04-PM.jpeg","width":1113,"height":742},{"@type":"BreadcrumbList","@id":"https:\/\/infopba247.com.ar\/index.php\/2022\/05\/02\/con-la-presencia-del-ministro-juanchi-zabaleta-en-junin-la-cuarta-celebro-el-primero-de-mayo-hay-que-construir-mas-peronismo\/#breadcrumb","itemListElement":[{"@type":"ListItem","position":1,"name":"Portada","item":"https:\/\/infopba247.com.ar\/"},{"@type":"ListItem","position":2,"name":"Con la presencia del Ministro Juanchi Zabaleta en Jun\u00edn, la Cuarta celebr\u00f3 el primero de mayo: \u201cHay que construir m\u00e1s peronismo\u201d"}]},{"@type":"WebSite","@id":"https:\/\/infopba247.com.ar\/#website","url":"https:\/\/infopba247.com.ar\/","name":"InfoPBA247","description":"Toda la actualidad bonaerense","publisher":{"@id":"https:\/\/infopba247.com.ar\/#organization"},"potentialAction":[{"@type":"SearchAction","target":{"@type":"EntryPoint","urlTemplate":"https:\/\/infopba247.com.ar\/?s={search_term_string}"},"query-input":{"@type":"PropertyValueSpecification","valueRequired":true,"valueName":"search_term_string"}}],"inLanguage":"es"},{"@type":"Organization","@id":"https:\/\/infopba247.com.ar\/#organization","name":"InfoPBA247","url":"https:\/\/infopba247.com.ar\/","logo":{"@type":"ImageObject","inLanguage":"es","@id":"https:\/\/infopba247.com.ar\/#\/schema\/logo\/image\/","url":"https:\/\/infopba247.com.ar\/wp-content\/uploads\/2022\/03\/cropped-InfoPBA247-1.png","contentUrl":"https:\/\/infopba247.com.ar\/wp-content\/uploads\/2022\/03\/cropped-InfoPBA247-1.png","width":500,"height":122,"caption":"InfoPBA247"},"image":{"@id":"https:\/\/infopba247.com.ar\/#\/schema\/logo\/image\/"},"sameAs":["https:\/\/www.facebook.com\/InfoPBA"]},{"@type":"Person","@id":"","url":"https:\/\/infopba247.com.ar\/index.php\/author\/"}]}},"_links":{"self":[{"href":"https:\/\/infopba247.com.ar\/index.php\/wp-json\/wp\/v2\/posts\/321","targetHints":{"allow":["GET"]}}],"collection":[{"href":"https:\/\/infopba247.com.ar\/index.php\/wp-json\/wp\/v2\/posts"}],"about":[{"href":"https:\/\/infopba247.com.ar\/index.php\/wp-json\/wp\/v2\/types\/post"}],"author":[{"embeddable":true,"href":"https:\/\/infopba247.com.ar\/index.php\/wp-json\/wp\/v2\/users\/2"}],"replies":[{"embeddable":true,"href":"https:\/\/infopba247.com.ar\/index.php\/wp-json\/wp\/v2\/comments?post=321"}],"version-history":[{"count":1,"href":"https:\/\/infopba247.com.ar\/index.php\/wp-json\/wp\/v2\/posts\/321\/revisions"}],"predecessor-version":[{"id":323,"href":"https:\/\/infopba247.com.ar\/index.php\/wp-json\/wp\/v2\/posts\/321\/revisions\/323"}],"wp:featuredmedia":[{"embeddable":true,"href":"https:\/\/infopba247.com.ar\/index.php\/wp-json\/wp\/v2\/media\/322"}],"wp:attachment":[{"href":"https:\/\/infopba247.com.ar\/index.php\/wp-json\/wp\/v2\/media?parent=321"}],"wp:term":[{"taxonomy":"category","embeddable":true,"href":"https:\/\/infopba247.com.ar\/index.php\/wp-json\/wp\/v2\/categories?post=321"},{"taxonomy":"post_tag","embeddable":true,"href":"https:\/\/infopba247.com.ar\/index.php\/wp-json\/wp\/v2\/tags?post=321"}],"curies":[{"name":"wp","href":"https:\/\/api.w.org\/{rel}","templated":true}]}}