{"id":3197,"date":"2024-01-10T10:36:24","date_gmt":"2024-01-10T13:36:24","guid":{"rendered":"https:\/\/infopba247.com.ar\/?p=3197"},"modified":"2024-01-10T10:36:25","modified_gmt":"2024-01-10T13:36:25","slug":"la-provincia-recomienda-cuidados-de-salud-para-el-verano","status":"publish","type":"post","link":"https:\/\/infopba247.com.ar\/index.php\/2024\/01\/10\/la-provincia-recomienda-cuidados-de-salud-para-el-verano\/","title":{"rendered":"La Provincia recomienda cuidados de salud para el verano"},"content":{"rendered":"\n<p>La cartera sanitaria recuerda la importancia de cuidarse del sol y el calor. Sugiere evitar la exposici\u00f3n solar entre las 10 y 16, mantenerse hidratado y cuidar la cadena de fr\u00edo de los alimentos.<\/p>\n\n\n\n<p>Bajo el lema \u201cCuando el verano sea cuidado no diremos nada, pero habr\u00e1 se\u00f1ales\u201d, el Ministerio de Salud bonaerense promueve cuidados de verano con el objetivo de concientizar a la poblaci\u00f3n sobre diversas tem\u00e1ticas que hacen eje en: cuidados integrales, diversidades, pr\u00e1cticas sexuales cuidadas y placenteras, dengue, consumos cuidados y salud mental.<\/p>\n\n\n\n<p>En relaci\u00f3n a los cuidados integrales propios de esta estaci\u00f3n del a\u00f1o, se hace hincapi\u00e9 en varias recomendaciones que incluyen, por ejemplo, c\u00f3mo evitar problemas de salud ante las temperaturas elevadas. Uno de los m\u00e1s frecuentes es el que se conoce como \u201cgolpe de calor\u201d. Se trata del cuadro derivado de la prolongada exposici\u00f3n a las altas temperaturas y los m\u00e1s vulnerables son los ni\u00f1os, las ni\u00f1as y adultos mayores.<\/p>\n\n\n\n<p>Para prevenirlo es clave tomar agua de forma abundante y frecuente durante todo el d\u00eda, incluso aunque no se sienta sed, evitar la exposici\u00f3n al sol desde las 10 de la ma\u00f1ana hasta las 16, y utilizar protector solar alto y gorro si es necesario estar al aire libre. Tambi\u00e9n, se recomienda vestir ropa de algod\u00f3n y de colores claros y dosificar la actividad f\u00edsica.<\/p>\n\n\n\n<p>Las y los especialistas aconsejan ofrecerles a los m\u00e1s chicos y adultos mayores agua segura o jugos de fruta en forma frecuente. Y si se trata de beb\u00e9s, conviene amamantar con mayor frecuencia, ba\u00f1arlos o mojarles el cuerpo si hace mucho calor.<\/p>\n\n\n\n<p>Tambi\u00e9n, hay que elegir una alimentaci\u00f3n fresca, liviana y saludable, como frutas, verduras y ensaladas. Lo mejor es evitar comidas abundantes, altas en calor\u00edas, bebidas alcoh\u00f3licas y gaseosas.<\/p>\n\n\n\n<p>Diversidades y pr\u00e1cticas sexuales<\/p>\n\n\n\n<p>Otros de los ejes de la campa\u00f1a de verano del gobierno bonaerense promueven el conocimiento y la aceptaci\u00f3n de la diversidad, tanto de g\u00e9neros como de corporalidades, y la no discriminaci\u00f3n. La campa\u00f1a har\u00e1 hincapi\u00e9, a su vez, en pr\u00e1cticas sexuales cuidadas y placenteras. Para esto, ofrecer\u00e1 informaci\u00f3n clara y concisa sobre el uso del preservativo, \u00fanico m\u00e9todo de barrera que puede prevenir infecciones de transmisi\u00f3n sexual como el VIH o la s\u00edfilis y, al mismo tiempo, embarazos no deseados.<\/p>\n\n\n\n<p>Dengue<\/p>\n\n\n\n<p>Por otra parte, la campa\u00f1a se ocupar\u00e1 de las medidas para prevenir el dengue, zika y chikungunya, las enfermedades que transmite el mosquito Aedes aegypti. En este momento, la cartera sanitaria tambi\u00e9n apunta al uso de repelentes para prevenir la picadura de otro tipo de mosquito cuya poblaci\u00f3n creci\u00f3 estrepitosamente en las \u00faltimas semanas como consecuencias de las abundantes lluvias que trajo diciembre.&nbsp;<\/p>\n\n\n\n<p>En cuanto al insecto que puede transmitir el dengue, una de las principales recomendaciones radica en descacharrar todo el a\u00f1o \u00bfC\u00f3mo? Las acciones clave para descacharrar en los hogares son cuatro: lav\u00e1, tap\u00e1, tir\u00e1 y\/o gir\u00e1 cualquier objeto que pueda acumular agua, porque es ah\u00ed donde este tipo de mosquito se cr\u00eda.<\/p>\n\n\n\n<p>Tambi\u00e9n es clave para cuidarse usar y renovar el repelente, colocar telas mosquiteras en puertas y ventanas, utilizar ropa clara y colocar espirales en el exterior y pastillas o aerosoles en el interior de las edificaciones.<\/p>\n\n\n\n<p>Consumos cuidados<\/p>\n\n\n\n<p>El cuarto eje en el que se pondr\u00e1 el acento este verano desde el gobierno bonaerense es el de consumos cuidados. Sobre todo, para prevenir los riesgos de la excesiva ingesta de alcohol o de sustancias psicoactivas que pueden poner en peligro a quienes las ingieren o bien a quienes est\u00e1n en su entorno.<\/p>\n\n\n\n<p>Por eso, entre las recomendaciones planteadas en la campa\u00f1a se plantea que quienes beban alcohol lo intercalen con agua y que si tienen que conducir eviten por completo el consumo de bebidas con contenido alcoh\u00f3lico. El alcohol, como se sabe, est\u00e1 completamente prohibido para manejar porque es una de las principales causas de choques graves, atropellos y traumatismos en la v\u00eda p\u00fablica.<\/p>\n\n\n\n<p>En cuanto a la salud mental y los consumos problem\u00e1ticos, los especialistas recomiendan informarse sobre los efectos de lo que se consume, analizar cu\u00e1l ser\u00e1 el l\u00edmite (consumo responsable); buscar estar acompa\u00f1ado; no mezclar y tomar agua, antes, durante y despu\u00e9s de consumir. Es clave recordar que no todas las sustancias producen los mismos efectos y con la misma intensidad en cada persona.<\/p>\n\n\n\n<p>Para m\u00e1s medidas de cuidado ingres\u00e1 en https:\/\/www.ms.gba.gov.ar\/sitios\/saludmental\/hablemos-sobre-los-consumos\/<\/p>\n","protected":false},"excerpt":{"rendered":"<p>La cartera sanitaria recuerda la importancia de cuidarse del sol y el calor. Sugiere evitar la exposici\u00f3n solar entre las<\/p>\n","protected":false},"author":3,"featured_media":3200,"comment_status":"closed","ping_status":"closed","sticky":false,"template":"","format":"standard","meta":{"colormag_page_container_layout":"default_layout","colormag_page_sidebar_layout":"default_layout","footnotes":""},"categories":[14],"tags":[],"class_list":["post-3197","post","type-post","status-publish","format-standard","has-post-thumbnail","hentry","category-politica"],"yoast_head":"<!-- This site is optimized with the Yoast SEO plugin v27.4 - https:\/\/yoast.com\/product\/yoast-seo-wordpress\/ -->\n<title>La Provincia recomienda cuidados de salud para el verano - InfoPBA247<\/title>\n<meta name=\"robots\" content=\"index, follow, max-snippet:-1, max-image-preview:large, max-video-preview:-1\" \/>\n<link rel=\"canonical\" href=\"https:\/\/infopba247.com.ar\/index.php\/2024\/01\/10\/la-provincia-recomienda-cuidados-de-salud-para-el-verano\/\" \/>\n<meta property=\"og:locale\" content=\"es_ES\" \/>\n<meta property=\"og:type\" content=\"article\" \/>\n<meta property=\"og:title\" content=\"La Provincia recomienda cuidados de salud para el verano - InfoPBA247\" \/>\n<meta property=\"og:description\" content=\"La cartera sanitaria recuerda la importancia de cuidarse del sol y el calor. Sugiere evitar la exposici\u00f3n solar entre las\" \/>\n<meta property=\"og:url\" content=\"https:\/\/infopba247.com.ar\/index.php\/2024\/01\/10\/la-provincia-recomienda-cuidados-de-salud-para-el-verano\/\" \/>\n<meta property=\"og:site_name\" content=\"InfoPBA247\" \/>\n<meta property=\"article:publisher\" content=\"https:\/\/www.facebook.com\/InfoPBA\" \/>\n<meta property=\"article:published_time\" content=\"2024-01-10T13:36:24+00:00\" \/>\n<meta property=\"article:modified_time\" content=\"2024-01-10T13:36:25+00:00\" \/>\n<meta property=\"og:image\" content=\"https:\/\/infopba247.com.ar\/wp-content\/uploads\/2024\/01\/campana-salud-verano1.jpeg\" \/>\n\t<meta property=\"og:image:width\" content=\"680\" \/>\n\t<meta property=\"og:image:height\" content=\"680\" \/>\n\t<meta property=\"og:image:type\" content=\"image\/jpeg\" \/>\n<meta name=\"author\" content=\"Editor\" \/>\n<meta name=\"twitter:card\" content=\"summary_large_image\" \/>\n<meta name=\"twitter:label1\" content=\"Escrito por\" \/>\n\t<meta name=\"twitter:data1\" content=\"Editor\" \/>\n\t<meta name=\"twitter:label2\" content=\"Tiempo de lectura\" \/>\n\t<meta name=\"twitter:data2\" content=\"4 minutos\" \/>\n<script type=\"application\/ld+json\" class=\"yoast-schema-graph\">{\"@context\":\"https:\\\/\\\/schema.org\",\"@graph\":[{\"@type\":\"Article\",\"@id\":\"https:\\\/\\\/infopba247.com.ar\\\/index.php\\\/2024\\\/01\\\/10\\\/la-provincia-recomienda-cuidados-de-salud-para-el-verano\\\/#article\",\"isPartOf\":{\"@id\":\"https:\\\/\\\/infopba247.com.ar\\\/index.php\\\/2024\\\/01\\\/10\\\/la-provincia-recomienda-cuidados-de-salud-para-el-verano\\\/\"},\"author\":{\"name\":\"Editor\",\"@id\":\"https:\\\/\\\/infopba247.com.ar\\\/#\\\/schema\\\/person\\\/4975f1343a413e57bf839b3eed0099f2\"},\"headline\":\"La Provincia recomienda cuidados de salud para el verano\",\"datePublished\":\"2024-01-10T13:36:24+00:00\",\"dateModified\":\"2024-01-10T13:36:25+00:00\",\"mainEntityOfPage\":{\"@id\":\"https:\\\/\\\/infopba247.com.ar\\\/index.php\\\/2024\\\/01\\\/10\\\/la-provincia-recomienda-cuidados-de-salud-para-el-verano\\\/\"},\"wordCount\":788,\"publisher\":{\"@id\":\"https:\\\/\\\/infopba247.com.ar\\\/#organization\"},\"image\":{\"@id\":\"https:\\\/\\\/infopba247.com.ar\\\/index.php\\\/2024\\\/01\\\/10\\\/la-provincia-recomienda-cuidados-de-salud-para-el-verano\\\/#primaryimage\"},\"thumbnailUrl\":\"https:\\\/\\\/infopba247.com.ar\\\/wp-content\\\/uploads\\\/2024\\\/01\\\/campana-salud-verano1.jpeg\",\"articleSection\":[\"Pol\u00edtica\"],\"inLanguage\":\"es\"},{\"@type\":\"WebPage\",\"@id\":\"https:\\\/\\\/infopba247.com.ar\\\/index.php\\\/2024\\\/01\\\/10\\\/la-provincia-recomienda-cuidados-de-salud-para-el-verano\\\/\",\"url\":\"https:\\\/\\\/infopba247.com.ar\\\/index.php\\\/2024\\\/01\\\/10\\\/la-provincia-recomienda-cuidados-de-salud-para-el-verano\\\/\",\"name\":\"La Provincia recomienda cuidados de salud para el verano - InfoPBA247\",\"isPartOf\":{\"@id\":\"https:\\\/\\\/infopba247.com.ar\\\/#website\"},\"primaryImageOfPage\":{\"@id\":\"https:\\\/\\\/infopba247.com.ar\\\/index.php\\\/2024\\\/01\\\/10\\\/la-provincia-recomienda-cuidados-de-salud-para-el-verano\\\/#primaryimage\"},\"image\":{\"@id\":\"https:\\\/\\\/infopba247.com.ar\\\/index.php\\\/2024\\\/01\\\/10\\\/la-provincia-recomienda-cuidados-de-salud-para-el-verano\\\/#primaryimage\"},\"thumbnailUrl\":\"https:\\\/\\\/infopba247.com.ar\\\/wp-content\\\/uploads\\\/2024\\\/01\\\/campana-salud-verano1.jpeg\",\"datePublished\":\"2024-01-10T13:36:24+00:00\",\"dateModified\":\"2024-01-10T13:36:25+00:00\",\"breadcrumb\":{\"@id\":\"https:\\\/\\\/infopba247.com.ar\\\/index.php\\\/2024\\\/01\\\/10\\\/la-provincia-recomienda-cuidados-de-salud-para-el-verano\\\/#breadcrumb\"},\"inLanguage\":\"es\",\"potentialAction\":[{\"@type\":\"ReadAction\",\"target\":[\"https:\\\/\\\/infopba247.com.ar\\\/index.php\\\/2024\\\/01\\\/10\\\/la-provincia-recomienda-cuidados-de-salud-para-el-verano\\\/\"]}]},{\"@type\":\"ImageObject\",\"inLanguage\":\"es\",\"@id\":\"https:\\\/\\\/infopba247.com.ar\\\/index.php\\\/2024\\\/01\\\/10\\\/la-provincia-recomienda-cuidados-de-salud-para-el-verano\\\/#primaryimage\",\"url\":\"https:\\\/\\\/infopba247.com.ar\\\/wp-content\\\/uploads\\\/2024\\\/01\\\/campana-salud-verano1.jpeg\",\"contentUrl\":\"https:\\\/\\\/infopba247.com.ar\\\/wp-content\\\/uploads\\\/2024\\\/01\\\/campana-salud-verano1.jpeg\",\"width\":680,\"height\":680},{\"@type\":\"BreadcrumbList\",\"@id\":\"https:\\\/\\\/infopba247.com.ar\\\/index.php\\\/2024\\\/01\\\/10\\\/la-provincia-recomienda-cuidados-de-salud-para-el-verano\\\/#breadcrumb\",\"itemListElement\":[{\"@type\":\"ListItem\",\"position\":1,\"name\":\"Portada\",\"item\":\"https:\\\/\\\/infopba247.com.ar\\\/\"},{\"@type\":\"ListItem\",\"position\":2,\"name\":\"La Provincia recomienda cuidados de salud para el verano\"}]},{\"@type\":\"WebSite\",\"@id\":\"https:\\\/\\\/infopba247.com.ar\\\/#website\",\"url\":\"https:\\\/\\\/infopba247.com.ar\\\/\",\"name\":\"InfoPBA247\",\"description\":\"Toda la actualidad bonaerense\",\"publisher\":{\"@id\":\"https:\\\/\\\/infopba247.com.ar\\\/#organization\"},\"potentialAction\":[{\"@type\":\"SearchAction\",\"target\":{\"@type\":\"EntryPoint\",\"urlTemplate\":\"https:\\\/\\\/infopba247.com.ar\\\/?s={search_term_string}\"},\"query-input\":{\"@type\":\"PropertyValueSpecification\",\"valueRequired\":true,\"valueName\":\"search_term_string\"}}],\"inLanguage\":\"es\"},{\"@type\":\"Organization\",\"@id\":\"https:\\\/\\\/infopba247.com.ar\\\/#organization\",\"name\":\"InfoPBA247\",\"url\":\"https:\\\/\\\/infopba247.com.ar\\\/\",\"logo\":{\"@type\":\"ImageObject\",\"inLanguage\":\"es\",\"@id\":\"https:\\\/\\\/infopba247.com.ar\\\/#\\\/schema\\\/logo\\\/image\\\/\",\"url\":\"https:\\\/\\\/infopba247.com.ar\\\/wp-content\\\/uploads\\\/2022\\\/03\\\/cropped-InfoPBA247-1.png\",\"contentUrl\":\"https:\\\/\\\/infopba247.com.ar\\\/wp-content\\\/uploads\\\/2022\\\/03\\\/cropped-InfoPBA247-1.png\",\"width\":500,\"height\":122,\"caption\":\"InfoPBA247\"},\"image\":{\"@id\":\"https:\\\/\\\/infopba247.com.ar\\\/#\\\/schema\\\/logo\\\/image\\\/\"},\"sameAs\":[\"https:\\\/\\\/www.facebook.com\\\/InfoPBA\"]},{\"@type\":\"Person\",\"@id\":\"https:\\\/\\\/infopba247.com.ar\\\/#\\\/schema\\\/person\\\/4975f1343a413e57bf839b3eed0099f2\",\"name\":\"Editor\",\"image\":{\"@type\":\"ImageObject\",\"inLanguage\":\"es\",\"@id\":\"https:\\\/\\\/secure.gravatar.com\\\/avatar\\\/d27fe9520667ca53441d36627a1d6b0fa4a813571ec4803687a7a3a7744685ac?s=96&d=mm&r=g\",\"url\":\"https:\\\/\\\/secure.gravatar.com\\\/avatar\\\/d27fe9520667ca53441d36627a1d6b0fa4a813571ec4803687a7a3a7744685ac?s=96&d=mm&r=g\",\"contentUrl\":\"https:\\\/\\\/secure.gravatar.com\\\/avatar\\\/d27fe9520667ca53441d36627a1d6b0fa4a813571ec4803687a7a3a7744685ac?s=96&d=mm&r=g\",\"caption\":\"Editor\"},\"url\":\"https:\\\/\\\/infopba247.com.ar\\\/index.php\\\/author\\\/editor\\\/\"}]}<\/script>\n<!-- \/ Yoast SEO plugin. -->","yoast_head_json":{"title":"La Provincia recomienda cuidados de salud para el verano - InfoPBA247","robots":{"index":"index","follow":"follow","max-snippet":"max-snippet:-1","max-image-preview":"max-image-preview:large","max-video-preview":"max-video-preview:-1"},"canonical":"https:\/\/infopba247.com.ar\/index.php\/2024\/01\/10\/la-provincia-recomienda-cuidados-de-salud-para-el-verano\/","og_locale":"es_ES","og_type":"article","og_title":"La Provincia recomienda cuidados de salud para el verano - InfoPBA247","og_description":"La cartera sanitaria recuerda la importancia de cuidarse del sol y el calor. Sugiere evitar la exposici\u00f3n solar entre las","og_url":"https:\/\/infopba247.com.ar\/index.php\/2024\/01\/10\/la-provincia-recomienda-cuidados-de-salud-para-el-verano\/","og_site_name":"InfoPBA247","article_publisher":"https:\/\/www.facebook.com\/InfoPBA","article_published_time":"2024-01-10T13:36:24+00:00","article_modified_time":"2024-01-10T13:36:25+00:00","og_image":[{"width":680,"height":680,"url":"https:\/\/infopba247.com.ar\/wp-content\/uploads\/2024\/01\/campana-salud-verano1.jpeg","type":"image\/jpeg"}],"author":"Editor","twitter_card":"summary_large_image","twitter_misc":{"Escrito por":"Editor","Tiempo de lectura":"4 minutos"},"schema":{"@context":"https:\/\/schema.org","@graph":[{"@type":"Article","@id":"https:\/\/infopba247.com.ar\/index.php\/2024\/01\/10\/la-provincia-recomienda-cuidados-de-salud-para-el-verano\/#article","isPartOf":{"@id":"https:\/\/infopba247.com.ar\/index.php\/2024\/01\/10\/la-provincia-recomienda-cuidados-de-salud-para-el-verano\/"},"author":{"name":"Editor","@id":"https:\/\/infopba247.com.ar\/#\/schema\/person\/4975f1343a413e57bf839b3eed0099f2"},"headline":"La Provincia recomienda cuidados de salud para el verano","datePublished":"2024-01-10T13:36:24+00:00","dateModified":"2024-01-10T13:36:25+00:00","mainEntityOfPage":{"@id":"https:\/\/infopba247.com.ar\/index.php\/2024\/01\/10\/la-provincia-recomienda-cuidados-de-salud-para-el-verano\/"},"wordCount":788,"publisher":{"@id":"https:\/\/infopba247.com.ar\/#organization"},"image":{"@id":"https:\/\/infopba247.com.ar\/index.php\/2024\/01\/10\/la-provincia-recomienda-cuidados-de-salud-para-el-verano\/#primaryimage"},"thumbnailUrl":"https:\/\/infopba247.com.ar\/wp-content\/uploads\/2024\/01\/campana-salud-verano1.jpeg","articleSection":["Pol\u00edtica"],"inLanguage":"es"},{"@type":"WebPage","@id":"https:\/\/infopba247.com.ar\/index.php\/2024\/01\/10\/la-provincia-recomienda-cuidados-de-salud-para-el-verano\/","url":"https:\/\/infopba247.com.ar\/index.php\/2024\/01\/10\/la-provincia-recomienda-cuidados-de-salud-para-el-verano\/","name":"La Provincia recomienda cuidados de salud para el verano - InfoPBA247","isPartOf":{"@id":"https:\/\/infopba247.com.ar\/#website"},"primaryImageOfPage":{"@id":"https:\/\/infopba247.com.ar\/index.php\/2024\/01\/10\/la-provincia-recomienda-cuidados-de-salud-para-el-verano\/#primaryimage"},"image":{"@id":"https:\/\/infopba247.com.ar\/index.php\/2024\/01\/10\/la-provincia-recomienda-cuidados-de-salud-para-el-verano\/#primaryimage"},"thumbnailUrl":"https:\/\/infopba247.com.ar\/wp-content\/uploads\/2024\/01\/campana-salud-verano1.jpeg","datePublished":"2024-01-10T13:36:24+00:00","dateModified":"2024-01-10T13:36:25+00:00","breadcrumb":{"@id":"https:\/\/infopba247.com.ar\/index.php\/2024\/01\/10\/la-provincia-recomienda-cuidados-de-salud-para-el-verano\/#breadcrumb"},"inLanguage":"es","potentialAction":[{"@type":"ReadAction","target":["https:\/\/infopba247.com.ar\/index.php\/2024\/01\/10\/la-provincia-recomienda-cuidados-de-salud-para-el-verano\/"]}]},{"@type":"ImageObject","inLanguage":"es","@id":"https:\/\/infopba247.com.ar\/index.php\/2024\/01\/10\/la-provincia-recomienda-cuidados-de-salud-para-el-verano\/#primaryimage","url":"https:\/\/infopba247.com.ar\/wp-content\/uploads\/2024\/01\/campana-salud-verano1.jpeg","contentUrl":"https:\/\/infopba247.com.ar\/wp-content\/uploads\/2024\/01\/campana-salud-verano1.jpeg","width":680,"height":680},{"@type":"BreadcrumbList","@id":"https:\/\/infopba247.com.ar\/index.php\/2024\/01\/10\/la-provincia-recomienda-cuidados-de-salud-para-el-verano\/#breadcrumb","itemListElement":[{"@type":"ListItem","position":1,"name":"Portada","item":"https:\/\/infopba247.com.ar\/"},{"@type":"ListItem","position":2,"name":"La Provincia recomienda cuidados de salud para el verano"}]},{"@type":"WebSite","@id":"https:\/\/infopba247.com.ar\/#website","url":"https:\/\/infopba247.com.ar\/","name":"InfoPBA247","description":"Toda la actualidad bonaerense","publisher":{"@id":"https:\/\/infopba247.com.ar\/#organization"},"potentialAction":[{"@type":"SearchAction","target":{"@type":"EntryPoint","urlTemplate":"https:\/\/infopba247.com.ar\/?s={search_term_string}"},"query-input":{"@type":"PropertyValueSpecification","valueRequired":true,"valueName":"search_term_string"}}],"inLanguage":"es"},{"@type":"Organization","@id":"https:\/\/infopba247.com.ar\/#organization","name":"InfoPBA247","url":"https:\/\/infopba247.com.ar\/","logo":{"@type":"ImageObject","inLanguage":"es","@id":"https:\/\/infopba247.com.ar\/#\/schema\/logo\/image\/","url":"https:\/\/infopba247.com.ar\/wp-content\/uploads\/2022\/03\/cropped-InfoPBA247-1.png","contentUrl":"https:\/\/infopba247.com.ar\/wp-content\/uploads\/2022\/03\/cropped-InfoPBA247-1.png","width":500,"height":122,"caption":"InfoPBA247"},"image":{"@id":"https:\/\/infopba247.com.ar\/#\/schema\/logo\/image\/"},"sameAs":["https:\/\/www.facebook.com\/InfoPBA"]},{"@type":"Person","@id":"https:\/\/infopba247.com.ar\/#\/schema\/person\/4975f1343a413e57bf839b3eed0099f2","name":"Editor","image":{"@type":"ImageObject","inLanguage":"es","@id":"https:\/\/secure.gravatar.com\/avatar\/d27fe9520667ca53441d36627a1d6b0fa4a813571ec4803687a7a3a7744685ac?s=96&d=mm&r=g","url":"https:\/\/secure.gravatar.com\/avatar\/d27fe9520667ca53441d36627a1d6b0fa4a813571ec4803687a7a3a7744685ac?s=96&d=mm&r=g","contentUrl":"https:\/\/secure.gravatar.com\/avatar\/d27fe9520667ca53441d36627a1d6b0fa4a813571ec4803687a7a3a7744685ac?s=96&d=mm&r=g","caption":"Editor"},"url":"https:\/\/infopba247.com.ar\/index.php\/author\/editor\/"}]}},"_links":{"self":[{"href":"https:\/\/infopba247.com.ar\/index.php\/wp-json\/wp\/v2\/posts\/3197","targetHints":{"allow":["GET"]}}],"collection":[{"href":"https:\/\/infopba247.com.ar\/index.php\/wp-json\/wp\/v2\/posts"}],"about":[{"href":"https:\/\/infopba247.com.ar\/index.php\/wp-json\/wp\/v2\/types\/post"}],"author":[{"embeddable":true,"href":"https:\/\/infopba247.com.ar\/index.php\/wp-json\/wp\/v2\/users\/3"}],"replies":[{"embeddable":true,"href":"https:\/\/infopba247.com.ar\/index.php\/wp-json\/wp\/v2\/comments?post=3197"}],"version-history":[{"count":1,"href":"https:\/\/infopba247.com.ar\/index.php\/wp-json\/wp\/v2\/posts\/3197\/revisions"}],"predecessor-version":[{"id":3203,"href":"https:\/\/infopba247.com.ar\/index.php\/wp-json\/wp\/v2\/posts\/3197\/revisions\/3203"}],"wp:featuredmedia":[{"embeddable":true,"href":"https:\/\/infopba247.com.ar\/index.php\/wp-json\/wp\/v2\/media\/3200"}],"wp:attachment":[{"href":"https:\/\/infopba247.com.ar\/index.php\/wp-json\/wp\/v2\/media?parent=3197"}],"wp:term":[{"taxonomy":"category","embeddable":true,"href":"https:\/\/infopba247.com.ar\/index.php\/wp-json\/wp\/v2\/categories?post=3197"},{"taxonomy":"post_tag","embeddable":true,"href":"https:\/\/infopba247.com.ar\/index.php\/wp-json\/wp\/v2\/tags?post=3197"}],"curies":[{"name":"wp","href":"https:\/\/api.w.org\/{rel}","templated":true}]}}