{"id":3193,"date":"2024-01-09T11:12:40","date_gmt":"2024-01-09T14:12:40","guid":{"rendered":"https:\/\/infopba247.com.ar\/?p=3193"},"modified":"2024-01-09T11:13:24","modified_gmt":"2024-01-09T14:13:24","slug":"alak-se-reunio-con-alonso-para-avanzar-en-politicas-de-seguridad-y-prevencion","status":"publish","type":"post","link":"https:\/\/infopba247.com.ar\/index.php\/2024\/01\/09\/alak-se-reunio-con-alonso-para-avanzar-en-politicas-de-seguridad-y-prevencion\/","title":{"rendered":"Alak se reuni\u00f3 con Alonso para avanzar en pol\u00edticas de seguridad y prevenci\u00f3n"},"content":{"rendered":"\n<p>El intendente de La Plata, Julio Alak, mantuvo una reuni\u00f3n de trabajo con el ministro de Seguridad de la Provincia de Buenos Aires, Javier Alonso, en la que coordinaron acciones para avanzar en medidas operativas y de prevenci\u00f3n para la protecci\u00f3n de los vecinos.<\/p>\n\n\n\n<p>\u201cJunto al Gobierno provincial empezamos a delinear juntos un plan de acci\u00f3n en materia de seguridad para nuestra ciudad\u201d, se\u00f1al\u00f3 el jefe comunal tras el encuentro y asever\u00f3: \u201cSabemos que hay un problema que afecta a los vecinos en lo relativo al delito y desde el Estado hay que dar una respuesta\u201d.<\/p>\n\n\n\n<p>Durante el c\u00f3nclave se coincidi\u00f3 en articular medidas que apunten a fortalecer la prevenci\u00f3n a partir del desarrollo de diversos operativos de control en conjunto.<\/p>\n\n\n\n<p>Adem\u00e1s, se abordar\u00e1 el tratamiento de temas vinculados con minoridad y de control social, con el fin de poder anticiparse a los hechos.<\/p>\n\n\n\n<p>\u201cLa seguridad va a ser una prioridad en nuestra gesti\u00f3n, por eso buscamos trabajar sobre hechos concretos\u201d, enfatiz\u00f3 Alak.<\/p>\n\n\n\n<p>En esa l\u00ednea, destac\u00f3 que tras este encuentro con las autoridades provinciales \u201cempezamos un camino que seguiremos recorriendo para coordinar esfuerzos en el despliegue de acciones operativas y preventivas en todos los barrios, con un plan claro y mucho compromiso\u201d.<\/p>\n\n\n\n<p>El mandatario local estuvo acompa\u00f1ado por el secretario de Seguridad del Municipio, Diego Pepe; el secretario de Desarrollo Social, Nicol\u00e1s Carvalho; la secretaria de Producci\u00f3n, Mercedes La Gioiosa y el secretario de Control Urbano, V\u00edctor Hortel.<\/p>\n","protected":false},"excerpt":{"rendered":"<p>El intendente de La Plata, Julio Alak, mantuvo una reuni\u00f3n de trabajo con el ministro de Seguridad de la Provincia<\/p>\n","protected":false},"author":3,"featured_media":3191,"comment_status":"closed","ping_status":"closed","sticky":false,"template":"","format":"standard","meta":{"colormag_page_container_layout":"default_layout","colormag_page_sidebar_layout":"default_layout","footnotes":""},"categories":[12,1,14],"tags":[],"class_list":["post-3193","post","type-post","status-publish","format-standard","has-post-thumbnail","hentry","category-8va-seccion","category-destacadas","category-politica"],"yoast_head":"<!-- This site is optimized with the Yoast SEO plugin v27.4 - https:\/\/yoast.com\/product\/yoast-seo-wordpress\/ -->\n<title>Alak se reuni\u00f3 con Alonso para avanzar en pol\u00edticas de seguridad y prevenci\u00f3n - InfoPBA247<\/title>\n<meta name=\"robots\" content=\"index, follow, max-snippet:-1, max-image-preview:large, max-video-preview:-1\" \/>\n<link rel=\"canonical\" href=\"https:\/\/infopba247.com.ar\/index.php\/2024\/01\/09\/alak-se-reunio-con-alonso-para-avanzar-en-politicas-de-seguridad-y-prevencion\/\" \/>\n<meta property=\"og:locale\" content=\"es_ES\" \/>\n<meta property=\"og:type\" content=\"article\" \/>\n<meta property=\"og:title\" content=\"Alak se reuni\u00f3 con Alonso para avanzar en pol\u00edticas de seguridad y prevenci\u00f3n - InfoPBA247\" \/>\n<meta property=\"og:description\" content=\"El intendente de La Plata, Julio Alak, mantuvo una reuni\u00f3n de trabajo con el ministro de Seguridad de la Provincia\" \/>\n<meta property=\"og:url\" content=\"https:\/\/infopba247.com.ar\/index.php\/2024\/01\/09\/alak-se-reunio-con-alonso-para-avanzar-en-politicas-de-seguridad-y-prevencion\/\" \/>\n<meta property=\"og:site_name\" content=\"InfoPBA247\" \/>\n<meta property=\"article:publisher\" content=\"https:\/\/www.facebook.com\/InfoPBA\" \/>\n<meta property=\"article:published_time\" content=\"2024-01-09T14:12:40+00:00\" \/>\n<meta property=\"article:modified_time\" content=\"2024-01-09T14:13:24+00:00\" \/>\n<meta property=\"og:image\" content=\"https:\/\/infopba247.com.ar\/wp-content\/uploads\/2024\/01\/unnamed-43.jpg\" \/>\n\t<meta property=\"og:image:width\" content=\"1600\" \/>\n\t<meta property=\"og:image:height\" content=\"1066\" \/>\n\t<meta property=\"og:image:type\" content=\"image\/jpeg\" \/>\n<meta name=\"author\" content=\"Editor\" \/>\n<meta name=\"twitter:card\" content=\"summary_large_image\" \/>\n<meta name=\"twitter:label1\" content=\"Escrito por\" \/>\n\t<meta name=\"twitter:data1\" content=\"Editor\" \/>\n\t<meta name=\"twitter:label2\" content=\"Tiempo de lectura\" \/>\n\t<meta name=\"twitter:data2\" content=\"2 minutos\" \/>\n<script type=\"application\/ld+json\" class=\"yoast-schema-graph\">{\"@context\":\"https:\\\/\\\/schema.org\",\"@graph\":[{\"@type\":\"Article\",\"@id\":\"https:\\\/\\\/infopba247.com.ar\\\/index.php\\\/2024\\\/01\\\/09\\\/alak-se-reunio-con-alonso-para-avanzar-en-politicas-de-seguridad-y-prevencion\\\/#article\",\"isPartOf\":{\"@id\":\"https:\\\/\\\/infopba247.com.ar\\\/index.php\\\/2024\\\/01\\\/09\\\/alak-se-reunio-con-alonso-para-avanzar-en-politicas-de-seguridad-y-prevencion\\\/\"},\"author\":{\"name\":\"Editor\",\"@id\":\"https:\\\/\\\/infopba247.com.ar\\\/#\\\/schema\\\/person\\\/4975f1343a413e57bf839b3eed0099f2\"},\"headline\":\"Alak se reuni\u00f3 con Alonso para avanzar en pol\u00edticas de seguridad y prevenci\u00f3n\",\"datePublished\":\"2024-01-09T14:12:40+00:00\",\"dateModified\":\"2024-01-09T14:13:24+00:00\",\"mainEntityOfPage\":{\"@id\":\"https:\\\/\\\/infopba247.com.ar\\\/index.php\\\/2024\\\/01\\\/09\\\/alak-se-reunio-con-alonso-para-avanzar-en-politicas-de-seguridad-y-prevencion\\\/\"},\"wordCount\":268,\"publisher\":{\"@id\":\"https:\\\/\\\/infopba247.com.ar\\\/#organization\"},\"image\":{\"@id\":\"https:\\\/\\\/infopba247.com.ar\\\/index.php\\\/2024\\\/01\\\/09\\\/alak-se-reunio-con-alonso-para-avanzar-en-politicas-de-seguridad-y-prevencion\\\/#primaryimage\"},\"thumbnailUrl\":\"https:\\\/\\\/infopba247.com.ar\\\/wp-content\\\/uploads\\\/2024\\\/01\\\/unnamed-43.jpg\",\"articleSection\":[\"8va Secci\u00f3n\",\"Destacadas\",\"Pol\u00edtica\"],\"inLanguage\":\"es\"},{\"@type\":\"WebPage\",\"@id\":\"https:\\\/\\\/infopba247.com.ar\\\/index.php\\\/2024\\\/01\\\/09\\\/alak-se-reunio-con-alonso-para-avanzar-en-politicas-de-seguridad-y-prevencion\\\/\",\"url\":\"https:\\\/\\\/infopba247.com.ar\\\/index.php\\\/2024\\\/01\\\/09\\\/alak-se-reunio-con-alonso-para-avanzar-en-politicas-de-seguridad-y-prevencion\\\/\",\"name\":\"Alak se reuni\u00f3 con Alonso para avanzar en pol\u00edticas de seguridad y prevenci\u00f3n - InfoPBA247\",\"isPartOf\":{\"@id\":\"https:\\\/\\\/infopba247.com.ar\\\/#website\"},\"primaryImageOfPage\":{\"@id\":\"https:\\\/\\\/infopba247.com.ar\\\/index.php\\\/2024\\\/01\\\/09\\\/alak-se-reunio-con-alonso-para-avanzar-en-politicas-de-seguridad-y-prevencion\\\/#primaryimage\"},\"image\":{\"@id\":\"https:\\\/\\\/infopba247.com.ar\\\/index.php\\\/2024\\\/01\\\/09\\\/alak-se-reunio-con-alonso-para-avanzar-en-politicas-de-seguridad-y-prevencion\\\/#primaryimage\"},\"thumbnailUrl\":\"https:\\\/\\\/infopba247.com.ar\\\/wp-content\\\/uploads\\\/2024\\\/01\\\/unnamed-43.jpg\",\"datePublished\":\"2024-01-09T14:12:40+00:00\",\"dateModified\":\"2024-01-09T14:13:24+00:00\",\"breadcrumb\":{\"@id\":\"https:\\\/\\\/infopba247.com.ar\\\/index.php\\\/2024\\\/01\\\/09\\\/alak-se-reunio-con-alonso-para-avanzar-en-politicas-de-seguridad-y-prevencion\\\/#breadcrumb\"},\"inLanguage\":\"es\",\"potentialAction\":[{\"@type\":\"ReadAction\",\"target\":[\"https:\\\/\\\/infopba247.com.ar\\\/index.php\\\/2024\\\/01\\\/09\\\/alak-se-reunio-con-alonso-para-avanzar-en-politicas-de-seguridad-y-prevencion\\\/\"]}]},{\"@type\":\"ImageObject\",\"inLanguage\":\"es\",\"@id\":\"https:\\\/\\\/infopba247.com.ar\\\/index.php\\\/2024\\\/01\\\/09\\\/alak-se-reunio-con-alonso-para-avanzar-en-politicas-de-seguridad-y-prevencion\\\/#primaryimage\",\"url\":\"https:\\\/\\\/infopba247.com.ar\\\/wp-content\\\/uploads\\\/2024\\\/01\\\/unnamed-43.jpg\",\"contentUrl\":\"https:\\\/\\\/infopba247.com.ar\\\/wp-content\\\/uploads\\\/2024\\\/01\\\/unnamed-43.jpg\",\"width\":1600,\"height\":1066},{\"@type\":\"BreadcrumbList\",\"@id\":\"https:\\\/\\\/infopba247.com.ar\\\/index.php\\\/2024\\\/01\\\/09\\\/alak-se-reunio-con-alonso-para-avanzar-en-politicas-de-seguridad-y-prevencion\\\/#breadcrumb\",\"itemListElement\":[{\"@type\":\"ListItem\",\"position\":1,\"name\":\"Portada\",\"item\":\"https:\\\/\\\/infopba247.com.ar\\\/\"},{\"@type\":\"ListItem\",\"position\":2,\"name\":\"Alak se reuni\u00f3 con Alonso para avanzar en pol\u00edticas de seguridad y prevenci\u00f3n\"}]},{\"@type\":\"WebSite\",\"@id\":\"https:\\\/\\\/infopba247.com.ar\\\/#website\",\"url\":\"https:\\\/\\\/infopba247.com.ar\\\/\",\"name\":\"InfoPBA247\",\"description\":\"Toda la actualidad bonaerense\",\"publisher\":{\"@id\":\"https:\\\/\\\/infopba247.com.ar\\\/#organization\"},\"potentialAction\":[{\"@type\":\"SearchAction\",\"target\":{\"@type\":\"EntryPoint\",\"urlTemplate\":\"https:\\\/\\\/infopba247.com.ar\\\/?s={search_term_string}\"},\"query-input\":{\"@type\":\"PropertyValueSpecification\",\"valueRequired\":true,\"valueName\":\"search_term_string\"}}],\"inLanguage\":\"es\"},{\"@type\":\"Organization\",\"@id\":\"https:\\\/\\\/infopba247.com.ar\\\/#organization\",\"name\":\"InfoPBA247\",\"url\":\"https:\\\/\\\/infopba247.com.ar\\\/\",\"logo\":{\"@type\":\"ImageObject\",\"inLanguage\":\"es\",\"@id\":\"https:\\\/\\\/infopba247.com.ar\\\/#\\\/schema\\\/logo\\\/image\\\/\",\"url\":\"https:\\\/\\\/infopba247.com.ar\\\/wp-content\\\/uploads\\\/2022\\\/03\\\/cropped-InfoPBA247-1.png\",\"contentUrl\":\"https:\\\/\\\/infopba247.com.ar\\\/wp-content\\\/uploads\\\/2022\\\/03\\\/cropped-InfoPBA247-1.png\",\"width\":500,\"height\":122,\"caption\":\"InfoPBA247\"},\"image\":{\"@id\":\"https:\\\/\\\/infopba247.com.ar\\\/#\\\/schema\\\/logo\\\/image\\\/\"},\"sameAs\":[\"https:\\\/\\\/www.facebook.com\\\/InfoPBA\"]},{\"@type\":\"Person\",\"@id\":\"https:\\\/\\\/infopba247.com.ar\\\/#\\\/schema\\\/person\\\/4975f1343a413e57bf839b3eed0099f2\",\"name\":\"Editor\",\"image\":{\"@type\":\"ImageObject\",\"inLanguage\":\"es\",\"@id\":\"https:\\\/\\\/secure.gravatar.com\\\/avatar\\\/d27fe9520667ca53441d36627a1d6b0fa4a813571ec4803687a7a3a7744685ac?s=96&d=mm&r=g\",\"url\":\"https:\\\/\\\/secure.gravatar.com\\\/avatar\\\/d27fe9520667ca53441d36627a1d6b0fa4a813571ec4803687a7a3a7744685ac?s=96&d=mm&r=g\",\"contentUrl\":\"https:\\\/\\\/secure.gravatar.com\\\/avatar\\\/d27fe9520667ca53441d36627a1d6b0fa4a813571ec4803687a7a3a7744685ac?s=96&d=mm&r=g\",\"caption\":\"Editor\"},\"url\":\"https:\\\/\\\/infopba247.com.ar\\\/index.php\\\/author\\\/editor\\\/\"}]}<\/script>\n<!-- \/ Yoast SEO plugin. -->","yoast_head_json":{"title":"Alak se reuni\u00f3 con Alonso para avanzar en pol\u00edticas de seguridad y prevenci\u00f3n - InfoPBA247","robots":{"index":"index","follow":"follow","max-snippet":"max-snippet:-1","max-image-preview":"max-image-preview:large","max-video-preview":"max-video-preview:-1"},"canonical":"https:\/\/infopba247.com.ar\/index.php\/2024\/01\/09\/alak-se-reunio-con-alonso-para-avanzar-en-politicas-de-seguridad-y-prevencion\/","og_locale":"es_ES","og_type":"article","og_title":"Alak se reuni\u00f3 con Alonso para avanzar en pol\u00edticas de seguridad y prevenci\u00f3n - InfoPBA247","og_description":"El intendente de La Plata, Julio Alak, mantuvo una reuni\u00f3n de trabajo con el ministro de Seguridad de la Provincia","og_url":"https:\/\/infopba247.com.ar\/index.php\/2024\/01\/09\/alak-se-reunio-con-alonso-para-avanzar-en-politicas-de-seguridad-y-prevencion\/","og_site_name":"InfoPBA247","article_publisher":"https:\/\/www.facebook.com\/InfoPBA","article_published_time":"2024-01-09T14:12:40+00:00","article_modified_time":"2024-01-09T14:13:24+00:00","og_image":[{"width":1600,"height":1066,"url":"https:\/\/infopba247.com.ar\/wp-content\/uploads\/2024\/01\/unnamed-43.jpg","type":"image\/jpeg"}],"author":"Editor","twitter_card":"summary_large_image","twitter_misc":{"Escrito por":"Editor","Tiempo de lectura":"2 minutos"},"schema":{"@context":"https:\/\/schema.org","@graph":[{"@type":"Article","@id":"https:\/\/infopba247.com.ar\/index.php\/2024\/01\/09\/alak-se-reunio-con-alonso-para-avanzar-en-politicas-de-seguridad-y-prevencion\/#article","isPartOf":{"@id":"https:\/\/infopba247.com.ar\/index.php\/2024\/01\/09\/alak-se-reunio-con-alonso-para-avanzar-en-politicas-de-seguridad-y-prevencion\/"},"author":{"name":"Editor","@id":"https:\/\/infopba247.com.ar\/#\/schema\/person\/4975f1343a413e57bf839b3eed0099f2"},"headline":"Alak se reuni\u00f3 con Alonso para avanzar en pol\u00edticas de seguridad y prevenci\u00f3n","datePublished":"2024-01-09T14:12:40+00:00","dateModified":"2024-01-09T14:13:24+00:00","mainEntityOfPage":{"@id":"https:\/\/infopba247.com.ar\/index.php\/2024\/01\/09\/alak-se-reunio-con-alonso-para-avanzar-en-politicas-de-seguridad-y-prevencion\/"},"wordCount":268,"publisher":{"@id":"https:\/\/infopba247.com.ar\/#organization"},"image":{"@id":"https:\/\/infopba247.com.ar\/index.php\/2024\/01\/09\/alak-se-reunio-con-alonso-para-avanzar-en-politicas-de-seguridad-y-prevencion\/#primaryimage"},"thumbnailUrl":"https:\/\/infopba247.com.ar\/wp-content\/uploads\/2024\/01\/unnamed-43.jpg","articleSection":["8va Secci\u00f3n","Destacadas","Pol\u00edtica"],"inLanguage":"es"},{"@type":"WebPage","@id":"https:\/\/infopba247.com.ar\/index.php\/2024\/01\/09\/alak-se-reunio-con-alonso-para-avanzar-en-politicas-de-seguridad-y-prevencion\/","url":"https:\/\/infopba247.com.ar\/index.php\/2024\/01\/09\/alak-se-reunio-con-alonso-para-avanzar-en-politicas-de-seguridad-y-prevencion\/","name":"Alak se reuni\u00f3 con Alonso para avanzar en pol\u00edticas de seguridad y prevenci\u00f3n - InfoPBA247","isPartOf":{"@id":"https:\/\/infopba247.com.ar\/#website"},"primaryImageOfPage":{"@id":"https:\/\/infopba247.com.ar\/index.php\/2024\/01\/09\/alak-se-reunio-con-alonso-para-avanzar-en-politicas-de-seguridad-y-prevencion\/#primaryimage"},"image":{"@id":"https:\/\/infopba247.com.ar\/index.php\/2024\/01\/09\/alak-se-reunio-con-alonso-para-avanzar-en-politicas-de-seguridad-y-prevencion\/#primaryimage"},"thumbnailUrl":"https:\/\/infopba247.com.ar\/wp-content\/uploads\/2024\/01\/unnamed-43.jpg","datePublished":"2024-01-09T14:12:40+00:00","dateModified":"2024-01-09T14:13:24+00:00","breadcrumb":{"@id":"https:\/\/infopba247.com.ar\/index.php\/2024\/01\/09\/alak-se-reunio-con-alonso-para-avanzar-en-politicas-de-seguridad-y-prevencion\/#breadcrumb"},"inLanguage":"es","potentialAction":[{"@type":"ReadAction","target":["https:\/\/infopba247.com.ar\/index.php\/2024\/01\/09\/alak-se-reunio-con-alonso-para-avanzar-en-politicas-de-seguridad-y-prevencion\/"]}]},{"@type":"ImageObject","inLanguage":"es","@id":"https:\/\/infopba247.com.ar\/index.php\/2024\/01\/09\/alak-se-reunio-con-alonso-para-avanzar-en-politicas-de-seguridad-y-prevencion\/#primaryimage","url":"https:\/\/infopba247.com.ar\/wp-content\/uploads\/2024\/01\/unnamed-43.jpg","contentUrl":"https:\/\/infopba247.com.ar\/wp-content\/uploads\/2024\/01\/unnamed-43.jpg","width":1600,"height":1066},{"@type":"BreadcrumbList","@id":"https:\/\/infopba247.com.ar\/index.php\/2024\/01\/09\/alak-se-reunio-con-alonso-para-avanzar-en-politicas-de-seguridad-y-prevencion\/#breadcrumb","itemListElement":[{"@type":"ListItem","position":1,"name":"Portada","item":"https:\/\/infopba247.com.ar\/"},{"@type":"ListItem","position":2,"name":"Alak se reuni\u00f3 con Alonso para avanzar en pol\u00edticas de seguridad y prevenci\u00f3n"}]},{"@type":"WebSite","@id":"https:\/\/infopba247.com.ar\/#website","url":"https:\/\/infopba247.com.ar\/","name":"InfoPBA247","description":"Toda la actualidad bonaerense","publisher":{"@id":"https:\/\/infopba247.com.ar\/#organization"},"potentialAction":[{"@type":"SearchAction","target":{"@type":"EntryPoint","urlTemplate":"https:\/\/infopba247.com.ar\/?s={search_term_string}"},"query-input":{"@type":"PropertyValueSpecification","valueRequired":true,"valueName":"search_term_string"}}],"inLanguage":"es"},{"@type":"Organization","@id":"https:\/\/infopba247.com.ar\/#organization","name":"InfoPBA247","url":"https:\/\/infopba247.com.ar\/","logo":{"@type":"ImageObject","inLanguage":"es","@id":"https:\/\/infopba247.com.ar\/#\/schema\/logo\/image\/","url":"https:\/\/infopba247.com.ar\/wp-content\/uploads\/2022\/03\/cropped-InfoPBA247-1.png","contentUrl":"https:\/\/infopba247.com.ar\/wp-content\/uploads\/2022\/03\/cropped-InfoPBA247-1.png","width":500,"height":122,"caption":"InfoPBA247"},"image":{"@id":"https:\/\/infopba247.com.ar\/#\/schema\/logo\/image\/"},"sameAs":["https:\/\/www.facebook.com\/InfoPBA"]},{"@type":"Person","@id":"https:\/\/infopba247.com.ar\/#\/schema\/person\/4975f1343a413e57bf839b3eed0099f2","name":"Editor","image":{"@type":"ImageObject","inLanguage":"es","@id":"https:\/\/secure.gravatar.com\/avatar\/d27fe9520667ca53441d36627a1d6b0fa4a813571ec4803687a7a3a7744685ac?s=96&d=mm&r=g","url":"https:\/\/secure.gravatar.com\/avatar\/d27fe9520667ca53441d36627a1d6b0fa4a813571ec4803687a7a3a7744685ac?s=96&d=mm&r=g","contentUrl":"https:\/\/secure.gravatar.com\/avatar\/d27fe9520667ca53441d36627a1d6b0fa4a813571ec4803687a7a3a7744685ac?s=96&d=mm&r=g","caption":"Editor"},"url":"https:\/\/infopba247.com.ar\/index.php\/author\/editor\/"}]}},"_links":{"self":[{"href":"https:\/\/infopba247.com.ar\/index.php\/wp-json\/wp\/v2\/posts\/3193","targetHints":{"allow":["GET"]}}],"collection":[{"href":"https:\/\/infopba247.com.ar\/index.php\/wp-json\/wp\/v2\/posts"}],"about":[{"href":"https:\/\/infopba247.com.ar\/index.php\/wp-json\/wp\/v2\/types\/post"}],"author":[{"embeddable":true,"href":"https:\/\/infopba247.com.ar\/index.php\/wp-json\/wp\/v2\/users\/3"}],"replies":[{"embeddable":true,"href":"https:\/\/infopba247.com.ar\/index.php\/wp-json\/wp\/v2\/comments?post=3193"}],"version-history":[{"count":1,"href":"https:\/\/infopba247.com.ar\/index.php\/wp-json\/wp\/v2\/posts\/3193\/revisions"}],"predecessor-version":[{"id":3194,"href":"https:\/\/infopba247.com.ar\/index.php\/wp-json\/wp\/v2\/posts\/3193\/revisions\/3194"}],"wp:featuredmedia":[{"embeddable":true,"href":"https:\/\/infopba247.com.ar\/index.php\/wp-json\/wp\/v2\/media\/3191"}],"wp:attachment":[{"href":"https:\/\/infopba247.com.ar\/index.php\/wp-json\/wp\/v2\/media?parent=3193"}],"wp:term":[{"taxonomy":"category","embeddable":true,"href":"https:\/\/infopba247.com.ar\/index.php\/wp-json\/wp\/v2\/categories?post=3193"},{"taxonomy":"post_tag","embeddable":true,"href":"https:\/\/infopba247.com.ar\/index.php\/wp-json\/wp\/v2\/tags?post=3193"}],"curies":[{"name":"wp","href":"https:\/\/api.w.org\/{rel}","templated":true}]}}